
{"id":261352,"date":"2022-12-02T17:43:47","date_gmt":"2022-12-02T22:43:47","guid":{"rendered":"https:\/\/oncubanews.com\/en\/?p=261352"},"modified":"2022-12-02T17:43:47","modified_gmt":"2022-12-02T22:43:47","slug":"an-exquisite-corpse-at-the-havana-festival","status":"publish","type":"post","link":"https:\/\/oncubanews.com\/en\/culture\/cinema\/an-exquisite-corpse-at-the-havana-festival\/","title":{"rendered":"An exquisite corpse at the Havana Festival"},"content":{"rendered":"<p>It was not art, but nostalgia, the thread that pulled filmmaker Ernesto Daranas (Havana, 1961) to launch a rescue and salvage operation of the work of Nicol\u00e1s Guill\u00e9n Landri\u00e1n (Camag\u00fcey 1938-Miami, 2003).<\/p>\n<p>The son of mountain teachers \u2014 his mother\u2019s last name is Serrano \u2014 he lived the experience of the Sierra Maestra, the incubator of Fidel Castro\u2019s lightning-fast guerrilla war in the late 1950s, until he was 5 years old. Back in Havana and still a child, Daranas was perhaps the only one who happily endured, in the neighborhood cinema, the tiresome repetition of <a href=\"https:\/\/youtu.be\/HvCAKRIp7Pc\" target=\"_blank\" rel=\"noopener\"><strong><em>Ociel del Toa<\/em><\/strong><\/a> (1965), a documentary jewel by Nicol\u00e1s Guill\u00e9n Landri\u00e1n (NGL) that served as filler in film batches in case the movie of the day failed<\/p>\n<p>\u201cThe many times they put it on caused the public to start whistling; but I was very fond of the documentary. It brought back memories of my childhood in the Sierra,\u201d he says from the other end of the telephone line when talking with <strong>OnCuba<\/strong> from his home in Old Havana.<\/p>\n<p>As much or more than his cinema, the life of NGL shows signs of a novel. His mother, a designer, a friend of Lam and Ponce, avant-garde painters. His father, lawyer, law firm owner. His uncle, the famous communist poet Nicol\u00e1s Guill\u00e9n. He studied painting, and then Social and Political Sciences at the University of Havana, where he conspired against the Batista dictatorship. He abandoned the career to dedicate himself to radio locution.<\/p>\n<p>He was unemployed when in 1960, expelled from the Cuban Institute of Friendship with the Peoples (ICAP) and the School for Diplomats, he entered the Cuban Institute of Cinema Art and Industry (ICAIC) advised by Juan Carlos Tab\u00edo. He started out as a production assistant, and Joris Ivens and Theodor Christensen were quick to mentor him as they noticed the rookie\u2019s talents.<\/p>\n<p>Nicolasito, as he was called, filmed his first works as a director: <em>Patio arenero, Homenaje a Picasso<\/em>\u00a0and\u00a0<em>Congos reales<\/em>. In total there were 14 documentaries. <a href=\"https:\/\/fb.watch\/h6XEJVPIRR\/\" target=\"_blank\" rel=\"noopener\"><strong><em>Coffea Ar\u00e1biga<\/em><\/strong><\/a>, the most controversial of all. In a row, they can be seen as the exquisite corpses of the surrealists, despite the didacticism of some.<\/p>\n<div class=\"jeg_video_container jeg_video_content\"><iframe loading=\"lazy\" title=\"Ociel del Toa (1965, Cuba)\" width=\"500\" height=\"375\" src=\"https:\/\/www.youtube.com\/embed\/HvCAKRIp7Pc?feature=oembed\" frameborder=\"0\" allow=\"accelerometer; autoplay; clipboard-write; encrypted-media; gyroscope; picture-in-picture; web-share\" referrerpolicy=\"strict-origin-when-cross-origin\" allowfullscreen><\/iframe><\/div>\n<p>In the mid-1960s, under suspicion, he was in and out of interrogations, psychiatric wards, correctional farms, house arrests, electroshocks; ICAIC itself fired him and reinstated him. In the end, he was diagnosed with paranoid schizophrenia, which could explain the chaotic language of some of his pieces, taken as genius and postmodern.<\/p>\n<p>Definitely expelled from ICAIC in the early 1970s, he lived from his painting. Guti\u00e9rrez Alea, Garc\u00eda M\u00e1rquez, Pablo Milan\u00e9s, the British Embassy, \u200b\u200bamong others, were his market.<\/p>\n<p>In 1989 he went to Miami with his second wife, Gretel Alfonso. From motel to motel, they survived thanks to the canvases he painted, by the hundreds. In the so-called capital of exile, he filmed <a href=\"https:\/\/www.youtube.com\/watch?v=f2ULIWPQ2BQ\" target=\"_blank\" rel=\"noopener\"><strong><em>Inside Downtown<\/em><\/strong><\/a>, in 2001, together with his countryman Jorge Egusquiza, a dive into the city\u2019s underworld.<\/p>\n<p>When reviewing the stills of his films, you can see him dressed in a buttoned jacket under the sun of Baracoa, on the eastern end of the island, where temperatures are close to 35 degrees in summer, and in the undergrowth of his anecdotes he tells a woman who, suspicious, interrogates him about the permission for a street filming. Dressed in a suit and tie, NGL blurts out: \u201cMa\u2019am, we\u2019re from the Central Intelligence Agency, don\u2019t pester.\u201d Stunned, the curious woman left. That time, the Kunderian joke didn\u2019t put him behind bars.<\/p>\n<figure id=\"attachment_261355\" aria-describedby=\"caption-attachment-261355\" style=\"width: 751px\" class=\"wp-caption aligncenter\"><a href=\"https:\/\/oncubanews.com\/en\/wp-content\/uploads\/2022\/12\/guillen-landrian-y-su-esposa-751x1024-1.jpg\"><img loading=\"lazy\" decoding=\"async\" class=\"size-full wp-image-261355\" src=\"https:\/\/oncubanews.com\/en\/wp-content\/uploads\/2022\/12\/guillen-landrian-y-su-esposa-751x1024-1.jpg\" alt=\"\" width=\"751\" height=\"1024\" srcset=\"https:\/\/oncubanews.com\/en\/wp-content\/uploads\/2022\/12\/guillen-landrian-y-su-esposa-751x1024-1.jpg 751w, https:\/\/oncubanews.com\/en\/wp-content\/uploads\/2022\/12\/guillen-landrian-y-su-esposa-751x1024-1-220x300.jpg 220w\" sizes=\"auto, (max-width: 751px) 100vw, 751px\" \/><\/a><figcaption id=\"caption-attachment-261355\" class=\"wp-caption-text\">Guill\u00e9n Landri\u00e1n and his wife, Gretel Alfonso, in Miami. Photo: lafuga.cl<\/figcaption><\/figure>\n<p>Five months before pancreatic cancer ended his days, the Young Filmmakers Showcase sponsored by ICAIC premiered, on February 22, 2003, most of his titles in the \u201cPremios a la sombra\u201d section. It was his first institutional resurrection. It was quite a reparation and an audiovisual shock for the attendees, upon discovering a \u201cgalaxy animal.\u201d<\/p>\n<p>The second vindication will come 19 years later, at the 43rd edition of the International Festival of New Latin American Cinema, with a retrospective of his documentaries, a dissection table around them, and the premiere of the material <em>Landri\u00e1n<\/em>, by Ernesto Daranas, on December 3, with photography by \u00c1ngel Alderete and editing by Pedro Su\u00e1rez Boza.<\/p>\n<p>In the midst of a hectic schedule, the director of <em>Los dioses rotos<\/em>\u00a0(2008),\u00a0<em>Conducta<\/em>\u00a0(2014) and\u00a0<em>Sergio &amp; Serguei<\/em>\u00a0(2017), agreed to talk about his documentary, his film archeology work and the importance of a man who saw himself \u201calways\u2026in the vortex of alienation,\u201d as he confessed to filmmaker Manuel Zayas, author of <em>Caf\u00e9 con leche<\/em>\u00a0 (2003), a documentary in which Nicolasito recounts, shortly before his death, his life as a film.<\/p>\n<div class=\"jeg_video_container jeg_video_content\"><iframe loading=\"lazy\" title=\"Caf\u00e9 con leche (2003, Cuba)\" width=\"500\" height=\"375\" src=\"https:\/\/www.youtube.com\/embed\/wXZ0XCDkxAA?feature=oembed\" frameborder=\"0\" allow=\"accelerometer; autoplay; clipboard-write; encrypted-media; gyroscope; picture-in-picture; web-share\" referrerpolicy=\"strict-origin-when-cross-origin\" allowfullscreen><\/iframe><\/div>\n<p><strong>What makes NGL\u2019s cinema a cult for several generations? His ideological misplacement, his brutal, mocking and lyrical aesthetics, his gaze that moves, pendulous, between lucid and schizoid, his cryptic darts or his opulent slights to political correctness?<\/strong><\/p>\n<p>The first explanation for this cult lies in his talent. We of course can talk about the schizophrenic, the marijuana user and the prankster, but that is not going to explain the respectful and honest way in which he looked into the eyes of the Cubans of his time. For me that is the first. I find it admirable how the skepticism and political irony that exudes a part of his work never loses sight of respect for the self-esteem of the Cubans, his racial drama, his spirituality, his helplessness in the face of pharaonic endeavors such as the Cord\u00f3n de La Habana or the normalization in our lives of those Stalinist-like ceremonies and assemblies that we find so brilliantly questioned in his cinema.<\/p>\n<p><strong>It is said that the Cuban documentary of the 1960s and 1970s had in Santiago \u00c1lvarez a teacher of historical certainties and in NGL a challenger of a reality assumed as a permanent imbalance. How far is that dichotomy valid?<\/strong><\/p>\n<p>In a country as politicized as ours, it is inevitable that any analysis, on one side or the other, is marked by politics. Santiago and Landri\u00e1n were two very different filmmakers and people, but what is indisputable is their talent and the place they deserve among our most important filmmakers. The work of each one is essential to understand the history of our cinema and why we are what we are as a nation and as a culture at this time.<\/p>\n<figure id=\"attachment_261356\" aria-describedby=\"caption-attachment-261356\" style=\"width: 889px\" class=\"wp-caption aligncenter\"><a href=\"https:\/\/oncubanews.com\/en\/wp-content\/uploads\/2022\/12\/landrian-durante-filmacion-en-el-Toa-889x1024-1.jpg\"><img loading=\"lazy\" decoding=\"async\" class=\"size-full wp-image-261356\" src=\"https:\/\/oncubanews.com\/en\/wp-content\/uploads\/2022\/12\/landrian-durante-filmacion-en-el-Toa-889x1024-1.jpg\" alt=\"\" width=\"889\" height=\"1024\" srcset=\"https:\/\/oncubanews.com\/en\/wp-content\/uploads\/2022\/12\/landrian-durante-filmacion-en-el-Toa-889x1024-1.jpg 889w, https:\/\/oncubanews.com\/en\/wp-content\/uploads\/2022\/12\/landrian-durante-filmacion-en-el-Toa-889x1024-1-260x300.jpg 260w, https:\/\/oncubanews.com\/en\/wp-content\/uploads\/2022\/12\/landrian-durante-filmacion-en-el-Toa-889x1024-1-768x885.jpg 768w, https:\/\/oncubanews.com\/en\/wp-content\/uploads\/2022\/12\/landrian-durante-filmacion-en-el-Toa-889x1024-1-750x864.jpg 750w\" sizes=\"auto, (max-width: 889px) 100vw, 889px\" \/><\/a><figcaption id=\"caption-attachment-261356\" class=\"wp-caption-text\">Guill\u00e9n Landri\u00e1n during the filming of \u201cOciel del Toa.\u201d Photo: lafuga.cl<\/figcaption><\/figure>\n<p><strong>We know the sentimental origin of your connection with the work of NGL; but how did this rescue expedition come together and what doors did you have to knock on?<\/strong><\/p>\n<p>The ICAIC is responsible for the Archive in which his films were, so that was the first door that had to be knocked on. I knew that others had tried to restore Landri\u00e1n\u2019s work outside of Cuba and that the negotiations had not prospered. That is why I asked experienced editor Pedro Su\u00e1rez to design a workflow for me to do the restoration in Cuba. That was the original idea and with it I went to see the president of ICAIC, Ram\u00f3n Samada, who offered us all the necessary support.<\/p>\n<p>Then the <a href=\"https:\/\/oncubanews.com\/tag\/coronavirus\/\" target=\"_blank\" rel=\"noopener\"><strong>pandemic<\/strong><\/a> arrived, finished off by the <a href=\"https:\/\/oncubanews.com\/en\/tag\/reordering-task\/\" target=\"_blank\" rel=\"noopener\"><strong>Task of Reorganization<\/strong><\/a>, and all the design that we had done to finance <a href=\"https:\/\/oncubanews.com\/cultura\/cine\/restaura-el-icaic-filmes-del-realizador-nicolas-guillen-landrian\/\" target=\"_blank\" rel=\"noopener\"><strong>the restoration<\/strong><\/a> went down the drain. So we had to go out and look for international support.<\/p>\n<p><strong>Did you know about film rehabilitation or were you a beginner?<\/strong><\/p>\n<p>All I knew was that Landri\u00e1n\u2019s work was being lost. The path to follow was shown to me by Pedro Su\u00e1rez. Then came the addition of the determined contribution of Luis Tejera and Roberto Gonz\u00e1lez, from Aracne DC, who have been in charge of the restoration in Madrid.<\/p>\n<p><strong>What picture did you find when you set foot in the ICAIC vaults?<\/strong><\/p>\n<p>Bleak. Film material is very volatile and requires very specific and expensive conditions for its conservation. That is why it is so important to digitize all the films that are deteriorating in the archives as soon as possible. This is something that must be done according to international technical standards; especially if the objective is not only to archive, but also to restore. As long as that is not possible, our film heritage will continue to be lost.<\/p>\n<p>At least for now, the steps that have been taken to address the problem remain insufficient.<\/p>\n<p><strong>Exactly what did you find in the Archive and under what conditions?<\/strong><\/p>\n<p>We found ten Landri\u00e1n titles in different states of deterioration. Also unpublished photos and documents. Some of his important documentaries were not found. It does not necessarily mean that they have been lost. What happens is that many of the film cans are so damaged that it is not possible to determine what work they contain. Unfortunately, the Archive does not even have the necessary means to carry out the visualization and classification required in these cases.<\/p>\n<p><strong>Is NGL a cursed creator, a misunderstood, iconoclastic and envied genius like so many others who have suffered reprisals from officials or the cultural bureaucracy in power for such a condition in the world?<\/strong><\/p>\n<p>When it comes to the subject, I don\u2019t need to look at what has happened in other parts of the world. I do not believe that the mistakes committed and those that are committed in our country respond to a \u201cuniversal logic.\u201d Nor do I believe that the circumstances, however tense they may be, justify excesses. The reprisals that Landri\u00e1n suffered were suffered in Cuba and the most serious thing is that this modus operandi of our politics and our culture remains in force.<\/p>\n<p>The criminalization of dissent, forced exile, corruption, the suppression of basic freedoms and censorship itself are what explain, to no small extent, the brutal exodus of young people we are suffering. A significant group of our most talented filmmakers is part of the stampede. I know them, exchange with them and many would like to be making movies in Cuba. They did not emigrate because of the blockade, many have left because there was a <a href=\"https:\/\/oncubanews.com\/tag\/27n\/\" target=\"_blank\" rel=\"noopener\"><strong>N27<\/strong><\/a>\u00a0and a <a href=\"https:\/\/oncubanews.com\/tag\/protestas-11-de-julio\/\" target=\"_blank\" rel=\"noopener\"><strong>J11<\/strong><\/a> from which the same demons that Landri\u00e1n had to face at the time were unleashed. Therefore there are no cursed creators, in any case there is a cursed recurrence in the same errors.<\/p>\n<figure id=\"attachment_261357\" aria-describedby=\"caption-attachment-261357\" style=\"width: 960px\" class=\"wp-caption aligncenter\"><a href=\"https:\/\/oncubanews.com\/en\/wp-content\/uploads\/2022\/12\/landrian-tomado-de-cubanets.jpg\"><img loading=\"lazy\" decoding=\"async\" class=\"size-full wp-image-261357\" src=\"https:\/\/oncubanews.com\/en\/wp-content\/uploads\/2022\/12\/landrian-tomado-de-cubanets.jpg\" alt=\"\" width=\"960\" height=\"480\" srcset=\"https:\/\/oncubanews.com\/en\/wp-content\/uploads\/2022\/12\/landrian-tomado-de-cubanets.jpg 960w, https:\/\/oncubanews.com\/en\/wp-content\/uploads\/2022\/12\/landrian-tomado-de-cubanets-300x150.jpg 300w, https:\/\/oncubanews.com\/en\/wp-content\/uploads\/2022\/12\/landrian-tomado-de-cubanets-768x384.jpg 768w, https:\/\/oncubanews.com\/en\/wp-content\/uploads\/2022\/12\/landrian-tomado-de-cubanets-360x180.jpg 360w, https:\/\/oncubanews.com\/en\/wp-content\/uploads\/2022\/12\/landrian-tomado-de-cubanets-750x375.jpg 750w\" sizes=\"auto, (max-width: 960px) 100vw, 960px\" \/><\/a><figcaption id=\"caption-attachment-261357\" class=\"wp-caption-text\">Guill\u00e9n Landri\u00e1n painting.<\/figcaption><\/figure>\n<p><strong>Once the work is finished and the NGL work is returned to the present, what will happen to it? Will it have a second chance to be publicly recognized and reread in light of the times?<\/strong><\/p>\n<p>I don\u2019t decide those things; but of course we are working to make that happen.<\/p>\n<p><strong>Are your efforts and those of your team equivalent to a late but necessary rehabilitation of the work and the person that was NGL?<\/strong><\/p>\n<p>The truth is that nothing we do now can restore the injustices Landri\u00e1n was subjected to. They can make a statue of him in front of the ICAIC or sit him in a park next to Lennon. Nothing can give him back at this point what was taken from him or what was taken from us of what could have been the rest of his work in Cuba.<\/p>\n<p>As for the historical rehabilitation of Nicol\u00e1s Guill\u00e9n Landri\u00e1n, that is a merit that corresponds to many other filmmakers and critics, who for more than 20 years have been placing his work in its rightful place.<\/p>\n<p>Our goal now is to return that work to the place it deserves in front of our audience. With Landri\u00e1n there is the paradox that, despite being one of the Cuban filmmakers about whom more has been written and debated so far this century, the Cuban public barely knows his films.<\/p>\n<p><strong>How was your documentary <\/strong><strong><em>Landri\u00e1n<\/em>, which we will see at the Havana Festival, conceived and what will it make us know and understand?<\/strong><\/p>\n<p>It is a documentary aimed precisely at that great public that does not know the life and work of Landri\u00e1n. It is led by the testimonies of his widow, Gretel Alfonso, and photographer Livio Delgado, who allow us to discover the essence of the man and the artist named Nicol\u00e1s Guill\u00e9n Landri\u00e1n. At the same time, the film recreates passages from the search and restoration process of the ten Landri\u00e1n documentaries on which we are working.<\/p>\n<p><strong>It is paradoxical that the 43rd edition of the Havana Festival pays tribute to NGL, kept on ice for decades, and at the same time resorts to a game of maneuvers to ruin the participation of an uncomfortable film (<\/strong><em><a href=\"https:\/\/oncubanews.com\/en\/culture\/vicenta-at-the-stake-of-our-days\/\" target=\"_blank\" rel=\"noopener\"><strong>Vicenta B<\/strong><\/a><\/em><strong>), presumably and ultimately due to similar arguments with which they threw the work of NGL into the common grave of oblivion. What do you think about that?<\/strong><\/p>\n<p><em>Vicenta B<\/em> is an award-winning film in the first call of the Fund for the Promotion of Cuban Cinema and has been co-produced by ICAIC. Therefore, those who have withdrawn it from the official selection have chosen to ignore the autonomy of the Festival, the authority of ICAIC and the confidence that filmmakers need in the nascent Fund.<\/p>\n<p>As has happened on other occasions, the true censors remain in the shadows and it is up to the Festival and ICAIC itself to yake responsibility for this.<\/p>\n<p>The objection in this case does not seem to be precisely about the film, but the rebellious attitude of Carlos Lechuga and, by derivation, of Claudia Calvi\u00f1o, the producer. Basically, they seem to expect from both the coherence and restraint that was not shown to them when they were subjected to all kinds of tensions due to their work. They are questioned for having been \u201cdisrespectful to the Revolution.\u201d This, in a country where those who dissent have been branded as traitors, worms, scum, annexationists and working on behalf of a \u201csoft coup,\u201d while they are publicly smeared and slandered in the media.<\/p>\n<p>It is a clumsy and exhausted game that, of course, serves the table for many artists for the political performance, which is one of the weapons with which art and the artist confront the established order, especially when that order tries to condition their freedom of expression.<\/p>\n<p><strong>Landri\u00e1n no longer lives. Lechuga does. Is death an advantage in these cases?<\/strong><\/p>\n<p>It should not be like that. It is a total inconsistency.<\/p>\n<div class=\"jeg_video_container jeg_video_content\"><iframe loading=\"lazy\" title=\"VICENTA B Trailer | TIFF 2022\" width=\"500\" height=\"281\" src=\"https:\/\/www.youtube.com\/embed\/qbMLaY3IUE4?feature=oembed\" frameborder=\"0\" allow=\"accelerometer; autoplay; clipboard-write; encrypted-media; gyroscope; picture-in-picture; web-share\" referrerpolicy=\"strict-origin-when-cross-origin\" allowfullscreen><\/iframe><\/div>\n<p><strong>How much does the decision that has been made with <\/strong><strong><em>Vicenta B<\/em> damage the Festival and the return of Landri\u00e1n\u2019s work to our movie theaters?<\/strong><\/p>\n<p>The Festival and the Cinematheque had been seriously preparing the return of Landri\u00e1n to our theaters. When making any decision, it should have been taken into account that Nicol\u00e1s Guill\u00e9n Landri\u00e1n is invited to the Festival and that the analogies between what happened to him half a century ago and what is happening again now would be inevitable.<\/p>\n<p><strong>Would you agree that any discriminatory exercise ends up being a marketing operation for the excluded work and author and, therefore, becomes its own absurdity?<\/strong><\/p>\n<p>Of course. It is clear that they do not want to accept that, more and more, Cuban cinema will be the one they censor, and that Cuban filmmakers will be the ones they try to silence. The paradoxical thing about the case is that the Landri\u00e1n documentaries that we will see at the Festival exude commitment and respect for our uncertainties, dreams and sleeplessness as a people, as do films like <em>Vicenta B, Santa y Andr\u00e9s, Melaza<\/em> and others that have been censored or made invisible for over sixty years now.<\/p>\n<p>Of course they are questioning works, but hardly any of them are political pamphlets. Censorship itself is what has complemented our reading of them and has given them a good part of their final meaning. In this sense, as you point out, the censors end up being the great promoters of a political marketing that leaves the positions they claim to defend in a very bad light.<\/p>\n","protected":false},"excerpt":{"rendered":"<p>Nicol\u00e1s Guill\u00e9n Landri\u00e1n, the \u201cenfant terrible\u201d of Cuban documentary filmmaking, will have a second resurrection with a retrospective of his work, debates that smack of controversy, and audiovisual material from one of his rescuers.<\/p>\n","protected":false},"author":3232,"featured_media":261354,"comment_status":"open","ping_status":"closed","sticky":false,"template":"","format":"standard","meta":{"_acf_changed":false,"footnotes":""},"categories":[13921],"tags":[14978,18670,34597],"ppma_author":[33956],"class_list":["post-261352","post","type-post","status-publish","format-standard","has-post-thumbnail","hentry","category-cinema","tag-cuban-cinema","tag-havana-film-festival","tag-nicolas-guillen-landrian"],"acf":[],"yoast_head":"<!-- This site is optimized with the Yoast SEO plugin v27.3 - https:\/\/yoast.com\/product\/yoast-seo-wordpress\/ -->\n<title>An exquisite corpse at the Havana Festival | OnCubaNews English<\/title>\n<meta name=\"description\" content=\"Nicol\u00e1s Guill\u00e9n Landri\u00e1n, the \u201cenfant terrible\u201d of Cuban documentary filmmaking, will have a second resurrection with a retrospective of his work, debates that smack of controversy, and audiovisual material from one of his rescuers.\" \/>\n<meta name=\"robots\" content=\"index, follow, max-snippet:-1, max-image-preview:large, max-video-preview:-1\" \/>\n<link rel=\"canonical\" href=\"https:\/\/oncubanews.com\/en\/culture\/cinema\/an-exquisite-corpse-at-the-havana-festival\/\" \/>\n<meta property=\"og:locale\" content=\"en_US\" \/>\n<meta property=\"og:type\" content=\"article\" \/>\n<meta property=\"og:title\" content=\"An exquisite corpse at the Havana Festival | OnCubaNews English\" \/>\n<meta property=\"og:description\" content=\"Nicol\u00e1s Guill\u00e9n Landri\u00e1n, the \u201cenfant terrible\u201d of Cuban documentary filmmaking, will have a second resurrection with a retrospective of his work, debates that smack of controversy, and audiovisual material from one of his rescuers.\" \/>\n<meta property=\"og:url\" content=\"https:\/\/oncubanews.com\/en\/culture\/cinema\/an-exquisite-corpse-at-the-havana-festival\/\" \/>\n<meta property=\"og:site_name\" content=\"OnCubaNews English\" \/>\n<meta property=\"article:published_time\" content=\"2022-12-02T22:43:47+00:00\" \/>\n<meta property=\"og:image\" content=\"https:\/\/oncubanews.com\/en\/wp-content\/uploads\/2022\/12\/Landrian-1-750x536-1.png\" \/>\n\t<meta property=\"og:image:width\" content=\"750\" \/>\n\t<meta property=\"og:image:height\" content=\"536\" \/>\n\t<meta property=\"og:image:type\" content=\"image\/png\" \/>\n<meta name=\"author\" content=\"Angel Marqu\u00e9s Dolz\" \/>\n<meta name=\"twitter:card\" content=\"summary_large_image\" \/>\n<meta name=\"twitter:label1\" content=\"Written by\" \/>\n\t<meta name=\"twitter:data1\" content=\"Angel Marqu\u00e9s Dolz\" \/>\n\t<meta name=\"twitter:label2\" content=\"Est. reading time\" \/>\n\t<meta name=\"twitter:data2\" content=\"13 minutes\" \/>\n<script type=\"application\/ld+json\" class=\"yoast-schema-graph\">{\"@context\":\"https:\\\/\\\/schema.org\",\"@graph\":[{\"@type\":\"Article\",\"@id\":\"https:\\\/\\\/oncubanews.com\\\/en\\\/culture\\\/cinema\\\/an-exquisite-corpse-at-the-havana-festival\\\/#article\",\"isPartOf\":{\"@id\":\"https:\\\/\\\/oncubanews.com\\\/en\\\/culture\\\/cinema\\\/an-exquisite-corpse-at-the-havana-festival\\\/\"},\"author\":{\"name\":\"Angel Marqu\u00e9s Dolz\",\"@id\":\"https:\\\/\\\/oncubanews.com\\\/en\\\/#\\\/schema\\\/person\\\/52fa30ed7efbafa75fb5bb0bbe4c5406\"},\"headline\":\"An exquisite corpse at the Havana Festival\",\"datePublished\":\"2022-12-02T22:43:47+00:00\",\"mainEntityOfPage\":{\"@id\":\"https:\\\/\\\/oncubanews.com\\\/en\\\/culture\\\/cinema\\\/an-exquisite-corpse-at-the-havana-festival\\\/\"},\"wordCount\":2735,\"commentCount\":0,\"image\":{\"@id\":\"https:\\\/\\\/oncubanews.com\\\/en\\\/culture\\\/cinema\\\/an-exquisite-corpse-at-the-havana-festival\\\/#primaryimage\"},\"thumbnailUrl\":\"https:\\\/\\\/oncubanews.com\\\/en\\\/wp-content\\\/uploads\\\/2022\\\/12\\\/Landrian-1-750x536-1.png\",\"keywords\":[\"cuban cinema\",\"havana film festival\",\"Nicol\u00e1s Guill\u00e9n Landri\u00e1n\"],\"articleSection\":[\"Cinema\"],\"inLanguage\":\"en-US\",\"potentialAction\":[{\"@type\":\"CommentAction\",\"name\":\"Comment\",\"target\":[\"https:\\\/\\\/oncubanews.com\\\/en\\\/culture\\\/cinema\\\/an-exquisite-corpse-at-the-havana-festival\\\/#respond\"]}],\"copyrightYear\":\"2022\",\"copyrightHolder\":{\"@id\":\"https:\\\/\\\/oncubanews.com\\\/en\\\/#organization\"}},{\"@type\":\"WebPage\",\"@id\":\"https:\\\/\\\/oncubanews.com\\\/en\\\/culture\\\/cinema\\\/an-exquisite-corpse-at-the-havana-festival\\\/\",\"url\":\"https:\\\/\\\/oncubanews.com\\\/en\\\/culture\\\/cinema\\\/an-exquisite-corpse-at-the-havana-festival\\\/\",\"name\":\"An exquisite corpse at the Havana Festival | OnCubaNews English\",\"isPartOf\":{\"@id\":\"https:\\\/\\\/oncubanews.com\\\/en\\\/#website\"},\"primaryImageOfPage\":{\"@id\":\"https:\\\/\\\/oncubanews.com\\\/en\\\/culture\\\/cinema\\\/an-exquisite-corpse-at-the-havana-festival\\\/#primaryimage\"},\"image\":{\"@id\":\"https:\\\/\\\/oncubanews.com\\\/en\\\/culture\\\/cinema\\\/an-exquisite-corpse-at-the-havana-festival\\\/#primaryimage\"},\"thumbnailUrl\":\"https:\\\/\\\/oncubanews.com\\\/en\\\/wp-content\\\/uploads\\\/2022\\\/12\\\/Landrian-1-750x536-1.png\",\"datePublished\":\"2022-12-02T22:43:47+00:00\",\"author\":{\"@id\":\"https:\\\/\\\/oncubanews.com\\\/en\\\/#\\\/schema\\\/person\\\/52fa30ed7efbafa75fb5bb0bbe4c5406\"},\"description\":\"Nicol\u00e1s Guill\u00e9n Landri\u00e1n, the \u201cenfant terrible\u201d of Cuban documentary filmmaking, will have a second resurrection with a retrospective of his work, debates that smack of controversy, and audiovisual material from one of his rescuers.\",\"breadcrumb\":{\"@id\":\"https:\\\/\\\/oncubanews.com\\\/en\\\/culture\\\/cinema\\\/an-exquisite-corpse-at-the-havana-festival\\\/#breadcrumb\"},\"inLanguage\":\"en-US\",\"potentialAction\":[{\"@type\":\"ReadAction\",\"target\":[\"https:\\\/\\\/oncubanews.com\\\/en\\\/culture\\\/cinema\\\/an-exquisite-corpse-at-the-havana-festival\\\/\"]}]},{\"@type\":\"ImageObject\",\"inLanguage\":\"en-US\",\"@id\":\"https:\\\/\\\/oncubanews.com\\\/en\\\/culture\\\/cinema\\\/an-exquisite-corpse-at-the-havana-festival\\\/#primaryimage\",\"url\":\"https:\\\/\\\/oncubanews.com\\\/en\\\/wp-content\\\/uploads\\\/2022\\\/12\\\/Landrian-1-750x536-1.png\",\"contentUrl\":\"https:\\\/\\\/oncubanews.com\\\/en\\\/wp-content\\\/uploads\\\/2022\\\/12\\\/Landrian-1-750x536-1.png\",\"width\":750,\"height\":536,\"caption\":\"Poster for \u201cLandri\u00e1n,\u201d by Ernesto Daranas (Detail).\"},{\"@type\":\"BreadcrumbList\",\"@id\":\"https:\\\/\\\/oncubanews.com\\\/en\\\/culture\\\/cinema\\\/an-exquisite-corpse-at-the-havana-festival\\\/#breadcrumb\",\"itemListElement\":[{\"@type\":\"ListItem\",\"position\":1,\"name\":\"Portada\",\"item\":\"https:\\\/\\\/oncubanews.com\\\/en\\\/\"},{\"@type\":\"ListItem\",\"position\":2,\"name\":\"An exquisite corpse at the Havana Festival\"}]},{\"@type\":\"WebSite\",\"@id\":\"https:\\\/\\\/oncubanews.com\\\/en\\\/#website\",\"url\":\"https:\\\/\\\/oncubanews.com\\\/en\\\/\",\"name\":\"OnCubaNews English\",\"description\":\"Revista sobre Cuba\",\"potentialAction\":[{\"@type\":\"SearchAction\",\"target\":{\"@type\":\"EntryPoint\",\"urlTemplate\":\"https:\\\/\\\/oncubanews.com\\\/en\\\/?s={search_term_string}\"},\"query-input\":{\"@type\":\"PropertyValueSpecification\",\"valueRequired\":true,\"valueName\":\"search_term_string\"}}],\"inLanguage\":\"en-US\"},{\"@type\":\"Person\",\"@id\":\"https:\\\/\\\/oncubanews.com\\\/en\\\/#\\\/schema\\\/person\\\/52fa30ed7efbafa75fb5bb0bbe4c5406\",\"name\":\"Angel Marqu\u00e9s Dolz\",\"image\":{\"@type\":\"ImageObject\",\"inLanguage\":\"en-US\",\"@id\":\"https:\\\/\\\/oncubanews.com\\\/wp-content\\\/uploads\\\/2026\\\/03\\\/cropped-angel-96x96.jpeg2490d73390debb50e1d96f77b6708fa0\",\"url\":\"https:\\\/\\\/oncubanews.com\\\/wp-content\\\/uploads\\\/2026\\\/03\\\/cropped-angel-96x96.jpeg\",\"contentUrl\":\"https:\\\/\\\/oncubanews.com\\\/wp-content\\\/uploads\\\/2026\\\/03\\\/cropped-angel-96x96.jpeg\",\"caption\":\"Angel Marqu\u00e9s Dolz\"},\"url\":\"https:\\\/\\\/oncubanews.com\\\/en\\\/author\\\/amarquesolz\\\/\"}]}<\/script>\n<!-- \/ Yoast SEO plugin. -->","yoast_head_json":{"title":"An exquisite corpse at the Havana Festival | OnCubaNews English","description":"Nicol\u00e1s Guill\u00e9n Landri\u00e1n, the \u201cenfant terrible\u201d of Cuban documentary filmmaking, will have a second resurrection with a retrospective of his work, debates that smack of controversy, and audiovisual material from one of his rescuers.","robots":{"index":"index","follow":"follow","max-snippet":"max-snippet:-1","max-image-preview":"max-image-preview:large","max-video-preview":"max-video-preview:-1"},"canonical":"https:\/\/oncubanews.com\/en\/culture\/cinema\/an-exquisite-corpse-at-the-havana-festival\/","og_locale":"en_US","og_type":"article","og_title":"An exquisite corpse at the Havana Festival | OnCubaNews English","og_description":"Nicol\u00e1s Guill\u00e9n Landri\u00e1n, the \u201cenfant terrible\u201d of Cuban documentary filmmaking, will have a second resurrection with a retrospective of his work, debates that smack of controversy, and audiovisual material from one of his rescuers.","og_url":"https:\/\/oncubanews.com\/en\/culture\/cinema\/an-exquisite-corpse-at-the-havana-festival\/","og_site_name":"OnCubaNews English","article_published_time":"2022-12-02T22:43:47+00:00","og_image":[{"width":750,"height":536,"url":"https:\/\/oncubanews.com\/en\/wp-content\/uploads\/2022\/12\/Landrian-1-750x536-1.png","type":"image\/png"}],"author":"Angel Marqu\u00e9s Dolz","twitter_card":"summary_large_image","twitter_misc":{"Written by":"Angel Marqu\u00e9s Dolz","Est. reading time":"13 minutes"},"schema":{"@context":"https:\/\/schema.org","@graph":[{"@type":"Article","@id":"https:\/\/oncubanews.com\/en\/culture\/cinema\/an-exquisite-corpse-at-the-havana-festival\/#article","isPartOf":{"@id":"https:\/\/oncubanews.com\/en\/culture\/cinema\/an-exquisite-corpse-at-the-havana-festival\/"},"author":{"name":"Angel Marqu\u00e9s Dolz","@id":"https:\/\/oncubanews.com\/en\/#\/schema\/person\/52fa30ed7efbafa75fb5bb0bbe4c5406"},"headline":"An exquisite corpse at the Havana Festival","datePublished":"2022-12-02T22:43:47+00:00","mainEntityOfPage":{"@id":"https:\/\/oncubanews.com\/en\/culture\/cinema\/an-exquisite-corpse-at-the-havana-festival\/"},"wordCount":2735,"commentCount":0,"image":{"@id":"https:\/\/oncubanews.com\/en\/culture\/cinema\/an-exquisite-corpse-at-the-havana-festival\/#primaryimage"},"thumbnailUrl":"https:\/\/oncubanews.com\/en\/wp-content\/uploads\/2022\/12\/Landrian-1-750x536-1.png","keywords":["cuban cinema","havana film festival","Nicol\u00e1s Guill\u00e9n Landri\u00e1n"],"articleSection":["Cinema"],"inLanguage":"en-US","potentialAction":[{"@type":"CommentAction","name":"Comment","target":["https:\/\/oncubanews.com\/en\/culture\/cinema\/an-exquisite-corpse-at-the-havana-festival\/#respond"]}],"copyrightYear":"2022","copyrightHolder":{"@id":"https:\/\/oncubanews.com\/en\/#organization"}},{"@type":"WebPage","@id":"https:\/\/oncubanews.com\/en\/culture\/cinema\/an-exquisite-corpse-at-the-havana-festival\/","url":"https:\/\/oncubanews.com\/en\/culture\/cinema\/an-exquisite-corpse-at-the-havana-festival\/","name":"An exquisite corpse at the Havana Festival | OnCubaNews English","isPartOf":{"@id":"https:\/\/oncubanews.com\/en\/#website"},"primaryImageOfPage":{"@id":"https:\/\/oncubanews.com\/en\/culture\/cinema\/an-exquisite-corpse-at-the-havana-festival\/#primaryimage"},"image":{"@id":"https:\/\/oncubanews.com\/en\/culture\/cinema\/an-exquisite-corpse-at-the-havana-festival\/#primaryimage"},"thumbnailUrl":"https:\/\/oncubanews.com\/en\/wp-content\/uploads\/2022\/12\/Landrian-1-750x536-1.png","datePublished":"2022-12-02T22:43:47+00:00","author":{"@id":"https:\/\/oncubanews.com\/en\/#\/schema\/person\/52fa30ed7efbafa75fb5bb0bbe4c5406"},"description":"Nicol\u00e1s Guill\u00e9n Landri\u00e1n, the \u201cenfant terrible\u201d of Cuban documentary filmmaking, will have a second resurrection with a retrospective of his work, debates that smack of controversy, and audiovisual material from one of his rescuers.","breadcrumb":{"@id":"https:\/\/oncubanews.com\/en\/culture\/cinema\/an-exquisite-corpse-at-the-havana-festival\/#breadcrumb"},"inLanguage":"en-US","potentialAction":[{"@type":"ReadAction","target":["https:\/\/oncubanews.com\/en\/culture\/cinema\/an-exquisite-corpse-at-the-havana-festival\/"]}]},{"@type":"ImageObject","inLanguage":"en-US","@id":"https:\/\/oncubanews.com\/en\/culture\/cinema\/an-exquisite-corpse-at-the-havana-festival\/#primaryimage","url":"https:\/\/oncubanews.com\/en\/wp-content\/uploads\/2022\/12\/Landrian-1-750x536-1.png","contentUrl":"https:\/\/oncubanews.com\/en\/wp-content\/uploads\/2022\/12\/Landrian-1-750x536-1.png","width":750,"height":536,"caption":"Poster for \u201cLandri\u00e1n,\u201d by Ernesto Daranas (Detail)."},{"@type":"BreadcrumbList","@id":"https:\/\/oncubanews.com\/en\/culture\/cinema\/an-exquisite-corpse-at-the-havana-festival\/#breadcrumb","itemListElement":[{"@type":"ListItem","position":1,"name":"Portada","item":"https:\/\/oncubanews.com\/en\/"},{"@type":"ListItem","position":2,"name":"An exquisite corpse at the Havana Festival"}]},{"@type":"WebSite","@id":"https:\/\/oncubanews.com\/en\/#website","url":"https:\/\/oncubanews.com\/en\/","name":"OnCubaNews English","description":"Revista sobre Cuba","potentialAction":[{"@type":"SearchAction","target":{"@type":"EntryPoint","urlTemplate":"https:\/\/oncubanews.com\/en\/?s={search_term_string}"},"query-input":{"@type":"PropertyValueSpecification","valueRequired":true,"valueName":"search_term_string"}}],"inLanguage":"en-US"},{"@type":"Person","@id":"https:\/\/oncubanews.com\/en\/#\/schema\/person\/52fa30ed7efbafa75fb5bb0bbe4c5406","name":"Angel Marqu\u00e9s Dolz","image":{"@type":"ImageObject","inLanguage":"en-US","@id":"https:\/\/oncubanews.com\/wp-content\/uploads\/2026\/03\/cropped-angel-96x96.jpeg2490d73390debb50e1d96f77b6708fa0","url":"https:\/\/oncubanews.com\/wp-content\/uploads\/2026\/03\/cropped-angel-96x96.jpeg","contentUrl":"https:\/\/oncubanews.com\/wp-content\/uploads\/2026\/03\/cropped-angel-96x96.jpeg","caption":"Angel Marqu\u00e9s Dolz"},"url":"https:\/\/oncubanews.com\/en\/author\/amarquesolz\/"}]}},"authors":[{"term_id":33956,"user_id":3232,"is_guest":0,"slug":"amarquesolz","display_name":"Angel Marqu\u00e9s Dolz","avatar_url":"https:\/\/oncubanews.com\/wp-content\/uploads\/2026\/03\/cropped-angel-96x96.jpeg","0":null,"1":"","2":"","3":"","4":"","5":"","6":"","7":"","8":""}],"_links":{"self":[{"href":"https:\/\/oncubanews.com\/en\/wp-json\/wp\/v2\/posts\/261352","targetHints":{"allow":["GET"]}}],"collection":[{"href":"https:\/\/oncubanews.com\/en\/wp-json\/wp\/v2\/posts"}],"about":[{"href":"https:\/\/oncubanews.com\/en\/wp-json\/wp\/v2\/types\/post"}],"author":[{"embeddable":true,"href":"https:\/\/oncubanews.com\/en\/wp-json\/wp\/v2\/users\/3232"}],"replies":[{"embeddable":true,"href":"https:\/\/oncubanews.com\/en\/wp-json\/wp\/v2\/comments?post=261352"}],"version-history":[{"count":2,"href":"https:\/\/oncubanews.com\/en\/wp-json\/wp\/v2\/posts\/261352\/revisions"}],"predecessor-version":[{"id":261358,"href":"https:\/\/oncubanews.com\/en\/wp-json\/wp\/v2\/posts\/261352\/revisions\/261358"}],"wp:featuredmedia":[{"embeddable":true,"href":"https:\/\/oncubanews.com\/en\/wp-json\/wp\/v2\/media\/261354"}],"wp:attachment":[{"href":"https:\/\/oncubanews.com\/en\/wp-json\/wp\/v2\/media?parent=261352"}],"wp:term":[{"taxonomy":"category","embeddable":true,"href":"https:\/\/oncubanews.com\/en\/wp-json\/wp\/v2\/categories?post=261352"},{"taxonomy":"post_tag","embeddable":true,"href":"https:\/\/oncubanews.com\/en\/wp-json\/wp\/v2\/tags?post=261352"},{"taxonomy":"author","embeddable":true,"href":"https:\/\/oncubanews.com\/en\/wp-json\/wp\/v2\/ppma_author?post=261352"}],"curies":[{"name":"wp","href":"https:\/\/api.w.org\/{rel}","templated":true}]}}