
{"id":261516,"date":"2022-12-05T05:26:10","date_gmt":"2022-12-05T10:26:10","guid":{"rendered":"https:\/\/oncubanews.com\/en\/?p=261516"},"modified":"2022-12-05T05:26:10","modified_gmt":"2022-12-05T10:26:10","slug":"what-are-we-talking-about-when-we-talk-about-afro-cuban","status":"publish","type":"post","link":"https:\/\/oncubanews.com\/en\/opinion\/what-are-we-talking-about-when-we-talk-about-afro-cuban\/","title":{"rendered":"What are we talking about when we talk about \u201cAfro-Cuban\u201d?"},"content":{"rendered":"<p><strong>By Alexander Hall<\/strong><\/p>\n<p><span style=\"font-weight: 400;\">The origins of the <\/span><i><span style=\"font-weight: 400;\">Afro-Cuban<\/span><\/i><span style=\"font-weight: 400;\"> concept, according to bibliographer Tom\u00e1s Fern\u00e1ndez Robaina, were set by <a href=\"https:\/\/es.wikipedia.org\/wiki\/Fernando_Ortiz_Fern%C3%A1ndez\" target=\"_blank\" rel=\"noopener\">Fernando Ortiz Fern\u00e1ndez<\/a> in 1847. Based on data provided by Gonz\u00e1lez del Valle, he asserts that the aforementioned word was initially used by Antonio de Veit\u00eda. (1) However, there are no confirmatory elements that certify the social use of the term by these specialists in the 19th century. Ortiz himself used it in his pioneering period of publications to refer to the cultural practices of enslaved people from Africa.<\/span><\/p>\n<p><span style=\"font-weight: 400;\">At this stage, the Cuban scholar\u2019s investigations were notoriously influenced by Italian criminological anthropology. This current considered blacks as inferior subjects, due to the size of their cranial circumference. (2) According to the precepts of Lombrosian positivism, the size of the skull determined the intellective capacity of the \u201craces.\u201d<\/span><\/p>\n<p><span style=\"font-weight: 400;\">In accordance with this, an arbitrary classification was established that resorted to racialization to certify the postulates of superiority of some human groups, under empirical discrimination instruments lacking scientific support. Such assumptions enjoyed popularity in circuits of the European intelligentsia at the beginning of the 20th century, despite being refuted since the 19th century by Haitian anthropologist Antenor Firmin. (3)<\/span><\/p>\n<p><span style=\"font-weight: 400;\">During that time, criminological anthropology served as an ideological tool for colonization practices. Their lacking objectivity reasonings were essentially motivated by reasons of cultural legitimacy and their methodologies were adopted by the German National Socialists during the 1920s and 1930s to support their theories of \u201cracial superiority.\u201d<\/span><\/p>\n<blockquote class=\"wp-embedded-content\" data-secret=\"XOHtXwrKgD\"><p><a href=\"https:\/\/oncubanews.com\/cultura\/la-obra-de-fernando-ortiz-declarada-patrimonio-cultural-de-cuba\/\">La obra de Fernando Ortiz declarada Patrimonio Cultural de Cuba<\/a><\/p><\/blockquote>\n<p><iframe loading=\"lazy\" class=\"wp-embedded-content\" sandbox=\"allow-scripts\" security=\"restricted\" style=\"position: absolute; clip: rect(1px, 1px, 1px, 1px);\" title=\"\u00abLa obra de Fernando Ortiz declarada Patrimonio Cultural de Cuba\u00bb \u2014 OnCubaNews\" src=\"https:\/\/oncubanews.com\/cultura\/la-obra-de-fernando-ortiz-declarada-patrimonio-cultural-de-cuba\/embed\/#?secret=2Ox9UJHtui#?secret=XOHtXwrKgD\" data-secret=\"XOHtXwrKgD\" width=\"500\" height=\"282\" frameborder=\"0\" marginwidth=\"0\" marginheight=\"0\" scrolling=\"no\"><\/iframe><\/p>\n<p><span style=\"font-weight: 400;\">According to the postulates of this current, the existence of black people reproduced \u201catavistic\u201d practices that compelled them to commit criminal acts. Thus, a stereotyped relationship was established that defined a criminal bias in dark-skinned individuals, added to a narrative that understood Western Catholicism and European culture as \u201cparadigms of civilization and good customs.\u201d<\/span><\/p>\n<p><span style=\"font-weight: 400;\">Following such foundations, Afro-Cuban traditions were considered as acts of \u201csorcery,\u201d \u201cwitchcraft\u201d and \u201cpaganism,\u201d by underestimating their importance as manifestations of spiritual and cultural resistance to the effects of European domination. These statements can be perceived in the texts of Fernando Ortiz between 1906-1939.<\/span><\/p>\n<p><span style=\"font-weight: 400;\">The ideas of the \u201cthird discoverer of Cuba\u201d \u2014 as writer Juan Marinello described him \u2014 coincided with the precepts of a hegemonically white republican ideal, which in its design sought to condemn to ostracism the non-Western practices and traditions. This intention would also be mediated by the influence that by then marked the U.S. penetration of the island.<\/span><\/p>\n<p><b>Afro-Cuban exponents during the 1920s<\/b><\/p>\n<p><span style=\"font-weight: 400;\">As of 1927, the section \u201cIdeales de una Raza\u201d began in the <\/span><i><span style=\"font-weight: 400;\">Diario de la Marina<\/span><\/i><span style=\"font-weight: 400;\">. It was promoted by journalist Gustavo E. Urrutia Quir\u00f3s, who fostered with it one of the most commendable processes of socialization of Afro-Cuban culture of the period, with the participation of figures such as: Regino Boti, Lino D\u2019ou, Ram\u00f3n Vasconcelos, Jos\u00e9 Armando Pl\u00e1, Juan Gualberto G\u00f3mez and Nicol\u00e1s Guill\u00e9n, whose confluence made it possible to approach social problems and relegated phenomena with respect to the marginalized sectors.<\/span><\/p>\n<p><a href=\"https:\/\/oncubanews.com\/en\/wp-content\/uploads\/2022\/12\/Diario-El-Triunfo-23-de-mayo-de-1912.jpg\"><img loading=\"lazy\" decoding=\"async\" class=\"aligncenter size-full wp-image-261519\" src=\"https:\/\/oncubanews.com\/en\/wp-content\/uploads\/2022\/12\/Diario-El-Triunfo-23-de-mayo-de-1912.jpg\" alt=\"\" width=\"788\" height=\"599\" srcset=\"https:\/\/oncubanews.com\/en\/wp-content\/uploads\/2022\/12\/Diario-El-Triunfo-23-de-mayo-de-1912.jpg 788w, https:\/\/oncubanews.com\/en\/wp-content\/uploads\/2022\/12\/Diario-El-Triunfo-23-de-mayo-de-1912-300x228.jpg 300w, https:\/\/oncubanews.com\/en\/wp-content\/uploads\/2022\/12\/Diario-El-Triunfo-23-de-mayo-de-1912-768x584.jpg 768w, https:\/\/oncubanews.com\/en\/wp-content\/uploads\/2022\/12\/Diario-El-Triunfo-23-de-mayo-de-1912-750x570.jpg 750w\" sizes=\"auto, (max-width: 788px) 100vw, 788px\" \/><\/a><\/p>\n<p><span style=\"font-weight: 400;\">At this stage, the term \u201cAfro-Cuban\u201d is re-semantized, assumed as an expression of pride among blacks, whose intention was to remove the precept from the pejorative nuance with which it was conceived at the beginning of the century. From the section \u201cIdeales de una Raza\u201d the study of Afro-descendant practices was promoted, preventing them from being subsumed by the eugenic interests of the elites.<\/span><\/p>\n<p><span style=\"font-weight: 400;\">In this sense, the organ <\/span><i><span style=\"font-weight: 400;\">Estudios Afrocubanos<\/span><\/i><span style=\"font-weight: 400;\"> (1937-1945), together with the magazines <\/span><i><span style=\"font-weight: 400;\">Bimestre<\/span><\/i> <i><span style=\"font-weight: 400;\">Cubana<\/span><\/i><span style=\"font-weight: 400;\">, <\/span><i><span style=\"font-weight: 400;\">Adelante<\/span><\/i><span style=\"font-weight: 400;\"> (1936-1940), and <\/span><i><span style=\"font-weight: 400;\">Archivos<\/span><\/i> <i><span style=\"font-weight: 400;\">del<\/span><\/i> <i><span style=\"font-weight: 400;\">Folklore<\/span><\/i> <i><span style=\"font-weight: 400;\">Cubano<\/span><\/i><span style=\"font-weight: 400;\"> (1924-1930), carried out an outstanding role in bringing together figures committed to the analysis of a historical-cultural legacy that had been outlawed by the canonical academy and political power.<\/span><\/p>\n<p><span style=\"font-weight: 400;\">As of the 1920s, many have opposed the use of the term \u201cAfro-Cuban\u201d in reference to skin color, under defensive arguments of \u201cnational unity.\u201d This vision was advocated by leading exponents of black nationalism such as: Juan Gualberto G\u00f3mez, Martin Mor\u00faa Delgado and Sixto Gast\u00f3n Ag\u00fcero, who affirmed that racial identity should not be superimposed on patriotic sentiment.<\/span><\/p>\n<p><span style=\"font-weight: 400;\">This generated a rejection of the term at a social level. The trap of this budget consisted, and still lies, in the omission of the factors that define inequalities by skin color, which causes some to enjoy privileges and economic superiority, while the precarious strata, among which there is an overrepresentation of black people, suffer the organic consequences of social oblivion.<\/span><\/p>\n<p><span style=\"font-weight: 400;\">The descendants of Africans suffered the effects of segregation during the so-called \u201cfirst republic.\u201d When they decided to break the excluding reins of the liberal model, they were brutally massacred in 1912 by their former comrades in the fight against Spanish colonialism. This fact refutes the political tactic of subordinating the libertarian cause to a common purpose since behind this strategy there persist reproducing devices of oppressive patterns in social sectors.<\/span><\/p>\n<p><span style=\"font-weight: 400;\">Anti-racist activist and former president of the Federation of Black Societies Juan Ren\u00e9 Betancourt had no qualms about opposing that forced vision of nationality that sought integration without addressing the systemic variables that mark inequalities and structural disadvantages. For this reason, he was a critic of the integrationist theories wielded from positions of privilege, entirely functional to the exclusive bourgeois order of the subalterns.<\/span><\/p>\n<p><span style=\"font-weight: 400;\">In his postulates, it is possible to perceive a radical criticism against the approaches of the <em>Popular Socialist Party<\/em> (PSP), which subordinated its analyses to the designs of the international communist movement and in accordance with the Marxist precepts of the time, which understood the racial question as subordinate to the \u201cclass struggle.\u201d This tradition of thought during the 20th century made it impossible for the communist parties to gain more popular roots and caused well-known figures of that political militancy to decide to advocate Pan-Africanism in the face of the misunderstandings of the world anti-capitalist camp.<\/span><\/p>\n<figure id=\"attachment_261520\" aria-describedby=\"caption-attachment-261520\" style=\"width: 1140px\" class=\"wp-caption aligncenter\"><a href=\"https:\/\/oncubanews.com\/en\/wp-content\/uploads\/2022\/12\/afrocubano-kaloian-1.jpg\"><img loading=\"lazy\" decoding=\"async\" class=\"size-full wp-image-261520\" src=\"https:\/\/oncubanews.com\/en\/wp-content\/uploads\/2022\/12\/afrocubano-kaloian-1.jpg\" alt=\"\" width=\"1140\" height=\"815\" srcset=\"https:\/\/oncubanews.com\/en\/wp-content\/uploads\/2022\/12\/afrocubano-kaloian-1.jpg 1140w, https:\/\/oncubanews.com\/en\/wp-content\/uploads\/2022\/12\/afrocubano-kaloian-1-300x214.jpg 300w, https:\/\/oncubanews.com\/en\/wp-content\/uploads\/2022\/12\/afrocubano-kaloian-1-1024x732.jpg 1024w, https:\/\/oncubanews.com\/en\/wp-content\/uploads\/2022\/12\/afrocubano-kaloian-1-768x549.jpg 768w, https:\/\/oncubanews.com\/en\/wp-content\/uploads\/2022\/12\/afrocubano-kaloian-1-120x86.jpg 120w, https:\/\/oncubanews.com\/en\/wp-content\/uploads\/2022\/12\/afrocubano-kaloian-1-350x250.jpg 350w, https:\/\/oncubanews.com\/en\/wp-content\/uploads\/2022\/12\/afrocubano-kaloian-1-750x536.jpg 750w\" sizes=\"auto, (max-width: 1140px) 100vw, 1140px\" \/><\/a><figcaption id=\"caption-attachment-261520\" class=\"wp-caption-text\">Photo: Kaloian.<\/figcaption><\/figure>\n<p><b>\u201cAfro-Cuban\u201d concept after the revolutionary triumph<\/b><\/p>\n<p><span style=\"font-weight: 400;\">With the revolutionary triumph of 1959, the discursive rhetoric of the leadership expressed its commitment to combat the multiple expressions of racism that took place in the country. This was declared by Fidel Castro in several speeches until the Second Declaration of Havana in 1961, this being the symbolic moment that marked the beginning of a long period of silence on the subject in its public treatment.<\/span><\/p>\n<p><span style=\"font-weight: 400;\">Since it came to power, the political leadership implemented a set of measures that prohibited segregation, while promoting the access of the popular layers to goods, services and rights previously reserved for the white and wealthy population. In the same way, a massive participation of the humble strata in socioeconomic tasks was evidenced, and, consequently, an improvement in their social indicators of life.<\/span><\/p>\n<p><span style=\"font-weight: 400;\">This will was also manifested in the circulation of militant publications full of triumphalist subjectivisms, such as the analyses of Jos\u00e9 Felipe Carneado and Pedro Serviat in their respective works <\/span><i><span style=\"font-weight: 400;\">La discriminaci\u00f3n a Cuba no volver\u00e1 jam\u00e1s\u00a0<\/span><\/i><span style=\"font-weight: 400;\">(1961), and\u00a0<\/span><i><span style=\"font-weight: 400;\">El problema negro en Cuba y su soluci\u00f3n definitiva<\/span><\/i><span style=\"font-weight: 400;\"> (1986), which took for granted the overcoming of the scourge. In them, the approach to the phenomenon can be appreciated as a matter of the past, fueled by the official imaginary that considered it eradicated from the island.<\/span><\/p>\n<p><span style=\"font-weight: 400;\">Similarly, the Sovietization of the Cuban geopolitical space led to the problem being underestimated, understanding it as a \u201cvestige inherited from the old capitalist-neocolonial regime,\u201d which would disappear with the established \u201csocialist\u201d model, whose leadership ensured the establishment of a transit period towards the abolition of social classes in Cuba.<\/span><\/p>\n<p><span style=\"font-weight: 400;\">The predominance of an essentialist\/colonial Marxism, which considered Afro-Cuban manifestations as folkloric expressions destined to disappear with the \u201cimprovement of the intellectual level of Cubans,\u201d relegated the understanding of such practices and their importance for the people. This worsened the strategy of silence on the subject to avoid its treatment, with the instrumental purpose of sustaining \u201cnational unity\u201d (now homogeneity) in the face of the U.S. political-cultural threat.<\/span><\/p>\n<p><span style=\"font-weight: 400;\">The above reasons caused the subject to be banned in scientific-social spaces. While the structural problems, given the socioeconomic differences by skin color within Cuban society, were subsumed by the egalitarian policies of the government, whose institutional\/state-centric treatment reproduced the tactics of internal colonialism. As a result, any autonomous attempt at self-organization to claim the emancipatory demands of said social group was co-opted and subordinated to a centralizing, top-down, and authoritarian government praxis.<\/span><\/p>\n<p><span style=\"font-weight: 400;\">The period between 1961-1989 can be described as a setback in terms of Afro-Cuban studies, due to the State policy that shelved the subject, the religious censorship that prevented the entry of practitioners of beliefs of African origin to the ranks of the Communist Party of Cuba and the predominance of an academic bibliography that, under the foundations of Marxism-Leninism, condemned such expressions for being removed from \u201cscientific atheism.\u201d<\/span><\/p>\n<figure id=\"attachment_261521\" aria-describedby=\"caption-attachment-261521\" style=\"width: 1536px\" class=\"wp-caption aligncenter\"><a href=\"https:\/\/oncubanews.com\/en\/wp-content\/uploads\/2022\/12\/Cuba-2022-fotos-Kaloian28-de-enero-de-2022-37-1536x1018-1.jpg\"><img loading=\"lazy\" decoding=\"async\" class=\"size-full wp-image-261521\" src=\"https:\/\/oncubanews.com\/en\/wp-content\/uploads\/2022\/12\/Cuba-2022-fotos-Kaloian28-de-enero-de-2022-37-1536x1018-1.jpg\" alt=\"\" width=\"1536\" height=\"1018\" srcset=\"https:\/\/oncubanews.com\/en\/wp-content\/uploads\/2022\/12\/Cuba-2022-fotos-Kaloian28-de-enero-de-2022-37-1536x1018-1.jpg 1536w, https:\/\/oncubanews.com\/en\/wp-content\/uploads\/2022\/12\/Cuba-2022-fotos-Kaloian28-de-enero-de-2022-37-1536x1018-1-300x199.jpg 300w, https:\/\/oncubanews.com\/en\/wp-content\/uploads\/2022\/12\/Cuba-2022-fotos-Kaloian28-de-enero-de-2022-37-1536x1018-1-1024x679.jpg 1024w, https:\/\/oncubanews.com\/en\/wp-content\/uploads\/2022\/12\/Cuba-2022-fotos-Kaloian28-de-enero-de-2022-37-1536x1018-1-768x509.jpg 768w, https:\/\/oncubanews.com\/en\/wp-content\/uploads\/2022\/12\/Cuba-2022-fotos-Kaloian28-de-enero-de-2022-37-1536x1018-1-750x497.jpg 750w, https:\/\/oncubanews.com\/en\/wp-content\/uploads\/2022\/12\/Cuba-2022-fotos-Kaloian28-de-enero-de-2022-37-1536x1018-1-1140x756.jpg 1140w\" sizes=\"auto, (max-width: 1536px) 100vw, 1536px\" \/><\/a><figcaption id=\"caption-attachment-261521\" class=\"wp-caption-text\">Photo: Kaloian.<\/figcaption><\/figure>\n<p><span style=\"font-weight: 400;\">The exacerbation of inequities during the <\/span><i><span style=\"font-weight: 400;\">Special Period<\/span><\/i><span style=\"font-weight: 400;\"> produced an emergency of racism, catalyzed by the establishment of neo-capitalist social relations of production, which caused the impoverishment of the black population, which came to occupy the worst remuneration spaces in the working market. This reality, added to a crisis of paradigms, encouraged researchers, intellectuals and academicians to delve into these studies.<\/span><\/p>\n<p><span style=\"font-weight: 400;\">This scenario has favored the emergence of authors who defend the Afro-Cuban concept, among whose exponents stand out <\/span><a href=\"https:\/\/www.afrocubanas.com\/2020\/10\/30\/apuntes-para-una-cartograf%C3%ADa-en-torno-al-debate-del-termino-afrocubano-a\/\" target=\"_blank\" rel=\"noopener\"><span style=\"font-weight: 400;\">Alberto Abreu Arcia<\/span><\/a><span style=\"font-weight: 400;\">, Roberto Zurbano Torres, (4) <\/span><a href=\"https:\/\/oncubanews.com\/author\/maikelponsg\/\" target=\"_blank\" rel=\"noopener\"><span style=\"font-weight: 400;\">Maikel Pons Giralt<\/span><\/a><span style=\"font-weight: 400;\">,\u00a0<\/span><a href=\"https:\/\/cubaposible.com\/cubanos-afrocubanos-encrucijada-sujeto-negro-cuba\/\" target=\"_blank\" rel=\"noopener\"><span style=\"font-weight: 400;\">Alejandro Leonardo Fern\u00e1ndez Calder\u00f3n<\/span><\/a><span style=\"font-weight: 400;\">, and\u00a0<\/span><a href=\"https:\/\/seer.ufrgs.br\/rbea\/articule\/view\/84192\" target=\"_blank\" rel=\"noopener\"><span style=\"font-weight: 400;\">Zuleica Margarita Romay Guerra<\/span><\/a><span style=\"font-weight: 400;\">, among others, who have reflected on its use as a communicative tool to vindicate the ancestral traditions that find their roots in the so-called \u201cblack continent,\u201d while boosting pride and racial identity in said community. However, its use has found detractors in the field of racial studies such as Esteban Morales Dom\u00ednguez, (5) <\/span><a href=\"https:\/\/revista-alma-mater\/racismo-en-cuba-una-herencia-que-persiste-eae590951f76\" target=\"_blank\" rel=\"noopener\"><span style=\"font-weight: 400;\">Rodolfo Rensoli Medina<\/span><\/a><span style=\"font-weight: 400;\">, Ana Cairo Ballester, (6) and <\/span><a href=\"https:\/\/jovencuba.com\/marginalizacion-desafios-esperanzas\/amp\/\" target=\"_blank\" rel=\"noopener\"><span style=\"font-weight: 400;\">Gisela Arandia Covarrubias<\/span><\/a><span style=\"font-weight: 400;\">, who argue an uncritical importation from the United States, as well as the existence of a single ethnos in the Cuban nation-state.<\/span><\/p>\n<p><span style=\"font-weight: 400;\">Such positions, while pointing out the natural social and cultural differences between both nations, in addition to ignoring the historical treatment granted by various exponents of national culture such as R\u00f3mulo Lachata\u00f1er\u00e9, Fernando Ortiz or Lydia Cabrera, ignore the struggles of Afro-descendants and their demands in the <\/span><i><span style=\"font-weight: 400;\">Abya Yala<\/span><\/i><span style=\"font-weight: 400;\"> collectives, self-identified as <\/span><i><span style=\"font-weight: 400;\">Afro-Ecuadorians, Afro-Mexicans, Afro-Brazilians<\/span><\/i><span style=\"font-weight: 400;\">, etc., whose legacy and historical disputes have been mapped by sociologist <\/span><a href=\"https:\/\/publicaciones.uexternado.edu.co\/dgp-contrapunteos-diasporicos-9789587902860.html\" target=\"_blank\" rel=\"noopener\"><span style=\"font-weight: 400;\">Agust\u00edn La\u00f3-Montes<\/span><\/a><span style=\"font-weight: 400;\"> from a novel decolonial approach, enriched by the counter-hegemonic visions of committed voices with the justice of the \u201cpeoples without history\u201d in that broad spectrum recognized as <\/span><i><span style=\"font-weight: 400;\">Afro-America<\/span><\/i><span style=\"font-weight: 400;\">.<\/span><\/p>\n<p><span style=\"font-weight: 400;\">Likewise, it is essential to highlight the effort that black women have made to vindicate the concept of Afro-Cuban. From activism and feminist thought, multiple resistance strategies dating back to colonial times have been highlighted, through the visibility of actions against racism in the journalistic pages, autonomous organizations or the political field itself, whose trajectory is marked in turn by a strong tradition of struggle against the challenges of patriarchal domination, strengthened with an anti-discriminatory position in the face of a society that understood whiteness as a reference of universal representation.<\/span><\/p>\n<figure id=\"attachment_261522\" aria-describedby=\"caption-attachment-261522\" style=\"width: 400px\" class=\"wp-caption aligncenter\"><a href=\"https:\/\/oncubanews.com\/en\/wp-content\/uploads\/2022\/12\/daisy-rubiera-castillo-pictured-with-her-mother-reyita.jpg\"><img loading=\"lazy\" decoding=\"async\" class=\"size-full wp-image-261522\" src=\"https:\/\/oncubanews.com\/en\/wp-content\/uploads\/2022\/12\/daisy-rubiera-castillo-pictured-with-her-mother-reyita.jpg\" alt=\"\" width=\"400\" height=\"400\" srcset=\"https:\/\/oncubanews.com\/en\/wp-content\/uploads\/2022\/12\/daisy-rubiera-castillo-pictured-with-her-mother-reyita.jpg 400w, https:\/\/oncubanews.com\/en\/wp-content\/uploads\/2022\/12\/daisy-rubiera-castillo-pictured-with-her-mother-reyita-300x300.jpg 300w, https:\/\/oncubanews.com\/en\/wp-content\/uploads\/2022\/12\/daisy-rubiera-castillo-pictured-with-her-mother-reyita-150x150.jpg 150w, https:\/\/oncubanews.com\/en\/wp-content\/uploads\/2022\/12\/daisy-rubiera-castillo-pictured-with-her-mother-reyita-75x75.jpg 75w, https:\/\/oncubanews.com\/en\/wp-content\/uploads\/2022\/12\/daisy-rubiera-castillo-pictured-with-her-mother-reyita-350x350.jpg 350w\" sizes=\"auto, (max-width: 400px) 100vw, 400px\" \/><\/a><figcaption id=\"caption-attachment-261522\" class=\"wp-caption-text\">Daisy Rubiera Castillo and her mother, Reyita, who inspired the testimonial work \u201cReyita, sencillamente.\u201d<\/figcaption><\/figure>\n<p><span style=\"font-weight: 400;\">The efforts of black women such as <\/span><span style=\"font-weight: 400;\">Daysi Rubiera Castillo<\/span><span style=\"font-weight: 400;\">,\u00a0<\/span><span style=\"font-weight: 400;\">In\u00e9s Mar\u00eda Martiatu<\/span><span style=\"font-weight: 400;\">,\u00a0<\/span><a href=\"https:\/\/books.google.com\/books\/about\/La_esclavitud_desde_la_esclavitud.htlm?id=TKRqAAAAMAAJ\" target=\"_blank\" rel=\"noopener\"><span style=\"font-weight: 400;\">Gloria Garc\u00eda Rodr\u00edguez<\/span><\/a><span style=\"font-weight: 400;\">,\u00a0<\/span><a href=\"https:\/\/www.afrocubaweb.com\/herrera.htm\" target=\"_blank\" rel=\"noopener\"><span style=\"font-weight: 400;\">Georgina Herrera C\u00e1rdenas<\/span><\/a><span style=\"font-weight: 400;\">,\u00a0<\/span><a href=\"https:\/\/biblioteca.clacso.edu.ar\/clacso\/se\/20180712070816\/Afrodescendencias.pdf\" target=\"_blank\" rel=\"noopener\"><span style=\"font-weight: 400;\">Rosa Campoalegre Septien<\/span><\/a><span style=\"font-weight: 400;\">,\u00a0<\/span><span style=\"font-weight: 400;\">Oilda Hevia Lanier<\/span><span style=\"font-weight: 400;\">,\u00a0<\/span><a href=\"https:\/\/oncubanews.com\/cuba\/los-pasos-firmes-del-afrofeminismo-en-cuba\/\" target=\"_blank\" rel=\"noopener\"><span style=\"font-weight: 400;\">Alina Herrera Fuentes<\/span><\/a><span style=\"font-weight: 400;\">,\u00a0<\/span><a href=\"https:\/\/www.google.com\/amp\/s\/oncubanews.com\/canaldigital\/cuba-nuestra-afrocubanas-la-revista%3famp\" target=\"_blank\" rel=\"noopener\"><span style=\"font-weight: 400;\">Sandra \u00c1lvarez Ram\u00edrez<\/span><\/a><span style=\"font-weight: 400;\">, among others, have been fundamental. From various fields of knowledge they have contributed to breaking the supremacy enjoyed by men in the narratives established by historical genealogies. In this sense, the contributions of academicians such as Mar\u00eda del Carmen Barcia Zequeira, Mayra Espina Prieto, Miriam Herrera Jerez and L\u00e1zara Men\u00e9ndez V\u00e1zquez are also commendable.<\/span><\/p>\n<p><span style=\"font-weight: 400;\">All the aforementioned efforts have served to articulate new anti-racist organizations, movements and alliances that have managed to give new meanings to the concept of Afro-Cuban\/Afro-Cubanness and boost the emergence of projects whose actions are fundamentally focused on making the racial phenomenon visible under new precepts of social assimilation. Now, set aside from political and academic conservatism, while enriching the sociocultural panorama of the island around the subject, with its numerous specialized contributions through its approach in various spheres.<\/span><\/p>\n<p><span style=\"font-weight: 400;\">The rebirth of independent associativism makes it easier to confront the multiple manifestations of racism in the public and sociodigital space. It also allows work around mutual aid networks, the configuration of intellectual alternatives that enhance the role of Afro-Cubans and the projection of new proposals for racial reparation, until their desires for equity and social justice materialize to consolidate the integrity of the nation.<\/span><\/p>\n<p><span style=\"font-weight: 400;\">Let&#8217;s continue the effort so that color is no more than an epidermal mark between affective ties of solidarity brotherhood. We must promote the configuration of an economic order based on cooperative social relations, to the point that it renders any discriminatory idea or project meaningless, that alludes to skin pigmentation as a distinguishing feature among human relationships.<\/span><\/p>\n<hr \/>\n<p><span style=\"font-weight: 400;\">\u00a0<\/span><\/p>\n<p><b><i>Notes<\/i><\/b><\/p>\n<p><span style=\"font-weight: 400;\">(<\/span><b>1<\/b><span style=\"font-weight: 400;\">) Tom\u00e1s Fern\u00e1ndez Robaina: <\/span><i><span style=\"font-weight: 400;\">El t\u00e9rmino \u2018afrocubano\u2019: una contribuci\u00f3n olvidada de Fernando Ortiz<\/span><\/i><span style=\"font-weight: 400;\">, pp. 73-102, in Identidad afrocubana, cultura y nacionalidad. Oriente Publishers, Santiago de Cuba, 2019.<\/span><\/p>\n<p><span style=\"font-weight: 400;\">(<\/span><b>2<\/b><span style=\"font-weight: 400;\">) <\/span><i><span style=\"font-weight: 400;\">Cesare Lombroso:<\/span><\/i> <i><span style=\"font-weight: 400;\">L`Uomo biano e l\u00b4uomo di colore, letture sull\u00b4origine e la variete delle raza umane<\/span><\/i><span style=\"font-weight: 400;\">, Padova, Tip. Editrice F. Sacchetto, 1871.<\/span><\/p>\n<p><span style=\"font-weight: 400;\">(<\/span><b>3<\/b><span style=\"font-weight: 400;\">) <\/span><i><span style=\"font-weight: 400;\">Antenor Firmin: Igualdad de las razas humanas: antropolog\u00eda positiva<\/span><\/i><span style=\"font-weight: 400;\">, Ciencias Sociales Publishers, Havana, 2013.<\/span><\/p>\n<p><span style=\"font-weight: 400;\">(<\/span><b>4<\/b><span style=\"font-weight: 400;\">) Personal interview with Roberto Zurbano Torres on March 17, 2019.<\/span><\/p>\n<p><span style=\"font-weight: 400;\">(<\/span><b>5<\/b><span style=\"font-weight: 400;\">) Personal interview with Esteban Morales Dom\u00ednguez on November 12, 2019.<\/span><\/p>\n<p><b>(6<\/b><span style=\"font-weight: 400;\">) Ana Cairo: <\/span><i><span style=\"font-weight: 400;\">El tema negro en la literatura cubana en los a\u00f1os 90<\/span><\/i><span style=\"font-weight: 400;\">, pp.46-78, in Denia Garc\u00eda Ronda: Presencia negra en la cultura cubana, Sensemay\u00e1 Publishers, Havana, 2015.<\/span><\/p>\n","protected":false},"excerpt":{"rendered":"<p>New anti-racist organizations, movements and alliances have managed to give a new meaning to the concept of Afro-Cuban\/Afro-Cubanness and enhance the visibility of the racial phenomenon in Cuba.<\/p>\n","protected":false},"author":3134,"featured_media":261517,"comment_status":"open","ping_status":"closed","sticky":false,"template":"","format":"standard","meta":{"_acf_changed":false,"footnotes":""},"categories":[14135],"tags":[18104,18536],"ppma_author":[33546],"class_list":["post-261516","post","type-post","status-publish","format-standard","has-post-thumbnail","hentry","category-opinion","tag-afrocuban-culture","tag-afrocuban-religion-in-cuba"],"acf":[],"yoast_head":"<!-- This site is optimized with the Yoast SEO plugin v27.3 - https:\/\/yoast.com\/product\/yoast-seo-wordpress\/ -->\n<title>What are we talking about when we talk about \u201cAfro-Cuban\u201d? | OnCubaNews English<\/title>\n<meta name=\"description\" content=\"New anti-racist organizations, movements and alliances have managed to give a new meaning to the concept of Afro-Cuban\/Afro-Cubanness and enhance the visibility of the racial phenomenon in Cuba.\" \/>\n<meta name=\"robots\" content=\"index, follow, max-snippet:-1, max-image-preview:large, max-video-preview:-1\" \/>\n<link rel=\"canonical\" href=\"https:\/\/oncubanews.com\/en\/opinion\/what-are-we-talking-about-when-we-talk-about-afro-cuban\/\" \/>\n<meta property=\"og:locale\" content=\"en_US\" \/>\n<meta property=\"og:type\" content=\"article\" \/>\n<meta property=\"og:title\" content=\"What are we talking about when we talk about \u201cAfro-Cuban\u201d? | OnCubaNews English\" \/>\n<meta property=\"og:description\" content=\"New anti-racist organizations, movements and alliances have managed to give a new meaning to the concept of Afro-Cuban\/Afro-Cubanness and enhance the visibility of the racial phenomenon in Cuba.\" \/>\n<meta property=\"og:url\" content=\"https:\/\/oncubanews.com\/en\/opinion\/what-are-we-talking-about-when-we-talk-about-afro-cuban\/\" \/>\n<meta property=\"og:site_name\" content=\"OnCubaNews English\" \/>\n<meta property=\"article:published_time\" content=\"2022-12-05T10:26:10+00:00\" \/>\n<meta property=\"og:image\" content=\"https:\/\/oncubanews.com\/en\/wp-content\/uploads\/2022\/12\/malecon-habana-kaloian-750x536-1.png\" \/>\n\t<meta property=\"og:image:width\" content=\"750\" \/>\n\t<meta property=\"og:image:height\" content=\"536\" \/>\n\t<meta property=\"og:image:type\" content=\"image\/png\" \/>\n<meta name=\"author\" content=\"OnCuba Staff\" \/>\n<meta name=\"twitter:card\" content=\"summary_large_image\" \/>\n<meta name=\"twitter:label1\" content=\"Written by\" \/>\n\t<meta name=\"twitter:data1\" content=\"OnCuba Staff\" \/>\n\t<meta name=\"twitter:label2\" content=\"Est. reading time\" \/>\n\t<meta name=\"twitter:data2\" content=\"11 minutes\" \/>\n<script type=\"application\/ld+json\" class=\"yoast-schema-graph\">{\"@context\":\"https:\\\/\\\/schema.org\",\"@graph\":[{\"@type\":\"Article\",\"@id\":\"https:\\\/\\\/oncubanews.com\\\/en\\\/opinion\\\/what-are-we-talking-about-when-we-talk-about-afro-cuban\\\/#article\",\"isPartOf\":{\"@id\":\"https:\\\/\\\/oncubanews.com\\\/en\\\/opinion\\\/what-are-we-talking-about-when-we-talk-about-afro-cuban\\\/\"},\"author\":{\"name\":\"OnCuba Staff\",\"@id\":\"https:\\\/\\\/oncubanews.com\\\/en\\\/#\\\/schema\\\/person\\\/d7171bf311032ab1f557dd8332e714af\"},\"headline\":\"What are we talking about when we talk about \u201cAfro-Cuban\u201d?\",\"datePublished\":\"2022-12-05T10:26:10+00:00\",\"mainEntityOfPage\":{\"@id\":\"https:\\\/\\\/oncubanews.com\\\/en\\\/opinion\\\/what-are-we-talking-about-when-we-talk-about-afro-cuban\\\/\"},\"wordCount\":2287,\"commentCount\":0,\"image\":{\"@id\":\"https:\\\/\\\/oncubanews.com\\\/en\\\/opinion\\\/what-are-we-talking-about-when-we-talk-about-afro-cuban\\\/#primaryimage\"},\"thumbnailUrl\":\"https:\\\/\\\/oncubanews.com\\\/en\\\/wp-content\\\/uploads\\\/2022\\\/12\\\/malecon-habana-kaloian-750x536-1.png\",\"keywords\":[\"afrocuban culture\",\"afrocuban religion in cuba\"],\"articleSection\":[\"Opinion\"],\"inLanguage\":\"en-US\",\"potentialAction\":[{\"@type\":\"CommentAction\",\"name\":\"Comment\",\"target\":[\"https:\\\/\\\/oncubanews.com\\\/en\\\/opinion\\\/what-are-we-talking-about-when-we-talk-about-afro-cuban\\\/#respond\"]}],\"copyrightYear\":\"2022\",\"copyrightHolder\":{\"@id\":\"https:\\\/\\\/oncubanews.com\\\/en\\\/#organization\"}},{\"@type\":\"WebPage\",\"@id\":\"https:\\\/\\\/oncubanews.com\\\/en\\\/opinion\\\/what-are-we-talking-about-when-we-talk-about-afro-cuban\\\/\",\"url\":\"https:\\\/\\\/oncubanews.com\\\/en\\\/opinion\\\/what-are-we-talking-about-when-we-talk-about-afro-cuban\\\/\",\"name\":\"What are we talking about when we talk about \u201cAfro-Cuban\u201d? | OnCubaNews English\",\"isPartOf\":{\"@id\":\"https:\\\/\\\/oncubanews.com\\\/en\\\/#website\"},\"primaryImageOfPage\":{\"@id\":\"https:\\\/\\\/oncubanews.com\\\/en\\\/opinion\\\/what-are-we-talking-about-when-we-talk-about-afro-cuban\\\/#primaryimage\"},\"image\":{\"@id\":\"https:\\\/\\\/oncubanews.com\\\/en\\\/opinion\\\/what-are-we-talking-about-when-we-talk-about-afro-cuban\\\/#primaryimage\"},\"thumbnailUrl\":\"https:\\\/\\\/oncubanews.com\\\/en\\\/wp-content\\\/uploads\\\/2022\\\/12\\\/malecon-habana-kaloian-750x536-1.png\",\"datePublished\":\"2022-12-05T10:26:10+00:00\",\"author\":{\"@id\":\"https:\\\/\\\/oncubanews.com\\\/en\\\/#\\\/schema\\\/person\\\/d7171bf311032ab1f557dd8332e714af\"},\"description\":\"New anti-racist organizations, movements and alliances have managed to give a new meaning to the concept of Afro-Cuban\\\/Afro-Cubanness and enhance the visibility of the racial phenomenon in Cuba.\",\"breadcrumb\":{\"@id\":\"https:\\\/\\\/oncubanews.com\\\/en\\\/opinion\\\/what-are-we-talking-about-when-we-talk-about-afro-cuban\\\/#breadcrumb\"},\"inLanguage\":\"en-US\",\"potentialAction\":[{\"@type\":\"ReadAction\",\"target\":[\"https:\\\/\\\/oncubanews.com\\\/en\\\/opinion\\\/what-are-we-talking-about-when-we-talk-about-afro-cuban\\\/\"]}]},{\"@type\":\"ImageObject\",\"inLanguage\":\"en-US\",\"@id\":\"https:\\\/\\\/oncubanews.com\\\/en\\\/opinion\\\/what-are-we-talking-about-when-we-talk-about-afro-cuban\\\/#primaryimage\",\"url\":\"https:\\\/\\\/oncubanews.com\\\/en\\\/wp-content\\\/uploads\\\/2022\\\/12\\\/malecon-habana-kaloian-750x536-1.png\",\"contentUrl\":\"https:\\\/\\\/oncubanews.com\\\/en\\\/wp-content\\\/uploads\\\/2022\\\/12\\\/malecon-habana-kaloian-750x536-1.png\",\"width\":750,\"height\":536,\"caption\":\"Photo: Kaloian.\"},{\"@type\":\"BreadcrumbList\",\"@id\":\"https:\\\/\\\/oncubanews.com\\\/en\\\/opinion\\\/what-are-we-talking-about-when-we-talk-about-afro-cuban\\\/#breadcrumb\",\"itemListElement\":[{\"@type\":\"ListItem\",\"position\":1,\"name\":\"Portada\",\"item\":\"https:\\\/\\\/oncubanews.com\\\/en\\\/\"},{\"@type\":\"ListItem\",\"position\":2,\"name\":\"What are we talking about when we talk about \u201cAfro-Cuban\u201d?\"}]},{\"@type\":\"WebSite\",\"@id\":\"https:\\\/\\\/oncubanews.com\\\/en\\\/#website\",\"url\":\"https:\\\/\\\/oncubanews.com\\\/en\\\/\",\"name\":\"OnCubaNews English\",\"description\":\"Revista sobre Cuba\",\"potentialAction\":[{\"@type\":\"SearchAction\",\"target\":{\"@type\":\"EntryPoint\",\"urlTemplate\":\"https:\\\/\\\/oncubanews.com\\\/en\\\/?s={search_term_string}\"},\"query-input\":{\"@type\":\"PropertyValueSpecification\",\"valueRequired\":true,\"valueName\":\"search_term_string\"}}],\"inLanguage\":\"en-US\"},{\"@type\":\"Person\",\"@id\":\"https:\\\/\\\/oncubanews.com\\\/en\\\/#\\\/schema\\\/person\\\/d7171bf311032ab1f557dd8332e714af\",\"name\":\"OnCuba Staff\",\"image\":{\"@type\":\"ImageObject\",\"inLanguage\":\"en-US\",\"@id\":\"https:\\\/\\\/secure.gravatar.com\\\/avatar\\\/4b4c4d6109baadde898bb1af22ea4a4af5f4417b86a5d1800bf17531bfb128fc?s=96&r=g17310096d4dde63ebae0e54fbb19218a\",\"url\":\"https:\\\/\\\/secure.gravatar.com\\\/avatar\\\/4b4c4d6109baadde898bb1af22ea4a4af5f4417b86a5d1800bf17531bfb128fc?s=96&r=g\",\"contentUrl\":\"https:\\\/\\\/secure.gravatar.com\\\/avatar\\\/4b4c4d6109baadde898bb1af22ea4a4af5f4417b86a5d1800bf17531bfb128fc?s=96&r=g\",\"caption\":\"OnCuba Staff\"},\"url\":\"https:\\\/\\\/oncubanews.com\\\/en\\\/author\\\/oncuba-editorial-staff\\\/\"}]}<\/script>\n<!-- \/ Yoast SEO plugin. -->","yoast_head_json":{"title":"What are we talking about when we talk about \u201cAfro-Cuban\u201d? | OnCubaNews English","description":"New anti-racist organizations, movements and alliances have managed to give a new meaning to the concept of Afro-Cuban\/Afro-Cubanness and enhance the visibility of the racial phenomenon in Cuba.","robots":{"index":"index","follow":"follow","max-snippet":"max-snippet:-1","max-image-preview":"max-image-preview:large","max-video-preview":"max-video-preview:-1"},"canonical":"https:\/\/oncubanews.com\/en\/opinion\/what-are-we-talking-about-when-we-talk-about-afro-cuban\/","og_locale":"en_US","og_type":"article","og_title":"What are we talking about when we talk about \u201cAfro-Cuban\u201d? | OnCubaNews English","og_description":"New anti-racist organizations, movements and alliances have managed to give a new meaning to the concept of Afro-Cuban\/Afro-Cubanness and enhance the visibility of the racial phenomenon in Cuba.","og_url":"https:\/\/oncubanews.com\/en\/opinion\/what-are-we-talking-about-when-we-talk-about-afro-cuban\/","og_site_name":"OnCubaNews English","article_published_time":"2022-12-05T10:26:10+00:00","og_image":[{"width":750,"height":536,"url":"https:\/\/oncubanews.com\/en\/wp-content\/uploads\/2022\/12\/malecon-habana-kaloian-750x536-1.png","type":"image\/png"}],"author":"OnCuba Staff","twitter_card":"summary_large_image","twitter_misc":{"Written by":"OnCuba Staff","Est. reading time":"11 minutes"},"schema":{"@context":"https:\/\/schema.org","@graph":[{"@type":"Article","@id":"https:\/\/oncubanews.com\/en\/opinion\/what-are-we-talking-about-when-we-talk-about-afro-cuban\/#article","isPartOf":{"@id":"https:\/\/oncubanews.com\/en\/opinion\/what-are-we-talking-about-when-we-talk-about-afro-cuban\/"},"author":{"name":"OnCuba Staff","@id":"https:\/\/oncubanews.com\/en\/#\/schema\/person\/d7171bf311032ab1f557dd8332e714af"},"headline":"What are we talking about when we talk about \u201cAfro-Cuban\u201d?","datePublished":"2022-12-05T10:26:10+00:00","mainEntityOfPage":{"@id":"https:\/\/oncubanews.com\/en\/opinion\/what-are-we-talking-about-when-we-talk-about-afro-cuban\/"},"wordCount":2287,"commentCount":0,"image":{"@id":"https:\/\/oncubanews.com\/en\/opinion\/what-are-we-talking-about-when-we-talk-about-afro-cuban\/#primaryimage"},"thumbnailUrl":"https:\/\/oncubanews.com\/en\/wp-content\/uploads\/2022\/12\/malecon-habana-kaloian-750x536-1.png","keywords":["afrocuban culture","afrocuban religion in cuba"],"articleSection":["Opinion"],"inLanguage":"en-US","potentialAction":[{"@type":"CommentAction","name":"Comment","target":["https:\/\/oncubanews.com\/en\/opinion\/what-are-we-talking-about-when-we-talk-about-afro-cuban\/#respond"]}],"copyrightYear":"2022","copyrightHolder":{"@id":"https:\/\/oncubanews.com\/en\/#organization"}},{"@type":"WebPage","@id":"https:\/\/oncubanews.com\/en\/opinion\/what-are-we-talking-about-when-we-talk-about-afro-cuban\/","url":"https:\/\/oncubanews.com\/en\/opinion\/what-are-we-talking-about-when-we-talk-about-afro-cuban\/","name":"What are we talking about when we talk about \u201cAfro-Cuban\u201d? | OnCubaNews English","isPartOf":{"@id":"https:\/\/oncubanews.com\/en\/#website"},"primaryImageOfPage":{"@id":"https:\/\/oncubanews.com\/en\/opinion\/what-are-we-talking-about-when-we-talk-about-afro-cuban\/#primaryimage"},"image":{"@id":"https:\/\/oncubanews.com\/en\/opinion\/what-are-we-talking-about-when-we-talk-about-afro-cuban\/#primaryimage"},"thumbnailUrl":"https:\/\/oncubanews.com\/en\/wp-content\/uploads\/2022\/12\/malecon-habana-kaloian-750x536-1.png","datePublished":"2022-12-05T10:26:10+00:00","author":{"@id":"https:\/\/oncubanews.com\/en\/#\/schema\/person\/d7171bf311032ab1f557dd8332e714af"},"description":"New anti-racist organizations, movements and alliances have managed to give a new meaning to the concept of Afro-Cuban\/Afro-Cubanness and enhance the visibility of the racial phenomenon in Cuba.","breadcrumb":{"@id":"https:\/\/oncubanews.com\/en\/opinion\/what-are-we-talking-about-when-we-talk-about-afro-cuban\/#breadcrumb"},"inLanguage":"en-US","potentialAction":[{"@type":"ReadAction","target":["https:\/\/oncubanews.com\/en\/opinion\/what-are-we-talking-about-when-we-talk-about-afro-cuban\/"]}]},{"@type":"ImageObject","inLanguage":"en-US","@id":"https:\/\/oncubanews.com\/en\/opinion\/what-are-we-talking-about-when-we-talk-about-afro-cuban\/#primaryimage","url":"https:\/\/oncubanews.com\/en\/wp-content\/uploads\/2022\/12\/malecon-habana-kaloian-750x536-1.png","contentUrl":"https:\/\/oncubanews.com\/en\/wp-content\/uploads\/2022\/12\/malecon-habana-kaloian-750x536-1.png","width":750,"height":536,"caption":"Photo: Kaloian."},{"@type":"BreadcrumbList","@id":"https:\/\/oncubanews.com\/en\/opinion\/what-are-we-talking-about-when-we-talk-about-afro-cuban\/#breadcrumb","itemListElement":[{"@type":"ListItem","position":1,"name":"Portada","item":"https:\/\/oncubanews.com\/en\/"},{"@type":"ListItem","position":2,"name":"What are we talking about when we talk about \u201cAfro-Cuban\u201d?"}]},{"@type":"WebSite","@id":"https:\/\/oncubanews.com\/en\/#website","url":"https:\/\/oncubanews.com\/en\/","name":"OnCubaNews English","description":"Revista sobre Cuba","potentialAction":[{"@type":"SearchAction","target":{"@type":"EntryPoint","urlTemplate":"https:\/\/oncubanews.com\/en\/?s={search_term_string}"},"query-input":{"@type":"PropertyValueSpecification","valueRequired":true,"valueName":"search_term_string"}}],"inLanguage":"en-US"},{"@type":"Person","@id":"https:\/\/oncubanews.com\/en\/#\/schema\/person\/d7171bf311032ab1f557dd8332e714af","name":"OnCuba Staff","image":{"@type":"ImageObject","inLanguage":"en-US","@id":"https:\/\/secure.gravatar.com\/avatar\/4b4c4d6109baadde898bb1af22ea4a4af5f4417b86a5d1800bf17531bfb128fc?s=96&r=g17310096d4dde63ebae0e54fbb19218a","url":"https:\/\/secure.gravatar.com\/avatar\/4b4c4d6109baadde898bb1af22ea4a4af5f4417b86a5d1800bf17531bfb128fc?s=96&r=g","contentUrl":"https:\/\/secure.gravatar.com\/avatar\/4b4c4d6109baadde898bb1af22ea4a4af5f4417b86a5d1800bf17531bfb128fc?s=96&r=g","caption":"OnCuba Staff"},"url":"https:\/\/oncubanews.com\/en\/author\/oncuba-editorial-staff\/"}]}},"authors":[{"term_id":33546,"user_id":3134,"is_guest":0,"slug":"oncuba-editorial-staff","display_name":"OnCuba Staff","avatar_url":"https:\/\/secure.gravatar.com\/avatar\/4b4c4d6109baadde898bb1af22ea4a4af5f4417b86a5d1800bf17531bfb128fc?s=96&r=g","0":null,"1":"","2":"","3":"","4":"","5":"","6":"","7":"","8":""}],"_links":{"self":[{"href":"https:\/\/oncubanews.com\/en\/wp-json\/wp\/v2\/posts\/261516","targetHints":{"allow":["GET"]}}],"collection":[{"href":"https:\/\/oncubanews.com\/en\/wp-json\/wp\/v2\/posts"}],"about":[{"href":"https:\/\/oncubanews.com\/en\/wp-json\/wp\/v2\/types\/post"}],"author":[{"embeddable":true,"href":"https:\/\/oncubanews.com\/en\/wp-json\/wp\/v2\/users\/3134"}],"replies":[{"embeddable":true,"href":"https:\/\/oncubanews.com\/en\/wp-json\/wp\/v2\/comments?post=261516"}],"version-history":[{"count":2,"href":"https:\/\/oncubanews.com\/en\/wp-json\/wp\/v2\/posts\/261516\/revisions"}],"predecessor-version":[{"id":261523,"href":"https:\/\/oncubanews.com\/en\/wp-json\/wp\/v2\/posts\/261516\/revisions\/261523"}],"wp:featuredmedia":[{"embeddable":true,"href":"https:\/\/oncubanews.com\/en\/wp-json\/wp\/v2\/media\/261517"}],"wp:attachment":[{"href":"https:\/\/oncubanews.com\/en\/wp-json\/wp\/v2\/media?parent=261516"}],"wp:term":[{"taxonomy":"category","embeddable":true,"href":"https:\/\/oncubanews.com\/en\/wp-json\/wp\/v2\/categories?post=261516"},{"taxonomy":"post_tag","embeddable":true,"href":"https:\/\/oncubanews.com\/en\/wp-json\/wp\/v2\/tags?post=261516"},{"taxonomy":"author","embeddable":true,"href":"https:\/\/oncubanews.com\/en\/wp-json\/wp\/v2\/ppma_author?post=261516"}],"curies":[{"name":"wp","href":"https:\/\/api.w.org\/{rel}","templated":true}]}}