
{"id":262973,"date":"2022-12-31T13:57:23","date_gmt":"2022-12-31T18:57:23","guid":{"rendered":"https:\/\/oncubanews.com\/en\/?p=262973"},"modified":"2022-12-31T13:57:23","modified_gmt":"2022-12-31T18:57:23","slug":"pele-black-king-in-a-racist-republic","status":"publish","type":"post","link":"https:\/\/oncubanews.com\/en\/sports\/pele-black-king-in-a-racist-republic\/","title":{"rendered":"Pel\u00e9, black King in a racist republic"},"content":{"rendered":"<p><strong>by L\u00edvia Magalh\u00e3es<\/strong><\/p>\n<p><span style=\"font-weight: 400;\">We Brazilians are many things: the country of carnival and, of course, of soccer. We are the country of the King, of the greatest soccer player of all time. But we are also a racist country, deeply racist.<\/span><\/p>\n<p><span style=\"font-weight: 400;\">At first glance, it seems contradictory if we recognize that our greatest idol was a poor, black player, in a conservative and elitist space like Brazilian soccer <\/span><a href=\"https:\/\/oncubanews.com\/deportes\/futbol\/zizito-de-america-o-el-negro-en-el-futbol-brasileno\/\" target=\"_blank\" rel=\"noopener\"><b>for a long time<\/b><\/a><span style=\"font-weight: 400;\">. The trauma of the Maracanazo, the defeat against Uruguay in the 1950 World Cup final, was much more than a sports drama: it was shown as an \u201copportunity\u201d to reinforce our racism.<\/span><\/p>\n<p><span style=\"font-weight: 400;\">The \u201cfault,\u201d many said, lay with the black players, unable to compete because of their racial \u201cweaknesses.\u201d It is a discourse that is constantly reinvented in the country and is not restricted to sports. Four years ago an <\/span><a href=\"https:\/\/www.telesurtv.net\/news\/denuncian-racismo-bolsonaro-supremo-brasil--20220514-0003.html\" target=\"_blank\" rel=\"noopener\"><b>openly racist president<\/b><\/a><span style=\"font-weight: 400;\"> was elected in Brazil who, luckily, in a few hours will leave, ashamed, the presidency; but it reflects much of our society.<\/span><\/p>\n<p><span style=\"font-weight: 400;\">Brazil was the last country in the Americas to abolish slavery, in 1888. A year later, we proclaimed ourselves a Republic, with a modernizing promise that was exclusive and disinterested in combating its racism. We formed ourselves as a republic based on a violently racist structure. In this scenario, half a century after the end of slavery, our black King, Edson Arantes do Nascimento, arrived.<\/span><\/p>\n<p>Pel\u00e9<span style=\"font-weight: 400;\"> was born under a dictatorship, the Estado Novo of Get\u00falio Vargas. Among his national projects, power used both soccer and the myth of racial democracy. It was the intellectual invention disseminated from the national State of a country that, according to the official discourse, was recognized through the union of three races: the native indigenous, the European white and the African black. The romanticization of the violence of the conquest was the basis of the construction of nationality and created roots that remain firm to this day.<\/span><\/p>\n<p><span style=\"font-weight: 400;\">In 1958, shortly after the drama of 1950, it was the black boy, who was not yet king, only 17 years old, who shone in Sweden as a fundamental part of the team that won the first World Cup for Brazil. In twelve years, or four World Cups, Pel\u00e9 managed to bring home three cups. In addition, he became the great star of world sports, recognized and acclaimed throughout the globe. How could it be otherwise, his fame and recognition were a resource for a racist country to reinforce its false racial democracy.<\/span><\/p>\n<p>https:\/\/youtu.be\/3A3YbP9_Ty8<\/p>\n<p><span style=\"font-weight: 400;\">Pel\u00e9 was valued and recognized in Brazil, and today <\/span><a href=\"https:\/\/oncubanews.com\/deportes\/futbol\/brasil-de-luto-por-la-perdida-de-su-astro-pele\/\" target=\"_blank\" rel=\"noopener\"><b>there are many tributes<\/b><\/a><span style=\"font-weight: 400;\">. But throughout his career and his public life, there were also many criticisms and demands. That is where the racial rule shows itself strong. Like everyone, Pel\u00e9 made mistakes; but there is no doubt that his were more questioned than those of other white idols. It is interesting to think about the comparison with another world soccer star, Diego Armando Maradona.<\/span><\/p>\n<p><span style=\"font-weight: 400;\">Although rivalries are of interest both to forge national feelings and to generate profits in the capitalist universe, it is important to think about the case of <\/span><a href=\"https:\/\/www.bbc.com\/mundo\/deportes-55088875\" target=\"_blank\" rel=\"noopener\"><b>Pel\u00e9 and Maradona<\/b><\/a><span style=\"font-weight: 400;\"> from a racial point of view. I\u2019m not saying that we Brazilians contest Pel\u00e9\u2019s sporting superiority. No, that never. But when we think about the human being, about Edson and Diego, one can see how we measure in very different ways.<\/span><\/p>\n<p><span style=\"font-weight: 400;\">In Brazil Pel\u00e9 is accused of having joined power. When he became an idol, when he arrived in a world so excluded from the power of the Brazilian elites \u2014 white, of course \u2014, he did not deal with denouncing racism as expected of him, it was never enough.<\/span><\/p>\n<p><span style=\"font-weight: 400;\">For years Pel\u00e9 has been required to confront the Brazilian racial structure almost as if he had betrayed his people. Unlike Diego, who was always criticized internationally for many of his mistakes, but passionately encouraged in his country, understood from a place of vulnerability and far from the demands that existed on the other side of the border towards Pel\u00e9.<\/span><\/p>\n<p><span style=\"font-weight: 400;\">Thus, the national issues of Brazil and Argentina reinforced the imagination of a rivalry that, in fact, does not make much sense. They never met in official matches; they were not in fact rivals. Some academic research in Brazil today, such as that of Ronaldo Helal, points to the media construction, especially from the 1990s, of an antagonism based on an impossible comparison that, in fact, represents soccer very well in its passion and irrationality.<\/span><\/p>\n<p><span style=\"font-weight: 400;\">More than opponents, Pel\u00e9 and Maradona knew how to coexist in very different worlds that forced disputes. There were many public displays of affection between them, like Pel\u00e9\u2019s words when Diego left us. In a certain way, they knew how to face violence imposed on them by the media, nationalist discourses and, let\u2019s not forget, the question of race.<\/span><\/p>\n<blockquote class=\"twitter-tweet\" data-width=\"500\" data-dnt=\"true\">\n<p lang=\"pt\" dir=\"ltr\">Que not\u00edcia triste. Eu perdi um grande amigo e o mundo perdeu uma lenda. Ainda h\u00e1 muito a ser dito, mas por agora, que Deus d\u00ea for\u00e7a para os familiares. Um dia, eu espero que possamos jogar bola juntos no c\u00e9u. <a href=\"https:\/\/t.co\/6Li76HTikA\">pic.twitter.com\/6Li76HTikA<\/a><\/p>\n<p>&mdash; Pel\u00e9 (@Pele) <a href=\"https:\/\/twitter.com\/Pele\/status\/1331649438570442754?ref_src=twsrc%5Etfw\">November 25, 2020<\/a><\/p><\/blockquote>\n<p><script async src=\"https:\/\/platform.twitter.com\/widgets.js\" charset=\"utf-8\"><\/script><\/p>\n<p><span style=\"font-weight: 400;\">Pel\u00e9 leaves us just a few hours away from celebrating <\/span><a href=\"https:\/\/oncubanews.com\/mundo\/america-latina\/el-retorno-de-lula\/\" target=\"_blank\" rel=\"noopener\"><b>the end of a government<\/b><\/a><span style=\"font-weight: 400;\"> that so much reinforced hatred, violence, authoritarianism and inequality. At the moment when we mourn <\/span><a href=\"https:\/\/oncubanews.com\/deportes\/futbol\/murio-pele\/\" target=\"_blank\" rel=\"noopener\"><b>the death of our King<\/b><\/a><span style=\"font-weight: 400;\">, it is moving to see that, in addition to what he gave us on the field, Pel\u00e9 embodies in his own story a fundamental reflection on racism in our country.<\/span><\/p>\n","protected":false},"excerpt":{"rendered":"<p>Half a century after the end of slavery in Brazil, its black King, Edson Arantes do Nascimento, was born.<\/p>\n","protected":false},"author":3134,"featured_media":262975,"comment_status":"open","ping_status":"closed","sticky":false,"template":"","format":"standard","meta":{"_acf_changed":false,"footnotes":""},"categories":[34],"tags":[14935,34610],"ppma_author":[33546],"class_list":["post-262973","post","type-post","status-publish","format-standard","has-post-thumbnail","hentry","category-sports","tag-football","tag-pele"],"acf":[],"yoast_head":"<!-- This site is optimized with the Yoast SEO plugin v27.3 - https:\/\/yoast.com\/product\/yoast-seo-wordpress\/ -->\n<title>Pel\u00e9, black King in a racist republic | OnCubaNews English<\/title>\n<meta name=\"description\" content=\"Half a century after the end of slavery in Brazil, its black King, Edson Arantes do Nascimento, was born.\" \/>\n<meta name=\"robots\" content=\"index, follow, max-snippet:-1, max-image-preview:large, max-video-preview:-1\" \/>\n<link rel=\"canonical\" href=\"https:\/\/oncubanews.com\/en\/sports\/pele-black-king-in-a-racist-republic\/\" \/>\n<meta property=\"og:locale\" content=\"en_US\" \/>\n<meta property=\"og:type\" content=\"article\" \/>\n<meta property=\"og:title\" content=\"Pel\u00e9, black King in a racist republic | OnCubaNews English\" \/>\n<meta property=\"og:description\" content=\"Half a century after the end of slavery in Brazil, its black King, Edson Arantes do Nascimento, was born.\" \/>\n<meta property=\"og:url\" content=\"https:\/\/oncubanews.com\/en\/sports\/pele-black-king-in-a-racist-republic\/\" \/>\n<meta property=\"og:site_name\" content=\"OnCubaNews English\" \/>\n<meta property=\"article:published_time\" content=\"2022-12-31T18:57:23+00:00\" \/>\n<meta property=\"og:image\" content=\"https:\/\/oncubanews.com\/en\/wp-content\/uploads\/2022\/12\/Pele-joven-750x500-1.jpg\" \/>\n\t<meta property=\"og:image:width\" content=\"750\" \/>\n\t<meta property=\"og:image:height\" content=\"500\" \/>\n\t<meta property=\"og:image:type\" content=\"image\/jpeg\" \/>\n<meta name=\"author\" content=\"OnCuba Staff\" \/>\n<meta name=\"twitter:card\" content=\"summary_large_image\" \/>\n<meta name=\"twitter:label1\" content=\"Written by\" \/>\n\t<meta name=\"twitter:data1\" content=\"OnCuba Staff\" \/>\n\t<meta name=\"twitter:label2\" content=\"Est. reading time\" \/>\n\t<meta name=\"twitter:data2\" content=\"4 minutes\" \/>\n<script type=\"application\/ld+json\" class=\"yoast-schema-graph\">{\"@context\":\"https:\\\/\\\/schema.org\",\"@graph\":[{\"@type\":\"Article\",\"@id\":\"https:\\\/\\\/oncubanews.com\\\/en\\\/sports\\\/pele-black-king-in-a-racist-republic\\\/#article\",\"isPartOf\":{\"@id\":\"https:\\\/\\\/oncubanews.com\\\/en\\\/sports\\\/pele-black-king-in-a-racist-republic\\\/\"},\"author\":{\"name\":\"OnCuba Staff\",\"@id\":\"https:\\\/\\\/oncubanews.com\\\/en\\\/#\\\/schema\\\/person\\\/d7171bf311032ab1f557dd8332e714af\"},\"headline\":\"Pel\u00e9, black King in a racist republic\",\"datePublished\":\"2022-12-31T18:57:23+00:00\",\"mainEntityOfPage\":{\"@id\":\"https:\\\/\\\/oncubanews.com\\\/en\\\/sports\\\/pele-black-king-in-a-racist-republic\\\/\"},\"wordCount\":921,\"commentCount\":0,\"image\":{\"@id\":\"https:\\\/\\\/oncubanews.com\\\/en\\\/sports\\\/pele-black-king-in-a-racist-republic\\\/#primaryimage\"},\"thumbnailUrl\":\"https:\\\/\\\/oncubanews.com\\\/en\\\/wp-content\\\/uploads\\\/2022\\\/12\\\/Pele-joven-750x500-1.jpg\",\"keywords\":[\"football\",\"Pel\u00e9\"],\"articleSection\":[\"Sports\"],\"inLanguage\":\"en-US\",\"potentialAction\":[{\"@type\":\"CommentAction\",\"name\":\"Comment\",\"target\":[\"https:\\\/\\\/oncubanews.com\\\/en\\\/sports\\\/pele-black-king-in-a-racist-republic\\\/#respond\"]}],\"copyrightYear\":\"2022\",\"copyrightHolder\":{\"@id\":\"https:\\\/\\\/oncubanews.com\\\/en\\\/#organization\"}},{\"@type\":\"WebPage\",\"@id\":\"https:\\\/\\\/oncubanews.com\\\/en\\\/sports\\\/pele-black-king-in-a-racist-republic\\\/\",\"url\":\"https:\\\/\\\/oncubanews.com\\\/en\\\/sports\\\/pele-black-king-in-a-racist-republic\\\/\",\"name\":\"Pel\u00e9, black King in a racist republic | OnCubaNews English\",\"isPartOf\":{\"@id\":\"https:\\\/\\\/oncubanews.com\\\/en\\\/#website\"},\"primaryImageOfPage\":{\"@id\":\"https:\\\/\\\/oncubanews.com\\\/en\\\/sports\\\/pele-black-king-in-a-racist-republic\\\/#primaryimage\"},\"image\":{\"@id\":\"https:\\\/\\\/oncubanews.com\\\/en\\\/sports\\\/pele-black-king-in-a-racist-republic\\\/#primaryimage\"},\"thumbnailUrl\":\"https:\\\/\\\/oncubanews.com\\\/en\\\/wp-content\\\/uploads\\\/2022\\\/12\\\/Pele-joven-750x500-1.jpg\",\"datePublished\":\"2022-12-31T18:57:23+00:00\",\"author\":{\"@id\":\"https:\\\/\\\/oncubanews.com\\\/en\\\/#\\\/schema\\\/person\\\/d7171bf311032ab1f557dd8332e714af\"},\"description\":\"Half a century after the end of slavery in Brazil, its black King, Edson Arantes do Nascimento, was born.\",\"breadcrumb\":{\"@id\":\"https:\\\/\\\/oncubanews.com\\\/en\\\/sports\\\/pele-black-king-in-a-racist-republic\\\/#breadcrumb\"},\"inLanguage\":\"en-US\",\"potentialAction\":[{\"@type\":\"ReadAction\",\"target\":[\"https:\\\/\\\/oncubanews.com\\\/en\\\/sports\\\/pele-black-king-in-a-racist-republic\\\/\"]}]},{\"@type\":\"ImageObject\",\"inLanguage\":\"en-US\",\"@id\":\"https:\\\/\\\/oncubanews.com\\\/en\\\/sports\\\/pele-black-king-in-a-racist-republic\\\/#primaryimage\",\"url\":\"https:\\\/\\\/oncubanews.com\\\/en\\\/wp-content\\\/uploads\\\/2022\\\/12\\\/Pele-joven-750x500-1.jpg\",\"contentUrl\":\"https:\\\/\\\/oncubanews.com\\\/en\\\/wp-content\\\/uploads\\\/2022\\\/12\\\/Pele-joven-750x500-1.jpg\",\"width\":750,\"height\":500,\"caption\":\"Pel\u00e9, wearing the Santos uniform, in 1961. Photo: AFP via Getty Images.\"},{\"@type\":\"BreadcrumbList\",\"@id\":\"https:\\\/\\\/oncubanews.com\\\/en\\\/sports\\\/pele-black-king-in-a-racist-republic\\\/#breadcrumb\",\"itemListElement\":[{\"@type\":\"ListItem\",\"position\":1,\"name\":\"Portada\",\"item\":\"https:\\\/\\\/oncubanews.com\\\/en\\\/\"},{\"@type\":\"ListItem\",\"position\":2,\"name\":\"Pel\u00e9, black King in a racist republic\"}]},{\"@type\":\"WebSite\",\"@id\":\"https:\\\/\\\/oncubanews.com\\\/en\\\/#website\",\"url\":\"https:\\\/\\\/oncubanews.com\\\/en\\\/\",\"name\":\"OnCubaNews English\",\"description\":\"Revista sobre Cuba\",\"potentialAction\":[{\"@type\":\"SearchAction\",\"target\":{\"@type\":\"EntryPoint\",\"urlTemplate\":\"https:\\\/\\\/oncubanews.com\\\/en\\\/?s={search_term_string}\"},\"query-input\":{\"@type\":\"PropertyValueSpecification\",\"valueRequired\":true,\"valueName\":\"search_term_string\"}}],\"inLanguage\":\"en-US\"},{\"@type\":\"Person\",\"@id\":\"https:\\\/\\\/oncubanews.com\\\/en\\\/#\\\/schema\\\/person\\\/d7171bf311032ab1f557dd8332e714af\",\"name\":\"OnCuba Staff\",\"image\":{\"@type\":\"ImageObject\",\"inLanguage\":\"en-US\",\"@id\":\"https:\\\/\\\/secure.gravatar.com\\\/avatar\\\/4b4c4d6109baadde898bb1af22ea4a4af5f4417b86a5d1800bf17531bfb128fc?s=96&r=g17310096d4dde63ebae0e54fbb19218a\",\"url\":\"https:\\\/\\\/secure.gravatar.com\\\/avatar\\\/4b4c4d6109baadde898bb1af22ea4a4af5f4417b86a5d1800bf17531bfb128fc?s=96&r=g\",\"contentUrl\":\"https:\\\/\\\/secure.gravatar.com\\\/avatar\\\/4b4c4d6109baadde898bb1af22ea4a4af5f4417b86a5d1800bf17531bfb128fc?s=96&r=g\",\"caption\":\"OnCuba Staff\"},\"url\":\"https:\\\/\\\/oncubanews.com\\\/en\\\/author\\\/oncuba-editorial-staff\\\/\"}]}<\/script>\n<!-- \/ Yoast SEO plugin. -->","yoast_head_json":{"title":"Pel\u00e9, black King in a racist republic | OnCubaNews English","description":"Half a century after the end of slavery in Brazil, its black King, Edson Arantes do Nascimento, was born.","robots":{"index":"index","follow":"follow","max-snippet":"max-snippet:-1","max-image-preview":"max-image-preview:large","max-video-preview":"max-video-preview:-1"},"canonical":"https:\/\/oncubanews.com\/en\/sports\/pele-black-king-in-a-racist-republic\/","og_locale":"en_US","og_type":"article","og_title":"Pel\u00e9, black King in a racist republic | OnCubaNews English","og_description":"Half a century after the end of slavery in Brazil, its black King, Edson Arantes do Nascimento, was born.","og_url":"https:\/\/oncubanews.com\/en\/sports\/pele-black-king-in-a-racist-republic\/","og_site_name":"OnCubaNews English","article_published_time":"2022-12-31T18:57:23+00:00","og_image":[{"width":750,"height":500,"url":"https:\/\/oncubanews.com\/en\/wp-content\/uploads\/2022\/12\/Pele-joven-750x500-1.jpg","type":"image\/jpeg"}],"author":"OnCuba Staff","twitter_card":"summary_large_image","twitter_misc":{"Written by":"OnCuba Staff","Est. reading time":"4 minutes"},"schema":{"@context":"https:\/\/schema.org","@graph":[{"@type":"Article","@id":"https:\/\/oncubanews.com\/en\/sports\/pele-black-king-in-a-racist-republic\/#article","isPartOf":{"@id":"https:\/\/oncubanews.com\/en\/sports\/pele-black-king-in-a-racist-republic\/"},"author":{"name":"OnCuba Staff","@id":"https:\/\/oncubanews.com\/en\/#\/schema\/person\/d7171bf311032ab1f557dd8332e714af"},"headline":"Pel\u00e9, black King in a racist republic","datePublished":"2022-12-31T18:57:23+00:00","mainEntityOfPage":{"@id":"https:\/\/oncubanews.com\/en\/sports\/pele-black-king-in-a-racist-republic\/"},"wordCount":921,"commentCount":0,"image":{"@id":"https:\/\/oncubanews.com\/en\/sports\/pele-black-king-in-a-racist-republic\/#primaryimage"},"thumbnailUrl":"https:\/\/oncubanews.com\/en\/wp-content\/uploads\/2022\/12\/Pele-joven-750x500-1.jpg","keywords":["football","Pel\u00e9"],"articleSection":["Sports"],"inLanguage":"en-US","potentialAction":[{"@type":"CommentAction","name":"Comment","target":["https:\/\/oncubanews.com\/en\/sports\/pele-black-king-in-a-racist-republic\/#respond"]}],"copyrightYear":"2022","copyrightHolder":{"@id":"https:\/\/oncubanews.com\/en\/#organization"}},{"@type":"WebPage","@id":"https:\/\/oncubanews.com\/en\/sports\/pele-black-king-in-a-racist-republic\/","url":"https:\/\/oncubanews.com\/en\/sports\/pele-black-king-in-a-racist-republic\/","name":"Pel\u00e9, black King in a racist republic | OnCubaNews English","isPartOf":{"@id":"https:\/\/oncubanews.com\/en\/#website"},"primaryImageOfPage":{"@id":"https:\/\/oncubanews.com\/en\/sports\/pele-black-king-in-a-racist-republic\/#primaryimage"},"image":{"@id":"https:\/\/oncubanews.com\/en\/sports\/pele-black-king-in-a-racist-republic\/#primaryimage"},"thumbnailUrl":"https:\/\/oncubanews.com\/en\/wp-content\/uploads\/2022\/12\/Pele-joven-750x500-1.jpg","datePublished":"2022-12-31T18:57:23+00:00","author":{"@id":"https:\/\/oncubanews.com\/en\/#\/schema\/person\/d7171bf311032ab1f557dd8332e714af"},"description":"Half a century after the end of slavery in Brazil, its black King, Edson Arantes do Nascimento, was born.","breadcrumb":{"@id":"https:\/\/oncubanews.com\/en\/sports\/pele-black-king-in-a-racist-republic\/#breadcrumb"},"inLanguage":"en-US","potentialAction":[{"@type":"ReadAction","target":["https:\/\/oncubanews.com\/en\/sports\/pele-black-king-in-a-racist-republic\/"]}]},{"@type":"ImageObject","inLanguage":"en-US","@id":"https:\/\/oncubanews.com\/en\/sports\/pele-black-king-in-a-racist-republic\/#primaryimage","url":"https:\/\/oncubanews.com\/en\/wp-content\/uploads\/2022\/12\/Pele-joven-750x500-1.jpg","contentUrl":"https:\/\/oncubanews.com\/en\/wp-content\/uploads\/2022\/12\/Pele-joven-750x500-1.jpg","width":750,"height":500,"caption":"Pel\u00e9, wearing the Santos uniform, in 1961. Photo: AFP via Getty Images."},{"@type":"BreadcrumbList","@id":"https:\/\/oncubanews.com\/en\/sports\/pele-black-king-in-a-racist-republic\/#breadcrumb","itemListElement":[{"@type":"ListItem","position":1,"name":"Portada","item":"https:\/\/oncubanews.com\/en\/"},{"@type":"ListItem","position":2,"name":"Pel\u00e9, black King in a racist republic"}]},{"@type":"WebSite","@id":"https:\/\/oncubanews.com\/en\/#website","url":"https:\/\/oncubanews.com\/en\/","name":"OnCubaNews English","description":"Revista sobre Cuba","potentialAction":[{"@type":"SearchAction","target":{"@type":"EntryPoint","urlTemplate":"https:\/\/oncubanews.com\/en\/?s={search_term_string}"},"query-input":{"@type":"PropertyValueSpecification","valueRequired":true,"valueName":"search_term_string"}}],"inLanguage":"en-US"},{"@type":"Person","@id":"https:\/\/oncubanews.com\/en\/#\/schema\/person\/d7171bf311032ab1f557dd8332e714af","name":"OnCuba Staff","image":{"@type":"ImageObject","inLanguage":"en-US","@id":"https:\/\/secure.gravatar.com\/avatar\/4b4c4d6109baadde898bb1af22ea4a4af5f4417b86a5d1800bf17531bfb128fc?s=96&r=g17310096d4dde63ebae0e54fbb19218a","url":"https:\/\/secure.gravatar.com\/avatar\/4b4c4d6109baadde898bb1af22ea4a4af5f4417b86a5d1800bf17531bfb128fc?s=96&r=g","contentUrl":"https:\/\/secure.gravatar.com\/avatar\/4b4c4d6109baadde898bb1af22ea4a4af5f4417b86a5d1800bf17531bfb128fc?s=96&r=g","caption":"OnCuba Staff"},"url":"https:\/\/oncubanews.com\/en\/author\/oncuba-editorial-staff\/"}]}},"authors":[{"term_id":33546,"user_id":3134,"is_guest":0,"slug":"oncuba-editorial-staff","display_name":"OnCuba Staff","avatar_url":"https:\/\/secure.gravatar.com\/avatar\/4b4c4d6109baadde898bb1af22ea4a4af5f4417b86a5d1800bf17531bfb128fc?s=96&r=g","0":null,"1":"","2":"","3":"","4":"","5":"","6":"","7":"","8":""}],"_links":{"self":[{"href":"https:\/\/oncubanews.com\/en\/wp-json\/wp\/v2\/posts\/262973","targetHints":{"allow":["GET"]}}],"collection":[{"href":"https:\/\/oncubanews.com\/en\/wp-json\/wp\/v2\/posts"}],"about":[{"href":"https:\/\/oncubanews.com\/en\/wp-json\/wp\/v2\/types\/post"}],"author":[{"embeddable":true,"href":"https:\/\/oncubanews.com\/en\/wp-json\/wp\/v2\/users\/3134"}],"replies":[{"embeddable":true,"href":"https:\/\/oncubanews.com\/en\/wp-json\/wp\/v2\/comments?post=262973"}],"version-history":[{"count":2,"href":"https:\/\/oncubanews.com\/en\/wp-json\/wp\/v2\/posts\/262973\/revisions"}],"predecessor-version":[{"id":262976,"href":"https:\/\/oncubanews.com\/en\/wp-json\/wp\/v2\/posts\/262973\/revisions\/262976"}],"wp:featuredmedia":[{"embeddable":true,"href":"https:\/\/oncubanews.com\/en\/wp-json\/wp\/v2\/media\/262975"}],"wp:attachment":[{"href":"https:\/\/oncubanews.com\/en\/wp-json\/wp\/v2\/media?parent=262973"}],"wp:term":[{"taxonomy":"category","embeddable":true,"href":"https:\/\/oncubanews.com\/en\/wp-json\/wp\/v2\/categories?post=262973"},{"taxonomy":"post_tag","embeddable":true,"href":"https:\/\/oncubanews.com\/en\/wp-json\/wp\/v2\/tags?post=262973"},{"taxonomy":"author","embeddable":true,"href":"https:\/\/oncubanews.com\/en\/wp-json\/wp\/v2\/ppma_author?post=262973"}],"curies":[{"name":"wp","href":"https:\/\/api.w.org\/{rel}","templated":true}]}}