
{"id":267761,"date":"2023-04-07T12:00:31","date_gmt":"2023-04-07T16:00:31","guid":{"rendered":"https:\/\/oncubanews.com\/en\/?p=267761"},"modified":"2023-04-07T12:00:31","modified_gmt":"2023-04-07T16:00:31","slug":"cuba-highlights-regional-agreement-to-counter-inflation","status":"publish","type":"post","link":"https:\/\/oncubanews.com\/en\/cuba\/cuba-highlights-regional-agreement-to-counter-inflation\/","title":{"rendered":"Cuba highlights regional agreement to counter inflation"},"content":{"rendered":"<p><span style=\"font-weight: 400;\">Cuban President <\/span><a href=\"https:\/\/oncubanews.com\/en;tag\/miguel-diaz-canel\/\" target=\"_blank\" rel=\"noopener\"><b>Miguel D\u00edaz-Canel<\/b><\/a><span style=\"font-weight: 400;\"> highlighted this Wednesday that several countries in Latin America and the Caribbean <\/span><a href=\"https:\/\/www.presidencia.gob.cu\/es\/noticias\/soluciones-conjuntas-para-enfrentar-realidades-comunes\/\" target=\"_blank\" rel=\"noopener\"><b>agreed<\/b><\/a><span style=\"font-weight: 400;\">\u00a0to define commercial facilities for an exchange of goods in \u201cbetter conditions\u201d and other measures against <\/span>inflation<span style=\"font-weight: 400;\">.<\/span><\/p>\n<p><span style=\"font-weight: 400;\">D\u00edaz-Canel reported from Twitter that they also agreed on \u201clogistical, financial measures\u201d after intervening electronically at the summit against inflation called by Mexican President Andr\u00e9s Manuel L\u00f3pez Obrador.<\/span><\/p>\n<blockquote class=\"twitter-tweet\" data-width=\"500\" data-dnt=\"true\">\n<p lang=\"es\" dir=\"ltr\">En declaraci\u00f3n de Cumbre de Presidentes celebrada hoy, acordamos avanzar en definici\u00f3n de facilidades comerciales, medidas log\u00edsticas, financieras y otras permitan que el intercambio de productos de la canasta b\u00e1sica y bienes intermedios ocurra en mejores condiciones.<\/p>\n<p>&mdash; Miguel D\u00edaz-Canel Berm\u00fadez (@DiazCanelB) <a href=\"https:\/\/twitter.com\/DiazCanelB\/status\/1643703444430024707?ref_src=twsrc%5Etfw\">April 5, 2023<\/a><\/p><\/blockquote>\n<p><script async src=\"https:\/\/platform.twitter.com\/widgets.js\" charset=\"utf-8\"><\/script><\/p>\n<p><span style=\"font-weight: 400;\">\u201cIn a statement of the Summit of Presidents held this Wednesday, we agreed to advance in the definition of commercial facilities, logistical, financial and other measures that allow the exchange of products of the basic basket and intermediate goods in better conditions,\u201d he noted.<\/span><\/p>\n<p><span style=\"font-weight: 400;\">D\u00edaz-Canel pointed out that another of the results was to create a technical working group to \u201cdetermine regional cooperation measures and establish an action plan that facilitates trade, technology transfer, maritime and air connectivity, and the creation of capabilities.\u201d<\/span><\/p>\n<p><span style=\"font-weight: 400;\">He also thanked Mexican President Andr\u00e9s Manuel L\u00f3pez Obrador for inviting him to the meeting \u201cin which we agreed with proposals aimed at facilitating and expanding the exchange of goods, and we call for promoting cooperation to increase food production and access to it.\u201d<\/span><\/p>\n<p>https:\/\/twitter.com\/JosefinaVidalF\/status\/1643674313969610753?ref_src=twsrc%5Etfw%7Ctwcamp%5Etweetembed%7Ctwterm%5E1643674313969610753%7Ctwgr%5Ebc1e96fbbbf1bd97241ce84356a1e7afd1e625cd%7Ctwcon%5Es1_&#038;ref_url=https%3A%2F%2Foncubanews.com%2Fcuba%2Fcuba-destaca-acuerdo-regional-para-contrarrestar-la-inflacion%2F<\/p>\n<p><span style=\"font-weight: 400;\">At the meeting, in which other Latin American presidents intervened, D\u00edaz-Canel also suggested resorting to barter trade, Cuban Deputy Foreign Minister Josefina Vidal explained on Twitter.<\/span><\/p>\n<p><span style=\"font-weight: 400;\">\u201cAlthough it seems that (inflation) is subsiding, it is still a permanent threat, because it greatly affects the people\u2019s economy. We are increasing the salary like never before, but if we do not control inflation, we cannot improve the purchasing power of the people,\u201d L\u00f3pez Obrador explained in his initial speech, quoted by the EFE news agency.<\/span><\/p>\n<p><span style=\"font-weight: 400;\">The summit had as a prelude a meeting of foreign ministers and ministers on March 27 where economic and commercial proposals were discussed to mitigate the price increase in the basic food basket.<\/span><\/p>\n<p><span style=\"font-weight: 400;\">The Cuban government does not regularly publish a Consumer Price Index, but it recognized that in 2022 year-on-year inflation in the formal market reached 39.07% (that of the informal market was much higher). This means that in the last two years, the prices in the formal market have doubled.<\/span><\/p>\n<p><span style=\"font-weight: 400;\">Cuba experiences a sustained rise in the prices of products, especially food, since the application of the \u201cTask of Reorganization,\u201d an economic and monetary reform implemented at the beginning of 2021.<\/span><\/p>\n<p><span style=\"font-weight: 400;\">The package\u2019s aim was to eliminate the dual currency in the country but ended up generating perceptible imbalances in inflation and hidden dollarization of the economy.<\/span><\/p>\n<p><span style=\"font-weight: 400;\">Cuba is especially sensitive to the increase in food prices in the international market because it imports about 80% of the food it consumes, according to United Nations data, EFE pointed out.<\/span><\/p>\n<p><i><span style=\"font-weight: 400;\">EFE\/OnCuba<\/span><\/i><\/p>\n","protected":false},"excerpt":{"rendered":"<p>Miguel D\u00edaz-Canel participated, virtually, in a meeting of presidents of Latin America and the Caribbean convened by Mexico with the purpose of establishing measures against inflation.<\/p>\n","protected":false},"author":3134,"featured_media":267763,"comment_status":"open","ping_status":"closed","sticky":false,"template":"","format":"standard","meta":{"_acf_changed":false,"footnotes":""},"categories":[13902],"tags":[14816,29036],"ppma_author":[33546],"class_list":["post-267761","post","type-post","status-publish","format-standard","has-post-thumbnail","hentry","category-cuba","tag-cuban-economy","tag-dollarization-of-cuban-economy"],"acf":[],"yoast_head":"<!-- This site is optimized with the Yoast SEO plugin v27.3 - https:\/\/yoast.com\/product\/yoast-seo-wordpress\/ -->\n<title>Cuba highlights regional agreement to counter inflation | OnCubaNews English<\/title>\n<meta name=\"description\" content=\"Miguel D\u00edaz-Canel participated, virtually, in a meeting of presidents of Latin America and the Caribbean convened by Mexico with the purpose of establishing measures against inflation.\" \/>\n<meta name=\"robots\" content=\"index, follow, max-snippet:-1, max-image-preview:large, max-video-preview:-1\" \/>\n<link rel=\"canonical\" href=\"https:\/\/oncubanews.com\/en\/cuba\/cuba-highlights-regional-agreement-to-counter-inflation\/\" \/>\n<meta property=\"og:locale\" content=\"en_US\" \/>\n<meta property=\"og:type\" content=\"article\" \/>\n<meta property=\"og:title\" content=\"Cuba highlights regional agreement to counter inflation | OnCubaNews English\" \/>\n<meta property=\"og:description\" content=\"Miguel D\u00edaz-Canel participated, virtually, in a meeting of presidents of Latin America and the Caribbean convened by Mexico with the purpose of establishing measures against inflation.\" \/>\n<meta property=\"og:url\" content=\"https:\/\/oncubanews.com\/en\/cuba\/cuba-highlights-regional-agreement-to-counter-inflation\/\" \/>\n<meta property=\"og:site_name\" content=\"OnCubaNews English\" \/>\n<meta property=\"article:published_time\" content=\"2023-04-07T16:00:31+00:00\" \/>\n<meta property=\"og:image\" content=\"https:\/\/oncubanews.com\/en\/wp-content\/uploads\/2023\/04\/dollar.jpg\" \/>\n\t<meta property=\"og:image:width\" content=\"1140\" \/>\n\t<meta property=\"og:image:height\" content=\"760\" \/>\n\t<meta property=\"og:image:type\" content=\"image\/jpeg\" \/>\n<meta name=\"author\" content=\"OnCuba Staff\" \/>\n<meta name=\"twitter:card\" content=\"summary_large_image\" \/>\n<meta name=\"twitter:label1\" content=\"Written by\" \/>\n\t<meta name=\"twitter:data1\" content=\"OnCuba Staff\" \/>\n\t<meta name=\"twitter:label2\" content=\"Est. reading time\" \/>\n\t<meta name=\"twitter:data2\" content=\"2 minutes\" \/>\n<script type=\"application\/ld+json\" class=\"yoast-schema-graph\">{\"@context\":\"https:\\\/\\\/schema.org\",\"@graph\":[{\"@type\":\"Article\",\"@id\":\"https:\\\/\\\/oncubanews.com\\\/en\\\/cuba\\\/cuba-highlights-regional-agreement-to-counter-inflation\\\/#article\",\"isPartOf\":{\"@id\":\"https:\\\/\\\/oncubanews.com\\\/en\\\/cuba\\\/cuba-highlights-regional-agreement-to-counter-inflation\\\/\"},\"author\":{\"name\":\"OnCuba Staff\",\"@id\":\"https:\\\/\\\/oncubanews.com\\\/en\\\/#\\\/schema\\\/person\\\/d7171bf311032ab1f557dd8332e714af\"},\"headline\":\"Cuba highlights regional agreement to counter inflation\",\"datePublished\":\"2023-04-07T16:00:31+00:00\",\"mainEntityOfPage\":{\"@id\":\"https:\\\/\\\/oncubanews.com\\\/en\\\/cuba\\\/cuba-highlights-regional-agreement-to-counter-inflation\\\/\"},\"wordCount\":532,\"commentCount\":0,\"image\":{\"@id\":\"https:\\\/\\\/oncubanews.com\\\/en\\\/cuba\\\/cuba-highlights-regional-agreement-to-counter-inflation\\\/#primaryimage\"},\"thumbnailUrl\":\"https:\\\/\\\/oncubanews.com\\\/en\\\/wp-content\\\/uploads\\\/2023\\\/04\\\/dollar.jpg\",\"keywords\":[\"Cuban Economy\",\"dollarization of cuban economy\"],\"articleSection\":[\"Cuba\"],\"inLanguage\":\"en-US\",\"potentialAction\":[{\"@type\":\"CommentAction\",\"name\":\"Comment\",\"target\":[\"https:\\\/\\\/oncubanews.com\\\/en\\\/cuba\\\/cuba-highlights-regional-agreement-to-counter-inflation\\\/#respond\"]}],\"copyrightYear\":\"2023\",\"copyrightHolder\":{\"@id\":\"https:\\\/\\\/oncubanews.com\\\/en\\\/#organization\"}},{\"@type\":\"WebPage\",\"@id\":\"https:\\\/\\\/oncubanews.com\\\/en\\\/cuba\\\/cuba-highlights-regional-agreement-to-counter-inflation\\\/\",\"url\":\"https:\\\/\\\/oncubanews.com\\\/en\\\/cuba\\\/cuba-highlights-regional-agreement-to-counter-inflation\\\/\",\"name\":\"Cuba highlights regional agreement to counter inflation | OnCubaNews English\",\"isPartOf\":{\"@id\":\"https:\\\/\\\/oncubanews.com\\\/en\\\/#website\"},\"primaryImageOfPage\":{\"@id\":\"https:\\\/\\\/oncubanews.com\\\/en\\\/cuba\\\/cuba-highlights-regional-agreement-to-counter-inflation\\\/#primaryimage\"},\"image\":{\"@id\":\"https:\\\/\\\/oncubanews.com\\\/en\\\/cuba\\\/cuba-highlights-regional-agreement-to-counter-inflation\\\/#primaryimage\"},\"thumbnailUrl\":\"https:\\\/\\\/oncubanews.com\\\/en\\\/wp-content\\\/uploads\\\/2023\\\/04\\\/dollar.jpg\",\"datePublished\":\"2023-04-07T16:00:31+00:00\",\"author\":{\"@id\":\"https:\\\/\\\/oncubanews.com\\\/en\\\/#\\\/schema\\\/person\\\/d7171bf311032ab1f557dd8332e714af\"},\"description\":\"Miguel D\u00edaz-Canel participated, virtually, in a meeting of presidents of Latin America and the Caribbean convened by Mexico with the purpose of establishing measures against inflation.\",\"breadcrumb\":{\"@id\":\"https:\\\/\\\/oncubanews.com\\\/en\\\/cuba\\\/cuba-highlights-regional-agreement-to-counter-inflation\\\/#breadcrumb\"},\"inLanguage\":\"en-US\",\"potentialAction\":[{\"@type\":\"ReadAction\",\"target\":[\"https:\\\/\\\/oncubanews.com\\\/en\\\/cuba\\\/cuba-highlights-regional-agreement-to-counter-inflation\\\/\"]}]},{\"@type\":\"ImageObject\",\"inLanguage\":\"en-US\",\"@id\":\"https:\\\/\\\/oncubanews.com\\\/en\\\/cuba\\\/cuba-highlights-regional-agreement-to-counter-inflation\\\/#primaryimage\",\"url\":\"https:\\\/\\\/oncubanews.com\\\/en\\\/wp-content\\\/uploads\\\/2023\\\/04\\\/dollar.jpg\",\"contentUrl\":\"https:\\\/\\\/oncubanews.com\\\/en\\\/wp-content\\\/uploads\\\/2023\\\/04\\\/dollar.jpg\",\"width\":1140,\"height\":760,\"caption\":\"Foto: Otmaro Rodr\u00edguez\"},{\"@type\":\"BreadcrumbList\",\"@id\":\"https:\\\/\\\/oncubanews.com\\\/en\\\/cuba\\\/cuba-highlights-regional-agreement-to-counter-inflation\\\/#breadcrumb\",\"itemListElement\":[{\"@type\":\"ListItem\",\"position\":1,\"name\":\"Portada\",\"item\":\"https:\\\/\\\/oncubanews.com\\\/en\\\/\"},{\"@type\":\"ListItem\",\"position\":2,\"name\":\"Cuba highlights regional agreement to counter inflation\"}]},{\"@type\":\"WebSite\",\"@id\":\"https:\\\/\\\/oncubanews.com\\\/en\\\/#website\",\"url\":\"https:\\\/\\\/oncubanews.com\\\/en\\\/\",\"name\":\"OnCubaNews English\",\"description\":\"Revista sobre Cuba\",\"potentialAction\":[{\"@type\":\"SearchAction\",\"target\":{\"@type\":\"EntryPoint\",\"urlTemplate\":\"https:\\\/\\\/oncubanews.com\\\/en\\\/?s={search_term_string}\"},\"query-input\":{\"@type\":\"PropertyValueSpecification\",\"valueRequired\":true,\"valueName\":\"search_term_string\"}}],\"inLanguage\":\"en-US\"},{\"@type\":\"Person\",\"@id\":\"https:\\\/\\\/oncubanews.com\\\/en\\\/#\\\/schema\\\/person\\\/d7171bf311032ab1f557dd8332e714af\",\"name\":\"OnCuba Staff\",\"image\":{\"@type\":\"ImageObject\",\"inLanguage\":\"en-US\",\"@id\":\"https:\\\/\\\/secure.gravatar.com\\\/avatar\\\/4b4c4d6109baadde898bb1af22ea4a4af5f4417b86a5d1800bf17531bfb128fc?s=96&r=g17310096d4dde63ebae0e54fbb19218a\",\"url\":\"https:\\\/\\\/secure.gravatar.com\\\/avatar\\\/4b4c4d6109baadde898bb1af22ea4a4af5f4417b86a5d1800bf17531bfb128fc?s=96&r=g\",\"contentUrl\":\"https:\\\/\\\/secure.gravatar.com\\\/avatar\\\/4b4c4d6109baadde898bb1af22ea4a4af5f4417b86a5d1800bf17531bfb128fc?s=96&r=g\",\"caption\":\"OnCuba Staff\"},\"url\":\"https:\\\/\\\/oncubanews.com\\\/en\\\/author\\\/oncuba-editorial-staff\\\/\"}]}<\/script>\n<!-- \/ Yoast SEO plugin. -->","yoast_head_json":{"title":"Cuba highlights regional agreement to counter inflation | OnCubaNews English","description":"Miguel D\u00edaz-Canel participated, virtually, in a meeting of presidents of Latin America and the Caribbean convened by Mexico with the purpose of establishing measures against inflation.","robots":{"index":"index","follow":"follow","max-snippet":"max-snippet:-1","max-image-preview":"max-image-preview:large","max-video-preview":"max-video-preview:-1"},"canonical":"https:\/\/oncubanews.com\/en\/cuba\/cuba-highlights-regional-agreement-to-counter-inflation\/","og_locale":"en_US","og_type":"article","og_title":"Cuba highlights regional agreement to counter inflation | OnCubaNews English","og_description":"Miguel D\u00edaz-Canel participated, virtually, in a meeting of presidents of Latin America and the Caribbean convened by Mexico with the purpose of establishing measures against inflation.","og_url":"https:\/\/oncubanews.com\/en\/cuba\/cuba-highlights-regional-agreement-to-counter-inflation\/","og_site_name":"OnCubaNews English","article_published_time":"2023-04-07T16:00:31+00:00","og_image":[{"width":1140,"height":760,"url":"https:\/\/oncubanews.com\/en\/wp-content\/uploads\/2023\/04\/dollar.jpg","type":"image\/jpeg"}],"author":"OnCuba Staff","twitter_card":"summary_large_image","twitter_misc":{"Written by":"OnCuba Staff","Est. reading time":"2 minutes"},"schema":{"@context":"https:\/\/schema.org","@graph":[{"@type":"Article","@id":"https:\/\/oncubanews.com\/en\/cuba\/cuba-highlights-regional-agreement-to-counter-inflation\/#article","isPartOf":{"@id":"https:\/\/oncubanews.com\/en\/cuba\/cuba-highlights-regional-agreement-to-counter-inflation\/"},"author":{"name":"OnCuba Staff","@id":"https:\/\/oncubanews.com\/en\/#\/schema\/person\/d7171bf311032ab1f557dd8332e714af"},"headline":"Cuba highlights regional agreement to counter inflation","datePublished":"2023-04-07T16:00:31+00:00","mainEntityOfPage":{"@id":"https:\/\/oncubanews.com\/en\/cuba\/cuba-highlights-regional-agreement-to-counter-inflation\/"},"wordCount":532,"commentCount":0,"image":{"@id":"https:\/\/oncubanews.com\/en\/cuba\/cuba-highlights-regional-agreement-to-counter-inflation\/#primaryimage"},"thumbnailUrl":"https:\/\/oncubanews.com\/en\/wp-content\/uploads\/2023\/04\/dollar.jpg","keywords":["Cuban Economy","dollarization of cuban economy"],"articleSection":["Cuba"],"inLanguage":"en-US","potentialAction":[{"@type":"CommentAction","name":"Comment","target":["https:\/\/oncubanews.com\/en\/cuba\/cuba-highlights-regional-agreement-to-counter-inflation\/#respond"]}],"copyrightYear":"2023","copyrightHolder":{"@id":"https:\/\/oncubanews.com\/en\/#organization"}},{"@type":"WebPage","@id":"https:\/\/oncubanews.com\/en\/cuba\/cuba-highlights-regional-agreement-to-counter-inflation\/","url":"https:\/\/oncubanews.com\/en\/cuba\/cuba-highlights-regional-agreement-to-counter-inflation\/","name":"Cuba highlights regional agreement to counter inflation | OnCubaNews English","isPartOf":{"@id":"https:\/\/oncubanews.com\/en\/#website"},"primaryImageOfPage":{"@id":"https:\/\/oncubanews.com\/en\/cuba\/cuba-highlights-regional-agreement-to-counter-inflation\/#primaryimage"},"image":{"@id":"https:\/\/oncubanews.com\/en\/cuba\/cuba-highlights-regional-agreement-to-counter-inflation\/#primaryimage"},"thumbnailUrl":"https:\/\/oncubanews.com\/en\/wp-content\/uploads\/2023\/04\/dollar.jpg","datePublished":"2023-04-07T16:00:31+00:00","author":{"@id":"https:\/\/oncubanews.com\/en\/#\/schema\/person\/d7171bf311032ab1f557dd8332e714af"},"description":"Miguel D\u00edaz-Canel participated, virtually, in a meeting of presidents of Latin America and the Caribbean convened by Mexico with the purpose of establishing measures against inflation.","breadcrumb":{"@id":"https:\/\/oncubanews.com\/en\/cuba\/cuba-highlights-regional-agreement-to-counter-inflation\/#breadcrumb"},"inLanguage":"en-US","potentialAction":[{"@type":"ReadAction","target":["https:\/\/oncubanews.com\/en\/cuba\/cuba-highlights-regional-agreement-to-counter-inflation\/"]}]},{"@type":"ImageObject","inLanguage":"en-US","@id":"https:\/\/oncubanews.com\/en\/cuba\/cuba-highlights-regional-agreement-to-counter-inflation\/#primaryimage","url":"https:\/\/oncubanews.com\/en\/wp-content\/uploads\/2023\/04\/dollar.jpg","contentUrl":"https:\/\/oncubanews.com\/en\/wp-content\/uploads\/2023\/04\/dollar.jpg","width":1140,"height":760,"caption":"Foto: Otmaro Rodr\u00edguez"},{"@type":"BreadcrumbList","@id":"https:\/\/oncubanews.com\/en\/cuba\/cuba-highlights-regional-agreement-to-counter-inflation\/#breadcrumb","itemListElement":[{"@type":"ListItem","position":1,"name":"Portada","item":"https:\/\/oncubanews.com\/en\/"},{"@type":"ListItem","position":2,"name":"Cuba highlights regional agreement to counter inflation"}]},{"@type":"WebSite","@id":"https:\/\/oncubanews.com\/en\/#website","url":"https:\/\/oncubanews.com\/en\/","name":"OnCubaNews English","description":"Revista sobre Cuba","potentialAction":[{"@type":"SearchAction","target":{"@type":"EntryPoint","urlTemplate":"https:\/\/oncubanews.com\/en\/?s={search_term_string}"},"query-input":{"@type":"PropertyValueSpecification","valueRequired":true,"valueName":"search_term_string"}}],"inLanguage":"en-US"},{"@type":"Person","@id":"https:\/\/oncubanews.com\/en\/#\/schema\/person\/d7171bf311032ab1f557dd8332e714af","name":"OnCuba Staff","image":{"@type":"ImageObject","inLanguage":"en-US","@id":"https:\/\/secure.gravatar.com\/avatar\/4b4c4d6109baadde898bb1af22ea4a4af5f4417b86a5d1800bf17531bfb128fc?s=96&r=g17310096d4dde63ebae0e54fbb19218a","url":"https:\/\/secure.gravatar.com\/avatar\/4b4c4d6109baadde898bb1af22ea4a4af5f4417b86a5d1800bf17531bfb128fc?s=96&r=g","contentUrl":"https:\/\/secure.gravatar.com\/avatar\/4b4c4d6109baadde898bb1af22ea4a4af5f4417b86a5d1800bf17531bfb128fc?s=96&r=g","caption":"OnCuba Staff"},"url":"https:\/\/oncubanews.com\/en\/author\/oncuba-editorial-staff\/"}]}},"authors":[{"term_id":33546,"user_id":3134,"is_guest":0,"slug":"oncuba-editorial-staff","display_name":"OnCuba Staff","avatar_url":"https:\/\/secure.gravatar.com\/avatar\/4b4c4d6109baadde898bb1af22ea4a4af5f4417b86a5d1800bf17531bfb128fc?s=96&r=g","0":null,"1":"","2":"","3":"","4":"","5":"","6":"","7":"","8":""}],"_links":{"self":[{"href":"https:\/\/oncubanews.com\/en\/wp-json\/wp\/v2\/posts\/267761","targetHints":{"allow":["GET"]}}],"collection":[{"href":"https:\/\/oncubanews.com\/en\/wp-json\/wp\/v2\/posts"}],"about":[{"href":"https:\/\/oncubanews.com\/en\/wp-json\/wp\/v2\/types\/post"}],"author":[{"embeddable":true,"href":"https:\/\/oncubanews.com\/en\/wp-json\/wp\/v2\/users\/3134"}],"replies":[{"embeddable":true,"href":"https:\/\/oncubanews.com\/en\/wp-json\/wp\/v2\/comments?post=267761"}],"version-history":[{"count":2,"href":"https:\/\/oncubanews.com\/en\/wp-json\/wp\/v2\/posts\/267761\/revisions"}],"predecessor-version":[{"id":267764,"href":"https:\/\/oncubanews.com\/en\/wp-json\/wp\/v2\/posts\/267761\/revisions\/267764"}],"wp:featuredmedia":[{"embeddable":true,"href":"https:\/\/oncubanews.com\/en\/wp-json\/wp\/v2\/media\/267763"}],"wp:attachment":[{"href":"https:\/\/oncubanews.com\/en\/wp-json\/wp\/v2\/media?parent=267761"}],"wp:term":[{"taxonomy":"category","embeddable":true,"href":"https:\/\/oncubanews.com\/en\/wp-json\/wp\/v2\/categories?post=267761"},{"taxonomy":"post_tag","embeddable":true,"href":"https:\/\/oncubanews.com\/en\/wp-json\/wp\/v2\/tags?post=267761"},{"taxonomy":"author","embeddable":true,"href":"https:\/\/oncubanews.com\/en\/wp-json\/wp\/v2\/ppma_author?post=267761"}],"curies":[{"name":"wp","href":"https:\/\/api.w.org\/{rel}","templated":true}]}}