
{"id":267850,"date":"2023-04-09T10:01:07","date_gmt":"2023-04-09T14:01:07","guid":{"rendered":"https:\/\/oncubanews.com\/en\/?p=267850"},"modified":"2023-04-09T10:01:07","modified_gmt":"2023-04-09T14:01:07","slug":"strike-three-how-did-some-cubans-make-it-to-mlb-in-2023","status":"publish","type":"post","link":"https:\/\/oncubanews.com\/en\/sports\/baseball\/strike-three-how-did-some-cubans-make-it-to-mlb-in-2023\/","title":{"rendered":"Strike Three: How did some Cubans make it to MLB in 2023?"},"content":{"rendered":"<p>The Major League Baseball campaign in the United States is underway. As has become customary in recent years, several star Cuban players had their position secure, even before spring training began. Others reaffirmed themselves precisely in the preseason, and a smaller group needed to show that they could start the contest at the highest level.<\/p>\n<p>The first installment of Strike Three in the 2023 season, focused on what happened during March, will be precisely about those that generated the most uncertainty. The period was crucial for many players, who had to shine to be included in the roster of 26 of their respective franchises. In the case of the Cubans, several outstanding stories remained. Without further ado, let\u2019s Play Ball!<\/p>\n<h3>Oscar Col\u00e1s earned a position as expected<\/h3>\n<p>The story of Oscar Col\u00e1s, from Santiago de Cuba, has been growing after his first professional season in the United States. After leaving the island, breaking his contract with the Cuban Baseball Federation and the Softbank Hawks (Japan) and going through legal issues, he managed to sign with the White Sox, and he has made good use of his time.<\/p>\n<p>The indomitable player was improving as he climbed levels. Col\u00e1s surprised many scouts and several managers of the organization. He has great potential. His qualities include hitting for the opposite band (40% of his connections in Class A+ and Double A), although specialists that he can use the entire field.<\/p>\n<figure id=\"attachment_267853\" aria-describedby=\"caption-attachment-267853\" style=\"width: 1024px\" class=\"wp-caption aligncenter\"><a href=\"https:\/\/oncubanews.com\/en\/wp-content\/uploads\/2023\/04\/Colas-1024x678-1.jpg\"><img loading=\"lazy\" decoding=\"async\" class=\"size-full wp-image-267853\" src=\"https:\/\/oncubanews.com\/en\/wp-content\/uploads\/2023\/04\/Colas-1024x678-1.jpg\" alt=\"\" width=\"1024\" height=\"678\" srcset=\"https:\/\/oncubanews.com\/en\/wp-content\/uploads\/2023\/04\/Colas-1024x678-1.jpg 1024w, https:\/\/oncubanews.com\/en\/wp-content\/uploads\/2023\/04\/Colas-1024x678-1-300x199.jpg 300w, https:\/\/oncubanews.com\/en\/wp-content\/uploads\/2023\/04\/Colas-1024x678-1-768x509.jpg 768w, https:\/\/oncubanews.com\/en\/wp-content\/uploads\/2023\/04\/Colas-1024x678-1-750x497.jpg 750w\" sizes=\"auto, (max-width: 1024px) 100vw, 1024px\" \/><\/a><figcaption id=\"caption-attachment-267853\" class=\"wp-caption-text\">Oscar Col\u00e1s began the season with the White Sox in the Major Leagues. Photo: Kevin M. Cox\/AP.<\/figcaption><\/figure>\n<p>Since November 2022, the general manager of the White Sox, Rick Hahn, had hinted at the claims he had with Col\u00e1s. \u201cHe will be in the running for the starting job in rightfield,\u201d Hahn told the press, something that was later emphasized by Chicago\u2019s new manager, Pedro Grifol.<\/p>\n<p>\u201cHe\u2019s coming here to work. He\u2019s competing for a job. He knows it. This is what he loves to do and he takes pride in it. He asks a lot of good questions. He is extremely detailed for a little kid. He obviously has ability. I\u2019m looking forward to seeing him make progress this spring,\u201d Grifol told NBC Chicago.<\/p>\n<p>After 26 games in this spring training, Col\u00e1s left an offensive line (average\/on-base average\/slugging\/OPS) of .270\/.281\/.444\/.725 in 64 plate appearances, as well as hitting 3 home runs and driving in 6 races, which earned him to be included in the team\u2019s active list.<\/p>\n<p>One thing I liked about Col\u00e1s in spring training was that he only struck out 14% of his trips to the box. This is striking, because he was removed via strikes in 24% of the at-bats in Double A, an indicator that tends to go up when you get to MLB.<\/p>\n<p>At 24 (a little too old to make his debut), the Santiago native enjoys his great opportunity in the Major Leagues and does so with a stellar prospect in an organization that loves Cubans.<\/p>\n<h3>Yuli Gurriel reached his goal<\/h3>\n<p>The news took me by surprise: Yuli Gurriel had not closed a guaranteed contract with the Marlins for 3 million dollars to play in the 2023 season. I wrote then that the decision of each player must be respected and that no one better than them to establish their value; but, in Yuli\u2019s case, I thought that it was not a great choice.<\/p>\n<figure id=\"attachment_267854\" aria-describedby=\"caption-attachment-267854\" style=\"width: 1024px\" class=\"wp-caption aligncenter\"><a href=\"https:\/\/oncubanews.com\/en\/wp-content\/uploads\/2023\/04\/Yuli-Marlins-1.jpg\"><img loading=\"lazy\" decoding=\"async\" class=\"size-large wp-image-267854\" src=\"https:\/\/oncubanews.com\/en\/wp-content\/uploads\/2023\/04\/Yuli-Marlins-1-1024x683.jpg\" alt=\"\" width=\"1024\" height=\"683\" srcset=\"https:\/\/oncubanews.com\/en\/wp-content\/uploads\/2023\/04\/Yuli-Marlins-1-1024x683.jpg 1024w, https:\/\/oncubanews.com\/en\/wp-content\/uploads\/2023\/04\/Yuli-Marlins-1-300x200.jpg 300w, https:\/\/oncubanews.com\/en\/wp-content\/uploads\/2023\/04\/Yuli-Marlins-1-768x512.jpg 768w, https:\/\/oncubanews.com\/en\/wp-content\/uploads\/2023\/04\/Yuli-Marlins-1-750x500.jpg 750w, https:\/\/oncubanews.com\/en\/wp-content\/uploads\/2023\/04\/Yuli-Marlins-1-1140x760.jpg 1140w, https:\/\/oncubanews.com\/en\/wp-content\/uploads\/2023\/04\/Yuli-Marlins-1.jpg 1200w\" sizes=\"auto, (max-width: 1024px) 100vw, 1024px\" \/><\/a><figcaption id=\"caption-attachment-267854\" class=\"wp-caption-text\">Yuli Gurriel signed a contract with the Marlins and was included in the Opening Day roster. Photo: Lynne Sladky\/AP.<\/figcaption><\/figure>\n<p>Yuli will turn 39 next June and comes from his worst season since he debuted in MLB. To top it off, he spent much of the offseason waiting for more proposals to come his way; but it didn\u2019t happen. Not even the Astros, the team that saw him debut, bet on having him back and, instead, opted for his compatriot <a href=\"https:\/\/oncubanews.com\/tag\/jose-dariel-abreu\/\"><strong>Jos\u00e9 Abreu<\/strong><\/a>.<\/p>\n<p>But life took the necessary turns and the player from Sancti Spiritus ended up wearing the Marlins jersey. After not responding to the $3 million proposal, the South Florida franchise withdrew it, only a month and a half later agreeing to sit down again to sign a minor league deal for an unspecified amount of money.<\/p>\n<p>Miami is a team that comes in handy for Yuli. Clubhouse culture (lots of Latinos, same as in Houston), Cuban community, and an organization that will give him the opportunity to share time with Garrett Cooper, who has only played 183 starting games in 6 seasons, none of them with more than 73 duels in that position.<\/p>\n<p>Shortstop Jos\u00e9 Iglesias, another experienced Cuban in the Major Leagues, arrived at the Marlins along with Gurriel. In the end, \u201cCandelita\u201d did not make the roster of 26; but, instead of exercising the exclusion of his contract, he was sent to the Minors.<\/p>\n<p>The move is understandable given Miami\u2019s great depth at short field, with Jon Berti and Joey Wendle as key players early in the season. In addition, it has Jordan Groshans, Jacob Amaya and Garrett Hampson in Triple A.<\/p>\n<p>Generally speaking, Yuli and Iglesias only played 7 games in spring training after their late signing. The player from Sancti Spiritus left an offensive line of .227\/.261\/.273\/.534, while the one from Havana finished at .200\/.250\/.333\/.583, numbers that are not impressive, although the sample is very small.<\/p>\n<p>In any case, we did not want to overlook these statistics to explain the following: in spring training there are decisions that are not made based on performance; rather, in cases like these, it is due to factors on the need on the list. Of course, it all depends on the modus operandi of each franchise, but they don\u2019t always respond to what the numbers reflect.<\/p>\n<h3>Vargas had a difficult start but managed to recover<\/h3>\n<p>It\u2019s been a weird preseason for Miguel Vargas, from playing unable to swing due to a slightly broken little finger to losing what would be his second-round partner: Gavin Lux. Despite the setbacks, Dodgers manager Dave Roberts didn\u2019t give it much thought and decided to play him without hitting.<\/p>\n<p>Vargas spent 7 games traveling to home plate without swinging. In that span, the amazing thing is that he struck out 10 and walked 6. What, 6 walks without swinging? Well, most pitches in MLB aren\u2019t to the center of the zone; rather they are thrown to the sides. Still, it\u2019s remarkable that he\u2019s drawn half a dozen walks that way.<\/p>\n<p>Since March 9, the date he was cleared to swing, Vargas managed to connect 8 hits in 35 times at bat. At the same time, he walked an additional 9 times while being taken out 14 times via strikeouts. However, the important thing is that he participated in 18 games as a second baseman.<\/p>\n<p>Seeing the way Roberts handled Vargas in the spring, it wasn\u2019t strange to see the son of the legendary L\u00e1zaro Vargas serve as second baseman on Opening Day, the first of many.<\/p>\n<h3>Cionel P\u00e9rez had another good preseason<\/h3>\n<p>A few days ago, my colleague Yussef D\u00edaz, who keeps me up to date on what is happening with the Cubans, had me investigate when he published that Cionel P\u00e9rez has only allowed 3 earned runs in his last 3 spring training sessions. It translates into a 1.11 ERA in 24.2 innings of work.<\/p>\n<p>We know that the value of statistics at this time of year does not attract much attention, but it is not for nothing that there are pitchers who win the position in the spring. In Cionel\u2019s case, his 2021 spring training allowed him to enter the Cincinnati roster, although he was ultimately unable to establish himself.<\/p>\n<p>The year 2022 was a breather for this player from Matanzas to the point that he became one of the best relievers in the American League and a fundamental piece of the Orioles bullpen. The southpaw was among the 6 relievers with at least 50 innings pitched and an ERA below 1.50. The others were Edwin Diaz, Ryan Helsley, Evan Phillips, Emmanuel Clase and Ryne Stanek.<\/p>\n<figure id=\"attachment_267856\" aria-describedby=\"caption-attachment-267856\" style=\"width: 1024px\" class=\"wp-caption aligncenter\"><a href=\"https:\/\/oncubanews.com\/en\/wp-content\/uploads\/2023\/04\/Cionel_Julio-Cortez-AP-1536x1024-1.jpg\"><img loading=\"lazy\" decoding=\"async\" class=\"size-large wp-image-267856\" src=\"https:\/\/oncubanews.com\/en\/wp-content\/uploads\/2023\/04\/Cionel_Julio-Cortez-AP-1536x1024-1-1024x683.jpg\" alt=\"\" width=\"1024\" height=\"683\" srcset=\"https:\/\/oncubanews.com\/en\/wp-content\/uploads\/2023\/04\/Cionel_Julio-Cortez-AP-1536x1024-1-1024x683.jpg 1024w, https:\/\/oncubanews.com\/en\/wp-content\/uploads\/2023\/04\/Cionel_Julio-Cortez-AP-1536x1024-1-300x200.jpg 300w, https:\/\/oncubanews.com\/en\/wp-content\/uploads\/2023\/04\/Cionel_Julio-Cortez-AP-1536x1024-1-768x512.jpg 768w, https:\/\/oncubanews.com\/en\/wp-content\/uploads\/2023\/04\/Cionel_Julio-Cortez-AP-1536x1024-1-750x500.jpg 750w, https:\/\/oncubanews.com\/en\/wp-content\/uploads\/2023\/04\/Cionel_Julio-Cortez-AP-1536x1024-1-1140x760.jpg 1140w, https:\/\/oncubanews.com\/en\/wp-content\/uploads\/2023\/04\/Cionel_Julio-Cortez-AP-1536x1024-1.jpg 1536w\" sizes=\"auto, (max-width: 1024px) 100vw, 1024px\" \/><\/a><figcaption id=\"caption-attachment-267856\" class=\"wp-caption-text\">Cionel P\u00e9rez has managed to maintain the level shown in 2022. Photo: Julio Cortez\/AP.<\/figcaption><\/figure>\n<p>The ingredients of his season were based on continuing to induce an above-average rollings rate (51% to 42.8%), an above-average strikeout rate (23.5% to 22.8%), and a close walk rate (9.0 % to 8.5%). These factors, coupled with his mix of four-seamer and slider, were instrumental in leading him down the path to success.<\/p>\n<p>The trend continued during this preseason, in which his slider once again showed a significant drop and sweep effect, always above average, as happened last season. He needs to improve in localization, but he is a solid tool to face rivals.<\/p>\n<p>It must be added that the opponents hit only .214 against his fastball, with a poor slugging percentage of .314. It was possible, to a large extent, because his fastball increased the turn speed considerably.<\/p>\n<p>In the spring, Cionel played 8 innings, a pace of 11 strikeouts, 3 walks and 1 earned run allowed, a line he hopes to maintain throughout the season as one of the leaders of Brandon Hyde\u2019s bullpen.<\/p>\n<h3>Lourdes Jr. on fire<\/h3>\n<p>When the Diamondbacks made the trade for Daulton Varsho that forced Lourdes Gurriel Jr.\u2019s move from Toronto to the Arizona desert, we knew the Cuban had a great chance to play in outfield, even on a team with a lot of depth in that part of the field.<\/p>\n<p>In the spring, Lourdes looked very good, as did Kyle Lewis, the 2020 Rookie of the Year and also a newcomer to the Dbacks from Seattle via trade. Also, in the preseason, the organization\u2019s number 1 prospect, Corbin Carroll, shone.<\/p>\n<figure id=\"attachment_267857\" aria-describedby=\"caption-attachment-267857\" style=\"width: 1024px\" class=\"wp-caption aligncenter\"><a href=\"https:\/\/oncubanews.com\/en\/wp-content\/uploads\/2023\/04\/lourdes-jr-1.jpg\"><img loading=\"lazy\" decoding=\"async\" class=\"size-large wp-image-267857\" src=\"https:\/\/oncubanews.com\/en\/wp-content\/uploads\/2023\/04\/lourdes-jr-1-1024x576.jpg\" alt=\"\" width=\"1024\" height=\"576\" srcset=\"https:\/\/oncubanews.com\/en\/wp-content\/uploads\/2023\/04\/lourdes-jr-1-1024x576.jpg 1024w, https:\/\/oncubanews.com\/en\/wp-content\/uploads\/2023\/04\/lourdes-jr-1-300x169.jpg 300w, https:\/\/oncubanews.com\/en\/wp-content\/uploads\/2023\/04\/lourdes-jr-1-768x432.jpg 768w, https:\/\/oncubanews.com\/en\/wp-content\/uploads\/2023\/04\/lourdes-jr-1-750x422.jpg 750w, https:\/\/oncubanews.com\/en\/wp-content\/uploads\/2023\/04\/lourdes-jr-1-1140x641.jpg 1140w, https:\/\/oncubanews.com\/en\/wp-content\/uploads\/2023\/04\/lourdes-jr-1.jpg 1200w\" sizes=\"auto, (max-width: 1024px) 100vw, 1024px\" \/><\/a><figcaption id=\"caption-attachment-267857\" class=\"wp-caption-text\">Lourdes Gurriel Jr.\u2019s adventure in Arizona got off to a good start. Photo: Taken from @yunitogurriel.<\/figcaption><\/figure>\n<p>The youngest of the Gurriels had 12 hits in 40 turns, with the particularity that almost half of those rockets were extra-base hits (4 doubles and 1 home run). On the other hand, he drove in 5 runs and scored 7 times, received 6 walks, struck out 9 and stole a base (last year he stole 3 in 124 games).<\/p>\n<p>Following this, Yunito became the third Cuban position player to play with the Dbacks. Before, Yasmany Tom\u00e1s (309 games and 48 home runs) and Juan Miguel Miranda (65-7) wore the franchise jersey. Pitchers like Liv\u00e1n Hern\u00e1ndez and his brother Orlando also added several appearances to the plate with Arizona in the days of the old rule that forced pitchers to bat in the National League.<\/p>\n","protected":false},"excerpt":{"rendered":"<p>March was crucial for several players from the island who had to shine to be included in the roster of 26 of their respective franchises.<\/p>\n","protected":false},"author":12345828,"featured_media":267852,"comment_status":"open","ping_status":"closed","sticky":false,"template":"","format":"standard","meta":{"_acf_changed":false,"footnotes":""},"categories":[13926],"tags":[18444,4761],"ppma_author":[34538],"class_list":["post-267850","post","type-post","status-publish","format-standard","has-post-thumbnail","hentry","category-baseball","tag-cubans-in-major-league-baseball","tag-major-league-baseball"],"acf":[],"yoast_head":"<!-- This site is optimized with the Yoast SEO plugin v27.3 - https:\/\/yoast.com\/product\/yoast-seo-wordpress\/ -->\n<title>Strike Three: How did some Cubans make it to MLB in 2023? | OnCubaNews English<\/title>\n<meta name=\"description\" content=\"March was crucial for several players from the island who had to shine to be included in the roster of 26 of their respective franchises.\" \/>\n<meta name=\"robots\" content=\"index, follow, max-snippet:-1, max-image-preview:large, max-video-preview:-1\" \/>\n<link rel=\"canonical\" href=\"https:\/\/oncubanews.com\/en\/sports\/baseball\/strike-three-how-did-some-cubans-make-it-to-mlb-in-2023\/\" \/>\n<meta property=\"og:locale\" content=\"en_US\" \/>\n<meta property=\"og:type\" content=\"article\" \/>\n<meta property=\"og:title\" content=\"Strike Three: How did some Cubans make it to MLB in 2023? | OnCubaNews English\" \/>\n<meta property=\"og:description\" content=\"March was crucial for several players from the island who had to shine to be included in the roster of 26 of their respective franchises.\" \/>\n<meta property=\"og:url\" content=\"https:\/\/oncubanews.com\/en\/sports\/baseball\/strike-three-how-did-some-cubans-make-it-to-mlb-in-2023\/\" \/>\n<meta property=\"og:site_name\" content=\"OnCubaNews English\" \/>\n<meta property=\"article:published_time\" content=\"2023-04-09T14:01:07+00:00\" \/>\n<meta property=\"og:image\" content=\"https:\/\/oncubanews.com\/en\/wp-content\/uploads\/2023\/04\/Miguel-Vargas-750x522-1.jpg\" \/>\n\t<meta property=\"og:image:width\" content=\"750\" \/>\n\t<meta property=\"og:image:height\" content=\"522\" \/>\n\t<meta property=\"og:image:type\" content=\"image\/jpeg\" \/>\n<meta name=\"author\" content=\"Reinier Gonz\u00e1lez Jr.\" \/>\n<meta name=\"twitter:card\" content=\"summary_large_image\" \/>\n<meta name=\"twitter:label1\" content=\"Written by\" \/>\n\t<meta name=\"twitter:data1\" content=\"Reinier Gonz\u00e1lez Jr.\" \/>\n\t<meta name=\"twitter:label2\" content=\"Est. reading time\" \/>\n\t<meta name=\"twitter:data2\" content=\"9 minutes\" \/>\n<script type=\"application\/ld+json\" class=\"yoast-schema-graph\">{\"@context\":\"https:\\\/\\\/schema.org\",\"@graph\":[{\"@type\":\"Article\",\"@id\":\"https:\\\/\\\/oncubanews.com\\\/en\\\/sports\\\/baseball\\\/strike-three-how-did-some-cubans-make-it-to-mlb-in-2023\\\/#article\",\"isPartOf\":{\"@id\":\"https:\\\/\\\/oncubanews.com\\\/en\\\/sports\\\/baseball\\\/strike-three-how-did-some-cubans-make-it-to-mlb-in-2023\\\/\"},\"author\":{\"name\":\"Reinier Gonz\u00e1lez Jr.\",\"@id\":\"https:\\\/\\\/oncubanews.com\\\/en\\\/#\\\/schema\\\/person\\\/bfcd3413847caad0260c75e2aebc8fa2\"},\"headline\":\"Strike Three: How did some Cubans make it to MLB in 2023?\",\"datePublished\":\"2023-04-09T14:01:07+00:00\",\"mainEntityOfPage\":{\"@id\":\"https:\\\/\\\/oncubanews.com\\\/en\\\/sports\\\/baseball\\\/strike-three-how-did-some-cubans-make-it-to-mlb-in-2023\\\/\"},\"wordCount\":1756,\"commentCount\":0,\"image\":{\"@id\":\"https:\\\/\\\/oncubanews.com\\\/en\\\/sports\\\/baseball\\\/strike-three-how-did-some-cubans-make-it-to-mlb-in-2023\\\/#primaryimage\"},\"thumbnailUrl\":\"https:\\\/\\\/oncubanews.com\\\/en\\\/wp-content\\\/uploads\\\/2023\\\/04\\\/Miguel-Vargas-750x522-1.jpg\",\"keywords\":[\"cubans in Major League Baseball\",\"Major League Baseball\"],\"articleSection\":[\"Baseball\"],\"inLanguage\":\"en-US\",\"potentialAction\":[{\"@type\":\"CommentAction\",\"name\":\"Comment\",\"target\":[\"https:\\\/\\\/oncubanews.com\\\/en\\\/sports\\\/baseball\\\/strike-three-how-did-some-cubans-make-it-to-mlb-in-2023\\\/#respond\"]}],\"copyrightYear\":\"2023\",\"copyrightHolder\":{\"@id\":\"https:\\\/\\\/oncubanews.com\\\/en\\\/#organization\"}},{\"@type\":\"WebPage\",\"@id\":\"https:\\\/\\\/oncubanews.com\\\/en\\\/sports\\\/baseball\\\/strike-three-how-did-some-cubans-make-it-to-mlb-in-2023\\\/\",\"url\":\"https:\\\/\\\/oncubanews.com\\\/en\\\/sports\\\/baseball\\\/strike-three-how-did-some-cubans-make-it-to-mlb-in-2023\\\/\",\"name\":\"Strike Three: How did some Cubans make it to MLB in 2023? | OnCubaNews English\",\"isPartOf\":{\"@id\":\"https:\\\/\\\/oncubanews.com\\\/en\\\/#website\"},\"primaryImageOfPage\":{\"@id\":\"https:\\\/\\\/oncubanews.com\\\/en\\\/sports\\\/baseball\\\/strike-three-how-did-some-cubans-make-it-to-mlb-in-2023\\\/#primaryimage\"},\"image\":{\"@id\":\"https:\\\/\\\/oncubanews.com\\\/en\\\/sports\\\/baseball\\\/strike-three-how-did-some-cubans-make-it-to-mlb-in-2023\\\/#primaryimage\"},\"thumbnailUrl\":\"https:\\\/\\\/oncubanews.com\\\/en\\\/wp-content\\\/uploads\\\/2023\\\/04\\\/Miguel-Vargas-750x522-1.jpg\",\"datePublished\":\"2023-04-09T14:01:07+00:00\",\"author\":{\"@id\":\"https:\\\/\\\/oncubanews.com\\\/en\\\/#\\\/schema\\\/person\\\/bfcd3413847caad0260c75e2aebc8fa2\"},\"description\":\"March was crucial for several players from the island who had to shine to be included in the roster of 26 of their respective franchises.\",\"breadcrumb\":{\"@id\":\"https:\\\/\\\/oncubanews.com\\\/en\\\/sports\\\/baseball\\\/strike-three-how-did-some-cubans-make-it-to-mlb-in-2023\\\/#breadcrumb\"},\"inLanguage\":\"en-US\",\"potentialAction\":[{\"@type\":\"ReadAction\",\"target\":[\"https:\\\/\\\/oncubanews.com\\\/en\\\/sports\\\/baseball\\\/strike-three-how-did-some-cubans-make-it-to-mlb-in-2023\\\/\"]}]},{\"@type\":\"ImageObject\",\"inLanguage\":\"en-US\",\"@id\":\"https:\\\/\\\/oncubanews.com\\\/en\\\/sports\\\/baseball\\\/strike-three-how-did-some-cubans-make-it-to-mlb-in-2023\\\/#primaryimage\",\"url\":\"https:\\\/\\\/oncubanews.com\\\/en\\\/wp-content\\\/uploads\\\/2023\\\/04\\\/Miguel-Vargas-750x522-1.jpg\",\"contentUrl\":\"https:\\\/\\\/oncubanews.com\\\/en\\\/wp-content\\\/uploads\\\/2023\\\/04\\\/Miguel-Vargas-750x522-1.jpg\",\"width\":750,\"height\":522,\"caption\":\"Miguel Vargas began the season with the Dodgers in the Major Leagues. Photo: Mark J. Rebilas\\\/USA TODAY Sports.\"},{\"@type\":\"BreadcrumbList\",\"@id\":\"https:\\\/\\\/oncubanews.com\\\/en\\\/sports\\\/baseball\\\/strike-three-how-did-some-cubans-make-it-to-mlb-in-2023\\\/#breadcrumb\",\"itemListElement\":[{\"@type\":\"ListItem\",\"position\":1,\"name\":\"Portada\",\"item\":\"https:\\\/\\\/oncubanews.com\\\/en\\\/\"},{\"@type\":\"ListItem\",\"position\":2,\"name\":\"Strike Three: How did some Cubans make it to MLB in 2023?\"}]},{\"@type\":\"WebSite\",\"@id\":\"https:\\\/\\\/oncubanews.com\\\/en\\\/#website\",\"url\":\"https:\\\/\\\/oncubanews.com\\\/en\\\/\",\"name\":\"OnCubaNews English\",\"description\":\"Revista sobre Cuba\",\"potentialAction\":[{\"@type\":\"SearchAction\",\"target\":{\"@type\":\"EntryPoint\",\"urlTemplate\":\"https:\\\/\\\/oncubanews.com\\\/en\\\/?s={search_term_string}\"},\"query-input\":{\"@type\":\"PropertyValueSpecification\",\"valueRequired\":true,\"valueName\":\"search_term_string\"}}],\"inLanguage\":\"en-US\"},{\"@type\":\"Person\",\"@id\":\"https:\\\/\\\/oncubanews.com\\\/en\\\/#\\\/schema\\\/person\\\/bfcd3413847caad0260c75e2aebc8fa2\",\"name\":\"Reinier Gonz\u00e1lez Jr.\",\"image\":{\"@type\":\"ImageObject\",\"inLanguage\":\"en-US\",\"@id\":\"https:\\\/\\\/secure.gravatar.com\\\/avatar\\\/4bfcc6e8f6ba4a035d0988698d12f01ad75fcd5cff87c5fded03d5299496dad3?s=96&r=g4131184ac1502ce306c870fdb1dc5cdd\",\"url\":\"https:\\\/\\\/secure.gravatar.com\\\/avatar\\\/4bfcc6e8f6ba4a035d0988698d12f01ad75fcd5cff87c5fded03d5299496dad3?s=96&r=g\",\"contentUrl\":\"https:\\\/\\\/secure.gravatar.com\\\/avatar\\\/4bfcc6e8f6ba4a035d0988698d12f01ad75fcd5cff87c5fded03d5299496dad3?s=96&r=g\",\"caption\":\"Reinier Gonz\u00e1lez Jr.\"},\"url\":\"https:\\\/\\\/oncubanews.com\\\/en\\\/author\\\/reinierjr\\\/\"}]}<\/script>\n<!-- \/ Yoast SEO plugin. -->","yoast_head_json":{"title":"Strike Three: How did some Cubans make it to MLB in 2023? | OnCubaNews English","description":"March was crucial for several players from the island who had to shine to be included in the roster of 26 of their respective franchises.","robots":{"index":"index","follow":"follow","max-snippet":"max-snippet:-1","max-image-preview":"max-image-preview:large","max-video-preview":"max-video-preview:-1"},"canonical":"https:\/\/oncubanews.com\/en\/sports\/baseball\/strike-three-how-did-some-cubans-make-it-to-mlb-in-2023\/","og_locale":"en_US","og_type":"article","og_title":"Strike Three: How did some Cubans make it to MLB in 2023? | OnCubaNews English","og_description":"March was crucial for several players from the island who had to shine to be included in the roster of 26 of their respective franchises.","og_url":"https:\/\/oncubanews.com\/en\/sports\/baseball\/strike-three-how-did-some-cubans-make-it-to-mlb-in-2023\/","og_site_name":"OnCubaNews English","article_published_time":"2023-04-09T14:01:07+00:00","og_image":[{"width":750,"height":522,"url":"https:\/\/oncubanews.com\/en\/wp-content\/uploads\/2023\/04\/Miguel-Vargas-750x522-1.jpg","type":"image\/jpeg"}],"author":"Reinier Gonz\u00e1lez Jr.","twitter_card":"summary_large_image","twitter_misc":{"Written by":"Reinier Gonz\u00e1lez Jr.","Est. reading time":"9 minutes"},"schema":{"@context":"https:\/\/schema.org","@graph":[{"@type":"Article","@id":"https:\/\/oncubanews.com\/en\/sports\/baseball\/strike-three-how-did-some-cubans-make-it-to-mlb-in-2023\/#article","isPartOf":{"@id":"https:\/\/oncubanews.com\/en\/sports\/baseball\/strike-three-how-did-some-cubans-make-it-to-mlb-in-2023\/"},"author":{"name":"Reinier Gonz\u00e1lez Jr.","@id":"https:\/\/oncubanews.com\/en\/#\/schema\/person\/bfcd3413847caad0260c75e2aebc8fa2"},"headline":"Strike Three: How did some Cubans make it to MLB in 2023?","datePublished":"2023-04-09T14:01:07+00:00","mainEntityOfPage":{"@id":"https:\/\/oncubanews.com\/en\/sports\/baseball\/strike-three-how-did-some-cubans-make-it-to-mlb-in-2023\/"},"wordCount":1756,"commentCount":0,"image":{"@id":"https:\/\/oncubanews.com\/en\/sports\/baseball\/strike-three-how-did-some-cubans-make-it-to-mlb-in-2023\/#primaryimage"},"thumbnailUrl":"https:\/\/oncubanews.com\/en\/wp-content\/uploads\/2023\/04\/Miguel-Vargas-750x522-1.jpg","keywords":["cubans in Major League Baseball","Major League Baseball"],"articleSection":["Baseball"],"inLanguage":"en-US","potentialAction":[{"@type":"CommentAction","name":"Comment","target":["https:\/\/oncubanews.com\/en\/sports\/baseball\/strike-three-how-did-some-cubans-make-it-to-mlb-in-2023\/#respond"]}],"copyrightYear":"2023","copyrightHolder":{"@id":"https:\/\/oncubanews.com\/en\/#organization"}},{"@type":"WebPage","@id":"https:\/\/oncubanews.com\/en\/sports\/baseball\/strike-three-how-did-some-cubans-make-it-to-mlb-in-2023\/","url":"https:\/\/oncubanews.com\/en\/sports\/baseball\/strike-three-how-did-some-cubans-make-it-to-mlb-in-2023\/","name":"Strike Three: How did some Cubans make it to MLB in 2023? | OnCubaNews English","isPartOf":{"@id":"https:\/\/oncubanews.com\/en\/#website"},"primaryImageOfPage":{"@id":"https:\/\/oncubanews.com\/en\/sports\/baseball\/strike-three-how-did-some-cubans-make-it-to-mlb-in-2023\/#primaryimage"},"image":{"@id":"https:\/\/oncubanews.com\/en\/sports\/baseball\/strike-three-how-did-some-cubans-make-it-to-mlb-in-2023\/#primaryimage"},"thumbnailUrl":"https:\/\/oncubanews.com\/en\/wp-content\/uploads\/2023\/04\/Miguel-Vargas-750x522-1.jpg","datePublished":"2023-04-09T14:01:07+00:00","author":{"@id":"https:\/\/oncubanews.com\/en\/#\/schema\/person\/bfcd3413847caad0260c75e2aebc8fa2"},"description":"March was crucial for several players from the island who had to shine to be included in the roster of 26 of their respective franchises.","breadcrumb":{"@id":"https:\/\/oncubanews.com\/en\/sports\/baseball\/strike-three-how-did-some-cubans-make-it-to-mlb-in-2023\/#breadcrumb"},"inLanguage":"en-US","potentialAction":[{"@type":"ReadAction","target":["https:\/\/oncubanews.com\/en\/sports\/baseball\/strike-three-how-did-some-cubans-make-it-to-mlb-in-2023\/"]}]},{"@type":"ImageObject","inLanguage":"en-US","@id":"https:\/\/oncubanews.com\/en\/sports\/baseball\/strike-three-how-did-some-cubans-make-it-to-mlb-in-2023\/#primaryimage","url":"https:\/\/oncubanews.com\/en\/wp-content\/uploads\/2023\/04\/Miguel-Vargas-750x522-1.jpg","contentUrl":"https:\/\/oncubanews.com\/en\/wp-content\/uploads\/2023\/04\/Miguel-Vargas-750x522-1.jpg","width":750,"height":522,"caption":"Miguel Vargas began the season with the Dodgers in the Major Leagues. Photo: Mark J. Rebilas\/USA TODAY Sports."},{"@type":"BreadcrumbList","@id":"https:\/\/oncubanews.com\/en\/sports\/baseball\/strike-three-how-did-some-cubans-make-it-to-mlb-in-2023\/#breadcrumb","itemListElement":[{"@type":"ListItem","position":1,"name":"Portada","item":"https:\/\/oncubanews.com\/en\/"},{"@type":"ListItem","position":2,"name":"Strike Three: How did some Cubans make it to MLB in 2023?"}]},{"@type":"WebSite","@id":"https:\/\/oncubanews.com\/en\/#website","url":"https:\/\/oncubanews.com\/en\/","name":"OnCubaNews English","description":"Revista sobre Cuba","potentialAction":[{"@type":"SearchAction","target":{"@type":"EntryPoint","urlTemplate":"https:\/\/oncubanews.com\/en\/?s={search_term_string}"},"query-input":{"@type":"PropertyValueSpecification","valueRequired":true,"valueName":"search_term_string"}}],"inLanguage":"en-US"},{"@type":"Person","@id":"https:\/\/oncubanews.com\/en\/#\/schema\/person\/bfcd3413847caad0260c75e2aebc8fa2","name":"Reinier Gonz\u00e1lez Jr.","image":{"@type":"ImageObject","inLanguage":"en-US","@id":"https:\/\/secure.gravatar.com\/avatar\/4bfcc6e8f6ba4a035d0988698d12f01ad75fcd5cff87c5fded03d5299496dad3?s=96&r=g4131184ac1502ce306c870fdb1dc5cdd","url":"https:\/\/secure.gravatar.com\/avatar\/4bfcc6e8f6ba4a035d0988698d12f01ad75fcd5cff87c5fded03d5299496dad3?s=96&r=g","contentUrl":"https:\/\/secure.gravatar.com\/avatar\/4bfcc6e8f6ba4a035d0988698d12f01ad75fcd5cff87c5fded03d5299496dad3?s=96&r=g","caption":"Reinier Gonz\u00e1lez Jr."},"url":"https:\/\/oncubanews.com\/en\/author\/reinierjr\/"}]}},"authors":[{"term_id":34538,"user_id":12345828,"is_guest":0,"slug":"reinierjr","display_name":"Reinier Gonz\u00e1lez Jr.","avatar_url":"https:\/\/secure.gravatar.com\/avatar\/4bfcc6e8f6ba4a035d0988698d12f01ad75fcd5cff87c5fded03d5299496dad3?s=96&r=g","0":null,"1":"","2":"","3":"","4":"","5":"","6":"","7":"","8":""}],"_links":{"self":[{"href":"https:\/\/oncubanews.com\/en\/wp-json\/wp\/v2\/posts\/267850","targetHints":{"allow":["GET"]}}],"collection":[{"href":"https:\/\/oncubanews.com\/en\/wp-json\/wp\/v2\/posts"}],"about":[{"href":"https:\/\/oncubanews.com\/en\/wp-json\/wp\/v2\/types\/post"}],"author":[{"embeddable":true,"href":"https:\/\/oncubanews.com\/en\/wp-json\/wp\/v2\/users\/12345828"}],"replies":[{"embeddable":true,"href":"https:\/\/oncubanews.com\/en\/wp-json\/wp\/v2\/comments?post=267850"}],"version-history":[{"count":2,"href":"https:\/\/oncubanews.com\/en\/wp-json\/wp\/v2\/posts\/267850\/revisions"}],"predecessor-version":[{"id":267851,"href":"https:\/\/oncubanews.com\/en\/wp-json\/wp\/v2\/posts\/267850\/revisions\/267851"}],"wp:featuredmedia":[{"embeddable":true,"href":"https:\/\/oncubanews.com\/en\/wp-json\/wp\/v2\/media\/267852"}],"wp:attachment":[{"href":"https:\/\/oncubanews.com\/en\/wp-json\/wp\/v2\/media?parent=267850"}],"wp:term":[{"taxonomy":"category","embeddable":true,"href":"https:\/\/oncubanews.com\/en\/wp-json\/wp\/v2\/categories?post=267850"},{"taxonomy":"post_tag","embeddable":true,"href":"https:\/\/oncubanews.com\/en\/wp-json\/wp\/v2\/tags?post=267850"},{"taxonomy":"author","embeddable":true,"href":"https:\/\/oncubanews.com\/en\/wp-json\/wp\/v2\/ppma_author?post=267850"}],"curies":[{"name":"wp","href":"https:\/\/api.w.org\/{rel}","templated":true}]}}