
{"id":267892,"date":"2023-04-10T13:11:36","date_gmt":"2023-04-10T17:11:36","guid":{"rendered":"https:\/\/oncubanews.com\/en\/?p=267892"},"modified":"2023-04-10T13:11:36","modified_gmt":"2023-04-10T17:11:36","slug":"is-a-plan-what-havana-needs-now","status":"publish","type":"post","link":"https:\/\/oncubanews.com\/en\/opinion\/is-a-plan-what-havana-needs-now\/","title":{"rendered":"Is a plan what Havana needs now?"},"content":{"rendered":"<p>The recent evolution of the city of Havana, fragmented, disjointed and disorderly, without clear and agreed objectives, is worrisome.<\/p>\n<p>Each acting subject \u2014 public administrators, businesspeople, citizens\u2026. \u2014 carries out transformation actions without evaluating or taking into account their effects on the urban planning as a whole.<\/p>\n<p>This lack of coherence is very costly for the city: it generates inefficiency in the use of land, deteriorates the environment, mistreats the urban landscape, causes unnecessary expenses and promotes social and territorial inequalities.<\/p>\n<p>It would seem that correcting such problems requires a plan that guides and coordinates growth and transformation. But everything indicates that it is a necessary but not sufficient condition. Just look at the fate of previous plans.<\/p>\n<p>They have been formulated one after the other to be invariably ignored and forgotten. We cannot continue doing the same thing if we want to obtain different results.<\/p>\n<figure id=\"attachment_267895\" aria-describedby=\"caption-attachment-267895\" style=\"width: 1024px\" class=\"wp-caption aligncenter\"><a href=\"https:\/\/oncubanews.com\/en\/wp-content\/uploads\/2023\/04\/Cuba-2022-fotos-Kaloian20-de-enero-de-2022-16-1536x1026-1.jpg\"><img decoding=\"async\" class=\"size-large wp-image-267895\" src=\"https:\/\/oncubanews.com\/en\/wp-content\/uploads\/2023\/04\/Cuba-2022-fotos-Kaloian20-de-enero-de-2022-16-1536x1026-1-1024x684.jpg\" alt=\"\" width=\"1024\" height=\"684\" srcset=\"https:\/\/oncubanews.com\/en\/wp-content\/uploads\/2023\/04\/Cuba-2022-fotos-Kaloian20-de-enero-de-2022-16-1536x1026-1-1024x684.jpg 1024w, https:\/\/oncubanews.com\/en\/wp-content\/uploads\/2023\/04\/Cuba-2022-fotos-Kaloian20-de-enero-de-2022-16-1536x1026-1-300x200.jpg 300w, https:\/\/oncubanews.com\/en\/wp-content\/uploads\/2023\/04\/Cuba-2022-fotos-Kaloian20-de-enero-de-2022-16-1536x1026-1-768x513.jpg 768w, https:\/\/oncubanews.com\/en\/wp-content\/uploads\/2023\/04\/Cuba-2022-fotos-Kaloian20-de-enero-de-2022-16-1536x1026-1-750x501.jpg 750w, https:\/\/oncubanews.com\/en\/wp-content\/uploads\/2023\/04\/Cuba-2022-fotos-Kaloian20-de-enero-de-2022-16-1536x1026-1-1140x761.jpg 1140w, https:\/\/oncubanews.com\/en\/wp-content\/uploads\/2023\/04\/Cuba-2022-fotos-Kaloian20-de-enero-de-2022-16-1536x1026-1.jpg 1536w\" sizes=\"(max-width: 1024px) 100vw, 1024px\" \/><\/a><figcaption id=\"caption-attachment-267895\" class=\"wp-caption-text\">Photo: Kaloian.<\/figcaption><\/figure>\n<p><strong>Not only the goals, but also the path<\/strong><\/p>\n<p>The issue is that it is not enough to formulate general principles and design objectives to be achieved. Ackoff proposed the briefest and most precise definition of what planning is: \u201cdefining objectives and the path to reach them.\u201d It is not enough to state desires, it is necessary to conceive and propose how to achieve them.<\/p>\n<p>It may seem like a truism to say that a plan is formulated to be executed, but harsh and implacable reality shows us that this is not the case. Most have not been fulfilled.<\/p>\n<p><strong>Lessons from the past<\/strong><\/p>\n<p>It would be an absurd and sterile exercise to continue making plans without first drawing some lessons from what has happened with the previous ones.<\/p>\n<p>Executing the plan requires the existence of many other factors. I will try to show those that, in my opinion, are essential and that, if they are not dealt with in a timely manner, make any planning action useless.<\/p>\n<figure id=\"attachment_267896\" aria-describedby=\"caption-attachment-267896\" style=\"width: 1024px\" class=\"wp-caption aligncenter\"><a href=\"https:\/\/oncubanews.com\/en\/wp-content\/uploads\/2023\/04\/Cuba-2022-fotos-Kaloian31-de-diciembre-de-2021-49-1536x1026-1.jpg\"><img decoding=\"async\" class=\"size-large wp-image-267896\" src=\"https:\/\/oncubanews.com\/en\/wp-content\/uploads\/2023\/04\/Cuba-2022-fotos-Kaloian31-de-diciembre-de-2021-49-1536x1026-1-1024x684.jpg\" alt=\"\" width=\"1024\" height=\"684\" srcset=\"https:\/\/oncubanews.com\/en\/wp-content\/uploads\/2023\/04\/Cuba-2022-fotos-Kaloian31-de-diciembre-de-2021-49-1536x1026-1-1024x684.jpg 1024w, https:\/\/oncubanews.com\/en\/wp-content\/uploads\/2023\/04\/Cuba-2022-fotos-Kaloian31-de-diciembre-de-2021-49-1536x1026-1-300x200.jpg 300w, https:\/\/oncubanews.com\/en\/wp-content\/uploads\/2023\/04\/Cuba-2022-fotos-Kaloian31-de-diciembre-de-2021-49-1536x1026-1-768x513.jpg 768w, https:\/\/oncubanews.com\/en\/wp-content\/uploads\/2023\/04\/Cuba-2022-fotos-Kaloian31-de-diciembre-de-2021-49-1536x1026-1-750x501.jpg 750w, https:\/\/oncubanews.com\/en\/wp-content\/uploads\/2023\/04\/Cuba-2022-fotos-Kaloian31-de-diciembre-de-2021-49-1536x1026-1-1140x761.jpg 1140w, https:\/\/oncubanews.com\/en\/wp-content\/uploads\/2023\/04\/Cuba-2022-fotos-Kaloian31-de-diciembre-de-2021-49-1536x1026-1.jpg 1536w\" sizes=\"(max-width: 1024px) 100vw, 1024px\" \/><\/a><figcaption id=\"caption-attachment-267896\" class=\"wp-caption-text\">Photo: Kaloian.<\/figcaption><\/figure>\n<ul>\n<li><strong>Need for assessing studies of previous planning and execution.<\/strong><\/li>\n<\/ul>\n<p>It is essential to carry out a double analytical and self-critical exercise on compliance or non-compliance with the decisions of the current plan and on what has actually been carried out in recent years.<\/p>\n<p>It may be, for example, that the plan determines that the rehabilitation of the existing housing fabric is a priority, avoiding new peripheral growth, but that, on the contrary, all public housing construction initiatives have been carried out in these external areas, occupying new territories and forcing an expensive extension of the urban infrastructure. Why was that? Was it inevitable?<\/p>\n<p>At the same time, it is necessary to analyze what has been the logic of the sectoral plans and the investment process \u2014 both public and private \u2014 and what factors have influenced the real transformations of the city and not others.<\/p>\n<p>It is unavoidable, for example, to critically examine the results of recent urban operations such as the program for the 500th anniversary of the capital, the action program dedicated to vulnerable neighborhoods, the hotel program, the MINFAR housing neighborhoods, or the impact of investments generated by new private ventures, identifying trends, opportunities and threats.<\/p>\n<p>It will also be necessary to examine the reasons why so many subjects \u2014 state or private \u2014 ignore in practice urban regulations and bypass established procedures.<\/p>\n<p>And the analysis must be objective and unbiased because it is possible that the one that is wrong is the plan or that the regulations are not enforceable in the current circumstances. Is it about indiscipline of the executors or insufficiencies of the planning? Or both?<\/p>\n<p>Nor can one ignore the abundant studies and research carried out by various university faculties (Architecture, Economics, Geography, Law, Sociology&#8230;.) that already cover many areas of the city.<\/p>\n<p>When viable proposals have been conceived and designed, articulation with governments has not been easy. Also important is what has been produced in the Science, Technology and Innovation Entities (ECTI) or the proposals for collaborative projects, difficult to coordinate and agree with local governments.<\/p>\n<figure id=\"attachment_267897\" aria-describedby=\"caption-attachment-267897\" style=\"width: 1024px\" class=\"wp-caption aligncenter\"><a href=\"https:\/\/oncubanews.com\/en\/wp-content\/uploads\/2023\/04\/Cuba-2022-fotos-Kaloian20-de-enero-de-2022-15-1536x1051-1.jpg\"><img decoding=\"async\" class=\"size-large wp-image-267897\" src=\"https:\/\/oncubanews.com\/en\/wp-content\/uploads\/2023\/04\/Cuba-2022-fotos-Kaloian20-de-enero-de-2022-15-1536x1051-1-1024x701.jpg\" alt=\"\" width=\"1024\" height=\"701\" srcset=\"https:\/\/oncubanews.com\/en\/wp-content\/uploads\/2023\/04\/Cuba-2022-fotos-Kaloian20-de-enero-de-2022-15-1536x1051-1-1024x701.jpg 1024w, https:\/\/oncubanews.com\/en\/wp-content\/uploads\/2023\/04\/Cuba-2022-fotos-Kaloian20-de-enero-de-2022-15-1536x1051-1-300x205.jpg 300w, https:\/\/oncubanews.com\/en\/wp-content\/uploads\/2023\/04\/Cuba-2022-fotos-Kaloian20-de-enero-de-2022-15-1536x1051-1-768x526.jpg 768w, https:\/\/oncubanews.com\/en\/wp-content\/uploads\/2023\/04\/Cuba-2022-fotos-Kaloian20-de-enero-de-2022-15-1536x1051-1-750x513.jpg 750w, https:\/\/oncubanews.com\/en\/wp-content\/uploads\/2023\/04\/Cuba-2022-fotos-Kaloian20-de-enero-de-2022-15-1536x1051-1-1140x780.jpg 1140w, https:\/\/oncubanews.com\/en\/wp-content\/uploads\/2023\/04\/Cuba-2022-fotos-Kaloian20-de-enero-de-2022-15-1536x1051-1.jpg 1536w\" sizes=\"(max-width: 1024px) 100vw, 1024px\" \/><\/a><figcaption id=\"caption-attachment-267897\" class=\"wp-caption-text\">Photo: Kaloian.<\/figcaption><\/figure>\n<ul>\n<li><strong>Updating regulations and urban approaches (concepts).<\/strong><\/li>\n<\/ul>\n<p>In order to formulate the plan, it is necessary to have updated urban regulations that set the standards of level and quality of life that must be foreseen.<\/p>\n<p>The country has changed enormously both from the demographic point of view (aging, small families&#8230;.) and social and economic aspects.<\/p>\n<p>It is necessary to know what habitability regulations (m2 of housing per family) should be applied, what should be the levels to be achieved in the provision of urban facilities (daycare centers, schools, polyclinics, shops, etc.), what minimum or maximum densities of land occupation and buildability, what surfaces of green and sports areas, etc.<\/p>\n<p>As is obvious, they must be regulations related to the real economic and technological capacities and to the social and cultural characteristics of the city.<\/p>\n<p>On the other hand, technological and cultural changes inevitably affect the approaches and priorities when designing urban transformations. Two concerns stand out, for example, in the new conceptions: social inclusion and sustainability.<\/p>\n<p>Concepts such as the <a href=\"https:\/\/es.wikipedia.org\/wiki\/Ciudad_de_15_minutos\">15-minute city<\/a> or the <a href=\"https:\/\/es.wikipedia.org\/wiki\/Supermanzana\">superblocks<\/a>\u00a0advocate a more equitable distribution of employment, services and green areas that improve the quality of life in the neighborhood, balance the city and, with it, reduce the demand for transportation.<\/p>\n<p>At the same time, a growing sensitivity to environmental problems and climate change calls for a renaturation of the urban fabric (less cement, greener, more shade, less heat&#8230;.) to improve the environmental quality of the city and increase its resilience (ability to recover) in the face of climatic threats. Something very necessary in Havana where a real war against trees seems to have been declared.<\/p>\n<p>The analysis of urban metabolism (flows of materials, energy and information that allow the identification of environmental and social impacts) and the concern for sustainable development (urban regeneration, renaturation, waste management, renewable energies, digital technologies, urban participation\u2026.) are the focus of many of the current concerns of urban planners, which should not make us forget the capital\u2019s two priorities: housing and transportation.<\/p>\n<figure id=\"attachment_267898\" aria-describedby=\"caption-attachment-267898\" style=\"width: 684px\" class=\"wp-caption aligncenter\"><a href=\"https:\/\/oncubanews.com\/en\/wp-content\/uploads\/2023\/04\/Cuba-2022-fotos-Kaloian28-de-enero-de-2022-40-1.jpg\"><img decoding=\"async\" class=\"size-large wp-image-267898\" src=\"https:\/\/oncubanews.com\/en\/wp-content\/uploads\/2023\/04\/Cuba-2022-fotos-Kaloian28-de-enero-de-2022-40-1-684x1024.jpg\" alt=\"\" width=\"684\" height=\"1024\" srcset=\"https:\/\/oncubanews.com\/en\/wp-content\/uploads\/2023\/04\/Cuba-2022-fotos-Kaloian28-de-enero-de-2022-40-1-684x1024.jpg 684w, https:\/\/oncubanews.com\/en\/wp-content\/uploads\/2023\/04\/Cuba-2022-fotos-Kaloian28-de-enero-de-2022-40-1-200x300.jpg 200w, https:\/\/oncubanews.com\/en\/wp-content\/uploads\/2023\/04\/Cuba-2022-fotos-Kaloian28-de-enero-de-2022-40-1-768x1150.jpg 768w, https:\/\/oncubanews.com\/en\/wp-content\/uploads\/2023\/04\/Cuba-2022-fotos-Kaloian28-de-enero-de-2022-40-1-1026x1536.jpg 1026w, https:\/\/oncubanews.com\/en\/wp-content\/uploads\/2023\/04\/Cuba-2022-fotos-Kaloian28-de-enero-de-2022-40-1-750x1123.jpg 750w, https:\/\/oncubanews.com\/en\/wp-content\/uploads\/2023\/04\/Cuba-2022-fotos-Kaloian28-de-enero-de-2022-40-1-1140x1707.jpg 1140w, https:\/\/oncubanews.com\/en\/wp-content\/uploads\/2023\/04\/Cuba-2022-fotos-Kaloian28-de-enero-de-2022-40-1.jpg 1202w\" sizes=\"(max-width: 684px) 100vw, 684px\" \/><\/a><figcaption id=\"caption-attachment-267898\" class=\"wp-caption-text\">Photo: Kaloian.<\/figcaption><\/figure>\n<ul>\n<li><strong>An updated, comprehensive and computerized database.<\/strong><\/li>\n<\/ul>\n<p>It is essential to have adequate information so as not to act blindly. It is necessary to territorially integrate a multitude of sectoral data from various agencies, in particular a decisive aspect: that referred to land management.<\/p>\n<p>It is a priority, for example, to know where the idle land is and to whom it belongs in a city that intends not to grow any further. All the partial assessments indicate that it is a very \u201cporous\u201d fabric, with numerous lots little or not used at all. The calculations suggest that the city can absorb any prospective growth in its own municipalities (including Centro Habana).<\/p>\n<p>It is essential to accurately quantify and locate those unused areas in order to make them available to the city. The same thing happens with the land built on. It is unfortunate to see the degree of overcrowding in many residential buildings, tenement houses and hostels and compare it with the size of numerous offices, warehouses and business and administration premises where there are obviously too many square meters or are even closed. In many cases, they are old, adapted dwellings.<\/p>\n<p>In these circumstances, it is vital to speed up the completion of the urban cadastre, to know the use of urban land in detail and to develop legal and fiscal mechanisms that encourage better use of the land that, after all, constitutes the main asset of the city. For example, data that is not published or analyzed today is essential, such as that accumulated in notaries, referring to real estate sales, or in property registries. This would help to understand real estate market trends and adjust regulations accordingly.<\/p>\n<p>It is also essential to update the 2011 Population and Housing Census in a city with an intense migratory flow from the provinces to it and from it abroad, which has undoubtedly generated profound sociodemographic changes in the last twelve years.<\/p>\n<figure id=\"attachment_267899\" aria-describedby=\"caption-attachment-267899\" style=\"width: 1024px\" class=\"wp-caption aligncenter\"><a href=\"https:\/\/oncubanews.com\/en\/wp-content\/uploads\/2023\/04\/Cuba-2022-fotos-Kaloian28-de-enero-de-2022-30-1536x1026-1.jpg\"><img decoding=\"async\" class=\"size-large wp-image-267899\" src=\"https:\/\/oncubanews.com\/en\/wp-content\/uploads\/2023\/04\/Cuba-2022-fotos-Kaloian28-de-enero-de-2022-30-1536x1026-1-1024x684.jpg\" alt=\"\" width=\"1024\" height=\"684\" srcset=\"https:\/\/oncubanews.com\/en\/wp-content\/uploads\/2023\/04\/Cuba-2022-fotos-Kaloian28-de-enero-de-2022-30-1536x1026-1-1024x684.jpg 1024w, https:\/\/oncubanews.com\/en\/wp-content\/uploads\/2023\/04\/Cuba-2022-fotos-Kaloian28-de-enero-de-2022-30-1536x1026-1-300x200.jpg 300w, https:\/\/oncubanews.com\/en\/wp-content\/uploads\/2023\/04\/Cuba-2022-fotos-Kaloian28-de-enero-de-2022-30-1536x1026-1-768x513.jpg 768w, https:\/\/oncubanews.com\/en\/wp-content\/uploads\/2023\/04\/Cuba-2022-fotos-Kaloian28-de-enero-de-2022-30-1536x1026-1-750x501.jpg 750w, https:\/\/oncubanews.com\/en\/wp-content\/uploads\/2023\/04\/Cuba-2022-fotos-Kaloian28-de-enero-de-2022-30-1536x1026-1-1140x761.jpg 1140w, https:\/\/oncubanews.com\/en\/wp-content\/uploads\/2023\/04\/Cuba-2022-fotos-Kaloian28-de-enero-de-2022-30-1536x1026-1.jpg 1536w\" sizes=\"(max-width: 1024px) 100vw, 1024px\" \/><\/a><figcaption id=\"caption-attachment-267899\" class=\"wp-caption-text\">Photo: Kaloian.<\/figcaption><\/figure>\n<ul>\n<li><strong>An appropriate institutional structure and management style.<\/strong><\/li>\n<\/ul>\n<p>The city requires a group not only for planning but also for managing the plan that is able to coordinate the actions of 15 municipalities, the three levels of administration (national, provincial and municipal) as well as the many ministries.<\/p>\n<p>An authority with sufficient political power is necessary to be able to dialogue and, if necessary, confront ministerial interests and those of the central level to defend those of the city. In this sense, the elimination of the Assembly of Delegates at the city level in the case of Havana does not help either.<\/p>\n<p>How to harmonize and articulate the different development strategies elaborated by the fifteen municipalities?<\/p>\n<p>How to determine what in one municipality is complementary in another?<\/p>\n<p>How to solve problems that are not solvable at the scale of the Havana municipalities \u2014 infrastructure networks, public transportation, just to mention a few aspects, if the border between them is a street \u2014 to top it off, many times the axis of the street \u2014 with very few differences between one sidewalk and another?<\/p>\n<p>An essential issue is the decentralization of institutions. There is a paradox that various agencies \u2014 such as the Institute for Territorial Planning and Urban Planning or the Ministries of Science, Technology and the Environment, of Tourism or of Agriculture \u2014 maintain vertical structures with provincial delegations at the same time that they transfer numerous powers to the municipalities without accompanying them with the human, material and technological resources necessary to be able to comply with those attributions. Today these are very weak entities, not only in planning tasks but also in inspection and control.<\/p>\n<p>Without a reinforcement of these local instances, urban planning is almost impossible, if not useless.<\/p>\n<p>Another decisive issue to resolve is the inability of government entities to think strategically and generate the appropriate structures. The government wears itself out putting out \u201cfires\u201d without being able to prevent and avoid fires. The urgent supplants the important, compromising the future.<\/p>\n<p>Frequent exhausting and ineffective tours are carried out in which solutions are improvised \u201cby hand,\u201d without taking into account studies, economic analyses, plans and expert opinions, only to later have to \u201cpull out.\u201d It seems that the cadres are specialists in making decisions on any matter.<\/p>\n<p>It is necessary to examine whether it is not necessary to give a differentiated treatment to the capital, which is not a mere sum of municipalities.<\/p>\n<p>It would be important to study the different forms of management of capitals in other countries \u2014 Federal Districts, Metropolitan Areas \u2014 as well as their internal political-administrative division.<\/p>\n<p>The municipality of Santiago de Cuba, which contains a city of almost half a million inhabitants and a territory of more than a thousand km2, cannot be treated the same as the municipality of Old Havana, for example, with its four km2 and 80,000 inhabitants.<\/p>\n<figure id=\"attachment_267900\" aria-describedby=\"caption-attachment-267900\" style=\"width: 1024px\" class=\"wp-caption aligncenter\"><a href=\"https:\/\/oncubanews.com\/en\/wp-content\/uploads\/2023\/04\/Cuba-2022-fotos-Kaloian31-de-diciembre-de-2021-27-1536x1026-1.jpg\"><img decoding=\"async\" class=\"size-large wp-image-267900\" src=\"https:\/\/oncubanews.com\/en\/wp-content\/uploads\/2023\/04\/Cuba-2022-fotos-Kaloian31-de-diciembre-de-2021-27-1536x1026-1-1024x684.jpg\" alt=\"\" width=\"1024\" height=\"684\" srcset=\"https:\/\/oncubanews.com\/en\/wp-content\/uploads\/2023\/04\/Cuba-2022-fotos-Kaloian31-de-diciembre-de-2021-27-1536x1026-1-1024x684.jpg 1024w, https:\/\/oncubanews.com\/en\/wp-content\/uploads\/2023\/04\/Cuba-2022-fotos-Kaloian31-de-diciembre-de-2021-27-1536x1026-1-300x200.jpg 300w, https:\/\/oncubanews.com\/en\/wp-content\/uploads\/2023\/04\/Cuba-2022-fotos-Kaloian31-de-diciembre-de-2021-27-1536x1026-1-768x513.jpg 768w, https:\/\/oncubanews.com\/en\/wp-content\/uploads\/2023\/04\/Cuba-2022-fotos-Kaloian31-de-diciembre-de-2021-27-1536x1026-1-750x501.jpg 750w, https:\/\/oncubanews.com\/en\/wp-content\/uploads\/2023\/04\/Cuba-2022-fotos-Kaloian31-de-diciembre-de-2021-27-1536x1026-1-1140x761.jpg 1140w, https:\/\/oncubanews.com\/en\/wp-content\/uploads\/2023\/04\/Cuba-2022-fotos-Kaloian31-de-diciembre-de-2021-27-1536x1026-1.jpg 1536w\" sizes=\"(max-width: 1024px) 100vw, 1024px\" \/><\/a><figcaption id=\"caption-attachment-267900\" class=\"wp-caption-text\">Photo: Kaloian.<\/figcaption><\/figure>\n<ul>\n<li><strong>Mechanisms to create a city\u2019s own investment budget.<\/strong><\/li>\n<\/ul>\n<p>The city\u2019s main asset \u2014 its built and unbuilt public land \u2014 is today in the hands of the sectoral administrations \u2014 the ministries, their delegations and enterprises \u2014 and is managed by them. The city decides almost nothing on this matter, and it is important for it to regain control.<\/p>\n<p>The supposed comparative advantage of Cuba, in terms of the fact that the majority of urban land is publicly owned, vanishes in the face of the reality of that non-territorial but ministerial administration. The city would need to be able to establish a land bank on a metropolitan scale to be able to really direct its development and transformation.<\/p>\n<p>A reform should also be carried out that would expand urban taxation \u2014 taxing, for example, idle land \u2014 and expanding rates and contributions that are currently absolutely insufficient (such as 1% of the land tax).<\/p>\n<p>The city must manage its taxes and provide itself with a budget that is up to the challenges it must face. This is one of the reasons for the urgency to complete the urban cadastre and the valuation of real estate (since it constitutes the tax base). How to tax a land that you don\u2019t know how much it is or who it belongs to? Today, the footage corresponding to each owner, whether state or private, is still unknown, and therefore the value of these properties is unknown.<\/p>\n<p>It is not about raising the tax burden for all citizens but for those private owners or state owners who exceed certain limits. Instead, it would be about forcing large investors to contribute in some way to the financing or construction of social housing or technical infrastructure (as is done all over the world).<\/p>\n<p>Today it is surprising to observe how, in Havana, new and luxurious hotels are inserted in very deteriorated urban fabrics without contributing anything at all to their improvement.<\/p>\n<p>This leads us to insist that it is essential to introduce economic analysis in territorial decisions. I am not aware of an urban plan for the capital that has made a comprehensive assessment of the resources necessary to carry it out.<\/p>\n<p>What feasibility can a plan have with these gaps? The planning is done as if the economic dimension did not exist, which allows formulating any aspiration as legitimate and achievable. It is true that the current monetary and exchange rate chaos does not facilitate such calculations, so as long as inflation is not controlled, and the currency is unified, other ways of providing the plans with a minimum of realism will have to be found.<\/p>\n<p>The city also has other economic potentials that are used throughout the world for public benefit. They may seem like intangible, non-material values, but they are absolutely real and can be transformed into monetary values.<\/p>\n<p>I am referring to the location (a plot in the center cannot have the same value as that in the periphery); urbanization (an already urbanized plot is not the same as one to be developed); or buildability (a plot on which only two floors can be built does not have the same profitability as one on which 20 can be built). These are economic realities that should not be ignored and whose value can be put at the service of the city.<\/p>\n<figure id=\"attachment_267901\" aria-describedby=\"caption-attachment-267901\" style=\"width: 1024px\" class=\"wp-caption aligncenter\"><a href=\"https:\/\/oncubanews.com\/en\/wp-content\/uploads\/2023\/04\/Cuba-2022-fotos-Kaloian22-de-diciembre-de-2021-11-1536x1026-1.jpg\"><img decoding=\"async\" class=\"size-large wp-image-267901\" src=\"https:\/\/oncubanews.com\/en\/wp-content\/uploads\/2023\/04\/Cuba-2022-fotos-Kaloian22-de-diciembre-de-2021-11-1536x1026-1-1024x684.jpg\" alt=\"\" width=\"1024\" height=\"684\" srcset=\"https:\/\/oncubanews.com\/en\/wp-content\/uploads\/2023\/04\/Cuba-2022-fotos-Kaloian22-de-diciembre-de-2021-11-1536x1026-1-1024x684.jpg 1024w, https:\/\/oncubanews.com\/en\/wp-content\/uploads\/2023\/04\/Cuba-2022-fotos-Kaloian22-de-diciembre-de-2021-11-1536x1026-1-300x200.jpg 300w, https:\/\/oncubanews.com\/en\/wp-content\/uploads\/2023\/04\/Cuba-2022-fotos-Kaloian22-de-diciembre-de-2021-11-1536x1026-1-768x513.jpg 768w, https:\/\/oncubanews.com\/en\/wp-content\/uploads\/2023\/04\/Cuba-2022-fotos-Kaloian22-de-diciembre-de-2021-11-1536x1026-1-750x501.jpg 750w, https:\/\/oncubanews.com\/en\/wp-content\/uploads\/2023\/04\/Cuba-2022-fotos-Kaloian22-de-diciembre-de-2021-11-1536x1026-1-1140x761.jpg 1140w, https:\/\/oncubanews.com\/en\/wp-content\/uploads\/2023\/04\/Cuba-2022-fotos-Kaloian22-de-diciembre-de-2021-11-1536x1026-1.jpg 1536w\" sizes=\"(max-width: 1024px) 100vw, 1024px\" \/><\/a><figcaption id=\"caption-attachment-267901\" class=\"wp-caption-text\">Photo: Kaloian.<\/figcaption><\/figure>\n<ul>\n<li><strong>A real political will.<\/strong><\/li>\n<\/ul>\n<p>Last but not least, the essential condition for a plan to be useful is that behind it there is a government that is aware of its need, as well as an administration and citizens that understand that the plan can make compatible and harmonize conflicts, save resources, articulate investments and, ultimately, raise the quality of urban life.<\/p>\n<p>If the plans become academically impeccable documents, but popularly incomprehensible; if they do not respond to the concerns and questions asked by the local government; if they do not become instruments that guide businesspeople, the effort is not worthwhile.<\/p>\n<p>It is necessary to adjust the correlation of forces and achieve the necessary balances between needs and possibilities, between the short and long term, between private and public interests, between efficiency and social justice, between what is urgent and what is important. It is necessary to know and be able to translate the design not only into a physical (constructive) but also a legal (contracts, agreements, tenders&#8230;.) and financial (burdens, incentives&#8230;.) reality.<\/p>\n<p>I will leave pending, for now, a controversial aspect that is difficult to solve throughout the world: finding adequate mechanisms for the participation of citizens and civil society in the formulation of the plan or, at least, in the definition of priorities.<\/p>\n<p>A strong sense of co-responsibility would have to be achieved, but this implies at least two factors: information and training. Without adequate public information and without minimal training on the subject, participation becomes an attractive but manipulative discourse, in fact an alibi to do what has already been decided.<\/p>\n<p>It will be necessary to begin by exploring already existing ways that are not being used adequately: for example, the possibilities offered by current technologies for public consultations and the dissemination of content are considerable, as well as legal regulations already promulgated and not applied in practice, such as the exercise of participatory budgets. It is true that as a team progress is slower, but further is gone&#8230;.<\/p>\n<p>In summary, my personal answer to the initial question is yes, Havana needs a plan, but not just any plan, nor under any condition.<\/p>\n<p>If progress is not made in terms of political will, urban budget, institutional strengthening, database, updating of regulations and capacities for realistic and self-critical analysis, the effort is not worthwhile. The plan may even become a pretext to continue doing more of the same. And these are not the times for it.<\/p>\n<figure id=\"attachment_267902\" aria-describedby=\"caption-attachment-267902\" style=\"width: 1024px\" class=\"wp-caption aligncenter\"><a href=\"https:\/\/oncubanews.com\/en\/wp-content\/uploads\/2023\/04\/Cuba-2022-fotos-Kaloian27-de-diciembre-de-2021-15-1536x1026-1.jpg\"><img decoding=\"async\" class=\"size-large wp-image-267902\" src=\"https:\/\/oncubanews.com\/en\/wp-content\/uploads\/2023\/04\/Cuba-2022-fotos-Kaloian27-de-diciembre-de-2021-15-1536x1026-1-1024x684.jpg\" alt=\"\" width=\"1024\" height=\"684\" srcset=\"https:\/\/oncubanews.com\/en\/wp-content\/uploads\/2023\/04\/Cuba-2022-fotos-Kaloian27-de-diciembre-de-2021-15-1536x1026-1-1024x684.jpg 1024w, https:\/\/oncubanews.com\/en\/wp-content\/uploads\/2023\/04\/Cuba-2022-fotos-Kaloian27-de-diciembre-de-2021-15-1536x1026-1-300x200.jpg 300w, https:\/\/oncubanews.com\/en\/wp-content\/uploads\/2023\/04\/Cuba-2022-fotos-Kaloian27-de-diciembre-de-2021-15-1536x1026-1-768x513.jpg 768w, https:\/\/oncubanews.com\/en\/wp-content\/uploads\/2023\/04\/Cuba-2022-fotos-Kaloian27-de-diciembre-de-2021-15-1536x1026-1-750x501.jpg 750w, https:\/\/oncubanews.com\/en\/wp-content\/uploads\/2023\/04\/Cuba-2022-fotos-Kaloian27-de-diciembre-de-2021-15-1536x1026-1-1140x761.jpg 1140w, https:\/\/oncubanews.com\/en\/wp-content\/uploads\/2023\/04\/Cuba-2022-fotos-Kaloian27-de-diciembre-de-2021-15-1536x1026-1.jpg 1536w\" sizes=\"(max-width: 1024px) 100vw, 1024px\" \/><\/a><figcaption id=\"caption-attachment-267902\" class=\"wp-caption-text\">Photo: Kaloian.<\/figcaption><\/figure>\n","protected":false},"excerpt":{"rendered":"<p>If the plans become academically impeccable documents, but popularly incomprehensible; if they do not respond to the concerns and questions asked by the local government; if they do not become instruments that guide businesspeople, the effort is not worthwhile.<\/p>\n","protected":false},"author":3766,"featured_media":267894,"comment_status":"open","ping_status":"closed","sticky":false,"template":"","format":"standard","meta":{"_acf_changed":false,"jnews-multi-image_gallery":[],"jnews_single_post":[],"jnews_primary_category":[],"jnews_social_meta":[],"jnews_override_counter":[],"footnotes":""},"categories":[14135],"tags":[14971,14872],"ppma_author":[34032],"class_list":["post-267892","post","type-post","status-publish","format-standard","has-post-thumbnail","hentry","category-opinion","tag-cuban-architecture","tag-havana"],"acf":[],"yoast_head":"<!-- This site is optimized with the Yoast SEO plugin v28.3 - https:\/\/yoast.com\/product\/yoast-seo-wordpress\/ -->\n<title>Is a plan what Havana needs now? | OnCubaNews English<\/title>\n<meta name=\"description\" content=\"If the plans become academically impeccable documents, but popularly incomprehensible; if they do not respond to the concerns and questions asked by the local government; if they do not become instruments that guide businesspeople, the effort is not worthwhile.\" \/>\n<meta name=\"robots\" content=\"index, follow, max-snippet:-1, max-image-preview:large, max-video-preview:-1\" \/>\n<link rel=\"canonical\" href=\"https:\/\/oncubanews.com\/en\/opinion\/is-a-plan-what-havana-needs-now\/\" \/>\n<meta property=\"og:locale\" content=\"en_US\" \/>\n<meta property=\"og:type\" content=\"article\" \/>\n<meta property=\"og:title\" content=\"Is a plan what Havana needs now? | OnCubaNews English\" \/>\n<meta property=\"og:description\" content=\"If the plans become academically impeccable documents, but popularly incomprehensible; if they do not respond to the concerns and questions asked by the local government; if they do not become instruments that guide businesspeople, the effort is not worthwhile.\" \/>\n<meta property=\"og:url\" content=\"https:\/\/oncubanews.com\/en\/opinion\/is-a-plan-what-havana-needs-now\/\" \/>\n<meta property=\"og:site_name\" content=\"OnCubaNews English\" \/>\n<meta property=\"article:published_time\" content=\"2023-04-10T17:11:36+00:00\" \/>\n<meta property=\"og:image\" content=\"https:\/\/oncubanews.com\/en\/wp-content\/uploads\/2023\/04\/Cuba-2022-fotos-Kaloian27-de-diciembre-de-2021-16-750x501-1.jpg\" \/>\n\t<meta property=\"og:image:width\" content=\"750\" \/>\n\t<meta property=\"og:image:height\" content=\"501\" \/>\n\t<meta property=\"og:image:type\" content=\"image\/jpeg\" \/>\n<meta name=\"author\" content=\"Carlos Garc\u00eda Pley\u00e1n\" \/>\n<meta name=\"twitter:card\" content=\"summary_large_image\" \/>\n<meta name=\"twitter:label1\" content=\"Written by\" \/>\n\t<meta name=\"twitter:data1\" content=\"Carlos Garc\u00eda Pley\u00e1n\" \/>\n\t<meta name=\"twitter:label2\" content=\"Est. reading time\" \/>\n\t<meta name=\"twitter:data2\" content=\"14 minutes\" \/>\n<script type=\"application\/ld+json\" class=\"yoast-schema-graph\">{\"@context\":\"https:\\\/\\\/schema.org\",\"@graph\":[{\"@type\":\"Article\",\"@id\":\"https:\\\/\\\/oncubanews.com\\\/en\\\/opinion\\\/is-a-plan-what-havana-needs-now\\\/#article\",\"isPartOf\":{\"@id\":\"https:\\\/\\\/oncubanews.com\\\/en\\\/opinion\\\/is-a-plan-what-havana-needs-now\\\/\"},\"author\":{\"name\":\"Carlos Garc\u00eda Pley\u00e1n\",\"@id\":\"https:\\\/\\\/oncubanews.com\\\/en\\\/#\\\/schema\\\/person\\\/f634edcf6cff63166a7173abd57b819c\"},\"headline\":\"Is a plan what Havana needs now?\",\"datePublished\":\"2023-04-10T17:11:36+00:00\",\"mainEntityOfPage\":{\"@id\":\"https:\\\/\\\/oncubanews.com\\\/en\\\/opinion\\\/is-a-plan-what-havana-needs-now\\\/\"},\"wordCount\":2812,\"commentCount\":0,\"image\":{\"@id\":\"https:\\\/\\\/oncubanews.com\\\/en\\\/opinion\\\/is-a-plan-what-havana-needs-now\\\/#primaryimage\"},\"thumbnailUrl\":\"https:\\\/\\\/oncubanews.com\\\/en\\\/wp-content\\\/uploads\\\/2023\\\/04\\\/Cuba-2022-fotos-Kaloian27-de-diciembre-de-2021-16-750x501-1.jpg\",\"keywords\":[\"cuban architecture\",\"Havana\"],\"articleSection\":[\"Opinion\"],\"inLanguage\":\"en-US\",\"potentialAction\":[{\"@type\":\"CommentAction\",\"name\":\"Comment\",\"target\":[\"https:\\\/\\\/oncubanews.com\\\/en\\\/opinion\\\/is-a-plan-what-havana-needs-now\\\/#respond\"]}],\"copyrightYear\":\"2023\",\"copyrightHolder\":{\"@id\":\"https:\\\/\\\/oncubanews.com\\\/en\\\/#organization\"}},{\"@type\":\"WebPage\",\"@id\":\"https:\\\/\\\/oncubanews.com\\\/en\\\/opinion\\\/is-a-plan-what-havana-needs-now\\\/\",\"url\":\"https:\\\/\\\/oncubanews.com\\\/en\\\/opinion\\\/is-a-plan-what-havana-needs-now\\\/\",\"name\":\"Is a plan what Havana needs now? | OnCubaNews English\",\"isPartOf\":{\"@id\":\"https:\\\/\\\/oncubanews.com\\\/en\\\/#website\"},\"primaryImageOfPage\":{\"@id\":\"https:\\\/\\\/oncubanews.com\\\/en\\\/opinion\\\/is-a-plan-what-havana-needs-now\\\/#primaryimage\"},\"image\":{\"@id\":\"https:\\\/\\\/oncubanews.com\\\/en\\\/opinion\\\/is-a-plan-what-havana-needs-now\\\/#primaryimage\"},\"thumbnailUrl\":\"https:\\\/\\\/oncubanews.com\\\/en\\\/wp-content\\\/uploads\\\/2023\\\/04\\\/Cuba-2022-fotos-Kaloian27-de-diciembre-de-2021-16-750x501-1.jpg\",\"datePublished\":\"2023-04-10T17:11:36+00:00\",\"author\":{\"@id\":\"https:\\\/\\\/oncubanews.com\\\/en\\\/#\\\/schema\\\/person\\\/f634edcf6cff63166a7173abd57b819c\"},\"description\":\"If the plans become academically impeccable documents, but popularly incomprehensible; if they do not respond to the concerns and questions asked by the local government; if they do not become instruments that guide businesspeople, the effort is not worthwhile.\",\"breadcrumb\":{\"@id\":\"https:\\\/\\\/oncubanews.com\\\/en\\\/opinion\\\/is-a-plan-what-havana-needs-now\\\/#breadcrumb\"},\"inLanguage\":\"en-US\",\"potentialAction\":[{\"@type\":\"ReadAction\",\"target\":[\"https:\\\/\\\/oncubanews.com\\\/en\\\/opinion\\\/is-a-plan-what-havana-needs-now\\\/\"]}]},{\"@type\":\"ImageObject\",\"inLanguage\":\"en-US\",\"@id\":\"https:\\\/\\\/oncubanews.com\\\/en\\\/opinion\\\/is-a-plan-what-havana-needs-now\\\/#primaryimage\",\"url\":\"https:\\\/\\\/oncubanews.com\\\/en\\\/wp-content\\\/uploads\\\/2023\\\/04\\\/Cuba-2022-fotos-Kaloian27-de-diciembre-de-2021-16-750x501-1.jpg\",\"contentUrl\":\"https:\\\/\\\/oncubanews.com\\\/en\\\/wp-content\\\/uploads\\\/2023\\\/04\\\/Cuba-2022-fotos-Kaloian27-de-diciembre-de-2021-16-750x501-1.jpg\",\"width\":750,\"height\":501,\"caption\":\"Photo: Kaloian.\"},{\"@type\":\"BreadcrumbList\",\"@id\":\"https:\\\/\\\/oncubanews.com\\\/en\\\/opinion\\\/is-a-plan-what-havana-needs-now\\\/#breadcrumb\",\"itemListElement\":[{\"@type\":\"ListItem\",\"position\":1,\"name\":\"Portada\",\"item\":\"https:\\\/\\\/oncubanews.com\\\/en\\\/\"},{\"@type\":\"ListItem\",\"position\":2,\"name\":\"Is a plan what Havana needs now?\"}]},{\"@type\":\"WebSite\",\"@id\":\"https:\\\/\\\/oncubanews.com\\\/en\\\/#website\",\"url\":\"https:\\\/\\\/oncubanews.com\\\/en\\\/\",\"name\":\"OnCubaNews English\",\"description\":\"Revista sobre Cuba\",\"potentialAction\":[{\"@type\":\"SearchAction\",\"target\":{\"@type\":\"EntryPoint\",\"urlTemplate\":\"https:\\\/\\\/oncubanews.com\\\/en\\\/?s={search_term_string}\"},\"query-input\":{\"@type\":\"PropertyValueSpecification\",\"valueRequired\":true,\"valueName\":\"search_term_string\"}}],\"inLanguage\":\"en-US\"},{\"@type\":\"Person\",\"@id\":\"https:\\\/\\\/oncubanews.com\\\/en\\\/#\\\/schema\\\/person\\\/f634edcf6cff63166a7173abd57b819c\",\"name\":\"Carlos Garc\u00eda Pley\u00e1n\",\"image\":{\"@type\":\"ImageObject\",\"inLanguage\":\"en-US\",\"@id\":\"https:\\\/\\\/oncubanews.com\\\/en\\\/wp-content\\\/uploads\\\/2019\\\/07\\\/pley\u00e1n1-96x96.jpg352848c760f99c101af73ce511be4b01\",\"url\":\"https:\\\/\\\/oncubanews.com\\\/en\\\/wp-content\\\/uploads\\\/2019\\\/07\\\/pley\u00e1n1-96x96.jpg\",\"contentUrl\":\"https:\\\/\\\/oncubanews.com\\\/en\\\/wp-content\\\/uploads\\\/2019\\\/07\\\/pley\u00e1n1-96x96.jpg\",\"caption\":\"Carlos Garc\u00eda Pley\u00e1n\"},\"description\":\"Barcelona, 1946. Soci\u00f3logo cubano. Doctor en ciencias t\u00e9cnicas, profesor e investigador titular. Trabaj\u00f3 durante treinta a\u00f1os en el campo del urbanismo y el ordenamiento territorial en el Instituto de Planificaci\u00f3n F\u00edsica y diez en la Agencia Suiza para el Desarrollo y la Cooperaci\u00f3n, COSUDE. Fue profesor en la Universidad Tecnol\u00f3gica de la Habana y la Universidad Polit\u00e9cnica de Catalu\u00f1a en Barcelona.\",\"url\":\"https:\\\/\\\/oncubanews.com\\\/en\\\/author\\\/cgpleyan1\\\/\"}]}<\/script>\n<!-- \/ Yoast SEO plugin. -->","yoast_head_json":{"title":"Is a plan what Havana needs now? | OnCubaNews English","description":"If the plans become academically impeccable documents, but popularly incomprehensible; if they do not respond to the concerns and questions asked by the local government; if they do not become instruments that guide businesspeople, the effort is not worthwhile.","robots":{"index":"index","follow":"follow","max-snippet":"max-snippet:-1","max-image-preview":"max-image-preview:large","max-video-preview":"max-video-preview:-1"},"canonical":"https:\/\/oncubanews.com\/en\/opinion\/is-a-plan-what-havana-needs-now\/","og_locale":"en_US","og_type":"article","og_title":"Is a plan what Havana needs now? | OnCubaNews English","og_description":"If the plans become academically impeccable documents, but popularly incomprehensible; if they do not respond to the concerns and questions asked by the local government; if they do not become instruments that guide businesspeople, the effort is not worthwhile.","og_url":"https:\/\/oncubanews.com\/en\/opinion\/is-a-plan-what-havana-needs-now\/","og_site_name":"OnCubaNews English","article_published_time":"2023-04-10T17:11:36+00:00","og_image":[{"width":750,"height":501,"url":"https:\/\/oncubanews.com\/en\/wp-content\/uploads\/2023\/04\/Cuba-2022-fotos-Kaloian27-de-diciembre-de-2021-16-750x501-1.jpg","type":"image\/jpeg"}],"author":"Carlos Garc\u00eda Pley\u00e1n","twitter_card":"summary_large_image","twitter_misc":{"Written by":"Carlos Garc\u00eda Pley\u00e1n","Est. reading time":"14 minutes"},"schema":{"@context":"https:\/\/schema.org","@graph":[{"@type":"Article","@id":"https:\/\/oncubanews.com\/en\/opinion\/is-a-plan-what-havana-needs-now\/#article","isPartOf":{"@id":"https:\/\/oncubanews.com\/en\/opinion\/is-a-plan-what-havana-needs-now\/"},"author":{"name":"Carlos Garc\u00eda Pley\u00e1n","@id":"https:\/\/oncubanews.com\/en\/#\/schema\/person\/f634edcf6cff63166a7173abd57b819c"},"headline":"Is a plan what Havana needs now?","datePublished":"2023-04-10T17:11:36+00:00","mainEntityOfPage":{"@id":"https:\/\/oncubanews.com\/en\/opinion\/is-a-plan-what-havana-needs-now\/"},"wordCount":2812,"commentCount":0,"image":{"@id":"https:\/\/oncubanews.com\/en\/opinion\/is-a-plan-what-havana-needs-now\/#primaryimage"},"thumbnailUrl":"https:\/\/oncubanews.com\/en\/wp-content\/uploads\/2023\/04\/Cuba-2022-fotos-Kaloian27-de-diciembre-de-2021-16-750x501-1.jpg","keywords":["cuban architecture","Havana"],"articleSection":["Opinion"],"inLanguage":"en-US","potentialAction":[{"@type":"CommentAction","name":"Comment","target":["https:\/\/oncubanews.com\/en\/opinion\/is-a-plan-what-havana-needs-now\/#respond"]}],"copyrightYear":"2023","copyrightHolder":{"@id":"https:\/\/oncubanews.com\/en\/#organization"}},{"@type":"WebPage","@id":"https:\/\/oncubanews.com\/en\/opinion\/is-a-plan-what-havana-needs-now\/","url":"https:\/\/oncubanews.com\/en\/opinion\/is-a-plan-what-havana-needs-now\/","name":"Is a plan what Havana needs now? | OnCubaNews English","isPartOf":{"@id":"https:\/\/oncubanews.com\/en\/#website"},"primaryImageOfPage":{"@id":"https:\/\/oncubanews.com\/en\/opinion\/is-a-plan-what-havana-needs-now\/#primaryimage"},"image":{"@id":"https:\/\/oncubanews.com\/en\/opinion\/is-a-plan-what-havana-needs-now\/#primaryimage"},"thumbnailUrl":"https:\/\/oncubanews.com\/en\/wp-content\/uploads\/2023\/04\/Cuba-2022-fotos-Kaloian27-de-diciembre-de-2021-16-750x501-1.jpg","datePublished":"2023-04-10T17:11:36+00:00","author":{"@id":"https:\/\/oncubanews.com\/en\/#\/schema\/person\/f634edcf6cff63166a7173abd57b819c"},"description":"If the plans become academically impeccable documents, but popularly incomprehensible; if they do not respond to the concerns and questions asked by the local government; if they do not become instruments that guide businesspeople, the effort is not worthwhile.","breadcrumb":{"@id":"https:\/\/oncubanews.com\/en\/opinion\/is-a-plan-what-havana-needs-now\/#breadcrumb"},"inLanguage":"en-US","potentialAction":[{"@type":"ReadAction","target":["https:\/\/oncubanews.com\/en\/opinion\/is-a-plan-what-havana-needs-now\/"]}]},{"@type":"ImageObject","inLanguage":"en-US","@id":"https:\/\/oncubanews.com\/en\/opinion\/is-a-plan-what-havana-needs-now\/#primaryimage","url":"https:\/\/oncubanews.com\/en\/wp-content\/uploads\/2023\/04\/Cuba-2022-fotos-Kaloian27-de-diciembre-de-2021-16-750x501-1.jpg","contentUrl":"https:\/\/oncubanews.com\/en\/wp-content\/uploads\/2023\/04\/Cuba-2022-fotos-Kaloian27-de-diciembre-de-2021-16-750x501-1.jpg","width":750,"height":501,"caption":"Photo: Kaloian."},{"@type":"BreadcrumbList","@id":"https:\/\/oncubanews.com\/en\/opinion\/is-a-plan-what-havana-needs-now\/#breadcrumb","itemListElement":[{"@type":"ListItem","position":1,"name":"Portada","item":"https:\/\/oncubanews.com\/en\/"},{"@type":"ListItem","position":2,"name":"Is a plan what Havana needs now?"}]},{"@type":"WebSite","@id":"https:\/\/oncubanews.com\/en\/#website","url":"https:\/\/oncubanews.com\/en\/","name":"OnCubaNews English","description":"Revista sobre Cuba","potentialAction":[{"@type":"SearchAction","target":{"@type":"EntryPoint","urlTemplate":"https:\/\/oncubanews.com\/en\/?s={search_term_string}"},"query-input":{"@type":"PropertyValueSpecification","valueRequired":true,"valueName":"search_term_string"}}],"inLanguage":"en-US"},{"@type":"Person","@id":"https:\/\/oncubanews.com\/en\/#\/schema\/person\/f634edcf6cff63166a7173abd57b819c","name":"Carlos Garc\u00eda Pley\u00e1n","image":{"@type":"ImageObject","inLanguage":"en-US","@id":"https:\/\/oncubanews.com\/en\/wp-content\/uploads\/2019\/07\/pley\u00e1n1-96x96.jpg352848c760f99c101af73ce511be4b01","url":"https:\/\/oncubanews.com\/en\/wp-content\/uploads\/2019\/07\/pley\u00e1n1-96x96.jpg","contentUrl":"https:\/\/oncubanews.com\/en\/wp-content\/uploads\/2019\/07\/pley\u00e1n1-96x96.jpg","caption":"Carlos Garc\u00eda Pley\u00e1n"},"description":"Barcelona, 1946. Soci\u00f3logo cubano. Doctor en ciencias t\u00e9cnicas, profesor e investigador titular. Trabaj\u00f3 durante treinta a\u00f1os en el campo del urbanismo y el ordenamiento territorial en el Instituto de Planificaci\u00f3n F\u00edsica y diez en la Agencia Suiza para el Desarrollo y la Cooperaci\u00f3n, COSUDE. Fue profesor en la Universidad Tecnol\u00f3gica de la Habana y la Universidad Polit\u00e9cnica de Catalu\u00f1a en Barcelona.","url":"https:\/\/oncubanews.com\/en\/author\/cgpleyan1\/"}]}},"authors":[{"term_id":34032,"user_id":3766,"is_guest":0,"slug":"cgpleyan1","display_name":"Carlos Garc\u00eda Pley\u00e1n","avatar_url":"https:\/\/oncubanews.com\/en\/wp-content\/uploads\/2019\/07\/pley\u00e1n1-96x96.jpg","author_category":"","last_name":"Garc\u00eda Pley\u00e1n","first_name":"Carlos","job_title":"","user_url":"","description":"Barcelona, 1946. Soci\u00f3logo cubano. Doctor en ciencias t\u00e9cnicas, profesor e investigador titular. Trabaj\u00f3 durante treinta a\u00f1os en el campo del urbanismo y el ordenamiento territorial en el Instituto de Planificaci\u00f3n F\u00edsica y diez en la Agencia Suiza para el Desarrollo y la Cooperaci\u00f3n, COSUDE. Fue profesor en la Universidad Tecnol\u00f3gica de la Habana y la Universidad Polit\u00e9cnica de Catalu\u00f1a en Barcelona."}],"_links":{"self":[{"href":"https:\/\/oncubanews.com\/en\/wp-json\/wp\/v2\/posts\/267892","targetHints":{"allow":["GET"]}}],"collection":[{"href":"https:\/\/oncubanews.com\/en\/wp-json\/wp\/v2\/posts"}],"about":[{"href":"https:\/\/oncubanews.com\/en\/wp-json\/wp\/v2\/types\/post"}],"author":[{"embeddable":true,"href":"https:\/\/oncubanews.com\/en\/wp-json\/wp\/v2\/users\/3766"}],"replies":[{"embeddable":true,"href":"https:\/\/oncubanews.com\/en\/wp-json\/wp\/v2\/comments?post=267892"}],"version-history":[{"count":2,"href":"https:\/\/oncubanews.com\/en\/wp-json\/wp\/v2\/posts\/267892\/revisions"}],"predecessor-version":[{"id":267903,"href":"https:\/\/oncubanews.com\/en\/wp-json\/wp\/v2\/posts\/267892\/revisions\/267903"}],"wp:featuredmedia":[{"embeddable":true,"href":"https:\/\/oncubanews.com\/en\/wp-json\/wp\/v2\/media\/267894"}],"wp:attachment":[{"href":"https:\/\/oncubanews.com\/en\/wp-json\/wp\/v2\/media?parent=267892"}],"wp:term":[{"taxonomy":"category","embeddable":true,"href":"https:\/\/oncubanews.com\/en\/wp-json\/wp\/v2\/categories?post=267892"},{"taxonomy":"post_tag","embeddable":true,"href":"https:\/\/oncubanews.com\/en\/wp-json\/wp\/v2\/tags?post=267892"},{"taxonomy":"author","embeddable":true,"href":"https:\/\/oncubanews.com\/en\/wp-json\/wp\/v2\/ppma_author?post=267892"}],"curies":[{"name":"wp","href":"https:\/\/api.w.org\/{rel}","templated":true}]}}