
{"id":26946,"date":"2014-04-22T20:56:48","date_gmt":"2014-04-22T20:56:48","guid":{"rendered":"http:\/\/www.oncubamagazine.com\/?p=26946"},"modified":"2014-04-23T21:02:44","modified_gmt":"2014-04-23T21:02:44","slug":"the-icaic-is-obsolete-alfredo-guevara","status":"publish","type":"post","link":"https:\/\/oncubanews.com\/en\/culture\/the-icaic-is-obsolete-alfredo-guevara\/","title":{"rendered":"The ICAIC is obsolete: Alfredo Guevara"},"content":{"rendered":"<p style=\"text-align: justify;\">If anyone doubted it, there is documentary evidence that Alfredo Guevara died convinced of ICAIC\u2019s obsolescence. He said it, weeks before he died, and did it with the moral authority that gave the founding of the institution whose reform they demand today vehemently and although may be uncomfortable , many good people of Cuban cinema.<\/p>\n<p style=\"text-align: justify;\">Above the right and wrong, Guevara revealed his position in an interview filmed by Xavier D&#8217; Arthuys and Ariel Felipe Wood last year. The editor Miriam Talavera took several fragments and put them together a audiovisual exhibited on Monday in the Festival House, where they presented the book &#8220;Homage to Alfredo Guevara &#8220;.<\/p>\n<p style=\"text-align: justify;\">The text included the transcription of these fragments, which are breathtaking just a week after a heated discussion in the Congress of the Union of Writers and Artists of Cuba (UNEAC) with regard to a long longed Film Law. Proponents of the legislation considered it urgent, while the government estimated that the country has other legislative priorities.<\/p>\n<p style=\"text-align: justify;\">Anyway, Guevara argues that technological revolution, especially the digital revolution resolved wonderful many of the most complex film production problems, and requires a new structure, a new design of the role of the state in the direction of film work, understanding it not as a direct command, but as helping to &#8220;contribute to the movies being makeable.\u201d<\/p>\n<p style=\"text-align: justify;\">The strength and relevance of such criteria almost stole the show at the launch of the book itself , and the announcement of this year&#8217;s Festival of New Latin American Cinema would be dedicated to one of its founders , the recently deceased Colombian writer Gabriel Garc\u00eda M\u00e1rquez.<\/p>\n<p style=\"text-align: justify;\">Before making this news public, Ivan Giroud , President of the Festival , reported it to the widow of Gabo, Mercedes Barcha , and his sons Rodrigo and Gonzalo. The initiative was met with a standing ovation in the crowded Yelin room at the Festival House, where old friends of Guevara gathered to remember his imprint.<\/p>\n<p style=\"text-align: justify;\">Some arrived with the skepticism that these characters that everyone speaks well, unbearably immaculate, generate but thankfully the book was more interested in the human being than his legend, and his reading leaves a candid portrait and unsweetened from the testimony of personalities that were very close to Alfredo, as Eusebio Leal, Manolo P\u00e9rez Paredes and Ignacio Ramonet.<\/p>\n<p style=\"text-align: justify;\">Undoubtedly an interesting edition, the result of collective evocation made one morning last December in the Glauber Rocha room of the Foundation of New Latin American Cinema, to remind the man of the everlasting jacket over his shoulders, still from Beyond strives in leading, as only he knew and could do<\/p>\n","protected":false},"excerpt":{"rendered":"<p>If anyone doubted it, there is documentary evidence that Alfredo Guevara died convinced of ICAIC\u2019s obsolescence. He said it, weeks before he died, and did it with the moral authority that gave the founding of the institution whose reform they demand today vehemently and although may be uncomfortable , many good people of Cuban cinema. [&hellip;]<\/p>\n","protected":false},"author":1726,"featured_media":26879,"comment_status":"open","ping_status":"closed","sticky":false,"template":"","format":"standard","meta":{"_acf_changed":false,"footnotes":""},"categories":[33],"tags":[277,4454],"ppma_author":[33630],"class_list":["post-26946","post","type-post","status-publish","format-standard","has-post-thumbnail","hentry","category-culture","tag-alfredo-guevara-en","tag-icaic-en"],"acf":[],"yoast_head":"<!-- This site is optimized with the Yoast SEO plugin v27.3 - https:\/\/yoast.com\/product\/yoast-seo-wordpress\/ -->\n<title>The ICAIC is obsolete: Alfredo Guevara | OnCubaNews English<\/title>\n<meta name=\"robots\" content=\"index, follow, max-snippet:-1, max-image-preview:large, max-video-preview:-1\" \/>\n<link rel=\"canonical\" href=\"https:\/\/oncubanews.com\/en\/culture\/the-icaic-is-obsolete-alfredo-guevara\/\" \/>\n<meta property=\"og:locale\" content=\"en_US\" \/>\n<meta property=\"og:type\" content=\"article\" \/>\n<meta property=\"og:title\" content=\"The ICAIC is obsolete: Alfredo Guevara | OnCubaNews English\" \/>\n<meta property=\"og:description\" content=\"If anyone doubted it, there is documentary evidence that Alfredo Guevara died convinced of ICAIC\u2019s obsolescence. He said it, weeks before he died, and did it with the moral authority that gave the founding of the institution whose reform they demand today vehemently and although may be uncomfortable , many good people of Cuban cinema. [&hellip;]\" \/>\n<meta property=\"og:url\" content=\"https:\/\/oncubanews.com\/en\/culture\/the-icaic-is-obsolete-alfredo-guevara\/\" \/>\n<meta property=\"og:site_name\" content=\"OnCubaNews English\" \/>\n<meta property=\"article:published_time\" content=\"2014-04-22T20:56:48+00:00\" \/>\n<meta property=\"article:modified_time\" content=\"2014-04-23T21:02:44+00:00\" \/>\n<meta property=\"og:image\" content=\"https:\/\/oncubanews.com\/en\/wp-content\/uploads\/2014\/04\/P210414_15.jpg\" \/>\n\t<meta property=\"og:image:width\" content=\"620\" \/>\n\t<meta property=\"og:image:height\" content=\"340\" \/>\n\t<meta property=\"og:image:type\" content=\"image\/jpeg\" \/>\n<meta name=\"author\" content=\"Charly Morales Valido\" \/>\n<meta name=\"twitter:card\" content=\"summary_large_image\" \/>\n<meta name=\"twitter:label1\" content=\"Written by\" \/>\n\t<meta name=\"twitter:data1\" content=\"Charly Morales Valido\" \/>\n\t<meta name=\"twitter:label2\" content=\"Est. reading time\" \/>\n\t<meta name=\"twitter:data2\" content=\"2 minutes\" \/>\n<script type=\"application\/ld+json\" class=\"yoast-schema-graph\">{\"@context\":\"https:\\\/\\\/schema.org\",\"@graph\":[{\"@type\":\"Article\",\"@id\":\"https:\\\/\\\/oncubanews.com\\\/en\\\/culture\\\/the-icaic-is-obsolete-alfredo-guevara\\\/#article\",\"isPartOf\":{\"@id\":\"https:\\\/\\\/oncubanews.com\\\/en\\\/culture\\\/the-icaic-is-obsolete-alfredo-guevara\\\/\"},\"author\":{\"name\":\"Charly Morales Valido\",\"@id\":\"https:\\\/\\\/oncubanews.com\\\/en\\\/#\\\/schema\\\/person\\\/aa4427b2ff2047b72ffbf623eaed0d3d\"},\"headline\":\"The ICAIC is obsolete: Alfredo Guevara\",\"datePublished\":\"2014-04-22T20:56:48+00:00\",\"dateModified\":\"2014-04-23T21:02:44+00:00\",\"mainEntityOfPage\":{\"@id\":\"https:\\\/\\\/oncubanews.com\\\/en\\\/culture\\\/the-icaic-is-obsolete-alfredo-guevara\\\/\"},\"wordCount\":438,\"commentCount\":0,\"image\":{\"@id\":\"https:\\\/\\\/oncubanews.com\\\/en\\\/culture\\\/the-icaic-is-obsolete-alfredo-guevara\\\/#primaryimage\"},\"thumbnailUrl\":\"https:\\\/\\\/oncubanews.com\\\/en\\\/wp-content\\\/uploads\\\/2014\\\/04\\\/P210414_15.jpg\",\"keywords\":[\"Alfredo Guevara\",\"ICAIC\"],\"articleSection\":[\"Culture\"],\"inLanguage\":\"en-US\",\"potentialAction\":[{\"@type\":\"CommentAction\",\"name\":\"Comment\",\"target\":[\"https:\\\/\\\/oncubanews.com\\\/en\\\/culture\\\/the-icaic-is-obsolete-alfredo-guevara\\\/#respond\"]}],\"copyrightYear\":\"2014\",\"copyrightHolder\":{\"@id\":\"https:\\\/\\\/oncubanews.com\\\/en\\\/#organization\"}},{\"@type\":\"WebPage\",\"@id\":\"https:\\\/\\\/oncubanews.com\\\/en\\\/culture\\\/the-icaic-is-obsolete-alfredo-guevara\\\/\",\"url\":\"https:\\\/\\\/oncubanews.com\\\/en\\\/culture\\\/the-icaic-is-obsolete-alfredo-guevara\\\/\",\"name\":\"The ICAIC is obsolete: Alfredo Guevara | OnCubaNews English\",\"isPartOf\":{\"@id\":\"https:\\\/\\\/oncubanews.com\\\/en\\\/#website\"},\"primaryImageOfPage\":{\"@id\":\"https:\\\/\\\/oncubanews.com\\\/en\\\/culture\\\/the-icaic-is-obsolete-alfredo-guevara\\\/#primaryimage\"},\"image\":{\"@id\":\"https:\\\/\\\/oncubanews.com\\\/en\\\/culture\\\/the-icaic-is-obsolete-alfredo-guevara\\\/#primaryimage\"},\"thumbnailUrl\":\"https:\\\/\\\/oncubanews.com\\\/en\\\/wp-content\\\/uploads\\\/2014\\\/04\\\/P210414_15.jpg\",\"datePublished\":\"2014-04-22T20:56:48+00:00\",\"dateModified\":\"2014-04-23T21:02:44+00:00\",\"author\":{\"@id\":\"https:\\\/\\\/oncubanews.com\\\/en\\\/#\\\/schema\\\/person\\\/aa4427b2ff2047b72ffbf623eaed0d3d\"},\"breadcrumb\":{\"@id\":\"https:\\\/\\\/oncubanews.com\\\/en\\\/culture\\\/the-icaic-is-obsolete-alfredo-guevara\\\/#breadcrumb\"},\"inLanguage\":\"en-US\",\"potentialAction\":[{\"@type\":\"ReadAction\",\"target\":[\"https:\\\/\\\/oncubanews.com\\\/en\\\/culture\\\/the-icaic-is-obsolete-alfredo-guevara\\\/\"]}]},{\"@type\":\"ImageObject\",\"inLanguage\":\"en-US\",\"@id\":\"https:\\\/\\\/oncubanews.com\\\/en\\\/culture\\\/the-icaic-is-obsolete-alfredo-guevara\\\/#primaryimage\",\"url\":\"https:\\\/\\\/oncubanews.com\\\/en\\\/wp-content\\\/uploads\\\/2014\\\/04\\\/P210414_15.jpg\",\"contentUrl\":\"https:\\\/\\\/oncubanews.com\\\/en\\\/wp-content\\\/uploads\\\/2014\\\/04\\\/P210414_15.jpg\",\"width\":620,\"height\":340},{\"@type\":\"BreadcrumbList\",\"@id\":\"https:\\\/\\\/oncubanews.com\\\/en\\\/culture\\\/the-icaic-is-obsolete-alfredo-guevara\\\/#breadcrumb\",\"itemListElement\":[{\"@type\":\"ListItem\",\"position\":1,\"name\":\"Portada\",\"item\":\"https:\\\/\\\/oncubanews.com\\\/en\\\/\"},{\"@type\":\"ListItem\",\"position\":2,\"name\":\"The ICAIC is obsolete: Alfredo Guevara\"}]},{\"@type\":\"WebSite\",\"@id\":\"https:\\\/\\\/oncubanews.com\\\/en\\\/#website\",\"url\":\"https:\\\/\\\/oncubanews.com\\\/en\\\/\",\"name\":\"OnCubaNews English\",\"description\":\"Revista sobre Cuba\",\"potentialAction\":[{\"@type\":\"SearchAction\",\"target\":{\"@type\":\"EntryPoint\",\"urlTemplate\":\"https:\\\/\\\/oncubanews.com\\\/en\\\/?s={search_term_string}\"},\"query-input\":{\"@type\":\"PropertyValueSpecification\",\"valueRequired\":true,\"valueName\":\"search_term_string\"}}],\"inLanguage\":\"en-US\"},{\"@type\":\"Person\",\"@id\":\"https:\\\/\\\/oncubanews.com\\\/en\\\/#\\\/schema\\\/person\\\/aa4427b2ff2047b72ffbf623eaed0d3d\",\"name\":\"Charly Morales Valido\",\"image\":{\"@type\":\"ImageObject\",\"inLanguage\":\"en-US\",\"@id\":\"https:\\\/\\\/oncubanews.com\\\/wp-content\\\/uploads\\\/2014\\\/05\\\/Charly-Morales-Valido_avatar_1401216291-96x96.jpg2d33a7e761a82ae63d41f72b56effd3d\",\"url\":\"https:\\\/\\\/oncubanews.com\\\/wp-content\\\/uploads\\\/2014\\\/05\\\/Charly-Morales-Valido_avatar_1401216291-96x96.jpg\",\"contentUrl\":\"https:\\\/\\\/oncubanews.com\\\/wp-content\\\/uploads\\\/2014\\\/05\\\/Charly-Morales-Valido_avatar_1401216291-96x96.jpg\",\"caption\":\"Charly Morales Valido\"},\"description\":\"Mientras los dem\u00e1s ni\u00f1os quer\u00edan ser cosmonautas, m\u00e9dicos o peloteros, Charly so\u00f1aba con ser periodista. Ahora de \u201cgrande\u201d quiere ser de todo menos eso, pero sospecho que es el maldito periodista que lleva en vena, que quiere saber de todo para de todo escribir\u2026 Se cree m\u00e1s honesto que objetivo: no cree en la objetividad, porque la objetividad tampoco cree en \u00e9l.\",\"url\":\"https:\\\/\\\/oncubanews.com\\\/en\\\/author\\\/charly\\\/\"}]}<\/script>\n<!-- \/ Yoast SEO plugin. -->","yoast_head_json":{"title":"The ICAIC is obsolete: Alfredo Guevara | OnCubaNews English","robots":{"index":"index","follow":"follow","max-snippet":"max-snippet:-1","max-image-preview":"max-image-preview:large","max-video-preview":"max-video-preview:-1"},"canonical":"https:\/\/oncubanews.com\/en\/culture\/the-icaic-is-obsolete-alfredo-guevara\/","og_locale":"en_US","og_type":"article","og_title":"The ICAIC is obsolete: Alfredo Guevara | OnCubaNews English","og_description":"If anyone doubted it, there is documentary evidence that Alfredo Guevara died convinced of ICAIC\u2019s obsolescence. He said it, weeks before he died, and did it with the moral authority that gave the founding of the institution whose reform they demand today vehemently and although may be uncomfortable , many good people of Cuban cinema. [&hellip;]","og_url":"https:\/\/oncubanews.com\/en\/culture\/the-icaic-is-obsolete-alfredo-guevara\/","og_site_name":"OnCubaNews English","article_published_time":"2014-04-22T20:56:48+00:00","article_modified_time":"2014-04-23T21:02:44+00:00","og_image":[{"width":620,"height":340,"url":"https:\/\/oncubanews.com\/en\/wp-content\/uploads\/2014\/04\/P210414_15.jpg","type":"image\/jpeg"}],"author":"Charly Morales Valido","twitter_card":"summary_large_image","twitter_misc":{"Written by":"Charly Morales Valido","Est. reading time":"2 minutes"},"schema":{"@context":"https:\/\/schema.org","@graph":[{"@type":"Article","@id":"https:\/\/oncubanews.com\/en\/culture\/the-icaic-is-obsolete-alfredo-guevara\/#article","isPartOf":{"@id":"https:\/\/oncubanews.com\/en\/culture\/the-icaic-is-obsolete-alfredo-guevara\/"},"author":{"name":"Charly Morales Valido","@id":"https:\/\/oncubanews.com\/en\/#\/schema\/person\/aa4427b2ff2047b72ffbf623eaed0d3d"},"headline":"The ICAIC is obsolete: Alfredo Guevara","datePublished":"2014-04-22T20:56:48+00:00","dateModified":"2014-04-23T21:02:44+00:00","mainEntityOfPage":{"@id":"https:\/\/oncubanews.com\/en\/culture\/the-icaic-is-obsolete-alfredo-guevara\/"},"wordCount":438,"commentCount":0,"image":{"@id":"https:\/\/oncubanews.com\/en\/culture\/the-icaic-is-obsolete-alfredo-guevara\/#primaryimage"},"thumbnailUrl":"https:\/\/oncubanews.com\/en\/wp-content\/uploads\/2014\/04\/P210414_15.jpg","keywords":["Alfredo Guevara","ICAIC"],"articleSection":["Culture"],"inLanguage":"en-US","potentialAction":[{"@type":"CommentAction","name":"Comment","target":["https:\/\/oncubanews.com\/en\/culture\/the-icaic-is-obsolete-alfredo-guevara\/#respond"]}],"copyrightYear":"2014","copyrightHolder":{"@id":"https:\/\/oncubanews.com\/en\/#organization"}},{"@type":"WebPage","@id":"https:\/\/oncubanews.com\/en\/culture\/the-icaic-is-obsolete-alfredo-guevara\/","url":"https:\/\/oncubanews.com\/en\/culture\/the-icaic-is-obsolete-alfredo-guevara\/","name":"The ICAIC is obsolete: Alfredo Guevara | OnCubaNews English","isPartOf":{"@id":"https:\/\/oncubanews.com\/en\/#website"},"primaryImageOfPage":{"@id":"https:\/\/oncubanews.com\/en\/culture\/the-icaic-is-obsolete-alfredo-guevara\/#primaryimage"},"image":{"@id":"https:\/\/oncubanews.com\/en\/culture\/the-icaic-is-obsolete-alfredo-guevara\/#primaryimage"},"thumbnailUrl":"https:\/\/oncubanews.com\/en\/wp-content\/uploads\/2014\/04\/P210414_15.jpg","datePublished":"2014-04-22T20:56:48+00:00","dateModified":"2014-04-23T21:02:44+00:00","author":{"@id":"https:\/\/oncubanews.com\/en\/#\/schema\/person\/aa4427b2ff2047b72ffbf623eaed0d3d"},"breadcrumb":{"@id":"https:\/\/oncubanews.com\/en\/culture\/the-icaic-is-obsolete-alfredo-guevara\/#breadcrumb"},"inLanguage":"en-US","potentialAction":[{"@type":"ReadAction","target":["https:\/\/oncubanews.com\/en\/culture\/the-icaic-is-obsolete-alfredo-guevara\/"]}]},{"@type":"ImageObject","inLanguage":"en-US","@id":"https:\/\/oncubanews.com\/en\/culture\/the-icaic-is-obsolete-alfredo-guevara\/#primaryimage","url":"https:\/\/oncubanews.com\/en\/wp-content\/uploads\/2014\/04\/P210414_15.jpg","contentUrl":"https:\/\/oncubanews.com\/en\/wp-content\/uploads\/2014\/04\/P210414_15.jpg","width":620,"height":340},{"@type":"BreadcrumbList","@id":"https:\/\/oncubanews.com\/en\/culture\/the-icaic-is-obsolete-alfredo-guevara\/#breadcrumb","itemListElement":[{"@type":"ListItem","position":1,"name":"Portada","item":"https:\/\/oncubanews.com\/en\/"},{"@type":"ListItem","position":2,"name":"The ICAIC is obsolete: Alfredo Guevara"}]},{"@type":"WebSite","@id":"https:\/\/oncubanews.com\/en\/#website","url":"https:\/\/oncubanews.com\/en\/","name":"OnCubaNews English","description":"Revista sobre Cuba","potentialAction":[{"@type":"SearchAction","target":{"@type":"EntryPoint","urlTemplate":"https:\/\/oncubanews.com\/en\/?s={search_term_string}"},"query-input":{"@type":"PropertyValueSpecification","valueRequired":true,"valueName":"search_term_string"}}],"inLanguage":"en-US"},{"@type":"Person","@id":"https:\/\/oncubanews.com\/en\/#\/schema\/person\/aa4427b2ff2047b72ffbf623eaed0d3d","name":"Charly Morales Valido","image":{"@type":"ImageObject","inLanguage":"en-US","@id":"https:\/\/oncubanews.com\/wp-content\/uploads\/2014\/05\/Charly-Morales-Valido_avatar_1401216291-96x96.jpg2d33a7e761a82ae63d41f72b56effd3d","url":"https:\/\/oncubanews.com\/wp-content\/uploads\/2014\/05\/Charly-Morales-Valido_avatar_1401216291-96x96.jpg","contentUrl":"https:\/\/oncubanews.com\/wp-content\/uploads\/2014\/05\/Charly-Morales-Valido_avatar_1401216291-96x96.jpg","caption":"Charly Morales Valido"},"description":"Mientras los dem\u00e1s ni\u00f1os quer\u00edan ser cosmonautas, m\u00e9dicos o peloteros, Charly so\u00f1aba con ser periodista. Ahora de \u201cgrande\u201d quiere ser de todo menos eso, pero sospecho que es el maldito periodista que lleva en vena, que quiere saber de todo para de todo escribir\u2026 Se cree m\u00e1s honesto que objetivo: no cree en la objetividad, porque la objetividad tampoco cree en \u00e9l.","url":"https:\/\/oncubanews.com\/en\/author\/charly\/"}]}},"authors":[{"term_id":33630,"user_id":1726,"is_guest":0,"slug":"charly","display_name":"Charly Morales Valido","avatar_url":"https:\/\/oncubanews.com\/wp-content\/uploads\/2014\/05\/Charly-Morales-Valido_avatar_1401216291-96x96.jpg","0":null,"1":"","2":"","3":"","4":"","5":"","6":"","7":"","8":""}],"_links":{"self":[{"href":"https:\/\/oncubanews.com\/en\/wp-json\/wp\/v2\/posts\/26946","targetHints":{"allow":["GET"]}}],"collection":[{"href":"https:\/\/oncubanews.com\/en\/wp-json\/wp\/v2\/posts"}],"about":[{"href":"https:\/\/oncubanews.com\/en\/wp-json\/wp\/v2\/types\/post"}],"author":[{"embeddable":true,"href":"https:\/\/oncubanews.com\/en\/wp-json\/wp\/v2\/users\/1726"}],"replies":[{"embeddable":true,"href":"https:\/\/oncubanews.com\/en\/wp-json\/wp\/v2\/comments?post=26946"}],"version-history":[{"count":0,"href":"https:\/\/oncubanews.com\/en\/wp-json\/wp\/v2\/posts\/26946\/revisions"}],"wp:featuredmedia":[{"embeddable":true,"href":"https:\/\/oncubanews.com\/en\/wp-json\/wp\/v2\/media\/26879"}],"wp:attachment":[{"href":"https:\/\/oncubanews.com\/en\/wp-json\/wp\/v2\/media?parent=26946"}],"wp:term":[{"taxonomy":"category","embeddable":true,"href":"https:\/\/oncubanews.com\/en\/wp-json\/wp\/v2\/categories?post=26946"},{"taxonomy":"post_tag","embeddable":true,"href":"https:\/\/oncubanews.com\/en\/wp-json\/wp\/v2\/tags?post=26946"},{"taxonomy":"author","embeddable":true,"href":"https:\/\/oncubanews.com\/en\/wp-json\/wp\/v2\/ppma_author?post=26946"}],"curies":[{"name":"wp","href":"https:\/\/api.w.org\/{rel}","templated":true}]}}