
{"id":273415,"date":"2023-07-31T20:15:26","date_gmt":"2023-08-01T00:15:26","guid":{"rendered":"https:\/\/oncubanews.com\/en\/?p=273415"},"modified":"2023-08-01T17:00:33","modified_gmt":"2023-08-01T21:00:33","slug":"racialized-women-the-lost-key-in-the-chest-of-inequalities","status":"publish","type":"post","link":"https:\/\/oncubanews.com\/en\/opinion\/columns\/migrant-words\/racialized-women-the-lost-key-in-the-chest-of-inequalities\/","title":{"rendered":"Racialized women, the lost key in the chest of inequalities"},"content":{"rendered":"<p><span style=\"font-weight: 400;\">Femicide monopolizes the discussions on gender-based violence, as it is its extreme and irreversible expression. It is the type of violence that takes (almost) all the spotlight of the media and feminist activism. Among the analyzes on gender inequality, physical violence has also taken center stage with increasing intensity.<\/span><\/p>\n<p><span style=\"font-weight: 400;\">This emphasis leaves at least two problems unresolved: 1) neglect of structural and veiled inequalities that produce gender-based violence and femicide, and 2) neglect of other social conditions that aggravate the problem of gender-based violence beyond this variable (\u201crace,\u201d territory, sexual orientation, poverty or class status, gender identity, age, disability, etc.).<\/span><\/p>\n<p><span style=\"font-weight: 400;\">A white woman from Havana, with her own assets and educated, will not have the same social experience as a black woman from a rural area who has not completed her studies and who, devoid of resources, has settled in the capital in search of economic improvements. Or that of a woman from the Guant\u00e1namo countryside, with four or more dependent children, for which she had to drop out of school and dedicate herself to working at home. Or that of a black trans woman, affected by employment discrimination due to her image, and who has an elderly person under her responsibility and care.<\/span><\/p>\n<figure id=\"attachment_278533\" aria-describedby=\"caption-attachment-278533\" style=\"width: 1536px\" class=\"wp-caption aligncenter\"><a href=\"https:\/\/oncubanews.com\/en\/wp-content\/uploads\/2023\/07\/Afrodescendiente-foto-Kalo-3-1536x1186-1.jpg\"><img loading=\"lazy\" decoding=\"async\" class=\"size-full wp-image-278533\" src=\"https:\/\/oncubanews.com\/en\/wp-content\/uploads\/2023\/07\/Afrodescendiente-foto-Kalo-3-1536x1186-1.jpg\" alt=\"\" width=\"1536\" height=\"1186\" srcset=\"https:\/\/oncubanews.com\/en\/wp-content\/uploads\/2023\/07\/Afrodescendiente-foto-Kalo-3-1536x1186-1.jpg 1536w, https:\/\/oncubanews.com\/en\/wp-content\/uploads\/2023\/07\/Afrodescendiente-foto-Kalo-3-1536x1186-1-300x232.jpg 300w, https:\/\/oncubanews.com\/en\/wp-content\/uploads\/2023\/07\/Afrodescendiente-foto-Kalo-3-1536x1186-1-1024x791.jpg 1024w, https:\/\/oncubanews.com\/en\/wp-content\/uploads\/2023\/07\/Afrodescendiente-foto-Kalo-3-1536x1186-1-768x593.jpg 768w, https:\/\/oncubanews.com\/en\/wp-content\/uploads\/2023\/07\/Afrodescendiente-foto-Kalo-3-1536x1186-1-750x579.jpg 750w, https:\/\/oncubanews.com\/en\/wp-content\/uploads\/2023\/07\/Afrodescendiente-foto-Kalo-3-1536x1186-1-1140x880.jpg 1140w\" sizes=\"auto, (max-width: 1536px) 100vw, 1536px\" \/><\/a><figcaption id=\"caption-attachment-278533\" class=\"wp-caption-text\">Photo: Kaloian.<\/figcaption><\/figure>\n<p><span style=\"font-weight: 400;\">They are just examples that illustrate the variety of women we are and who make up Cuban society. However, we are confined to a single category that should \u201cdefine\u201d us (that of being women) but that fails to represent the plurality of inequalities that constitute us.<\/span><\/p>\n<p><span style=\"font-weight: 400;\">Each of the women mentioned can experience situations of gender-based violence within the framework of their interpersonal relationships. But, in addition, each one can be, in a particular way, vulnerable to discrimination and violence committed by institutions, employers and public servants. We are not only talking about explicitly discriminatory or violent actions, but also omissions in the fulfillment of obligations or in the guarantee of rights, subtle violence, etc.<\/span><\/p>\n<p><span style=\"font-weight: 400;\">Even the way in which we classify violence (economic, physical, sexual, psychological) makes us stop paying attention to problems that, precisely because of structuring this violence, are veiled. In the \u201cviolencemeters,\u201d femicide and other extreme gender-based crimes always occupy the tip of the iceberg, but below that visible peak the violence and discrimination that sustain it are \u201chidden.\u201d<\/span><\/p>\n<p><span style=\"font-weight: 400;\">That is why talking about structural gender-based violence means analyzing the living conditions of women and the performance \u2014 or not \u2014 of other social actors involved in them from the root; that is, from the base of the iceberg. In these plots, factors such as skin color or \u201crace\u201d affect the intensification of inequality or gender-based violence.<\/span><\/p>\n<p><b>White women and racialized women in Cuba<\/b><\/p>\n<p><span style=\"font-weight: 400;\">A study <\/span><a href=\"http:\/\/scielo.sld.cu\/scielo.php?pid=S2308-01322017000200011&amp;script=sci_abstract\" target=\"_blank\" rel=\"noopener\"><span style=\"font-weight: 400;\">published<\/span><\/a><span style=\"font-weight: 400;\"> in 2017 showed that the eastern provinces had the highest gender inequality indices (GII) in Cuba, with an average of 0.328, surpassing the central and western regions with 0.303 and 0.253, respectively. The eastern region of Cuba is the one that concentrates the largest number of Afro-descendant women in the country, therefore, the low index of gender equality verified expresses that the situation is disadvantageous for a majority of Cuban racialized women.<\/span><sup><b>1<\/b><\/sup><\/p>\n<p><span style=\"font-weight: 400;\">In this sense, the calculation of the index shows that, beyond being based exclusively on gender, we are facing a problem conditioned by the variables \u201crace\u201d and territory.<\/span><\/p>\n<p><span style=\"font-weight: 400;\">The eastern provinces are also the main source locations for internal migrant women, according to the National Migration Survey (ONEI, 2017). Specifically, non-white women are the ones with the greatest mobility within the country (especially black women), with an accentuated displacement towards urban areas in search of economic, labor or training improvements.<\/span><\/p>\n<p><span style=\"font-weight: 400;\">It means that there is a considerable proportion of Afro-descendant women in Cuba who, due to their situation of mobility, are more vulnerable since they do not have guaranteed basic conditions such as a roof or a decent job.<\/span><\/p>\n<blockquote class=\"wp-embedded-content\" data-secret=\"Xan7jlHDsc\"><p><a href=\"https:\/\/oncubanews.com\/en\/cuba\/afro-descendant-women-in-cuba-and-the-task-of-reorganization-i\/\">Afro-descendant women in Cuba and the Task of Reorganization (I)<\/a><\/p><\/blockquote>\n<p><iframe loading=\"lazy\" class=\"wp-embedded-content\" sandbox=\"allow-scripts\" security=\"restricted\" style=\"position: absolute; clip: rect(1px, 1px, 1px, 1px);\" title=\"&#8220;Afro-descendant women in Cuba and the Task of Reorganization (I)&#8221; &#8212; OnCubaNews English\" src=\"https:\/\/oncubanews.com\/en\/cuba\/afro-descendant-women-in-cuba-and-the-task-of-reorganization-i\/embed\/#?secret=hhlwjzFoj0#?secret=Xan7jlHDsc\" data-secret=\"Xan7jlHDsc\" width=\"500\" height=\"282\" frameborder=\"0\" marginwidth=\"0\" marginheight=\"0\" scrolling=\"no\"><\/iframe><\/p>\n<p><span style=\"font-weight: 400;\">For its part, the unemployment rate shown by the 2016 Population Census by Skin Color<\/span><sup><b>2<\/b><\/sup><span style=\"font-weight: 400;\"> indicates that, in general, the racialized population (mestizo and black) is at a slight disadvantage, mainly mestizo women, whose unemployment rises to 4.4%, against the 3.3 and 3.0% shown for white and black women respectively.<\/span><\/p>\n<p><span style=\"font-weight: 400;\">White women hold more leadership and management positions at all levels of the economy, and black and mixed-race women, in greater proportion, hold unskilled or service positions. However, the unequal distribution in higher-paid jobs is not based on educational levels.<\/span><\/p>\n<p><span style=\"font-weight: 400;\">According to the same census report, black women are the ones that complete their university studies in the highest proportion with 15.01%; while white women do so with 12.92% and mixed-race women with 12.05%. Therefore, inequalities in terms of professional positions do not have to do with a lack of qualification, but with racial and gender-based biases.<\/span><\/p>\n<figure id=\"attachment_278532\" aria-describedby=\"caption-attachment-278532\" style=\"width: 1536px\" class=\"wp-caption aligncenter\"><a href=\"https:\/\/oncubanews.com\/en\/wp-content\/uploads\/2023\/07\/Afrodescendiente-foto-Kalo-1-1536x1153-1.jpg\"><img loading=\"lazy\" decoding=\"async\" class=\"size-full wp-image-278532\" src=\"https:\/\/oncubanews.com\/en\/wp-content\/uploads\/2023\/07\/Afrodescendiente-foto-Kalo-1-1536x1153-1.jpg\" alt=\"\" width=\"1536\" height=\"1153\" srcset=\"https:\/\/oncubanews.com\/en\/wp-content\/uploads\/2023\/07\/Afrodescendiente-foto-Kalo-1-1536x1153-1.jpg 1536w, https:\/\/oncubanews.com\/en\/wp-content\/uploads\/2023\/07\/Afrodescendiente-foto-Kalo-1-1536x1153-1-300x225.jpg 300w, https:\/\/oncubanews.com\/en\/wp-content\/uploads\/2023\/07\/Afrodescendiente-foto-Kalo-1-1536x1153-1-1024x769.jpg 1024w, https:\/\/oncubanews.com\/en\/wp-content\/uploads\/2023\/07\/Afrodescendiente-foto-Kalo-1-1536x1153-1-768x577.jpg 768w, https:\/\/oncubanews.com\/en\/wp-content\/uploads\/2023\/07\/Afrodescendiente-foto-Kalo-1-1536x1153-1-750x563.jpg 750w, https:\/\/oncubanews.com\/en\/wp-content\/uploads\/2023\/07\/Afrodescendiente-foto-Kalo-1-1536x1153-1-1140x856.jpg 1140w\" sizes=\"auto, (max-width: 1536px) 100vw, 1536px\" \/><\/a><figcaption id=\"caption-attachment-278532\" class=\"wp-caption-text\">Photo: Kaloian.<\/figcaption><\/figure>\n<p><span style=\"font-weight: 400;\">According to some studies, in Cuba racialized women swell the numbers of <\/span><a href=\"http:\/\/scielo.sld.cu\/scielo.php?script=sci_arttext&amp;pid=S2308-01322021000100015\" target=\"_blank\" rel=\"noopener\"><span style=\"font-weight: 400;\">informal employment<\/span><\/a><span style=\"font-weight: 400;\">. For example, they are the majority in street vending, caring for the elderly, caring for bathrooms, and cleaning houses and businesses.<\/span><sup><b>3<\/b><\/sup><span style=\"font-weight: 400;\"> And in self-employment, they are more employed in cleaning, domestic hygiene, cooking, and other jobs.<\/span><sup><b>4<\/b><\/sup><\/p>\n<p><span style=\"font-weight: 400;\">Similarly, <\/span><a href=\"https:\/\/oncubanews.com\/en\/cuba\/afro-descendant-women-in-cuba-and-the-task-of-reorganization-i\/\" target=\"_blank\" rel=\"noopener\"><span style=\"font-weight: 400;\">Afro-descendant women in Cuba<\/span><\/a><span style=\"font-weight: 400;\"> receive fewer remittances, travel abroad to a lesser extent, have fewer savings and, in general, have less access to foreign currency. Considering that the Cuban economy is partially dollarized, we are in the face of a deep socioeconomic disadvantage.<\/span><\/p>\n<p><span style=\"font-weight: 400;\">In the 2012 Population and Housing Census, households headed by single women (divorced, separated, single, and widows) represented 62.8% of the total number of single heads of households, against 37.2% of men. Considering the color of their skin, black women concentrated a proportion of 49.1% of single heads of households, against 40.9% and 39.5% of mestizo and white women, respectively. The difference between these groups is significant.<\/span><\/p>\n<p><span style=\"font-weight: 400;\">Households headed by single women represent for them a more intense effort to reproduce life and to provide; in addition, an extra load of physical and mental work, considering the traditional gender roles, the sexist biases in the labor market and, being black women, the racist discrimination to which they are exposed even in their own communities. The care crisis in Cuba is probably affecting women of color the most.<\/span><\/p>\n<p><span style=\"font-weight: 400;\">Added to this is the fact that black families tend to live in overcrowded conditions, in smaller house-rooms, in makeshift housing, with worse infrastructure, less access to water, and greater use of shared bathrooms, which affects quality of life and health (Population and housing census according to skin color, 2016).<\/span><\/p>\n<p><b>Structural violence: racialized women and trans-racialized women<\/b><\/p>\n<p><span style=\"font-weight: 400;\">Living conditions according to skin color indisputably determine life expectancy; hence, non-white women in Cuba present accentuated and great disadvantages in their ability to survive in relation to white women and even white men.<\/span><\/p>\n<p><span style=\"font-weight: 400;\">Afro-descendant women have a <\/span><a href=\"http:\/\/scielo.sld.cu\/scielo.php?script=sci_arttext&amp;pid=S0864-34662020000200017\" target=\"_blank\" rel=\"noopener\"><span style=\"font-weight: 400;\">life expectancy at birth<\/span><\/a><span style=\"font-weight: 400;\"> of 76.78 years; white men 77.07 and white women 80.93. The situation worsens more when it comes to racialized women residing in rural areas.<\/span><\/p>\n<p><span style=\"font-weight: 400;\">The maxim that \u201cwomen live longer than men\u201d does not make sense in the reality of racialized women in Cuba.<\/span><\/p>\n<p><span style=\"font-weight: 400;\">According to the Cuban Observatory on Gender Equality, the child fertility rate (10-14 years) experienced a slight rise from 2015 (1.2 births per 1,000 live births) to 2020 (1.6). By province, Camag\u00fcey, Las Tunas, Holgu\u00edn, Granma, Santiago de Cuba and Guant\u00e1namo stood out among those with the highest premature fertility, exceeding the rate of 2 births\/1,000.<\/span><\/p>\n<p><span style=\"font-weight: 400;\">Teenage fertility between 15 and 19 years old was also around 50 births between 2015 and 2020; and the incidence in the eastern provinces is repeated, drawing attention to Granma, which exceeded 70 births to mothers between 15 and 19 years of age for every 1,000 live births.<\/span><\/p>\n<p><span style=\"font-weight: 400;\">Therefore, child and teenage fertility show its highest levels in the eastern region of the country, higher rates in rural areas than in urban areas, and black and mixed-race adolescents are <\/span><a href=\"http:\/\/scielo.sld.cu\/scielo.php?script=sci_arttext&amp;pid=S1817-40782019000200130\" target=\"_blank\" rel=\"noopener\"><span style=\"font-weight: 400;\">the most affected<\/span><\/a><span style=\"font-weight: 400;\"> by the phenomenon; especially black women, for whom the gender gaps and inequalities are accentuated taking into account the level of schooling (from 0 to 7 grades), school dropout, being \u201chousewives,\u201d living in rural areas and in the eastern provinces. Consequently, it is racialized young women who tend to have the highest rates of <\/span><a href=\"http:\/\/scielo.sld.cu\/scielo.php?script=sci_arttext&amp;pid=S1817-40782014000200004\" target=\"_blank\" rel=\"noopener\"><span style=\"font-weight: 400;\">maternal mortality<\/span><\/a><span style=\"font-weight: 400;\">.<\/span><\/p>\n<p><span style=\"font-weight: 400;\">The 2019 Multiple Conglomerate Indicator Survey verified that, in the group of Cuban women aged between 20 and 24 years, 4.8% were married or in a stable relationship before their 15th birthday; 29.4% before the age of 18. In both cases, the proportion was ostensibly higher in rural areas (7% before the age of 15 and 38.2% before the age of 18) than in urban areas. It has been mentioned in other works that these figures are comparable to early unions and child marriages in Latin America and the Caribbean.<\/span><\/p>\n<p><span style=\"font-weight: 400;\">The latest National Survey on Gender Equality (ENIG, 2016) showed that racialized women between the ages of 15 and 74 had been affected to a greater extent by gender-based violence in their intimate relationships during the 12 months prior to the survey: 28.2% of the mixed-race women, against 26.1% of the black women and 26.1% of the white women.<\/span><\/p>\n<p><span style=\"font-weight: 400;\">Once again, racialized women, girls and teenagers or residents of rural territories are more exposed to structural gender-based violence.<\/span><\/p>\n<p><span style=\"font-weight: 400;\">It was estimated in 2017 that the <\/span><a href=\"https:\/\/pdfs.semanticscholar.org\/0c78\/2c44885a57c44cb5da80ec38d371b3df92bb.pdf?_ga=2.169269286.645609854.1627926509-887567696.1627926509\" target=\"_blank\" rel=\"noopener\"><span style=\"font-weight: 400;\">trans population<\/span><\/a><span style=\"font-weight: 400;\"> in Cuba stood at around 3,500. The data is not precise due to the invisibility of these communities in the official censuses. The majority are white trans women but with an overrepresentation of black trans women in proportion to each racial group.<\/span><\/p>\n<p><span style=\"font-weight: 400;\">Of this universe, 92.6% reach the highest level of instruction in secondary education and only 2.8% manage to graduate from a higher level. Regarding employment, 39.9% of trans people are linked to study or work, while 43% are looking for work.<\/span><\/p>\n<p><span style=\"font-weight: 400;\">In terms of gender-based violence, the figures are alarming: 47.8% received physical attacks by their partners during the year prior to the study, 57.8% were victims of sexual violence and 96.5% of psychological violence.<\/span><\/p>\n<figure id=\"attachment_278531\" aria-describedby=\"caption-attachment-278531\" style=\"width: 1536px\" class=\"wp-caption aligncenter\"><a href=\"https:\/\/oncubanews.com\/en\/wp-content\/uploads\/2023\/07\/Afrodescendiente-foto-Kalo-2-1536x881-1.jpg\"><img loading=\"lazy\" decoding=\"async\" class=\"size-full wp-image-278531\" src=\"https:\/\/oncubanews.com\/en\/wp-content\/uploads\/2023\/07\/Afrodescendiente-foto-Kalo-2-1536x881-1.jpg\" alt=\"\" width=\"1536\" height=\"881\" srcset=\"https:\/\/oncubanews.com\/en\/wp-content\/uploads\/2023\/07\/Afrodescendiente-foto-Kalo-2-1536x881-1.jpg 1536w, https:\/\/oncubanews.com\/en\/wp-content\/uploads\/2023\/07\/Afrodescendiente-foto-Kalo-2-1536x881-1-300x172.jpg 300w, https:\/\/oncubanews.com\/en\/wp-content\/uploads\/2023\/07\/Afrodescendiente-foto-Kalo-2-1536x881-1-1024x587.jpg 1024w, https:\/\/oncubanews.com\/en\/wp-content\/uploads\/2023\/07\/Afrodescendiente-foto-Kalo-2-1536x881-1-768x441.jpg 768w, https:\/\/oncubanews.com\/en\/wp-content\/uploads\/2023\/07\/Afrodescendiente-foto-Kalo-2-1536x881-1-750x430.jpg 750w, https:\/\/oncubanews.com\/en\/wp-content\/uploads\/2023\/07\/Afrodescendiente-foto-Kalo-2-1536x881-1-1140x654.jpg 1140w\" sizes=\"auto, (max-width: 1536px) 100vw, 1536px\" \/><\/a><figcaption id=\"caption-attachment-278531\" class=\"wp-caption-text\">Photo: Kaloian.<\/figcaption><\/figure>\n<p><b>The role of institutions<\/b><\/p>\n<p><span style=\"font-weight: 400;\">In a <\/span><a href=\"https:\/\/biblioteca-repositorio.clacso.edu.ar\/handle\/CLACSO\/248517\" target=\"_blank\" rel=\"noopener\"><span style=\"font-weight: 400;\">recent publication<\/span><\/a><span style=\"font-weight: 400;\">, Dr. Mar\u00eda del Carmen Zabala pointed out the lack of social research from an intersectional approach in Cuba, with gender being the category with the greatest presence. However, in those where gender and \u201crace\u201d were intertwined, the disadvantages of black and mestizo women were concentrated in: greater poverty with the intergenerational transmission; increased social vulnerability; less access to education; fewer opportunities in the self-employed sector and less survival capacity (life expectancy).<\/span><\/p>\n<p><span style=\"font-weight: 400;\">The absence of intersections between gender and gender identity, \u201crace,\u201d age, class\/poverty, and territory, among others, is repeated in official censuses and surveys. The recently launched Gender Observatory itself occludes skin color (except in cases of femicide) as a marker to be analyzed simultaneously with gender, despite the fact that the racialized population is in the worst conditions.<\/span><\/p>\n<p><span style=\"font-weight: 400;\">We are in the face of a qualitative overdiagnosis of the problem of poverty, inequality and structural violence that weigh on racialized women in Cuba (including trans women). Academic centers have been alerting exhaustively about the situation, despite the low intersectionality of the studies. However, there is a gap between this over diagnosis and the official data, which do not consider the problem and, consequently, this lack threatens the development of public policies that effectively address them.<\/span><\/p>\n<p><span style=\"font-weight: 400;\">For the elaboration of this work, I have had to resort to the censuses and surveys of more than ten years ago due to lack of current figures. The data may have aged, but without public policies,<\/span><sup><b>5<\/b><\/sup><span style=\"font-weight: 400;\"> living conditions have hardly improved. With the <\/span><a href=\"https:\/\/oncubanews.com\/en\/cuba\/gender\/womens-day-and-the-femicide-crisis-in-cuba\/\" target=\"_blank\" rel=\"noopener\"><span style=\"font-weight: 400;\">crises that have occurred<\/span><\/a><span style=\"font-weight: 400;\">, it is most likely that they have worsened.<\/span><\/p>\n<p><span style=\"font-weight: 400;\">In <\/span><a href=\"https:\/\/drive.google.com\/file\/d\/1nqiQREUS_i756__SFpb4JHGFDs8feMXs\/view\" target=\"_blank\" rel=\"noopener\"><span style=\"font-weight: 400;\">other texts<\/span><\/a><sup><b>6<\/b><\/sup><span style=\"font-weight: 400;\"> I have mentioned the need for a specific division of labor for the problems that racialized women present in Cuba today, both in the Federation of Cuban Women (FMC) \u2014 the women\u2019s advancement mechanism in the country \u2014 and in Parliament itself, where a work commission focused on discrimination and raciality could be created. It should also be a target in the Programs against racial discrimination and women\u2019s advancement. Social policies and affirmative actions are urgently needed for these sectors.<\/span><\/p>\n<p><span style=\"font-weight: 400;\">At the same time, the exchange and recognition with anti-racist organizations and activisms from feminisms and from the articulation of black women is vital. An approach to the realities of precariousness of racialized and rural sectors is a starting point of the first order, with the focus on their women, including gender and sex-dissident women.<\/span><\/p>\n<p><span style=\"font-weight: 400;\">For institutional responses to be of quality and effectiveness, they have to resemble the problems they are intended to solve. Programs like EspuM\u00e1s, which consists of supporting the creation of laundry cooperatives for Cuban women, have no place in communities with poor water and infrastructure. Therefore, in order to develop solutions, dialogue with the communities and recognition of their self-management and self-determination are necessary; including the participation of projects and initiatives with an anti-racist vocation or inspired by black feminism.<\/span><\/p>\n<p><span style=\"font-weight: 400;\">On one occasion when I was publishing <\/span><a href=\"https:\/\/oncubanews.com\/en\/cuba\/afro-descendant-women-in-cuba-and-the-task-of-reorganization-i\/\" target=\"_blank\" rel=\"noopener\"><span style=\"font-weight: 400;\">an analysis<\/span><\/a><span style=\"font-weight: 400;\"> of the situation of Cuban women of African descent during the pandemic, a reader of my column questioned me if black women \u201cwere invalids.\u201d The answer is no. Quite the opposite. As we have seen, Cuban racialized women carry the weight of their nation\u2019s poverty on their backs.<\/span><\/p>\n<p><span style=\"font-weight: 400;\">\u00a0<\/span><\/p>\n<p><span style=\"font-weight: 400;\">________________________________________<\/span><\/p>\n<p><i><span style=\"font-weight: 400;\">Notes:<\/span><\/i><\/p>\n<p><sup><b>1<\/b><\/sup><span style=\"font-weight: 400;\"> Racialized populations are those assimilated as non-white and are not strictly Afro-descendants, but rather include indigenous and Asian populations and their descendants. However, the latest censuses in Cuba have replaced the term \u201crace\u201d with \u201cskin color.\u201d It is worth adding that, however, \u201cskin color\u201d is an insufficient category to pertinently identify the processes of racialization and the phenomena of social inclusion-exclusion of these populations.<\/span><\/p>\n<p><span style=\"font-weight: 400;\">In Cuba, in the first censuses of the colonial period, the classification of \u201cWhites\u201d and \u201cNon-whites\u201d was used, distinguishing within the latter the \u201cFree\u201d and \u201cSlaves,\u201d in turn classified as \u201cBlacks\u201d and \u201cMulattos\u201d or \u201cBrowns.\u201d In the 1899 Census, the \u201cAsian, Yellow or Chinese\u201d was included. Already for the censuses carried out in the 21st century, it was taken into account that people with \u201cyellow\u201d skin color were not significant from a statistical point of view, which is why they were included within the \u201cMestizo or Mulatto\u201d population (similarly occurred with the descendants of indigenous groups, despite referring to them as extinct). In short, since then the denomination of \u201cMulatto or Mestizo\u201d was established for those whose skin color is not considered \u201cWhite\u201d or \u201cBlack\u201d (Population and Housing Census according to skin color, 2016, p. 9).<\/span><\/p>\n<p><span style=\"font-weight: 400;\">For the above reasons, in the text, I refer to women and\/or racialized populations to name those who suffer processes of discrimination and social marginalization as a result of racism. I understand, in turn, that Afro-descendant women are racialized women. For that reason and because of the ambiguity and imprecision of the census classifications, I use the term women of color as the equivalent of women of African descent, and vice versa.<\/span><\/p>\n<p><sup><b>2<\/b><\/sup><span style=\"font-weight: 400;\"> The population and housing census based on skin color was carried out with information from the 2012 population and housing census.<\/span><\/p>\n<p><sup><b>3<\/b><\/sup><span style=\"font-weight: 400;\"> Fundora, G. (2016). Mujeres negras cubanas: entre la renovaci\u00f3n del modelo socio-econ\u00f3mico y la reproducci\u00f3n de la configuraci\u00f3n cultural. <\/span><i><span style=\"font-weight: 400;\">Estudios del Desarrollo Social: Cuba y Am\u00e9rica Latina<\/span><\/i><span style=\"font-weight: 400;\">, 4 (4), Extraordinary Issue, 271-295<\/span><\/p>\n<p><span style=\"font-weight: 400;\">Romay, Z. (2014) <\/span><i><span style=\"font-weight: 400;\">Elogio de la altea o las paradojas de la racialidad<\/span><\/i><span style=\"font-weight: 400;\">. Casa de las Am\u00e9ricas Publishing Fund.<\/span><\/p>\n<p><sup><b>4<\/b><\/sup><span style=\"font-weight: 400;\"> Pa\u00f1ellas, D. (2017). El cuentapropismo en Cuba. Proyecciones sobre su evoluci\u00f3n e impacto socioecon\u00f3mico y cultural. In O. Izquierdo Quintana and H. J. Burchardt (eds.) <\/span><i><span style=\"font-weight: 400;\">Trabajo decente y sociedad. Cuba bajo la \u00f3ptica de los estudios sociolaborales<\/span><\/i><span style=\"font-weight: 400;\"> (pp. 241-265). University of Havana publishing house.<\/span><\/p>\n<p><sup><b>5<\/b><\/sup><span style=\"font-weight: 400;\"> In Cuba there is no program that has racialized women as a specific axis of work.<\/span><\/p>\n<p><sup><b>6<\/b><\/sup><span style=\"font-weight: 400;\"> Herrera, A. (2019). Pensando un feminismo negro en di\u00e1logo con el estado cubano. <\/span><i><span style=\"font-weight: 400;\">Revista<\/span><\/i> <i><span style=\"font-weight: 400;\">De Este Lado<\/span><\/i><span style=\"font-weight: 400;\">, Year 2, Number 4, January-June 2019, Science, Technology and Gender Network, AC. Mexico, p. 101-110.<\/span><\/p>\n","protected":false},"excerpt":{"rendered":"<p>They carry on their backs the weight of their nation\u2019s poverty. Affirmative policies and actions are a must.<\/p>\n","protected":false},"author":3847,"featured_media":273417,"comment_status":"open","ping_status":"closed","sticky":false,"template":"","format":"standard","meta":{"_acf_changed":false,"footnotes":""},"categories":[34651],"tags":[34104,19889],"ppma_author":[34088],"class_list":["post-273415","post","type-post","status-publish","format-standard","has-post-thumbnail","hentry","category-migrant-words","tag-afro-descendant-women","tag-cuban-women"],"acf":[],"yoast_head":"<!-- This site is optimized with the Yoast SEO plugin v27.3 - https:\/\/yoast.com\/product\/yoast-seo-wordpress\/ -->\n<title>Racialized women, the lost key in the chest of inequalities | OnCubaNews English<\/title>\n<meta name=\"description\" content=\"They carry on their backs the weight of their nation\u2019s poverty. Affirmative policies and actions are a must.\" \/>\n<meta name=\"robots\" content=\"index, follow, max-snippet:-1, max-image-preview:large, max-video-preview:-1\" \/>\n<link rel=\"canonical\" href=\"https:\/\/oncubanews.com\/en\/opinion\/columns\/migrant-words\/racialized-women-the-lost-key-in-the-chest-of-inequalities\/\" \/>\n<meta property=\"og:locale\" content=\"en_US\" \/>\n<meta property=\"og:type\" content=\"article\" \/>\n<meta property=\"og:title\" content=\"Racialized women, the lost key in the chest of inequalities | OnCubaNews English\" \/>\n<meta property=\"og:description\" content=\"They carry on their backs the weight of their nation\u2019s poverty. Affirmative policies and actions are a must.\" \/>\n<meta property=\"og:url\" content=\"https:\/\/oncubanews.com\/en\/opinion\/columns\/migrant-words\/racialized-women-the-lost-key-in-the-chest-of-inequalities\/\" \/>\n<meta property=\"og:site_name\" content=\"OnCubaNews English\" \/>\n<meta property=\"article:published_time\" content=\"2023-08-01T00:15:26+00:00\" \/>\n<meta property=\"article:modified_time\" content=\"2023-08-01T21:00:33+00:00\" \/>\n<meta property=\"og:image\" content=\"https:\/\/oncubanews.com\/en\/wp-content\/uploads\/2023\/07\/Afrodescendiente-foto-Kalo-4-scaled-1.jpg\" \/>\n\t<meta property=\"og:image:width\" content=\"1920\" \/>\n\t<meta property=\"og:image:height\" content=\"1391\" \/>\n\t<meta property=\"og:image:type\" content=\"image\/jpeg\" \/>\n<meta name=\"author\" content=\"Alina Herrera Fuentes\" \/>\n<meta name=\"twitter:card\" content=\"summary_large_image\" \/>\n<meta name=\"twitter:label1\" content=\"Written by\" \/>\n\t<meta name=\"twitter:data1\" content=\"Alina Herrera Fuentes\" \/>\n\t<meta name=\"twitter:label2\" content=\"Est. reading time\" \/>\n\t<meta name=\"twitter:data2\" content=\"13 minutes\" \/>\n<script type=\"application\/ld+json\" class=\"yoast-schema-graph\">{\"@context\":\"https:\\\/\\\/schema.org\",\"@graph\":[{\"@type\":\"Article\",\"@id\":\"https:\\\/\\\/oncubanews.com\\\/en\\\/opinion\\\/columns\\\/migrant-words\\\/racialized-women-the-lost-key-in-the-chest-of-inequalities\\\/#article\",\"isPartOf\":{\"@id\":\"https:\\\/\\\/oncubanews.com\\\/en\\\/opinion\\\/columns\\\/migrant-words\\\/racialized-women-the-lost-key-in-the-chest-of-inequalities\\\/\"},\"author\":{\"name\":\"Alina Herrera Fuentes\",\"@id\":\"https:\\\/\\\/oncubanews.com\\\/en\\\/#\\\/schema\\\/person\\\/2bd7367362eb33335c2c29f566cfeaa1\"},\"headline\":\"Racialized women, the lost key in the chest of inequalities\",\"datePublished\":\"2023-08-01T00:15:26+00:00\",\"dateModified\":\"2023-08-01T21:00:33+00:00\",\"mainEntityOfPage\":{\"@id\":\"https:\\\/\\\/oncubanews.com\\\/en\\\/opinion\\\/columns\\\/migrant-words\\\/racialized-women-the-lost-key-in-the-chest-of-inequalities\\\/\"},\"wordCount\":2607,\"commentCount\":0,\"image\":{\"@id\":\"https:\\\/\\\/oncubanews.com\\\/en\\\/opinion\\\/columns\\\/migrant-words\\\/racialized-women-the-lost-key-in-the-chest-of-inequalities\\\/#primaryimage\"},\"thumbnailUrl\":\"https:\\\/\\\/oncubanews.com\\\/en\\\/wp-content\\\/uploads\\\/2023\\\/07\\\/Afrodescendiente-foto-Kalo-4-scaled-1.jpg\",\"keywords\":[\"afro-descendant women\",\"cuban women\"],\"articleSection\":[\"Migrant words\"],\"inLanguage\":\"en-US\",\"potentialAction\":[{\"@type\":\"CommentAction\",\"name\":\"Comment\",\"target\":[\"https:\\\/\\\/oncubanews.com\\\/en\\\/opinion\\\/columns\\\/migrant-words\\\/racialized-women-the-lost-key-in-the-chest-of-inequalities\\\/#respond\"]}],\"copyrightYear\":\"2023\",\"copyrightHolder\":{\"@id\":\"https:\\\/\\\/oncubanews.com\\\/en\\\/#organization\"}},{\"@type\":\"WebPage\",\"@id\":\"https:\\\/\\\/oncubanews.com\\\/en\\\/opinion\\\/columns\\\/migrant-words\\\/racialized-women-the-lost-key-in-the-chest-of-inequalities\\\/\",\"url\":\"https:\\\/\\\/oncubanews.com\\\/en\\\/opinion\\\/columns\\\/migrant-words\\\/racialized-women-the-lost-key-in-the-chest-of-inequalities\\\/\",\"name\":\"Racialized women, the lost key in the chest of inequalities | OnCubaNews English\",\"isPartOf\":{\"@id\":\"https:\\\/\\\/oncubanews.com\\\/en\\\/#website\"},\"primaryImageOfPage\":{\"@id\":\"https:\\\/\\\/oncubanews.com\\\/en\\\/opinion\\\/columns\\\/migrant-words\\\/racialized-women-the-lost-key-in-the-chest-of-inequalities\\\/#primaryimage\"},\"image\":{\"@id\":\"https:\\\/\\\/oncubanews.com\\\/en\\\/opinion\\\/columns\\\/migrant-words\\\/racialized-women-the-lost-key-in-the-chest-of-inequalities\\\/#primaryimage\"},\"thumbnailUrl\":\"https:\\\/\\\/oncubanews.com\\\/en\\\/wp-content\\\/uploads\\\/2023\\\/07\\\/Afrodescendiente-foto-Kalo-4-scaled-1.jpg\",\"datePublished\":\"2023-08-01T00:15:26+00:00\",\"dateModified\":\"2023-08-01T21:00:33+00:00\",\"author\":{\"@id\":\"https:\\\/\\\/oncubanews.com\\\/en\\\/#\\\/schema\\\/person\\\/2bd7367362eb33335c2c29f566cfeaa1\"},\"description\":\"They carry on their backs the weight of their nation\u2019s poverty. Affirmative policies and actions are a must.\",\"breadcrumb\":{\"@id\":\"https:\\\/\\\/oncubanews.com\\\/en\\\/opinion\\\/columns\\\/migrant-words\\\/racialized-women-the-lost-key-in-the-chest-of-inequalities\\\/#breadcrumb\"},\"inLanguage\":\"en-US\",\"potentialAction\":[{\"@type\":\"ReadAction\",\"target\":[\"https:\\\/\\\/oncubanews.com\\\/en\\\/opinion\\\/columns\\\/migrant-words\\\/racialized-women-the-lost-key-in-the-chest-of-inequalities\\\/\"]}]},{\"@type\":\"ImageObject\",\"inLanguage\":\"en-US\",\"@id\":\"https:\\\/\\\/oncubanews.com\\\/en\\\/opinion\\\/columns\\\/migrant-words\\\/racialized-women-the-lost-key-in-the-chest-of-inequalities\\\/#primaryimage\",\"url\":\"https:\\\/\\\/oncubanews.com\\\/en\\\/wp-content\\\/uploads\\\/2023\\\/07\\\/Afrodescendiente-foto-Kalo-4-scaled-1.jpg\",\"contentUrl\":\"https:\\\/\\\/oncubanews.com\\\/en\\\/wp-content\\\/uploads\\\/2023\\\/07\\\/Afrodescendiente-foto-Kalo-4-scaled-1.jpg\",\"width\":1920,\"height\":1391,\"caption\":\"Photo: Kaloian.\"},{\"@type\":\"BreadcrumbList\",\"@id\":\"https:\\\/\\\/oncubanews.com\\\/en\\\/opinion\\\/columns\\\/migrant-words\\\/racialized-women-the-lost-key-in-the-chest-of-inequalities\\\/#breadcrumb\",\"itemListElement\":[{\"@type\":\"ListItem\",\"position\":1,\"name\":\"Portada\",\"item\":\"https:\\\/\\\/oncubanews.com\\\/en\\\/\"},{\"@type\":\"ListItem\",\"position\":2,\"name\":\"Racialized women, the lost key in the chest of inequalities\"}]},{\"@type\":\"WebSite\",\"@id\":\"https:\\\/\\\/oncubanews.com\\\/en\\\/#website\",\"url\":\"https:\\\/\\\/oncubanews.com\\\/en\\\/\",\"name\":\"OnCubaNews English\",\"description\":\"Revista sobre Cuba\",\"potentialAction\":[{\"@type\":\"SearchAction\",\"target\":{\"@type\":\"EntryPoint\",\"urlTemplate\":\"https:\\\/\\\/oncubanews.com\\\/en\\\/?s={search_term_string}\"},\"query-input\":{\"@type\":\"PropertyValueSpecification\",\"valueRequired\":true,\"valueName\":\"search_term_string\"}}],\"inLanguage\":\"en-US\"},{\"@type\":\"Person\",\"@id\":\"https:\\\/\\\/oncubanews.com\\\/en\\\/#\\\/schema\\\/person\\\/2bd7367362eb33335c2c29f566cfeaa1\",\"name\":\"Alina Herrera Fuentes\",\"image\":{\"@type\":\"ImageObject\",\"inLanguage\":\"en-US\",\"@id\":\"https:\\\/\\\/oncubanews.com\\\/wp-content\\\/uploads\\\/2020\\\/07\\\/Alina-Herrera-96x96.jpegcc64fabcc2029551044a6133f22c3308\",\"url\":\"https:\\\/\\\/oncubanews.com\\\/wp-content\\\/uploads\\\/2020\\\/07\\\/Alina-Herrera-96x96.jpeg\",\"contentUrl\":\"https:\\\/\\\/oncubanews.com\\\/wp-content\\\/uploads\\\/2020\\\/07\\\/Alina-Herrera-96x96.jpeg\",\"caption\":\"Alina Herrera Fuentes\"},\"description\":\"Abogada, investigadora, militante feminista y antirracista. Colabora para diferentes medios digitales.\",\"url\":\"https:\\\/\\\/oncubanews.com\\\/en\\\/author\\\/alinaherrerafuentes\\\/\"}]}<\/script>\n<!-- \/ Yoast SEO plugin. -->","yoast_head_json":{"title":"Racialized women, the lost key in the chest of inequalities | OnCubaNews English","description":"They carry on their backs the weight of their nation\u2019s poverty. Affirmative policies and actions are a must.","robots":{"index":"index","follow":"follow","max-snippet":"max-snippet:-1","max-image-preview":"max-image-preview:large","max-video-preview":"max-video-preview:-1"},"canonical":"https:\/\/oncubanews.com\/en\/opinion\/columns\/migrant-words\/racialized-women-the-lost-key-in-the-chest-of-inequalities\/","og_locale":"en_US","og_type":"article","og_title":"Racialized women, the lost key in the chest of inequalities | OnCubaNews English","og_description":"They carry on their backs the weight of their nation\u2019s poverty. Affirmative policies and actions are a must.","og_url":"https:\/\/oncubanews.com\/en\/opinion\/columns\/migrant-words\/racialized-women-the-lost-key-in-the-chest-of-inequalities\/","og_site_name":"OnCubaNews English","article_published_time":"2023-08-01T00:15:26+00:00","article_modified_time":"2023-08-01T21:00:33+00:00","og_image":[{"width":1920,"height":1391,"url":"https:\/\/oncubanews.com\/en\/wp-content\/uploads\/2023\/07\/Afrodescendiente-foto-Kalo-4-scaled-1.jpg","type":"image\/jpeg"}],"author":"Alina Herrera Fuentes","twitter_card":"summary_large_image","twitter_misc":{"Written by":"Alina Herrera Fuentes","Est. reading time":"13 minutes"},"schema":{"@context":"https:\/\/schema.org","@graph":[{"@type":"Article","@id":"https:\/\/oncubanews.com\/en\/opinion\/columns\/migrant-words\/racialized-women-the-lost-key-in-the-chest-of-inequalities\/#article","isPartOf":{"@id":"https:\/\/oncubanews.com\/en\/opinion\/columns\/migrant-words\/racialized-women-the-lost-key-in-the-chest-of-inequalities\/"},"author":{"name":"Alina Herrera Fuentes","@id":"https:\/\/oncubanews.com\/en\/#\/schema\/person\/2bd7367362eb33335c2c29f566cfeaa1"},"headline":"Racialized women, the lost key in the chest of inequalities","datePublished":"2023-08-01T00:15:26+00:00","dateModified":"2023-08-01T21:00:33+00:00","mainEntityOfPage":{"@id":"https:\/\/oncubanews.com\/en\/opinion\/columns\/migrant-words\/racialized-women-the-lost-key-in-the-chest-of-inequalities\/"},"wordCount":2607,"commentCount":0,"image":{"@id":"https:\/\/oncubanews.com\/en\/opinion\/columns\/migrant-words\/racialized-women-the-lost-key-in-the-chest-of-inequalities\/#primaryimage"},"thumbnailUrl":"https:\/\/oncubanews.com\/en\/wp-content\/uploads\/2023\/07\/Afrodescendiente-foto-Kalo-4-scaled-1.jpg","keywords":["afro-descendant women","cuban women"],"articleSection":["Migrant words"],"inLanguage":"en-US","potentialAction":[{"@type":"CommentAction","name":"Comment","target":["https:\/\/oncubanews.com\/en\/opinion\/columns\/migrant-words\/racialized-women-the-lost-key-in-the-chest-of-inequalities\/#respond"]}],"copyrightYear":"2023","copyrightHolder":{"@id":"https:\/\/oncubanews.com\/en\/#organization"}},{"@type":"WebPage","@id":"https:\/\/oncubanews.com\/en\/opinion\/columns\/migrant-words\/racialized-women-the-lost-key-in-the-chest-of-inequalities\/","url":"https:\/\/oncubanews.com\/en\/opinion\/columns\/migrant-words\/racialized-women-the-lost-key-in-the-chest-of-inequalities\/","name":"Racialized women, the lost key in the chest of inequalities | OnCubaNews English","isPartOf":{"@id":"https:\/\/oncubanews.com\/en\/#website"},"primaryImageOfPage":{"@id":"https:\/\/oncubanews.com\/en\/opinion\/columns\/migrant-words\/racialized-women-the-lost-key-in-the-chest-of-inequalities\/#primaryimage"},"image":{"@id":"https:\/\/oncubanews.com\/en\/opinion\/columns\/migrant-words\/racialized-women-the-lost-key-in-the-chest-of-inequalities\/#primaryimage"},"thumbnailUrl":"https:\/\/oncubanews.com\/en\/wp-content\/uploads\/2023\/07\/Afrodescendiente-foto-Kalo-4-scaled-1.jpg","datePublished":"2023-08-01T00:15:26+00:00","dateModified":"2023-08-01T21:00:33+00:00","author":{"@id":"https:\/\/oncubanews.com\/en\/#\/schema\/person\/2bd7367362eb33335c2c29f566cfeaa1"},"description":"They carry on their backs the weight of their nation\u2019s poverty. Affirmative policies and actions are a must.","breadcrumb":{"@id":"https:\/\/oncubanews.com\/en\/opinion\/columns\/migrant-words\/racialized-women-the-lost-key-in-the-chest-of-inequalities\/#breadcrumb"},"inLanguage":"en-US","potentialAction":[{"@type":"ReadAction","target":["https:\/\/oncubanews.com\/en\/opinion\/columns\/migrant-words\/racialized-women-the-lost-key-in-the-chest-of-inequalities\/"]}]},{"@type":"ImageObject","inLanguage":"en-US","@id":"https:\/\/oncubanews.com\/en\/opinion\/columns\/migrant-words\/racialized-women-the-lost-key-in-the-chest-of-inequalities\/#primaryimage","url":"https:\/\/oncubanews.com\/en\/wp-content\/uploads\/2023\/07\/Afrodescendiente-foto-Kalo-4-scaled-1.jpg","contentUrl":"https:\/\/oncubanews.com\/en\/wp-content\/uploads\/2023\/07\/Afrodescendiente-foto-Kalo-4-scaled-1.jpg","width":1920,"height":1391,"caption":"Photo: Kaloian."},{"@type":"BreadcrumbList","@id":"https:\/\/oncubanews.com\/en\/opinion\/columns\/migrant-words\/racialized-women-the-lost-key-in-the-chest-of-inequalities\/#breadcrumb","itemListElement":[{"@type":"ListItem","position":1,"name":"Portada","item":"https:\/\/oncubanews.com\/en\/"},{"@type":"ListItem","position":2,"name":"Racialized women, the lost key in the chest of inequalities"}]},{"@type":"WebSite","@id":"https:\/\/oncubanews.com\/en\/#website","url":"https:\/\/oncubanews.com\/en\/","name":"OnCubaNews English","description":"Revista sobre Cuba","potentialAction":[{"@type":"SearchAction","target":{"@type":"EntryPoint","urlTemplate":"https:\/\/oncubanews.com\/en\/?s={search_term_string}"},"query-input":{"@type":"PropertyValueSpecification","valueRequired":true,"valueName":"search_term_string"}}],"inLanguage":"en-US"},{"@type":"Person","@id":"https:\/\/oncubanews.com\/en\/#\/schema\/person\/2bd7367362eb33335c2c29f566cfeaa1","name":"Alina Herrera Fuentes","image":{"@type":"ImageObject","inLanguage":"en-US","@id":"https:\/\/oncubanews.com\/wp-content\/uploads\/2020\/07\/Alina-Herrera-96x96.jpegcc64fabcc2029551044a6133f22c3308","url":"https:\/\/oncubanews.com\/wp-content\/uploads\/2020\/07\/Alina-Herrera-96x96.jpeg","contentUrl":"https:\/\/oncubanews.com\/wp-content\/uploads\/2020\/07\/Alina-Herrera-96x96.jpeg","caption":"Alina Herrera Fuentes"},"description":"Abogada, investigadora, militante feminista y antirracista. Colabora para diferentes medios digitales.","url":"https:\/\/oncubanews.com\/en\/author\/alinaherrerafuentes\/"}]}},"authors":[{"term_id":34088,"user_id":3847,"is_guest":0,"slug":"alinaherrerafuentes","display_name":"Alina Herrera Fuentes","avatar_url":"https:\/\/oncubanews.com\/wp-content\/uploads\/2020\/07\/Alina-Herrera-96x96.jpeg","0":null,"1":"","2":"","3":"","4":"","5":"","6":"","7":"","8":""}],"_links":{"self":[{"href":"https:\/\/oncubanews.com\/en\/wp-json\/wp\/v2\/posts\/273415","targetHints":{"allow":["GET"]}}],"collection":[{"href":"https:\/\/oncubanews.com\/en\/wp-json\/wp\/v2\/posts"}],"about":[{"href":"https:\/\/oncubanews.com\/en\/wp-json\/wp\/v2\/types\/post"}],"author":[{"embeddable":true,"href":"https:\/\/oncubanews.com\/en\/wp-json\/wp\/v2\/users\/3847"}],"replies":[{"embeddable":true,"href":"https:\/\/oncubanews.com\/en\/wp-json\/wp\/v2\/comments?post=273415"}],"version-history":[{"count":3,"href":"https:\/\/oncubanews.com\/en\/wp-json\/wp\/v2\/posts\/273415\/revisions"}],"predecessor-version":[{"id":278534,"href":"https:\/\/oncubanews.com\/en\/wp-json\/wp\/v2\/posts\/273415\/revisions\/278534"}],"wp:featuredmedia":[{"embeddable":true,"href":"https:\/\/oncubanews.com\/en\/wp-json\/wp\/v2\/media\/273417"}],"wp:attachment":[{"href":"https:\/\/oncubanews.com\/en\/wp-json\/wp\/v2\/media?parent=273415"}],"wp:term":[{"taxonomy":"category","embeddable":true,"href":"https:\/\/oncubanews.com\/en\/wp-json\/wp\/v2\/categories?post=273415"},{"taxonomy":"post_tag","embeddable":true,"href":"https:\/\/oncubanews.com\/en\/wp-json\/wp\/v2\/tags?post=273415"},{"taxonomy":"author","embeddable":true,"href":"https:\/\/oncubanews.com\/en\/wp-json\/wp\/v2\/ppma_author?post=273415"}],"curies":[{"name":"wp","href":"https:\/\/api.w.org\/{rel}","templated":true}]}}