
{"id":301739,"date":"2024-05-08T21:51:12","date_gmt":"2024-05-09T01:51:12","guid":{"rendered":"https:\/\/oncubanews.com\/en\/?p=301739"},"modified":"2024-05-08T21:51:12","modified_gmt":"2024-05-09T01:51:12","slug":"u-s-sanctions-against-cuba-looking-for-answers-in-the-belly-of-the-beast","status":"publish","type":"post","link":"https:\/\/oncubanews.com\/en\/cuba-usa\/u-s-sanctions-against-cuba-looking-for-answers-in-the-belly-of-the-beast\/","title":{"rendered":"U.S. sanctions against Cuba: looking for answers in the belly of the beast"},"content":{"rendered":"<p><span style=\"font-weight: 400;\">On the same day that the corruption trial will begin against Senator <\/span><a href=\"https:\/\/oncubanews.com\/en\/tag\/bob-menendez\/\" target=\"_blank\" rel=\"noopener\"><span style=\"font-weight: 400;\">Bob Men\u00e9ndez<\/span><\/a><span style=\"font-weight: 400;\">,\u00a0<\/span><a href=\"https:\/\/www.bellyofthebeastcuba.com\/\" target=\"_blank\" rel=\"noopener\"><i><span style=\"font-weight: 400;\">Belly of the Beast<\/span><\/i><\/a><span style=\"font-weight: 400;\"> will premiere on YouTube <\/span><i><span style=\"font-weight: 400;\">Hardliner on the Hudson<\/span><\/i><span style=\"font-weight: 400;\">, on May 13.<\/span><\/p>\n<p><span style=\"font-weight: 400;\">It is a documentary produced by the platform, whose filmmakers, represented before the cameras by Cuban journalist Liz Oliva, try to make the Democratic Senator \u2015 then president of the powerful Senate Foreign Relations Committee \u2015 argue his obsessive crusade against Cuba.<\/span><\/p>\n<p><span style=\"font-weight: 400;\">Men\u00e9ndez, who was not born on the island but in New York in 1954, escaped Oliva\u2019s requests by not giving a straight answer through the corridors of the Capitol or on the street itself.<\/span><\/p>\n<p><span style=\"font-weight: 400;\">For this, he used one of his cronies: his press assistant.<\/span><\/p>\n<p><b>Reed, an event explorer<\/b><\/p>\n<figure id=\"attachment_301742\" aria-describedby=\"caption-attachment-301742\" style=\"width: 1000px\" class=\"wp-caption aligncenter\"><a href=\"https:\/\/oncubanews.com\/en\/wp-content\/uploads\/2024\/05\/Reed-with-Camera-Cuba-1.jpeg\"><img loading=\"lazy\" decoding=\"async\" class=\"size-full wp-image-301742\" src=\"https:\/\/oncubanews.com\/en\/wp-content\/uploads\/2024\/05\/Reed-with-Camera-Cuba-1.jpeg\" alt=\"\" width=\"1000\" height=\"649\" srcset=\"https:\/\/oncubanews.com\/en\/wp-content\/uploads\/2024\/05\/Reed-with-Camera-Cuba-1.jpeg 1000w, https:\/\/oncubanews.com\/en\/wp-content\/uploads\/2024\/05\/Reed-with-Camera-Cuba-1-300x195.jpeg 300w, https:\/\/oncubanews.com\/en\/wp-content\/uploads\/2024\/05\/Reed-with-Camera-Cuba-1-768x498.jpeg 768w, https:\/\/oncubanews.com\/en\/wp-content\/uploads\/2024\/05\/Reed-with-Camera-Cuba-1-750x487.jpeg 750w\" sizes=\"auto, (max-width: 1000px) 100vw, 1000px\" \/><\/a><figcaption id=\"caption-attachment-301742\" class=\"wp-caption-text\">Reed Lindsay. Photo: Courtesy of the interviewee.<\/figcaption><\/figure>\n<p><span style=\"font-weight: 400;\">\u201cLiz Oliva was able, at least, to speak a little with Bob Men\u00e9ndez, although in the end, he did not give the interview. That was the most difficult part because they didn\u2019t want to talk. From the Biden administration we did not get any interview, unfortunately,\u201d Reed Lindsay (New York, 1975) told <\/span><b>OnCuba<\/b><span style=\"font-weight: 400;\">.<\/span><\/p>\n<p><span style=\"font-weight: 400;\">Lindsay, an independent journalist and filmmaker who has covered dangerous crises in Egypt and Haiti, among others, presented in pre-premiere the documentaries directed by him <\/span><i><span style=\"font-weight: 400;\">Hardliner on the Hudson<\/span><\/i><span style=\"font-weight: 400;\"> and <\/span><i><span style=\"font-weight: 400;\">Uphill on the Hill<\/span><\/i><span style=\"font-weight: 400;\"> at the headquarters of the Cinematheque of Cuba, in Havana.<\/span><\/p>\n<p><span style=\"font-weight: 400;\">Both materials were seen in a crowded room by a diverse group of people who had arrived on the island for the May 1 celebrations. In addition to a majority of Americans and Cubans, people from Germany, Canada, Ireland, South Africa, Chile, and Peru, among other nations, many of them wearing Kufiyahs in solidarity with Palestine.<\/span><\/p>\n<p><span style=\"font-weight: 400;\">For many, the embargo\/blockade against Cuba issue is part of their militant agendas; for others, it could be a novelty to know how the United States applies sanctions using inconsistent pretexts.<\/span><\/p>\n<p><span style=\"font-weight: 400;\">That punitive agenda, which has not been able to oust the political system on the island, but does condition to a great extent its twisted development, goes from the Cold War to the present, more than sixty years. It has harmed millions of Cubans, both on and off the island.<\/span><\/p>\n<figure id=\"attachment_301743\" aria-describedby=\"caption-attachment-301743\" style=\"width: 1920px\" class=\"wp-caption aligncenter\"><a href=\"https:\/\/oncubanews.com\/en\/wp-content\/uploads\/2024\/05\/bob-menendez-belly-of-the-beast-hardliner-on-the-hudson-1-1.jpg\"><img loading=\"lazy\" decoding=\"async\" class=\"size-full wp-image-301743\" src=\"https:\/\/oncubanews.com\/en\/wp-content\/uploads\/2024\/05\/bob-menendez-belly-of-the-beast-hardliner-on-the-hudson-1-1.jpg\" alt=\"\" width=\"1920\" height=\"1080\" srcset=\"https:\/\/oncubanews.com\/en\/wp-content\/uploads\/2024\/05\/bob-menendez-belly-of-the-beast-hardliner-on-the-hudson-1-1.jpg 1920w, https:\/\/oncubanews.com\/en\/wp-content\/uploads\/2024\/05\/bob-menendez-belly-of-the-beast-hardliner-on-the-hudson-1-1-300x169.jpg 300w, https:\/\/oncubanews.com\/en\/wp-content\/uploads\/2024\/05\/bob-menendez-belly-of-the-beast-hardliner-on-the-hudson-1-1-1024x576.jpg 1024w, https:\/\/oncubanews.com\/en\/wp-content\/uploads\/2024\/05\/bob-menendez-belly-of-the-beast-hardliner-on-the-hudson-1-1-768x432.jpg 768w, https:\/\/oncubanews.com\/en\/wp-content\/uploads\/2024\/05\/bob-menendez-belly-of-the-beast-hardliner-on-the-hudson-1-1-1536x864.jpg 1536w, https:\/\/oncubanews.com\/en\/wp-content\/uploads\/2024\/05\/bob-menendez-belly-of-the-beast-hardliner-on-the-hudson-1-1-750x422.jpg 750w, https:\/\/oncubanews.com\/en\/wp-content\/uploads\/2024\/05\/bob-menendez-belly-of-the-beast-hardliner-on-the-hudson-1-1-1140x641.jpg 1140w\" sizes=\"auto, (max-width: 1920px) 100vw, 1920px\" \/><\/a><figcaption id=\"caption-attachment-301743\" class=\"wp-caption-text\">Cuban journalist Liz Oliva challenges Senator Bob Men\u00e9ndez. Still from Hardliner on the Hudson. Courtesy of Belly of the Beast.<\/figcaption><\/figure>\n<p><span style=\"font-weight: 400;\">Why focus on Senator Men\u00e9ndez? \u201cWhen we started four years ago, Trump was president,\u201d says Lindsay, \u201cand we were covering the intensification of sanctions. We made a series called <\/span><i><span style=\"font-weight: 400;\">The War against Cuba<\/span><\/i><span style=\"font-weight: 400;\">, and when Biden was elected, we thought that perhaps there was no need to make another series of the war against Cuba, because Biden was the president.<\/span><\/p>\n<p><span style=\"font-weight: 400;\">\u201cBut things changed little.\u2026 The war against Cuba continued under Biden. During Trump, Cuban American politicians, and Republicans, such as Marco Rubio, influenced the administration. <\/span><span style=\"font-weight: 400;\">Mauricio Claver-Carone<\/span><span style=\"font-weight: 400;\"> also had a lot of influence on Trump\u2019s Cuba policy, and, suddenly, the same policy continues. So the question is why.\u201d<\/span><\/p>\n<p><b>And did you find out why?<\/b><\/p>\n<p><span style=\"font-weight: 400;\">We tried to get to an answer by questioning people with influences, with contacts, analysts, insiders, and everyone had a different opinion: some say it is the Florida factor; others, that it\u2019s that Cold War mentality, of Biden himself; some, that it was Ron Klain, Biden\u2019s Chief of Staff, who had worked in Gore\u2019s campaign and who, they say, was traumatized when he lost in that extra counting in Florida against Bush Jr.<\/span><\/p>\n<p><span style=\"font-weight: 400;\">Some opinions claim that what they simply want is that Cuba collapses, but other people insist that Bob Men\u00e9ndez is the most influential person in the administration.<\/span><\/p>\n<div class=\"jeg_video_container jeg_video_content\"><iframe loading=\"lazy\" title=\"Hardliner on the Hudson | Belly of the Beast - Full Trailer\" width=\"500\" height=\"281\" src=\"https:\/\/www.youtube.com\/embed\/x89faCx6P1g?feature=oembed\" frameborder=\"0\" allow=\"accelerometer; autoplay; clipboard-write; encrypted-media; gyroscope; picture-in-picture; web-share\" referrerpolicy=\"strict-origin-when-cross-origin\" allowfullscreen><\/iframe><\/div>\n<p><b>\u201cI have to talk to you about Cuba\u201d<\/b><\/p>\n<p><i><span style=\"font-weight: 400;\">Hardliner on the Hudson<\/span><\/i><span style=\"font-weight: 400;\"> did not miss an improvised scene and captured by dozens of cameras, and that in its time caught the attention of numerous media.<\/span><\/p>\n<p><span style=\"font-weight: 400;\">\u201c<\/span><a href=\"https:\/\/oncubanews.com\/cuba-ee-uu\/biden-a-bob-menendez-tengo-que-hablar-contigo-sobre-cuba\/\" target=\"_blank\" rel=\"noopener\"><span style=\"font-weight: 400;\">Bob, I have to talk to you about Cuba<\/span><\/a><span style=\"font-weight: 400;\">,\u201d said Biden smiling, almost ironic. \u201cOkay,\u201d Men\u00e9ndez replied. \u201cSeriously,\u201d said Biden, before shaking the hands of other members of Congress gathered around him.<\/span><\/p>\n<p><span style=\"font-weight: 400;\">The brief exchange happened in February 2023, after the President\u2019s State of the Union speech and raised, at that time, a wave of speculations about what the White House could be cooking up to rethink its Cuba policies.<\/span><\/p>\n<p><span style=\"font-weight: 400;\">Shortly afterwards the expectations were deflated. There were just some changes, but no political or economic significance.<\/span><\/p>\n<figure id=\"attachment_301745\" aria-describedby=\"caption-attachment-301745\" style=\"width: 1000px\" class=\"wp-caption aligncenter\"><a href=\"https:\/\/oncubanews.com\/en\/wp-content\/uploads\/2024\/05\/belly-of-the-beast-30-abril-2024-cortesia-1-1.jpg\"><img loading=\"lazy\" decoding=\"async\" class=\"size-full wp-image-301745\" src=\"https:\/\/oncubanews.com\/en\/wp-content\/uploads\/2024\/05\/belly-of-the-beast-30-abril-2024-cortesia-1-1.jpg\" alt=\"\" width=\"1000\" height=\"750\" srcset=\"https:\/\/oncubanews.com\/en\/wp-content\/uploads\/2024\/05\/belly-of-the-beast-30-abril-2024-cortesia-1-1.jpg 1000w, https:\/\/oncubanews.com\/en\/wp-content\/uploads\/2024\/05\/belly-of-the-beast-30-abril-2024-cortesia-1-1-300x225.jpg 300w, https:\/\/oncubanews.com\/en\/wp-content\/uploads\/2024\/05\/belly-of-the-beast-30-abril-2024-cortesia-1-1-768x576.jpg 768w, https:\/\/oncubanews.com\/en\/wp-content\/uploads\/2024\/05\/belly-of-the-beast-30-abril-2024-cortesia-1-1-750x563.jpg 750w\" sizes=\"auto, (max-width: 1000px) 100vw, 1000px\" \/><\/a><figcaption id=\"caption-attachment-301745\" class=\"wp-caption-text\">Showing of Uphill on the Hill\u00a0and\u00a0Hardliner on the Hudson in Havana, on April 30, 2024. Photo: Courtesy of Belly of the Beast.<\/figcaption><\/figure>\n<figure id=\"attachment_301744\" aria-describedby=\"caption-attachment-301744\" style=\"width: 2000px\" class=\"wp-caption aligncenter\"><a href=\"https:\/\/oncubanews.com\/en\/wp-content\/uploads\/2024\/05\/belly-of-the-beast-30-abril-2024-cortesia-2-1.jpg\"><img loading=\"lazy\" decoding=\"async\" class=\"size-full wp-image-301744\" src=\"https:\/\/oncubanews.com\/en\/wp-content\/uploads\/2024\/05\/belly-of-the-beast-30-abril-2024-cortesia-2-1.jpg\" alt=\"\" width=\"2000\" height=\"1500\" srcset=\"https:\/\/oncubanews.com\/en\/wp-content\/uploads\/2024\/05\/belly-of-the-beast-30-abril-2024-cortesia-2-1.jpg 2000w, https:\/\/oncubanews.com\/en\/wp-content\/uploads\/2024\/05\/belly-of-the-beast-30-abril-2024-cortesia-2-1-300x225.jpg 300w, https:\/\/oncubanews.com\/en\/wp-content\/uploads\/2024\/05\/belly-of-the-beast-30-abril-2024-cortesia-2-1-1024x768.jpg 1024w, https:\/\/oncubanews.com\/en\/wp-content\/uploads\/2024\/05\/belly-of-the-beast-30-abril-2024-cortesia-2-1-768x576.jpg 768w, https:\/\/oncubanews.com\/en\/wp-content\/uploads\/2024\/05\/belly-of-the-beast-30-abril-2024-cortesia-2-1-1536x1152.jpg 1536w, https:\/\/oncubanews.com\/en\/wp-content\/uploads\/2024\/05\/belly-of-the-beast-30-abril-2024-cortesia-2-1-750x563.jpg 750w, https:\/\/oncubanews.com\/en\/wp-content\/uploads\/2024\/05\/belly-of-the-beast-30-abril-2024-cortesia-2-1-1140x855.jpg 1140w\" sizes=\"auto, (max-width: 2000px) 100vw, 2000px\" \/><\/a><figcaption id=\"caption-attachment-301744\" class=\"wp-caption-text\">Showing of Uphill on the Hill\u00a0and\u00a0Hardliner on the Hudson in Havana, on April 30, 2024. Photo: Courtesy of Belly of the Beast.<\/figcaption><\/figure>\n<p><span style=\"font-weight: 400;\">The <\/span><i><span style=\"font-weight: 400;\">Belly of the Beast<\/span><\/i><span style=\"font-weight: 400;\"> team thought that Men\u00e9ndez, a skillful politician with a meteoric career who became the first Latino to represent New Jersey in the Upper House, was the person with the most influence regarding Cuba in the Biden administration.<\/span><\/p>\n<p><span style=\"font-weight: 400;\">According to Lindsay, in the Democratic government there is no Claver-Carone, who served as an ideologist during Trump <\/span><a href=\"https:\/\/oncubanews.com\/cuba-ee-uu\/defensor-del-embargo-nuevo-asesor-trump\/\" target=\"_blank\" rel=\"noopener\"><span style=\"font-weight: 400;\">as an advisor<\/span><\/a><span style=\"font-weight: 400;\"> in the redesign of punishment policies towards the island to erase, if possible, the advances achieved in the <\/span><a href=\"https:\/\/oncubanews.com\/en\/tag\/obama-in-cuba\/\" target=\"_blank\" rel=\"noopener\"><span style=\"font-weight: 400;\">\u00a0Obama era<\/span><\/a><span style=\"font-weight: 400;\">.<\/span><\/p>\n<p><span style=\"font-weight: 400;\">\u201cWe had to establish who was the person who was directing the Cuba policy and, although it was not entirely clear, many pointed out Men\u00e9ndez and that is why we focused on him,\u201d Lindsay explained.<\/span><\/p>\n<p><b>And why didn\u2019t the team go to Miami? It is impossible to narrate the story of Cuba without Miami and vice versa&#8230; It is a symbiosis, for better or worse.<\/b><\/p>\n<p><span style=\"font-weight: 400;\">We wanted, but we lacked time. I think that if we had worked on this during Trump, we would not have gone to New Jersey, but Miami. In fact, we had many ideas that we could have carried out in Miami, but it was not easy. It is a matter of resources, of time&#8230;. We focused on what seemed most important.<\/span><\/p>\n<p><span style=\"font-weight: 400;\">Lindsay\u2019s documentaries were not all rosy. The first obstacle to overcome was to obtain a visa for journalist Liz Oliva.<\/span><\/p>\n<div class=\"jeg_video_container jeg_video_content\"><iframe loading=\"lazy\" title=\"The War on Cuba \u2014 Episode 4\" width=\"500\" height=\"281\" src=\"https:\/\/www.youtube.com\/embed\/CfPq6uUO7Og?feature=oembed\" frameborder=\"0\" allow=\"accelerometer; autoplay; clipboard-write; encrypted-media; gyroscope; picture-in-picture; web-share\" referrerpolicy=\"strict-origin-when-cross-origin\" allowfullscreen><\/iframe><\/div>\n<p><span style=\"font-weight: 400;\">\u201cPrecisely because of the intensification of sanctions with Trump, it was more complicated and, for example, the consulate in Havana was not giving visas. That was a long process,\u201d says the freelancer.<\/span><\/p>\n<p><span style=\"font-weight: 400;\">The second difficulty was to get interlocutors in Washington and New Jersey. The team ruled out the idea that Liz interview certain analysts or make random street polls, although the second did happen in the Federal Capital with black citizens.<\/span><\/p>\n<p><span style=\"font-weight: 400;\">\u201cThe idea was that she have the opportunity, and that\u2019s what she wanted, to interview politicians and officials who are making political decisions in the Biden administration. That could not be,\u201d Lindsay laments.<\/span><\/p>\n<p><span style=\"font-weight: 400;\">Instead, Liz interviewed one of the congressmen who has most whipped Biden\u2019s Cuba policy, Democratic Congressman <\/span><a href=\"https:\/\/oncubanews.com\/cuba-ee-uu\/mcgovern-y-leahy-las-politicas-estadounidenses-han-ayudado-a-crear-una-crisis-humanitaria-en-cuba\/\" target=\"_blank\" rel=\"noopener\"><span style=\"font-weight: 400;\">James McGovern<\/span><\/a><span style=\"font-weight: 400;\">.<\/span><\/p>\n<p><span style=\"font-weight: 400;\">The representative for Massachusetts has been a decisive will in the mobilization of <\/span><a href=\"https:\/\/oncubanews.com\/en\/cuba-usa\/u-s-approves-25000-dollar-fund-to-restore-hemingways-house-in-cuba\/\" target=\"_blank\" rel=\"noopener\"><span style=\"font-weight: 400;\">funds to repair Finca Vig\u00eda<\/span><\/a><span style=\"font-weight: 400;\"> and conserve writer <\/span><a href=\"https:\/\/oncubanews.com\/en\/tag\/ernest-hemingway\/\" target=\"_blank\" rel=\"noopener\"><span style=\"font-weight: 400;\">Ernest Hemingway<\/span><\/a><span style=\"font-weight: 400;\">\u2019s papers, among other contributions to bilateral relations, which he has contributed by forming part of delegations to Cuba more than once.<\/span><\/p>\n<p><span style=\"font-weight: 400;\">Likewise, the team was able to get the confessions of Carlos Guti\u00e9rrez, former Secretary of Commerce during the Bush Jr. administration, who lost many friends in Miami because of his approach to Cuba, a country in which he was born in 1953.<\/span><\/p>\n<p><span style=\"font-weight: 400;\">In an exciting set of tensions, Liz also dialogued with former Democratic Congressman Albio Sira (Bejucal, 1951), who in the end was surpassed by the sagacity of the interviewer who did not let herself be provoked by the anger of the politician of Cuban origin.<\/span><\/p>\n<figure id=\"attachment_301746\" aria-describedby=\"caption-attachment-301746\" style=\"width: 1920px\" class=\"wp-caption aligncenter\"><a href=\"https:\/\/oncubanews.com\/en\/wp-content\/uploads\/2024\/05\/04-01-24-Sec-9-McGovern-Uphill-on-the-Hill-1.jpg\"><img loading=\"lazy\" decoding=\"async\" class=\"size-full wp-image-301746\" src=\"https:\/\/oncubanews.com\/en\/wp-content\/uploads\/2024\/05\/04-01-24-Sec-9-McGovern-Uphill-on-the-Hill-1.jpg\" alt=\"\" width=\"1920\" height=\"1080\" srcset=\"https:\/\/oncubanews.com\/en\/wp-content\/uploads\/2024\/05\/04-01-24-Sec-9-McGovern-Uphill-on-the-Hill-1.jpg 1920w, https:\/\/oncubanews.com\/en\/wp-content\/uploads\/2024\/05\/04-01-24-Sec-9-McGovern-Uphill-on-the-Hill-1-300x169.jpg 300w, https:\/\/oncubanews.com\/en\/wp-content\/uploads\/2024\/05\/04-01-24-Sec-9-McGovern-Uphill-on-the-Hill-1-1024x576.jpg 1024w, https:\/\/oncubanews.com\/en\/wp-content\/uploads\/2024\/05\/04-01-24-Sec-9-McGovern-Uphill-on-the-Hill-1-768x432.jpg 768w, https:\/\/oncubanews.com\/en\/wp-content\/uploads\/2024\/05\/04-01-24-Sec-9-McGovern-Uphill-on-the-Hill-1-1536x864.jpg 1536w, https:\/\/oncubanews.com\/en\/wp-content\/uploads\/2024\/05\/04-01-24-Sec-9-McGovern-Uphill-on-the-Hill-1-750x422.jpg 750w, https:\/\/oncubanews.com\/en\/wp-content\/uploads\/2024\/05\/04-01-24-Sec-9-McGovern-Uphill-on-the-Hill-1-1140x641.jpg 1140w\" sizes=\"auto, (max-width: 1920px) 100vw, 1920px\" \/><\/a><figcaption id=\"caption-attachment-301746\" class=\"wp-caption-text\">James McGovern. Still from Uphill on the Hill. Courtesy of Belly of the Beast.<\/figcaption><\/figure>\n<p><b>What sponsors support <\/b><b><i>Belly of the Beast<\/i><\/b><b>?<\/b><\/p>\n<p><span style=\"font-weight: 400;\">We receive donations through a sponsor, which is the <\/span><a href=\"https:\/\/www.documentaries.org\/\" target=\"_blank\" rel=\"noopener\"><b>Center for Independent Documentary<\/b><\/a><span style=\"font-weight: 400;\">. Thanks to people who appreciate our work and donate money, we have been able to do the job.<\/span><\/p>\n<p><b>It\u2019s easy to imagine that budgets are not enough for&#8230;<\/b><\/p>\n<p><span style=\"font-weight: 400;\">We work with a minimum budget for the type of work we do. I am very proud because we have no connection with any state or any government, we do not receive money from any authority, or any multinational corporation or company.<\/span><\/p>\n<p><b>You\u2019re independent then<\/b><\/p>\n<p><span style=\"font-weight: 400;\">We are one hundred percent independent because when we decide to work on a topic, we debate it as a team and make the decision; there is no one to tell us or influence us to cover one issue or another. We do what seems important to us, which can have an impact and journalistic value.<\/span><\/p>\n<p><b>You have a vast experience in crisis scenarios. Egypt, Haiti, Venezuela, where do you place Cuba?<\/b><\/p>\n<p><span style=\"font-weight: 400;\">I have worked in countries with a lot of instability and violent conflicts. In Cuba, it is another type of war. It\u2019s incredible the number of people who ask me: \u201cBut is Cuba dangerous?\u201d \u201cDangerous? It\u2019s safer than the United States,\u201d I answer.<\/span><\/p>\n<p><span style=\"font-weight: 400;\">Now, as a journalist, my time to be in conflicts and violence, risking my life has already passed. But it does not mean that there is no war here. Only it is of another type, as I said. Journalists are always looking for the precise word to describe U.S. Cuba policy: sanctions, embargo, blockade? Which is better? And our option was to talk about <\/span><i><span style=\"font-weight: 400;\">The War against Cuba<\/span><\/i><span style=\"font-weight: 400;\">.<\/span><\/p>\n<p><span style=\"font-weight: 400;\">When I chose the name, some in the United States said: \u201cDon\u2019t put that; they will think you are very radical\u201d; that if it was very ideological, that \u201cwar\u201d is a very \u201cstrong\u201d word. Then I looked for the definition of \u201ceconomic war\u201d on Google and, when you think about the Cuban case, it is exact. It is an economic war. What happens is that normally the media does not call it by that name.<\/span><\/p>\n<p><span style=\"font-weight: 400;\">I think it is important to start calling things by their name, because, in addition, it is not a conflict of two sides, it is one-sided: from one side to another.<\/span><\/p>\n<figure id=\"attachment_301747\" aria-describedby=\"caption-attachment-301747\" style=\"width: 1920px\" class=\"wp-caption aligncenter\"><a href=\"https:\/\/oncubanews.com\/en\/wp-content\/uploads\/2024\/05\/04-01-24-Sec-8-Medea-Uphill-on-the-Hill-1.jpg\"><img loading=\"lazy\" decoding=\"async\" class=\"size-full wp-image-301747\" src=\"https:\/\/oncubanews.com\/en\/wp-content\/uploads\/2024\/05\/04-01-24-Sec-8-Medea-Uphill-on-the-Hill-1.jpg\" alt=\"\" width=\"1920\" height=\"1080\" srcset=\"https:\/\/oncubanews.com\/en\/wp-content\/uploads\/2024\/05\/04-01-24-Sec-8-Medea-Uphill-on-the-Hill-1.jpg 1920w, https:\/\/oncubanews.com\/en\/wp-content\/uploads\/2024\/05\/04-01-24-Sec-8-Medea-Uphill-on-the-Hill-1-300x169.jpg 300w, https:\/\/oncubanews.com\/en\/wp-content\/uploads\/2024\/05\/04-01-24-Sec-8-Medea-Uphill-on-the-Hill-1-1024x576.jpg 1024w, https:\/\/oncubanews.com\/en\/wp-content\/uploads\/2024\/05\/04-01-24-Sec-8-Medea-Uphill-on-the-Hill-1-768x432.jpg 768w, https:\/\/oncubanews.com\/en\/wp-content\/uploads\/2024\/05\/04-01-24-Sec-8-Medea-Uphill-on-the-Hill-1-1536x864.jpg 1536w, https:\/\/oncubanews.com\/en\/wp-content\/uploads\/2024\/05\/04-01-24-Sec-8-Medea-Uphill-on-the-Hill-1-750x422.jpg 750w, https:\/\/oncubanews.com\/en\/wp-content\/uploads\/2024\/05\/04-01-24-Sec-8-Medea-Uphill-on-the-Hill-1-1140x641.jpg 1140w\" sizes=\"auto, (max-width: 1920px) 100vw, 1920px\" \/><\/a><figcaption id=\"caption-attachment-301747\" class=\"wp-caption-text\">Still from Uphill on the Hill. Courtesy of Belly of the Beast.<\/figcaption><\/figure>\n<p><b>What is the immediate future of these materials?<\/b><\/p>\n<p><span style=\"font-weight: 400;\">The documentaries will be released this month on the Internet and can be seen for free. This work is not for film festivals; although we may participate in some. They are made to be distributed on social media, on YouTube&#8230; Our strategy is that they reach a wide audience.<\/span><\/p>\n<p><span style=\"font-weight: 400;\">The documentary about Bob Men\u00e9ndez will be online on May 13, to coincide with the beginning of his trial; and the <\/span><i><span style=\"font-weight: 400;\">Uphill on the Hill<\/span><\/i><span style=\"font-weight: 400;\"> on May 20.<\/span><\/p>\n<p><b>At what level does <\/b><b><i>Belly of the Beast<\/i><\/b><b> want to rank in media competition?<\/b><\/p>\n<p><span style=\"font-weight: 400;\">I don\u2019t know. We have advanced a lot in four years, and we want to have even more impact. It is a big challenge because I feel that we are producing very high-level material, in journalistic and visual terms. In fact, I feel that the quality of our work is up to any large media in the United States. The challenge is how to get to a similar audience, with very low resources.<\/span><\/p>\n<p><b>Lee, the shipowner<\/b><\/p>\n<p><a href=\"https:\/\/oncubanews.com\/author\/leeschl\/\" target=\"_blank\" rel=\"noopener\"><b>Lee Schlenker<\/b><\/a><span style=\"font-weight: 400;\"> is a young Bostonian of splendid mood. That is one of the sine-qua-non virtues for a job like his: producer.<\/span><\/p>\n<p><span style=\"font-weight: 400;\">He agrees to the interview with <\/span><b>OnCuba<\/b><span style=\"font-weight: 400;\"> in the middle of the bustle of the guests, the effusiveness of the encounters and greetings, and the soundtrack itself that <\/span><i><span style=\"font-weight: 400;\">Belly<\/span><\/i><span style=\"font-weight: 400;\">&#8230;has arranged for the occasion: a full volume funky, with DJ effects, which makes the feet of more than one move and also swallows the conversation of many.<\/span><\/p>\n<p><span style=\"font-weight: 400;\">Schlenker just left his position on the platform to work for <\/span><a href=\"https:\/\/acere.org\/\" target=\"_blank\" rel=\"noopener\"><b>ACERE, the Alliance for Cuba Engagement and Respect<\/b><\/a><span style=\"font-weight: 400;\">, as a policy director; but he was the producer of the documentaries about the island that the production platform has made.<\/span><\/p>\n<p><span style=\"font-weight: 400;\">\u201cWe began filming these documentaries as of April 2023 and we finished filming more or less in June; so it was six weeks, and all this year we worked on postproduction, edition, sound, music,\u201d he says.<\/span><\/p>\n<p><b>What was your action route?<\/b><\/p>\n<p><span style=\"font-weight: 400;\">I traveled to Miami, I had to establish many contacts in the spheres of power in Washington, and in the New York area and New Jersey.<\/span><\/p>\n<p><b>What was the purpose?<\/b><\/p>\n<p><span style=\"font-weight: 400;\">The idea was to go behind the economic and political interests that manage and control in a certain way the decision of the Biden administration to maintain the Cuba policy he inherited from the previous administration.<\/span><\/p>\n<p><span style=\"font-weight: 400;\">Lee Schlenker and Liz Oliva in the presentation at the Cinemateca de Cuba, April 30, 2024. Photo: \u00c1ngel Marqu\u00e9s Dolz.<\/span><\/p>\n<p><span style=\"font-weight: 400;\">A candidate for a Master in Latin American Studies at the Walsh School of Foreign Service of the University of Georgetown and a graduate of Latin American and Urban Studies of Middlebury College, the young researcher and bilingual journalist said that the objective of the materials is to present, with a fresh language for young people, the tangible impact of <\/span><a href=\"https:\/\/www.state.gov\/cuba-sanctions\/\" target=\"_blank\" rel=\"noopener\"><span style=\"font-weight: 400;\">U.S. sanctions against Cuba<\/span><\/a><span style=\"font-weight: 400;\">.<\/span><\/p>\n<p><span style=\"font-weight: 400;\">\u201cI know that it is a historical, geopolitical subject, of more than six decades; but we wanted to take it to today,\u201d Schlenker emphasized.<\/span><\/p>\n<p><span style=\"font-weight: 400;\">The team spent a couple of weeks in New Jersey, trying to hunt for the elusive Men\u00e9ndez and also interviewing members of the Cuban American community based in the city; after Miami and Texas, the one with the most emigrants and their Cuban descendants in the American Union.<\/span><\/p>\n<p><span style=\"font-weight: 400;\">\u201cMany of them do not feel defended or represented by their congresspeople,\u201d said the producer.<\/span><\/p>\n<p><span style=\"font-weight: 400;\">For the second documentary, <\/span><i><span style=\"font-weight: 400;\">Uphill on the Hill<\/span><\/i><span style=\"font-weight: 400;\">, the team remained for a couple of weeks in Washington D.C.<\/span><\/p>\n<p><span style=\"font-weight: 400;\">The scenes in the Capitol are a novelty for the Cuban public. It is the first time that a journalist based on the island manages with ease through its corridors and offices; she even attended a press office of the State Department and ridicules Vendant Patel, its spokesman.<\/span><\/p>\n<p><span style=\"font-weight: 400;\">\u201cWe wrote to the entire staff of Senator Marco Rubio and the three Cuban American congresspeople in the lower house: Maria Elvira Salazar, Mario Diaz-Balart and Carlos Gim\u00e9nez. But they didn\u2019t want any contact with us. There are scenes of Liz knocking on the doors of their offices in Congress,\u201d said Lee.<\/span><\/p>\n<p><span style=\"font-weight: 400;\">\u201cThey spend all the time saying bad things about Cuba to the press, but talk to a Cuban journalist critical of the sanctions? Are you crazy?\u201d says Liz herself before the camera in one of the congressional corridors after being cold-shouldered.<\/span><\/p>\n<p><span style=\"font-weight: 400;\">The former correspondent and former producer of <\/span><i><span style=\"font-weight: 400;\">Belly of the Beast<\/span><\/i><span style=\"font-weight: 400;\"> had under his responsibility to harmonize a marathon tour of the journalist between October and November 2023 to explain to the audience the effects of the sanctions on Cuba.<\/span><\/p>\n<p><span style=\"font-weight: 400;\">The journey included about 70 events in 15 states and 40 U.S. cities, organized by unions, churches, community centers, and Washington for congressional staffers.<\/span><\/p>\n<p><b>Liz, a star without dressing room<\/b><\/p>\n<p><span style=\"font-weight: 400;\">Liz Oliva Fern\u00e1ndez, Cuban journalist of Belly of the Beast. Photo: \u00c1ngel Marqu\u00e9s Dolz.<\/span><\/p>\n<p><span style=\"font-weight: 400;\">\u201cThis girl has presence,\u201d says the correspondent in Cuba of the Japanese newspaper <\/span><i><span style=\"font-weight: 400;\">The Yomiuri Shimbun<\/span><\/i><span style=\"font-weight: 400;\"> seeing her in a verbal duel with former hardline Congressman Albio Sires.<\/span><\/p>\n<p><span style=\"font-weight: 400;\">Without a doubt, Liz Oliva steals the show. She is agile, friendly, convincing, fluently bilingual, and all the time maintains control of the situation.<\/span><\/p>\n<p><span style=\"font-weight: 400;\">On her side B, she is vulnerable and overwhelmed by circumstances and frustrations, and appears on camera, without makeup touch-ups, showing drops of sweat on her cheeks. In two words, she is a reporter ready for a call to action and part of her authenticity is due to not having dressing rooms.<\/span><\/p>\n<p><span style=\"font-weight: 400;\">Departure from the Faculty of Communication of the University of Havana, Liz, 29, is an exception to the stiff style of the official media.<\/span><\/p>\n<p><b>How did you handle yourself emotionally in a stressful scenario like the United States?<\/b><\/p>\n<p><span style=\"font-weight: 400;\">It was difficult, especially since no one is prepared for that. Here in Cuba, journalism is very complacent, you don\u2019t have to confront anyone, or ask difficult questions.<\/span><\/p>\n<p><b>Your biggest stone on the road?<\/b><\/p>\n<p><span style=\"font-weight: 400;\">Language. What added the most stress was the English. I had to be in confrontational situations speaking a language that was not mine, but their territory. Also, it is very easy to dismiss you for any technicality if you do not master the language.<\/span><\/p>\n<p><b>What did you try to do?<\/b><\/p>\n<p><span style=\"font-weight: 400;\">To be accurate, use the right words so that they could not reject what I was asking or saying, but it is difficult. I think that at the end of everything, what you have left is the satisfaction of having done everything you could.<\/span><\/p>\n<p><b>How were the expectations you had in Cuba modified, once on the ground in the United States? Did you have to change plans a lot?<\/b><\/p>\n<p><span style=\"font-weight: 400;\">Actually, I had low expectations. I think that in the end, I felt a little frustrated, more for those who did not face me because they did not agree to give interviews, and I wondered how it is possible, am I not in the country of freedom of expression, what is happening?<\/span><\/p>\n<p><span style=\"font-weight: 400;\">However, people on the street, in Washington, D.C., proved to have a level of knowledge of the U.S. Cuba policy; especially because of their experience as black people in the United States, they understand much better what the government of their country is capable of doing.<\/span><\/p>\n<figure id=\"attachment_301749\" aria-describedby=\"caption-attachment-301749\" style=\"width: 1920px\" class=\"wp-caption aligncenter\"><a href=\"https:\/\/oncubanews.com\/en\/wp-content\/uploads\/2024\/05\/04-15-24-Sec-11-U-Street.-Uphill-on-the-Hill-1.jpg\"><img loading=\"lazy\" decoding=\"async\" class=\"size-full wp-image-301749\" src=\"https:\/\/oncubanews.com\/en\/wp-content\/uploads\/2024\/05\/04-15-24-Sec-11-U-Street.-Uphill-on-the-Hill-1.jpg\" alt=\"\" width=\"1920\" height=\"1080\" srcset=\"https:\/\/oncubanews.com\/en\/wp-content\/uploads\/2024\/05\/04-15-24-Sec-11-U-Street.-Uphill-on-the-Hill-1.jpg 1920w, https:\/\/oncubanews.com\/en\/wp-content\/uploads\/2024\/05\/04-15-24-Sec-11-U-Street.-Uphill-on-the-Hill-1-300x169.jpg 300w, https:\/\/oncubanews.com\/en\/wp-content\/uploads\/2024\/05\/04-15-24-Sec-11-U-Street.-Uphill-on-the-Hill-1-1024x576.jpg 1024w, https:\/\/oncubanews.com\/en\/wp-content\/uploads\/2024\/05\/04-15-24-Sec-11-U-Street.-Uphill-on-the-Hill-1-768x432.jpg 768w, https:\/\/oncubanews.com\/en\/wp-content\/uploads\/2024\/05\/04-15-24-Sec-11-U-Street.-Uphill-on-the-Hill-1-1536x864.jpg 1536w, https:\/\/oncubanews.com\/en\/wp-content\/uploads\/2024\/05\/04-15-24-Sec-11-U-Street.-Uphill-on-the-Hill-1-750x422.jpg 750w, https:\/\/oncubanews.com\/en\/wp-content\/uploads\/2024\/05\/04-15-24-Sec-11-U-Street.-Uphill-on-the-Hill-1-1140x641.jpg 1140w\" sizes=\"auto, (max-width: 1920px) 100vw, 1920px\" \/><\/a><figcaption id=\"caption-attachment-301749\" class=\"wp-caption-text\">Street interviews in Washington D.C. Still from Uphill on the Hill. Courtesy of Belly of the Beast.<\/figcaption><\/figure>\n<p><b>Was it your first time in the United States?<\/b><\/p>\n<p><span style=\"font-weight: 400;\">That\u2019s right, and that was overwhelming in every way. In addition, doing so much in such a short time, with a limited visa.<\/span><\/p>\n<p><b>And what did you learn about the sanctions?<\/b><\/p>\n<p><span style=\"font-weight: 400;\">They are an omnipresent monster that has no face, that has no name, that affects each of us, but differently.<\/span><\/p>\n<p><b>Why?<\/b><\/p>\n<p><span style=\"font-weight: 400;\">Because it depends on the ethnic group to which you belong; the social status; where you live; if you are from the countryside, or the city; if you are from Havana, Miramar or San Miguel del Padr\u00f3n; if you have family in the United States; if you have family reunification; remittances. Many factors affect, but definitely, the sanctions determine the life of the Cubans on the island and, as I said in the documentary, we have no agency on that.<\/span><\/p>\n<p><b>What will be your next professional step?<\/b><\/p>\n<p><span style=\"font-weight: 400;\">To rest. (Laughs) It was really an exhausting experience. That is clear to the spectator of these documentaries&#8230;.<\/span><\/p>\n<p><span style=\"font-weight: 400;\">I think we must pause these two works that required a lot of time, energy, and effort from the entire team behind the filming. Sometimes there were 18 hours of filming, in a day, constantly moving, in contexts that were totally alien to me.<\/span><\/p>\n<figure id=\"attachment_301748\" aria-describedby=\"caption-attachment-301748\" style=\"width: 1920px\" class=\"wp-caption aligncenter\"><a href=\"https:\/\/oncubanews.com\/en\/wp-content\/uploads\/2024\/05\/04-19-24-Sec-1-Intro.-Uphill-on-the-Hill-1.jpg\"><img loading=\"lazy\" decoding=\"async\" class=\"size-full wp-image-301748\" src=\"https:\/\/oncubanews.com\/en\/wp-content\/uploads\/2024\/05\/04-19-24-Sec-1-Intro.-Uphill-on-the-Hill-1.jpg\" alt=\"\" width=\"1920\" height=\"1080\" srcset=\"https:\/\/oncubanews.com\/en\/wp-content\/uploads\/2024\/05\/04-19-24-Sec-1-Intro.-Uphill-on-the-Hill-1.jpg 1920w, https:\/\/oncubanews.com\/en\/wp-content\/uploads\/2024\/05\/04-19-24-Sec-1-Intro.-Uphill-on-the-Hill-1-300x169.jpg 300w, https:\/\/oncubanews.com\/en\/wp-content\/uploads\/2024\/05\/04-19-24-Sec-1-Intro.-Uphill-on-the-Hill-1-1024x576.jpg 1024w, https:\/\/oncubanews.com\/en\/wp-content\/uploads\/2024\/05\/04-19-24-Sec-1-Intro.-Uphill-on-the-Hill-1-768x432.jpg 768w, https:\/\/oncubanews.com\/en\/wp-content\/uploads\/2024\/05\/04-19-24-Sec-1-Intro.-Uphill-on-the-Hill-1-1536x864.jpg 1536w, https:\/\/oncubanews.com\/en\/wp-content\/uploads\/2024\/05\/04-19-24-Sec-1-Intro.-Uphill-on-the-Hill-1-750x422.jpg 750w, https:\/\/oncubanews.com\/en\/wp-content\/uploads\/2024\/05\/04-19-24-Sec-1-Intro.-Uphill-on-the-Hill-1-1140x641.jpg 1140w\" sizes=\"auto, (max-width: 1920px) 100vw, 1920px\" \/><\/a><figcaption id=\"caption-attachment-301748\" class=\"wp-caption-text\">Still from Uphill on the Hill. Courtesy of Belly of the Beast.<\/figcaption><\/figure>\n","protected":false},"excerpt":{"rendered":"<p>Two documentaries reposition the subject of the embargo from the northern shore of the historical dispute that, with its own genetics, precedes and survives the Cold War.<\/p>\n","protected":false},"author":3232,"featured_media":301741,"comment_status":"open","ping_status":"closed","sticky":false,"template":"","format":"standard","meta":{"_acf_changed":false,"footnotes":""},"categories":[13944],"tags":[14891,19256,12775],"ppma_author":[33956],"class_list":["post-301739","post","type-post","status-publish","format-standard","has-post-thumbnail","hentry","category-cuba-usa","tag-cuba-usa-relations","tag-featured","tag-obama-in-cuba"],"acf":[],"yoast_head":"<!-- This site is optimized with the Yoast SEO plugin v27.3 - https:\/\/yoast.com\/product\/yoast-seo-wordpress\/ -->\n<title>U.S. sanctions against Cuba: looking for answers in the belly of the beast | OnCubaNews English<\/title>\n<meta name=\"description\" content=\"Two documentaries reposition the subject of the embargo from the northern shore of the historical dispute that, with its own genetics, precedes and survives the Cold War.\" \/>\n<meta name=\"robots\" content=\"index, follow, max-snippet:-1, max-image-preview:large, max-video-preview:-1\" \/>\n<link rel=\"canonical\" href=\"https:\/\/oncubanews.com\/en\/cuba-usa\/u-s-sanctions-against-cuba-looking-for-answers-in-the-belly-of-the-beast\/\" \/>\n<meta property=\"og:locale\" content=\"en_US\" \/>\n<meta property=\"og:type\" content=\"article\" \/>\n<meta property=\"og:title\" content=\"U.S. sanctions against Cuba: looking for answers in the belly of the beast | OnCubaNews English\" \/>\n<meta property=\"og:description\" content=\"Two documentaries reposition the subject of the embargo from the northern shore of the historical dispute that, with its own genetics, precedes and survives the Cold War.\" \/>\n<meta property=\"og:url\" content=\"https:\/\/oncubanews.com\/en\/cuba-usa\/u-s-sanctions-against-cuba-looking-for-answers-in-the-belly-of-the-beast\/\" \/>\n<meta property=\"og:site_name\" content=\"OnCubaNews English\" \/>\n<meta property=\"article:published_time\" content=\"2024-05-09T01:51:12+00:00\" \/>\n<meta property=\"og:image\" content=\"https:\/\/oncubanews.com\/en\/wp-content\/uploads\/2024\/05\/liz-oliva-uphill-on-the-hill-1.jpg\" \/>\n\t<meta property=\"og:image:width\" content=\"1140\" \/>\n\t<meta property=\"og:image:height\" content=\"815\" \/>\n\t<meta property=\"og:image:type\" content=\"image\/jpeg\" \/>\n<meta name=\"author\" content=\"Angel Marqu\u00e9s Dolz\" \/>\n<meta name=\"twitter:card\" content=\"summary_large_image\" \/>\n<meta name=\"twitter:label1\" content=\"Written by\" \/>\n\t<meta name=\"twitter:data1\" content=\"Angel Marqu\u00e9s Dolz\" \/>\n\t<meta name=\"twitter:label2\" content=\"Est. reading time\" \/>\n\t<meta name=\"twitter:data2\" content=\"16 minutes\" \/>\n<script type=\"application\/ld+json\" class=\"yoast-schema-graph\">{\"@context\":\"https:\\\/\\\/schema.org\",\"@graph\":[{\"@type\":\"Article\",\"@id\":\"https:\\\/\\\/oncubanews.com\\\/en\\\/cuba-usa\\\/u-s-sanctions-against-cuba-looking-for-answers-in-the-belly-of-the-beast\\\/#article\",\"isPartOf\":{\"@id\":\"https:\\\/\\\/oncubanews.com\\\/en\\\/cuba-usa\\\/u-s-sanctions-against-cuba-looking-for-answers-in-the-belly-of-the-beast\\\/\"},\"author\":{\"name\":\"Angel Marqu\u00e9s Dolz\",\"@id\":\"https:\\\/\\\/oncubanews.com\\\/en\\\/#\\\/schema\\\/person\\\/52fa30ed7efbafa75fb5bb0bbe4c5406\"},\"headline\":\"U.S. sanctions against Cuba: looking for answers in the belly of the beast\",\"datePublished\":\"2024-05-09T01:51:12+00:00\",\"mainEntityOfPage\":{\"@id\":\"https:\\\/\\\/oncubanews.com\\\/en\\\/cuba-usa\\\/u-s-sanctions-against-cuba-looking-for-answers-in-the-belly-of-the-beast\\\/\"},\"wordCount\":3210,\"commentCount\":0,\"image\":{\"@id\":\"https:\\\/\\\/oncubanews.com\\\/en\\\/cuba-usa\\\/u-s-sanctions-against-cuba-looking-for-answers-in-the-belly-of-the-beast\\\/#primaryimage\"},\"thumbnailUrl\":\"https:\\\/\\\/oncubanews.com\\\/en\\\/wp-content\\\/uploads\\\/2024\\\/05\\\/liz-oliva-uphill-on-the-hill-1.jpg\",\"keywords\":[\"Cuba-USA Relations\",\"featured\",\"obama in cuba\"],\"articleSection\":[\"Cuba-USA\"],\"inLanguage\":\"en-US\",\"potentialAction\":[{\"@type\":\"CommentAction\",\"name\":\"Comment\",\"target\":[\"https:\\\/\\\/oncubanews.com\\\/en\\\/cuba-usa\\\/u-s-sanctions-against-cuba-looking-for-answers-in-the-belly-of-the-beast\\\/#respond\"]}],\"copyrightYear\":\"2024\",\"copyrightHolder\":{\"@id\":\"https:\\\/\\\/oncubanews.com\\\/en\\\/#organization\"}},{\"@type\":\"WebPage\",\"@id\":\"https:\\\/\\\/oncubanews.com\\\/en\\\/cuba-usa\\\/u-s-sanctions-against-cuba-looking-for-answers-in-the-belly-of-the-beast\\\/\",\"url\":\"https:\\\/\\\/oncubanews.com\\\/en\\\/cuba-usa\\\/u-s-sanctions-against-cuba-looking-for-answers-in-the-belly-of-the-beast\\\/\",\"name\":\"U.S. sanctions against Cuba: looking for answers in the belly of the beast | OnCubaNews English\",\"isPartOf\":{\"@id\":\"https:\\\/\\\/oncubanews.com\\\/en\\\/#website\"},\"primaryImageOfPage\":{\"@id\":\"https:\\\/\\\/oncubanews.com\\\/en\\\/cuba-usa\\\/u-s-sanctions-against-cuba-looking-for-answers-in-the-belly-of-the-beast\\\/#primaryimage\"},\"image\":{\"@id\":\"https:\\\/\\\/oncubanews.com\\\/en\\\/cuba-usa\\\/u-s-sanctions-against-cuba-looking-for-answers-in-the-belly-of-the-beast\\\/#primaryimage\"},\"thumbnailUrl\":\"https:\\\/\\\/oncubanews.com\\\/en\\\/wp-content\\\/uploads\\\/2024\\\/05\\\/liz-oliva-uphill-on-the-hill-1.jpg\",\"datePublished\":\"2024-05-09T01:51:12+00:00\",\"author\":{\"@id\":\"https:\\\/\\\/oncubanews.com\\\/en\\\/#\\\/schema\\\/person\\\/52fa30ed7efbafa75fb5bb0bbe4c5406\"},\"description\":\"Two documentaries reposition the subject of the embargo from the northern shore of the historical dispute that, with its own genetics, precedes and survives the Cold War.\",\"breadcrumb\":{\"@id\":\"https:\\\/\\\/oncubanews.com\\\/en\\\/cuba-usa\\\/u-s-sanctions-against-cuba-looking-for-answers-in-the-belly-of-the-beast\\\/#breadcrumb\"},\"inLanguage\":\"en-US\",\"potentialAction\":[{\"@type\":\"ReadAction\",\"target\":[\"https:\\\/\\\/oncubanews.com\\\/en\\\/cuba-usa\\\/u-s-sanctions-against-cuba-looking-for-answers-in-the-belly-of-the-beast\\\/\"]}]},{\"@type\":\"ImageObject\",\"inLanguage\":\"en-US\",\"@id\":\"https:\\\/\\\/oncubanews.com\\\/en\\\/cuba-usa\\\/u-s-sanctions-against-cuba-looking-for-answers-in-the-belly-of-the-beast\\\/#primaryimage\",\"url\":\"https:\\\/\\\/oncubanews.com\\\/en\\\/wp-content\\\/uploads\\\/2024\\\/05\\\/liz-oliva-uphill-on-the-hill-1.jpg\",\"contentUrl\":\"https:\\\/\\\/oncubanews.com\\\/en\\\/wp-content\\\/uploads\\\/2024\\\/05\\\/liz-oliva-uphill-on-the-hill-1.jpg\",\"width\":1140,\"height\":815,\"caption\":\"Still from Uphill on the Hill. Courtesy of Belly of the Beast.\"},{\"@type\":\"BreadcrumbList\",\"@id\":\"https:\\\/\\\/oncubanews.com\\\/en\\\/cuba-usa\\\/u-s-sanctions-against-cuba-looking-for-answers-in-the-belly-of-the-beast\\\/#breadcrumb\",\"itemListElement\":[{\"@type\":\"ListItem\",\"position\":1,\"name\":\"Portada\",\"item\":\"https:\\\/\\\/oncubanews.com\\\/en\\\/\"},{\"@type\":\"ListItem\",\"position\":2,\"name\":\"U.S. sanctions against Cuba: looking for answers in the belly of the beast\"}]},{\"@type\":\"WebSite\",\"@id\":\"https:\\\/\\\/oncubanews.com\\\/en\\\/#website\",\"url\":\"https:\\\/\\\/oncubanews.com\\\/en\\\/\",\"name\":\"OnCubaNews English\",\"description\":\"Revista sobre Cuba\",\"potentialAction\":[{\"@type\":\"SearchAction\",\"target\":{\"@type\":\"EntryPoint\",\"urlTemplate\":\"https:\\\/\\\/oncubanews.com\\\/en\\\/?s={search_term_string}\"},\"query-input\":{\"@type\":\"PropertyValueSpecification\",\"valueRequired\":true,\"valueName\":\"search_term_string\"}}],\"inLanguage\":\"en-US\"},{\"@type\":\"Person\",\"@id\":\"https:\\\/\\\/oncubanews.com\\\/en\\\/#\\\/schema\\\/person\\\/52fa30ed7efbafa75fb5bb0bbe4c5406\",\"name\":\"Angel Marqu\u00e9s Dolz\",\"image\":{\"@type\":\"ImageObject\",\"inLanguage\":\"en-US\",\"@id\":\"https:\\\/\\\/oncubanews.com\\\/wp-content\\\/uploads\\\/2026\\\/03\\\/cropped-angel-96x96.jpeg2490d73390debb50e1d96f77b6708fa0\",\"url\":\"https:\\\/\\\/oncubanews.com\\\/wp-content\\\/uploads\\\/2026\\\/03\\\/cropped-angel-96x96.jpeg\",\"contentUrl\":\"https:\\\/\\\/oncubanews.com\\\/wp-content\\\/uploads\\\/2026\\\/03\\\/cropped-angel-96x96.jpeg\",\"caption\":\"Angel Marqu\u00e9s Dolz\"},\"url\":\"https:\\\/\\\/oncubanews.com\\\/en\\\/author\\\/amarquesolz\\\/\"}]}<\/script>\n<!-- \/ Yoast SEO plugin. -->","yoast_head_json":{"title":"U.S. sanctions against Cuba: looking for answers in the belly of the beast | OnCubaNews English","description":"Two documentaries reposition the subject of the embargo from the northern shore of the historical dispute that, with its own genetics, precedes and survives the Cold War.","robots":{"index":"index","follow":"follow","max-snippet":"max-snippet:-1","max-image-preview":"max-image-preview:large","max-video-preview":"max-video-preview:-1"},"canonical":"https:\/\/oncubanews.com\/en\/cuba-usa\/u-s-sanctions-against-cuba-looking-for-answers-in-the-belly-of-the-beast\/","og_locale":"en_US","og_type":"article","og_title":"U.S. sanctions against Cuba: looking for answers in the belly of the beast | OnCubaNews English","og_description":"Two documentaries reposition the subject of the embargo from the northern shore of the historical dispute that, with its own genetics, precedes and survives the Cold War.","og_url":"https:\/\/oncubanews.com\/en\/cuba-usa\/u-s-sanctions-against-cuba-looking-for-answers-in-the-belly-of-the-beast\/","og_site_name":"OnCubaNews English","article_published_time":"2024-05-09T01:51:12+00:00","og_image":[{"width":1140,"height":815,"url":"https:\/\/oncubanews.com\/en\/wp-content\/uploads\/2024\/05\/liz-oliva-uphill-on-the-hill-1.jpg","type":"image\/jpeg"}],"author":"Angel Marqu\u00e9s Dolz","twitter_card":"summary_large_image","twitter_misc":{"Written by":"Angel Marqu\u00e9s Dolz","Est. reading time":"16 minutes"},"schema":{"@context":"https:\/\/schema.org","@graph":[{"@type":"Article","@id":"https:\/\/oncubanews.com\/en\/cuba-usa\/u-s-sanctions-against-cuba-looking-for-answers-in-the-belly-of-the-beast\/#article","isPartOf":{"@id":"https:\/\/oncubanews.com\/en\/cuba-usa\/u-s-sanctions-against-cuba-looking-for-answers-in-the-belly-of-the-beast\/"},"author":{"name":"Angel Marqu\u00e9s Dolz","@id":"https:\/\/oncubanews.com\/en\/#\/schema\/person\/52fa30ed7efbafa75fb5bb0bbe4c5406"},"headline":"U.S. sanctions against Cuba: looking for answers in the belly of the beast","datePublished":"2024-05-09T01:51:12+00:00","mainEntityOfPage":{"@id":"https:\/\/oncubanews.com\/en\/cuba-usa\/u-s-sanctions-against-cuba-looking-for-answers-in-the-belly-of-the-beast\/"},"wordCount":3210,"commentCount":0,"image":{"@id":"https:\/\/oncubanews.com\/en\/cuba-usa\/u-s-sanctions-against-cuba-looking-for-answers-in-the-belly-of-the-beast\/#primaryimage"},"thumbnailUrl":"https:\/\/oncubanews.com\/en\/wp-content\/uploads\/2024\/05\/liz-oliva-uphill-on-the-hill-1.jpg","keywords":["Cuba-USA Relations","featured","obama in cuba"],"articleSection":["Cuba-USA"],"inLanguage":"en-US","potentialAction":[{"@type":"CommentAction","name":"Comment","target":["https:\/\/oncubanews.com\/en\/cuba-usa\/u-s-sanctions-against-cuba-looking-for-answers-in-the-belly-of-the-beast\/#respond"]}],"copyrightYear":"2024","copyrightHolder":{"@id":"https:\/\/oncubanews.com\/en\/#organization"}},{"@type":"WebPage","@id":"https:\/\/oncubanews.com\/en\/cuba-usa\/u-s-sanctions-against-cuba-looking-for-answers-in-the-belly-of-the-beast\/","url":"https:\/\/oncubanews.com\/en\/cuba-usa\/u-s-sanctions-against-cuba-looking-for-answers-in-the-belly-of-the-beast\/","name":"U.S. sanctions against Cuba: looking for answers in the belly of the beast | OnCubaNews English","isPartOf":{"@id":"https:\/\/oncubanews.com\/en\/#website"},"primaryImageOfPage":{"@id":"https:\/\/oncubanews.com\/en\/cuba-usa\/u-s-sanctions-against-cuba-looking-for-answers-in-the-belly-of-the-beast\/#primaryimage"},"image":{"@id":"https:\/\/oncubanews.com\/en\/cuba-usa\/u-s-sanctions-against-cuba-looking-for-answers-in-the-belly-of-the-beast\/#primaryimage"},"thumbnailUrl":"https:\/\/oncubanews.com\/en\/wp-content\/uploads\/2024\/05\/liz-oliva-uphill-on-the-hill-1.jpg","datePublished":"2024-05-09T01:51:12+00:00","author":{"@id":"https:\/\/oncubanews.com\/en\/#\/schema\/person\/52fa30ed7efbafa75fb5bb0bbe4c5406"},"description":"Two documentaries reposition the subject of the embargo from the northern shore of the historical dispute that, with its own genetics, precedes and survives the Cold War.","breadcrumb":{"@id":"https:\/\/oncubanews.com\/en\/cuba-usa\/u-s-sanctions-against-cuba-looking-for-answers-in-the-belly-of-the-beast\/#breadcrumb"},"inLanguage":"en-US","potentialAction":[{"@type":"ReadAction","target":["https:\/\/oncubanews.com\/en\/cuba-usa\/u-s-sanctions-against-cuba-looking-for-answers-in-the-belly-of-the-beast\/"]}]},{"@type":"ImageObject","inLanguage":"en-US","@id":"https:\/\/oncubanews.com\/en\/cuba-usa\/u-s-sanctions-against-cuba-looking-for-answers-in-the-belly-of-the-beast\/#primaryimage","url":"https:\/\/oncubanews.com\/en\/wp-content\/uploads\/2024\/05\/liz-oliva-uphill-on-the-hill-1.jpg","contentUrl":"https:\/\/oncubanews.com\/en\/wp-content\/uploads\/2024\/05\/liz-oliva-uphill-on-the-hill-1.jpg","width":1140,"height":815,"caption":"Still from Uphill on the Hill. Courtesy of Belly of the Beast."},{"@type":"BreadcrumbList","@id":"https:\/\/oncubanews.com\/en\/cuba-usa\/u-s-sanctions-against-cuba-looking-for-answers-in-the-belly-of-the-beast\/#breadcrumb","itemListElement":[{"@type":"ListItem","position":1,"name":"Portada","item":"https:\/\/oncubanews.com\/en\/"},{"@type":"ListItem","position":2,"name":"U.S. sanctions against Cuba: looking for answers in the belly of the beast"}]},{"@type":"WebSite","@id":"https:\/\/oncubanews.com\/en\/#website","url":"https:\/\/oncubanews.com\/en\/","name":"OnCubaNews English","description":"Revista sobre Cuba","potentialAction":[{"@type":"SearchAction","target":{"@type":"EntryPoint","urlTemplate":"https:\/\/oncubanews.com\/en\/?s={search_term_string}"},"query-input":{"@type":"PropertyValueSpecification","valueRequired":true,"valueName":"search_term_string"}}],"inLanguage":"en-US"},{"@type":"Person","@id":"https:\/\/oncubanews.com\/en\/#\/schema\/person\/52fa30ed7efbafa75fb5bb0bbe4c5406","name":"Angel Marqu\u00e9s Dolz","image":{"@type":"ImageObject","inLanguage":"en-US","@id":"https:\/\/oncubanews.com\/wp-content\/uploads\/2026\/03\/cropped-angel-96x96.jpeg2490d73390debb50e1d96f77b6708fa0","url":"https:\/\/oncubanews.com\/wp-content\/uploads\/2026\/03\/cropped-angel-96x96.jpeg","contentUrl":"https:\/\/oncubanews.com\/wp-content\/uploads\/2026\/03\/cropped-angel-96x96.jpeg","caption":"Angel Marqu\u00e9s Dolz"},"url":"https:\/\/oncubanews.com\/en\/author\/amarquesolz\/"}]}},"authors":[{"term_id":33956,"user_id":3232,"is_guest":0,"slug":"amarquesolz","display_name":"Angel Marqu\u00e9s Dolz","avatar_url":"https:\/\/oncubanews.com\/wp-content\/uploads\/2026\/03\/cropped-angel-96x96.jpeg","0":null,"1":"","2":"","3":"","4":"","5":"","6":"","7":"","8":""}],"_links":{"self":[{"href":"https:\/\/oncubanews.com\/en\/wp-json\/wp\/v2\/posts\/301739","targetHints":{"allow":["GET"]}}],"collection":[{"href":"https:\/\/oncubanews.com\/en\/wp-json\/wp\/v2\/posts"}],"about":[{"href":"https:\/\/oncubanews.com\/en\/wp-json\/wp\/v2\/types\/post"}],"author":[{"embeddable":true,"href":"https:\/\/oncubanews.com\/en\/wp-json\/wp\/v2\/users\/3232"}],"replies":[{"embeddable":true,"href":"https:\/\/oncubanews.com\/en\/wp-json\/wp\/v2\/comments?post=301739"}],"version-history":[{"count":2,"href":"https:\/\/oncubanews.com\/en\/wp-json\/wp\/v2\/posts\/301739\/revisions"}],"predecessor-version":[{"id":301750,"href":"https:\/\/oncubanews.com\/en\/wp-json\/wp\/v2\/posts\/301739\/revisions\/301750"}],"wp:featuredmedia":[{"embeddable":true,"href":"https:\/\/oncubanews.com\/en\/wp-json\/wp\/v2\/media\/301741"}],"wp:attachment":[{"href":"https:\/\/oncubanews.com\/en\/wp-json\/wp\/v2\/media?parent=301739"}],"wp:term":[{"taxonomy":"category","embeddable":true,"href":"https:\/\/oncubanews.com\/en\/wp-json\/wp\/v2\/categories?post=301739"},{"taxonomy":"post_tag","embeddable":true,"href":"https:\/\/oncubanews.com\/en\/wp-json\/wp\/v2\/tags?post=301739"},{"taxonomy":"author","embeddable":true,"href":"https:\/\/oncubanews.com\/en\/wp-json\/wp\/v2\/ppma_author?post=301739"}],"curies":[{"name":"wp","href":"https:\/\/api.w.org\/{rel}","templated":true}]}}