
{"id":303238,"date":"2024-06-03T18:17:43","date_gmt":"2024-06-03T22:17:43","guid":{"rendered":"https:\/\/oncubanews.com\/en\/?p=303238"},"modified":"2024-06-03T18:17:43","modified_gmt":"2024-06-03T22:17:43","slug":"cuban-tobacco-island-traveler","status":"publish","type":"post","link":"https:\/\/oncubanews.com\/en\/cuba\/society-cuba\/cuban-history\/cuban-tobacco-island-traveler\/","title":{"rendered":"Cuban tobacco: island traveler"},"content":{"rendered":"<p><span style=\"font-weight: 400;\">Eusebio Quintana Mac\u00edas looked at the tobacco plantation, while he drank water from the clay jug that kept the liquid cool. The view was magnificent. For a moment, the panorama resembled the young banana trees that he observed from the height of Lomo de Quintanilla, in his native Arucas, Gran Canaria.<\/span><\/p>\n<p><span style=\"font-weight: 400;\">In his journey through Cuban regions, he dedicated himself more than once to the cultivation of tobacco since he emigrated in 1909. His story was similar to that of thousands of adolescents and young people. In his case, with the money saved, he was able to buy a small farm in Paco, near the Cu\u00e9llar River, in the municipality of Ciego de \u00c1vila, then part of Camag\u00fcey province.<\/span><\/p>\n<p><span style=\"font-weight: 400;\">Other immigrants, on the other hand, had decided to return to the Canary Islands and brought their knowledge, techniques and seeds of the aromatic plant there to promote cultivation, starting in the second half of the 19th century.<\/span><\/p>\n<p><span style=\"font-weight: 400;\">Although tobacco already existed in Cuba in pre-Columbian times, its cultivation for commercial purposes began to develop on the island in the 17th century, in areas near rivers in the province of Havana. Later, the plantings were extended to central and eastern regions.<\/span><\/p>\n<p><span style=\"font-weight: 400;\">Canarian immigration would play a notable role in the progress of this branch of the economy. There were towns, such as Santiago de las Vegas, founded by immigrants, who specialized in tobacco production. These tobacco planters had characteristics that favored them:<\/span><\/p>\n<p><i><span style=\"font-weight: 400;\">The islanders are industrious, with frugal habits, lovers of the land and livestock, they have the virtue of thrift, so rare among us, and they easily assimilate the way of being of our country people, who, ultimately, in their vast majority descend from the same trunk.<\/span><\/i><\/p>\n<p><span style=\"font-weight: 400;\">This is how Ram\u00f3n Mar\u00eda Men\u00e9ndez would refer to it in his book <\/span><i><span style=\"font-weight: 400;\">Memorias de un enumerador.<\/span><\/i><span style=\"font-weight: 400;\"> Regarding the topic, researcher Pablo Tornero Tinajero provides more elements:<\/span><\/p>\n<p><i><span style=\"font-weight: 400;\">The social core that was involved in jobs derived from tobacco growing at this time was fundamentally represented in Cuba by immigrant farmers. It was, in certain aspects, difficult for them to integrate into the economic life of the island, both because of the prevailing slave model and because of the very conditions of these immigrants. This is why they found a way out, occupying a short space of land, either rented or owned, and dedicating themselves to tobacco-related work. And precisely for them, because the tobacco plantation needed very little capital investment, few implements, and few tools, all of which were ideal for a farmer with limited resources. At the same time, the dedication to this work, smallholding, intensive, required a lot of preparation and care \u2015 says F. Ortiz \u2015 that sugarcane work is a craft and tobacco work is an art, which also required this type of farmer with special characteristics, both in the technical and human order.<\/span><\/i><\/p>\n<p><span style=\"font-weight: 400;\">The expansion into new areas was constant. A report from the Superintendent of the branch, in 1811, stated that there were 5,996 squatter tobacco plantations; 962 private ones; without being planted, 13,663 and 20,000 tillable crops (sic), on the banks of the rivers.<\/span><\/p>\n<p><span style=\"font-weight: 400;\">The trend continued in the first decades of the 20th century, with a strong presence of Canarian immigrants. As a sample, I quote what happened in Sancti Sp\u00edritus, according to studies by the historian Mart\u00ednez Moles, cited by Alberto Gal\u00e1n:<\/span><\/p>\n<p><i><span style=\"font-weight: 400;\">With the advent of the Republic (1902), numerous growers from the Canary Islands flocked to the Sancti Spiritus region and invaded all the areas where cultivation was susceptible: the pastures were plowed, the mountains were felled, raising cultivation to a prodigious magnitude and millions of pounds of tobacco employed hundreds of families who were dedicated to the destemming and classification of the leaf in chosen establishments. Guayos, Cabaigu\u00e1n, Neiva, Santa Luc\u00eda, Macaguabo, Guasimal, Bijabo, Manacas and Taguasco almost changed their characteristics from farming regions to tobacco centers&#8230; With the central railway, they did not expand much (minor crops) either, because the rise in freight rates nullified the profit, with the site people deriving their activities from growing tobacco, which promised a more secure income; but in which they were displaced by the Canary islanders<\/span><\/i><span style=\"font-weight: 400;\">.<\/span><\/p>\n<p><span style=\"font-weight: 400;\">The presence of immigrants included the industrial part:<\/span><\/p>\n<p><i><span style=\"font-weight: 400;\">Cigar-making islanders could be found all over the island. For example, there were a large number of factories in the central area of <\/span><\/i><i><span style=\"font-weight: 400;\">\u200b\u200b<\/span><\/i><i><span style=\"font-weight: 400;\">Cuba owned by the islanders, especially in Cabaigu\u00e1n, where their presence has been recorded as owners of small cigar factories integrated into the Cigar Makers Union that was founded in 1936. They owned factories such as El Guanche, Lucum\u00ed, Teide, Dorta, Nicaper, Vargas and, especially, Bauz\u00e1 y Yanes. The latter, owned by Las Palmas farmer Jos\u00e9 Yanes Barreto in partnership with Don Juan Bauz\u00e1 Vilela, employed up to 400 workers, being the largest cigar factory outside of Havana.<\/span><\/i><\/p>\n<p><b>On the other Atlantic shore<\/b><\/p>\n<figure id=\"attachment_303244\" aria-describedby=\"caption-attachment-303244\" style=\"width: 612px\" class=\"wp-caption aligncenter\"><a href=\"https:\/\/oncubanews.com\/en\/wp-content\/uploads\/2024\/06\/Fabrica-de-tabacos-E.-Fuentes-en-Las-Palmas-de-Gran-Canaria-1905-foto-tomada-de-Fedac-1.jpg\"><img loading=\"lazy\" decoding=\"async\" class=\"size-full wp-image-303244\" src=\"https:\/\/oncubanews.com\/en\/wp-content\/uploads\/2024\/06\/Fabrica-de-tabacos-E.-Fuentes-en-Las-Palmas-de-Gran-Canaria-1905-foto-tomada-de-Fedac-1.jpg\" alt=\"\" width=\"612\" height=\"393\" srcset=\"https:\/\/oncubanews.com\/en\/wp-content\/uploads\/2024\/06\/Fabrica-de-tabacos-E.-Fuentes-en-Las-Palmas-de-Gran-Canaria-1905-foto-tomada-de-Fedac-1.jpg 612w, https:\/\/oncubanews.com\/en\/wp-content\/uploads\/2024\/06\/Fabrica-de-tabacos-E.-Fuentes-en-Las-Palmas-de-Gran-Canaria-1905-foto-tomada-de-Fedac-1-300x193.jpg 300w\" sizes=\"auto, (max-width: 612px) 100vw, 612px\" \/><\/a><figcaption id=\"caption-attachment-303244\" class=\"wp-caption-text\">Fuentes tobacco factory, in Las Palmas de Gran Canaria, 1905, with the end of Spanish domination in Cuba (1898), tobacco production in the Canary Islands grew. Photo taken from Fedac.<\/figcaption><\/figure>\n<p><span style=\"font-weight: 400;\">When the <\/span><a href=\"https:\/\/www.holaislascanarias.com\/experiencias\/cochinilla-de-canarias\/\" target=\"_blank\" rel=\"noopener\"><span style=\"font-weight: 400;\">export of cochineal<\/span><\/a><span style=\"font-weight: 400;\"> entered into crisis in the Canary Islands, in the 19th century, farmers and businessmen considered that the adoption of the Cuban model, based on the cultivation of sugarcane and tobacco, would solve the problem. Since it did not require large capital to develop the tobacco plantations and would employ numerous families, it was an attractive alternative.<\/span><\/p>\n<p><span style=\"font-weight: 400;\">Furthermore, imported Cuban tobacco was part of everyday life, as it was sold in all the Canary Islands, and was associated in the popular imagination with the economic well-being of immigrants who made their fortune in the largest of the Caribbean islands.<\/span><\/p>\n<p><span style=\"font-weight: 400;\">At the end of the decade of 1827, some attempts were made that failed. At that time they had to ask for a license since the cultivation of tobacco was not allowed in the archipelago. In 1849, the Las Palmas City Council asked the central government for freedom for this production.<\/span><\/p>\n<p><span style=\"font-weight: 400;\">Pedro Socorro Santana, Chronicler of Santa Br\u00edgida, tells us that two years later, the schooner <\/span><i><span style=\"font-weight: 400;\">Adelaida<\/span><\/i><span style=\"font-weight: 400;\">, captained by \u00c1ngel Jes\u00fas Hern\u00e1ndez, transported tobacco seeds for the first crops from Havana, without charging for the freight.<\/span><\/p>\n<p><span style=\"font-weight: 400;\">It is also known that the owner Manuel de Lugo received seeds from Cuba in 1850. He planted them in the Agazal country estate and the Cercados del Montemayor belonging to G\u00e1ldar and in Molino de Viento y las Huesas, municipality of Las Palmas. However, the cholera epidemic that hit the population prevented the success of the venture.<\/span><\/p>\n<p><span style=\"font-weight: 400;\">The engineer Juan de Le\u00f3n y Castillo (1834-1912) contributed as a harvester and industrialist and also as a publicist by disseminating the <\/span><i><span style=\"font-weight: 400;\">Gu\u00eda del cultivo del tabaco<\/span><\/i><span style=\"font-weight: 400;\">, printed in Las Palmas, in 1870.<\/span><\/p>\n<p><span style=\"font-weight: 400;\">Hoping to consolidate production, a group of investors decided to join the Porvenir Agr\u00edcola Society of the Canary Islands in 1874. The following year, the Spanish government purchased about 20 tons of tobacco harvested on the island for 4 shillings per pound. The historian Agust\u00edn Millares explains about it:<\/span><\/p>\n<p><i><span style=\"font-weight: 400;\">To more effectively attend to this special crop, a joint-stock company dedicated exclusively to promoting this industry was founded in Las Palmas, organizing a factory and requesting the government to purchase that product for national consumption. The company was established with great luxury of employees and offices, details of brands and counter-brands and promises of great benefits to shareholders. After many difficulties and delays, some consignments of manufactured and leaf tobacco were purchased (1875), which when taken to Madrid were unfavorably classified, because in his desire to please the selling partners, the director of the factory did not dare to reject the useless bundles. With this sad disappointment and with the deplorable result of the financial operations, the association was dissolved, with the individuals that comprised it obtaining no other benefit than some bad lots from a discredited industry.<\/span><\/i><\/p>\n<p><span style=\"font-weight: 400;\">After a while, the Royal Order of April 19, 1882, which allowed the consumption on the Peninsula of cigarettes made in the Canary Islands with tobacco harvested in that province, caused enthusiasm. Hopes were raised again.<\/span><\/p>\n<p><span style=\"font-weight: 400;\">The new crop had a greater presence in Santa Cruz de La Palma, the regions of Las Bre\u00f1as, Mazo and El Paso. With capital investment from Cuba, factories such as La Africana, Flor de La Palma, El Trabajo, La Equitativa and La Golondrina were established. They were small businesses and industries founded by former tobacco growers who turned the island into the main tobacco producer of the Canary archipelago.<\/span><\/p>\n<p><a href=\"https:\/\/es.wikipedia.org\/wiki\/Luis_Felipe_G%C3%B3mez_Wang%C3%BCemert\" target=\"_blank\" rel=\"noopener\"><span style=\"font-weight: 400;\">Luis Felipe G\u00f3mez Wang\u00fcemert<\/span><\/a><span style=\"font-weight: 400;\"> (1862-1942), from La Palma and residing in Cuba, journalist, teacher, farmer and politician, was one of the returnees \u2014 in his case temporarily \u2014 who applied the experience assimilated in Pinar del R\u00edo.<\/span><\/p>\n<p><span style=\"font-weight: 400;\">In addition to creating two factories: La Africana (in partnership with Juan Cabrera Mart\u00edn) and Flor de La Palma, G\u00f3mez Wang\u00fcemert organized exhibitions to promote production and edited the magazine <\/span><i><span style=\"font-weight: 400;\">El Tabaco<\/span><\/i><span style=\"font-weight: 400;\">. In the editorial of the first issue, he stated:<\/span><\/p>\n<p><i><span style=\"font-weight: 400;\">We seek the extension and improvement of tobacco cultivation and the procedures used to transform it into cigarettes, so that, once its undoubted excellence is known, it makes its way into all markets.<\/span><\/i><\/p>\n<p><i><span style=\"font-weight: 400;\">And since the Peninsula, since Spain does not produce tobacco and this island is currently the only Spanish land where it is cultivated and produced according to the practices of Cuba, we must direct our modest efforts to ensure that the legitimate La Palma tobacco is known in the peninsular territory and that the leaf tobacco be purchased from us for the national factories and the processed one for sale in the tobacconists of the Tenant Company.<\/span><\/i><\/p>\n<p><span style=\"font-weight: 400;\">His purposes were well founded: in 1906 Spain imported leaf tobacco for its factories.<\/span><\/p>\n<p><span style=\"font-weight: 400;\">Luis Felipe G\u00f3mez, promoter of tobacco cultivation in La Palma. Photo taken from the book \u201cWang\u00fcemert y Cuba, Centro de la Cultura Popular Canaria.\u201d<\/span><\/p>\n<p><span style=\"font-weight: 400;\">In Tenerife, tobacco was grown in 1882 in the municipalities of Adeje, Granadilla de Abona and Vilaflor, with Marcial Meli\u00e1n S\u00e1nchez (1816-1891) standing out. He had lived in Cuba and when he returned, he brought back \u201cthe best seeds and the art of the perfect composition of the leaves of that sensitive plant, pure vice, which spread throughout Las Palmas, Telde, San Bartolom\u00e9 de Tirajana, Santa Br\u00edgida, Arucas and La Aldea,\u201d says Pedro Socorro.<\/span><\/p>\n<p><span style=\"font-weight: 400;\">In Tenerife he founded, in 1877, the La Afortunada factory; later he inaugurated another one in Santa Br\u00edgida, Gran Canaria, and created a warehouse in Las Palmas, on the corner of San Francisco Street.<\/span><\/p>\n<p><span style=\"font-weight: 400;\">Although in Santa Br\u00edgida the factory employed a small number of women, because not much labor force was needed, in agriculture it was different. Pedro Socorro specifies:<\/span><\/p>\n<p><i><span style=\"font-weight: 400;\">Life in the land of Santa Br\u00edgida revolved around tobacco and its collection involved the majority of the population, since it required the strength of almost all the arms in intensive days to the point that the councilors of the town hall, who did not stand out for their regular attendance at the plenary sessions, gave up going to the ordinary session when there was a tobacco harvest.<\/span><\/i><\/p>\n<figure id=\"attachment_303242\" aria-describedby=\"caption-attachment-303242\" style=\"width: 637px\" class=\"wp-caption aligncenter\"><a href=\"https:\/\/oncubanews.com\/en\/wp-content\/uploads\/2024\/06\/Fabrica-de-tabacos-en-Las-Palmas-de-Gran-Canaria-foto-tomada-de-Fedac-1.jpg\"><img loading=\"lazy\" decoding=\"async\" class=\"size-full wp-image-303242\" src=\"https:\/\/oncubanews.com\/en\/wp-content\/uploads\/2024\/06\/Fabrica-de-tabacos-en-Las-Palmas-de-Gran-Canaria-foto-tomada-de-Fedac-1.jpg\" alt=\"\" width=\"637\" height=\"408\" srcset=\"https:\/\/oncubanews.com\/en\/wp-content\/uploads\/2024\/06\/Fabrica-de-tabacos-en-Las-Palmas-de-Gran-Canaria-foto-tomada-de-Fedac-1.jpg 637w, https:\/\/oncubanews.com\/en\/wp-content\/uploads\/2024\/06\/Fabrica-de-tabacos-en-Las-Palmas-de-Gran-Canaria-foto-tomada-de-Fedac-1-300x192.jpg 300w\" sizes=\"auto, (max-width: 637px) 100vw, 637px\" \/><\/a><figcaption id=\"caption-attachment-303242\" class=\"wp-caption-text\">Eufemio Fuentes cigar factory, in Las Palmas de Gran Canaria. Photo taken from Fedac.<\/figcaption><\/figure>\n<p><b>Leader in exports<\/b><\/p>\n<p><span style=\"font-weight: 400;\">With its ups and downs, tobacco production in the Canary Islands went through the 20th century. And today the La Palmas cigars enjoy international fame. La Primorosa is one of its factories. Of its origins <\/span><a href=\"https:\/\/laprimorosa.com\/portada.html\" target=\"_blank\" rel=\"noopener\"><span style=\"font-weight: 400;\">it is said<\/span><\/a><span style=\"font-weight: 400;\">:<\/span><\/p>\n<p><i><span style=\"font-weight: 400;\">The current seeds arrived from Cuba in the 1940s; popularly called golden hair, its presence meant in the post-war period that many families could survive by growing a handful of tobacco, in a job in which all its members collaborated. The women, at night, stood guard over the seedbeds \u2015 small tobacco plants \u2015 with jachos, or torches, to prevent them from being attacked by the threads, worms that appear after sunset.<\/span><\/i><\/p>\n<figure id=\"attachment_303243\" aria-describedby=\"caption-attachment-303243\" style=\"width: 1440px\" class=\"wp-caption aligncenter\"><a href=\"https:\/\/oncubanews.com\/en\/wp-content\/uploads\/2024\/06\/Tabacos-El-Rubio-producidos-en-Brena-Alta-La-Palma-foto-tomada-del-perfil-de-fb-de-la-fabrica-1.jpg\"><img loading=\"lazy\" decoding=\"async\" class=\"size-full wp-image-303243\" src=\"https:\/\/oncubanews.com\/en\/wp-content\/uploads\/2024\/06\/Tabacos-El-Rubio-producidos-en-Brena-Alta-La-Palma-foto-tomada-del-perfil-de-fb-de-la-fabrica-1.jpg\" alt=\"\" width=\"1440\" height=\"973\" srcset=\"https:\/\/oncubanews.com\/en\/wp-content\/uploads\/2024\/06\/Tabacos-El-Rubio-producidos-en-Brena-Alta-La-Palma-foto-tomada-del-perfil-de-fb-de-la-fabrica-1.jpg 1440w, https:\/\/oncubanews.com\/en\/wp-content\/uploads\/2024\/06\/Tabacos-El-Rubio-producidos-en-Brena-Alta-La-Palma-foto-tomada-del-perfil-de-fb-de-la-fabrica-1-300x203.jpg 300w, https:\/\/oncubanews.com\/en\/wp-content\/uploads\/2024\/06\/Tabacos-El-Rubio-producidos-en-Brena-Alta-La-Palma-foto-tomada-del-perfil-de-fb-de-la-fabrica-1-1024x692.jpg 1024w, https:\/\/oncubanews.com\/en\/wp-content\/uploads\/2024\/06\/Tabacos-El-Rubio-producidos-en-Brena-Alta-La-Palma-foto-tomada-del-perfil-de-fb-de-la-fabrica-1-768x519.jpg 768w, https:\/\/oncubanews.com\/en\/wp-content\/uploads\/2024\/06\/Tabacos-El-Rubio-producidos-en-Brena-Alta-La-Palma-foto-tomada-del-perfil-de-fb-de-la-fabrica-1-750x507.jpg 750w, https:\/\/oncubanews.com\/en\/wp-content\/uploads\/2024\/06\/Tabacos-El-Rubio-producidos-en-Brena-Alta-La-Palma-foto-tomada-del-perfil-de-fb-de-la-fabrica-1-1140x770.jpg 1140w\" sizes=\"auto, (max-width: 1440px) 100vw, 1440px\" \/><\/a><figcaption id=\"caption-attachment-303243\" class=\"wp-caption-text\">El Rubio Tobacco, produced in Bre\u00f1a Alta, La Palma. Photo taken from Fedac.<\/figcaption><\/figure>\n<p><span style=\"font-weight: 400;\">In 2023, 59% of Spain\u2019s tobacco industrial activity was concentrated in the Canary archipelago, where 23 local companies and subsidiaries dedicated to this sector were active. It was estimated that the direct contribution of tobacco to public administration revenue would be around 248 million euros.<\/span><\/p>\n<p><span style=\"font-weight: 400;\">It employed nearly 4,500 people, a figure that represents 18.8% of Canarian manufacturing employment and 11.5% of total employment in the industrial sector. Tobacco exports, estimated at around 203.6 million euros, <\/span><a href=\"https:\/\/www.canarias7.es\/economia\/sector-tabaco-lidera-primera-vez-exportaciones-canarias-20240217183335-nt.html\" target=\"_blank\" rel=\"noopener\"><span style=\"font-weight: 400;\">moved to first place<\/span><\/a><span style=\"font-weight: 400;\"> for the first time in history by displacing bananas, one of its traditional products.<\/span><\/p>\n<p><span style=\"font-weight: 400;\">Who would have imagined this outcome in the Atlantic adventure of Cuban tobacco? That island traveler became a tangible seal between two archipelagos, connected by centuries of common history.<\/span><\/p>\n<p>&nbsp;<\/p>\n<p><span style=\"font-weight: 400;\">________________________________________<\/span><\/p>\n<p><b>Sources<\/b><\/p>\n<ul>\n<li style=\"font-weight: 400;\" aria-level=\"1\"><span style=\"font-weight: 400;\">Ram\u00f3n Mar\u00eda Men\u00e9ndez: <\/span><i><span style=\"font-weight: 400;\">Memorias de un enumerador<\/span><\/i><span style=\"font-weight: 400;\">, printing house Avisador Comercial, Havana, 1907.<\/span><\/li>\n<li style=\"font-weight: 400;\" aria-level=\"1\"><span style=\"font-weight: 400;\">Pablo Tornero Tinajero: \u201cInmigrantes canarios en Cuba y cultivo tabacalero. La fundaci\u00f3n de Santiago de las Vegas (1745 \u2013 1771)\u201d<\/span><\/li>\n<li style=\"font-weight: 400;\" aria-level=\"1\"><span style=\"font-weight: 400;\">Jos\u00e9 Alberto Galv\u00e1n Tudela: \u201cMigraci\u00f3n insular y procesos de trabajo de los canarios en Cuba (1900-1930.\u201d 12th Colloquium of Canary-American History, 1998.<\/span><\/li>\n<li style=\"font-weight: 400;\" aria-level=\"1\"><span style=\"font-weight: 400;\">Mar\u00eda de los Reyes Hern\u00e1ndez and Santiago de Lux\u00e1n Mel\u00e9ndez: <\/span><a href=\"https:\/\/accedacris.ulpgc.es\/bitstream\/10553\/77258\/2\/retratos_promotores_cultivo.pdf\" target=\"_blank\" rel=\"noopener\"><i><span style=\"font-weight: 400;\">Retratos de promotores del cultivo del\u00a0 tabaco y representaciones pl\u00e1sticas del h\u00e1bito placentero en Canarias\u00a0 (siglos XIX-XX)<\/span><\/i><\/a><span style=\"font-weight: 400;\">.<\/span><\/li>\n<li style=\"font-weight: 400;\" aria-level=\"1\"><span style=\"font-weight: 400;\">Pedro Socorro Santana: <\/span><a href=\"https:\/\/www.bienmesabe.org\/\" target=\"_blank\" rel=\"noopener\"><i><span style=\"font-weight: 400;\">Memoria de la f\u00e1brica de tabaco de Santa Br\u00edgida<\/span><\/i><\/a><span style=\"font-weight: 400;\">.<\/span><\/li>\n<li style=\"font-weight: 400;\" aria-level=\"1\"><span style=\"font-weight: 400;\">Alberto Galv\u00e1n Tudela (Ed.): <\/span><i><span style=\"font-weight: 400;\">Canarios en Cuba. Una mirada desde la Antropolog\u00eda, Gr\u00e1ficas Sabater, Tenerife, 2007<\/span><\/i><span style=\"font-weight: 400;\">.<\/span><\/li>\n<li style=\"font-weight: 400;\" aria-level=\"1\"><span style=\"font-weight: 400;\">Miguel Su\u00e1rez Bosa and Francisco Su\u00e1rez Viera: \u201cEmigraci\u00f3n y actividad empresarial canaria en Cuba, 1850-1950.\u201d Sequence, no. 87, Mexico, Sep.\/Dec., 2013.<\/span><\/li>\n<\/ul>\n","protected":false},"excerpt":{"rendered":"<p>The product became a tangible seal between two archipelagos: the Cuban and the Canary Islands, connected by centuries of common history.<\/p>\n","protected":false},"author":12345875,"featured_media":303240,"comment_status":"open","ping_status":"closed","sticky":false,"template":"","format":"standard","meta":{"_acf_changed":false,"footnotes":""},"categories":[13912],"tags":[22988,20965,19256],"ppma_author":[34654],"class_list":["post-303238","post","type-post","status-publish","format-standard","has-post-thumbnail","hentry","category-cuban-history","tag-cuban-history","tag-cuban-tobacco","tag-featured"],"acf":[],"yoast_head":"<!-- This site is optimized with the Yoast SEO plugin v27.3 - https:\/\/yoast.com\/product\/yoast-seo-wordpress\/ -->\n<title>Cuban tobacco: island traveler | OnCubaNews English<\/title>\n<meta name=\"description\" content=\"The product became a tangible seal between two archipelagos: the Cuban and the Canary Islands, connected by centuries of common history.\" \/>\n<meta name=\"robots\" content=\"index, follow, max-snippet:-1, max-image-preview:large, max-video-preview:-1\" \/>\n<link rel=\"canonical\" href=\"https:\/\/oncubanews.com\/en\/cuba\/society-cuba\/cuban-history\/cuban-tobacco-island-traveler\/\" \/>\n<meta property=\"og:locale\" content=\"en_US\" \/>\n<meta property=\"og:type\" content=\"article\" \/>\n<meta property=\"og:title\" content=\"Cuban tobacco: island traveler | OnCubaNews English\" \/>\n<meta property=\"og:description\" content=\"The product became a tangible seal between two archipelagos: the Cuban and the Canary Islands, connected by centuries of common history.\" \/>\n<meta property=\"og:url\" content=\"https:\/\/oncubanews.com\/en\/cuba\/society-cuba\/cuban-history\/cuban-tobacco-island-traveler\/\" \/>\n<meta property=\"og:site_name\" content=\"OnCubaNews English\" \/>\n<meta property=\"article:published_time\" content=\"2024-06-03T22:17:43+00:00\" \/>\n<meta property=\"og:image\" content=\"https:\/\/oncubanews.com\/en\/wp-content\/uploads\/2024\/06\/inmigrantes-canarios-en-Cabaiguan-Cuba-1.jpg\" \/>\n\t<meta property=\"og:image:width\" content=\"1140\" \/>\n\t<meta property=\"og:image:height\" content=\"815\" \/>\n\t<meta property=\"og:image:type\" content=\"image\/jpeg\" \/>\n<meta name=\"author\" content=\"Jos\u00e9 Antonio Quintana Garc\u00eda\" \/>\n<meta name=\"twitter:card\" content=\"summary_large_image\" \/>\n<meta name=\"twitter:label1\" content=\"Written by\" \/>\n\t<meta name=\"twitter:data1\" content=\"Jos\u00e9 Antonio Quintana Garc\u00eda\" \/>\n\t<meta name=\"twitter:label2\" content=\"Est. reading time\" \/>\n\t<meta name=\"twitter:data2\" content=\"11 minutes\" \/>\n<script type=\"application\/ld+json\" class=\"yoast-schema-graph\">{\"@context\":\"https:\\\/\\\/schema.org\",\"@graph\":[{\"@type\":\"Article\",\"@id\":\"https:\\\/\\\/oncubanews.com\\\/en\\\/cuba\\\/society-cuba\\\/cuban-history\\\/cuban-tobacco-island-traveler\\\/#article\",\"isPartOf\":{\"@id\":\"https:\\\/\\\/oncubanews.com\\\/en\\\/cuba\\\/society-cuba\\\/cuban-history\\\/cuban-tobacco-island-traveler\\\/\"},\"author\":{\"name\":\"Jos\u00e9 Antonio Quintana Garc\u00eda\",\"@id\":\"https:\\\/\\\/oncubanews.com\\\/en\\\/#\\\/schema\\\/person\\\/561d9a88451343deff064c5f32e406f3\"},\"headline\":\"Cuban tobacco: island traveler\",\"datePublished\":\"2024-06-03T22:17:43+00:00\",\"mainEntityOfPage\":{\"@id\":\"https:\\\/\\\/oncubanews.com\\\/en\\\/cuba\\\/society-cuba\\\/cuban-history\\\/cuban-tobacco-island-traveler\\\/\"},\"wordCount\":2271,\"commentCount\":0,\"image\":{\"@id\":\"https:\\\/\\\/oncubanews.com\\\/en\\\/cuba\\\/society-cuba\\\/cuban-history\\\/cuban-tobacco-island-traveler\\\/#primaryimage\"},\"thumbnailUrl\":\"https:\\\/\\\/oncubanews.com\\\/en\\\/wp-content\\\/uploads\\\/2024\\\/06\\\/inmigrantes-canarios-en-Cabaiguan-Cuba-1.jpg\",\"keywords\":[\"cuban history\",\"cuban tobacco\",\"featured\"],\"articleSection\":[\"Cuban History\"],\"inLanguage\":\"en-US\",\"potentialAction\":[{\"@type\":\"CommentAction\",\"name\":\"Comment\",\"target\":[\"https:\\\/\\\/oncubanews.com\\\/en\\\/cuba\\\/society-cuba\\\/cuban-history\\\/cuban-tobacco-island-traveler\\\/#respond\"]}],\"copyrightYear\":\"2024\",\"copyrightHolder\":{\"@id\":\"https:\\\/\\\/oncubanews.com\\\/en\\\/#organization\"}},{\"@type\":\"WebPage\",\"@id\":\"https:\\\/\\\/oncubanews.com\\\/en\\\/cuba\\\/society-cuba\\\/cuban-history\\\/cuban-tobacco-island-traveler\\\/\",\"url\":\"https:\\\/\\\/oncubanews.com\\\/en\\\/cuba\\\/society-cuba\\\/cuban-history\\\/cuban-tobacco-island-traveler\\\/\",\"name\":\"Cuban tobacco: island traveler | OnCubaNews English\",\"isPartOf\":{\"@id\":\"https:\\\/\\\/oncubanews.com\\\/en\\\/#website\"},\"primaryImageOfPage\":{\"@id\":\"https:\\\/\\\/oncubanews.com\\\/en\\\/cuba\\\/society-cuba\\\/cuban-history\\\/cuban-tobacco-island-traveler\\\/#primaryimage\"},\"image\":{\"@id\":\"https:\\\/\\\/oncubanews.com\\\/en\\\/cuba\\\/society-cuba\\\/cuban-history\\\/cuban-tobacco-island-traveler\\\/#primaryimage\"},\"thumbnailUrl\":\"https:\\\/\\\/oncubanews.com\\\/en\\\/wp-content\\\/uploads\\\/2024\\\/06\\\/inmigrantes-canarios-en-Cabaiguan-Cuba-1.jpg\",\"datePublished\":\"2024-06-03T22:17:43+00:00\",\"author\":{\"@id\":\"https:\\\/\\\/oncubanews.com\\\/en\\\/#\\\/schema\\\/person\\\/561d9a88451343deff064c5f32e406f3\"},\"description\":\"The product became a tangible seal between two archipelagos: the Cuban and the Canary Islands, connected by centuries of common history.\",\"breadcrumb\":{\"@id\":\"https:\\\/\\\/oncubanews.com\\\/en\\\/cuba\\\/society-cuba\\\/cuban-history\\\/cuban-tobacco-island-traveler\\\/#breadcrumb\"},\"inLanguage\":\"en-US\",\"potentialAction\":[{\"@type\":\"ReadAction\",\"target\":[\"https:\\\/\\\/oncubanews.com\\\/en\\\/cuba\\\/society-cuba\\\/cuban-history\\\/cuban-tobacco-island-traveler\\\/\"]}]},{\"@type\":\"ImageObject\",\"inLanguage\":\"en-US\",\"@id\":\"https:\\\/\\\/oncubanews.com\\\/en\\\/cuba\\\/society-cuba\\\/cuban-history\\\/cuban-tobacco-island-traveler\\\/#primaryimage\",\"url\":\"https:\\\/\\\/oncubanews.com\\\/en\\\/wp-content\\\/uploads\\\/2024\\\/06\\\/inmigrantes-canarios-en-Cabaiguan-Cuba-1.jpg\",\"contentUrl\":\"https:\\\/\\\/oncubanews.com\\\/en\\\/wp-content\\\/uploads\\\/2024\\\/06\\\/inmigrantes-canarios-en-Cabaiguan-Cuba-1.jpg\",\"width\":1140,\"height\":815,\"caption\":\"Canarian immigrants at a tobacco pick in Cabaigu\u00e1n, Cuba. Photo taken from rcabaiguan.cu\"},{\"@type\":\"BreadcrumbList\",\"@id\":\"https:\\\/\\\/oncubanews.com\\\/en\\\/cuba\\\/society-cuba\\\/cuban-history\\\/cuban-tobacco-island-traveler\\\/#breadcrumb\",\"itemListElement\":[{\"@type\":\"ListItem\",\"position\":1,\"name\":\"Portada\",\"item\":\"https:\\\/\\\/oncubanews.com\\\/en\\\/\"},{\"@type\":\"ListItem\",\"position\":2,\"name\":\"Cuban tobacco: island traveler\"}]},{\"@type\":\"WebSite\",\"@id\":\"https:\\\/\\\/oncubanews.com\\\/en\\\/#website\",\"url\":\"https:\\\/\\\/oncubanews.com\\\/en\\\/\",\"name\":\"OnCubaNews English\",\"description\":\"Revista sobre Cuba\",\"potentialAction\":[{\"@type\":\"SearchAction\",\"target\":{\"@type\":\"EntryPoint\",\"urlTemplate\":\"https:\\\/\\\/oncubanews.com\\\/en\\\/?s={search_term_string}\"},\"query-input\":{\"@type\":\"PropertyValueSpecification\",\"valueRequired\":true,\"valueName\":\"search_term_string\"}}],\"inLanguage\":\"en-US\"},{\"@type\":\"Person\",\"@id\":\"https:\\\/\\\/oncubanews.com\\\/en\\\/#\\\/schema\\\/person\\\/561d9a88451343deff064c5f32e406f3\",\"name\":\"Jos\u00e9 Antonio Quintana Garc\u00eda\",\"image\":{\"@type\":\"ImageObject\",\"inLanguage\":\"en-US\",\"@id\":\"https:\\\/\\\/oncubanews.com\\\/wp-content\\\/uploads\\\/2023\\\/01\\\/Tono-96x96.jpge6e1fe067ab08af884cb42a4877efb8b\",\"url\":\"https:\\\/\\\/oncubanews.com\\\/wp-content\\\/uploads\\\/2023\\\/01\\\/Tono-96x96.jpg\",\"contentUrl\":\"https:\\\/\\\/oncubanews.com\\\/wp-content\\\/uploads\\\/2023\\\/01\\\/Tono-96x96.jpg\",\"caption\":\"Jos\u00e9 Antonio Quintana Garc\u00eda\"},\"description\":\"Se ha desempe\u00f1ado como historiador, periodista, investigador, profesor, conferencista y editor. Autor de diecis\u00e9is libros y coautor de otros quince. Sus textos se han publicado en Cuba, Ecuador, Rep\u00fablica Dominicana, Venezuela, Argentina, Espa\u00f1a, M\u00e9xico, Estados Unidos e Irlanda.\",\"url\":\"https:\\\/\\\/oncubanews.com\\\/en\\\/author\\\/joseantonioquintana1\\\/\"}]}<\/script>\n<!-- \/ Yoast SEO plugin. -->","yoast_head_json":{"title":"Cuban tobacco: island traveler | OnCubaNews English","description":"The product became a tangible seal between two archipelagos: the Cuban and the Canary Islands, connected by centuries of common history.","robots":{"index":"index","follow":"follow","max-snippet":"max-snippet:-1","max-image-preview":"max-image-preview:large","max-video-preview":"max-video-preview:-1"},"canonical":"https:\/\/oncubanews.com\/en\/cuba\/society-cuba\/cuban-history\/cuban-tobacco-island-traveler\/","og_locale":"en_US","og_type":"article","og_title":"Cuban tobacco: island traveler | OnCubaNews English","og_description":"The product became a tangible seal between two archipelagos: the Cuban and the Canary Islands, connected by centuries of common history.","og_url":"https:\/\/oncubanews.com\/en\/cuba\/society-cuba\/cuban-history\/cuban-tobacco-island-traveler\/","og_site_name":"OnCubaNews English","article_published_time":"2024-06-03T22:17:43+00:00","og_image":[{"width":1140,"height":815,"url":"https:\/\/oncubanews.com\/en\/wp-content\/uploads\/2024\/06\/inmigrantes-canarios-en-Cabaiguan-Cuba-1.jpg","type":"image\/jpeg"}],"author":"Jos\u00e9 Antonio Quintana Garc\u00eda","twitter_card":"summary_large_image","twitter_misc":{"Written by":"Jos\u00e9 Antonio Quintana Garc\u00eda","Est. reading time":"11 minutes"},"schema":{"@context":"https:\/\/schema.org","@graph":[{"@type":"Article","@id":"https:\/\/oncubanews.com\/en\/cuba\/society-cuba\/cuban-history\/cuban-tobacco-island-traveler\/#article","isPartOf":{"@id":"https:\/\/oncubanews.com\/en\/cuba\/society-cuba\/cuban-history\/cuban-tobacco-island-traveler\/"},"author":{"name":"Jos\u00e9 Antonio Quintana Garc\u00eda","@id":"https:\/\/oncubanews.com\/en\/#\/schema\/person\/561d9a88451343deff064c5f32e406f3"},"headline":"Cuban tobacco: island traveler","datePublished":"2024-06-03T22:17:43+00:00","mainEntityOfPage":{"@id":"https:\/\/oncubanews.com\/en\/cuba\/society-cuba\/cuban-history\/cuban-tobacco-island-traveler\/"},"wordCount":2271,"commentCount":0,"image":{"@id":"https:\/\/oncubanews.com\/en\/cuba\/society-cuba\/cuban-history\/cuban-tobacco-island-traveler\/#primaryimage"},"thumbnailUrl":"https:\/\/oncubanews.com\/en\/wp-content\/uploads\/2024\/06\/inmigrantes-canarios-en-Cabaiguan-Cuba-1.jpg","keywords":["cuban history","cuban tobacco","featured"],"articleSection":["Cuban History"],"inLanguage":"en-US","potentialAction":[{"@type":"CommentAction","name":"Comment","target":["https:\/\/oncubanews.com\/en\/cuba\/society-cuba\/cuban-history\/cuban-tobacco-island-traveler\/#respond"]}],"copyrightYear":"2024","copyrightHolder":{"@id":"https:\/\/oncubanews.com\/en\/#organization"}},{"@type":"WebPage","@id":"https:\/\/oncubanews.com\/en\/cuba\/society-cuba\/cuban-history\/cuban-tobacco-island-traveler\/","url":"https:\/\/oncubanews.com\/en\/cuba\/society-cuba\/cuban-history\/cuban-tobacco-island-traveler\/","name":"Cuban tobacco: island traveler | OnCubaNews English","isPartOf":{"@id":"https:\/\/oncubanews.com\/en\/#website"},"primaryImageOfPage":{"@id":"https:\/\/oncubanews.com\/en\/cuba\/society-cuba\/cuban-history\/cuban-tobacco-island-traveler\/#primaryimage"},"image":{"@id":"https:\/\/oncubanews.com\/en\/cuba\/society-cuba\/cuban-history\/cuban-tobacco-island-traveler\/#primaryimage"},"thumbnailUrl":"https:\/\/oncubanews.com\/en\/wp-content\/uploads\/2024\/06\/inmigrantes-canarios-en-Cabaiguan-Cuba-1.jpg","datePublished":"2024-06-03T22:17:43+00:00","author":{"@id":"https:\/\/oncubanews.com\/en\/#\/schema\/person\/561d9a88451343deff064c5f32e406f3"},"description":"The product became a tangible seal between two archipelagos: the Cuban and the Canary Islands, connected by centuries of common history.","breadcrumb":{"@id":"https:\/\/oncubanews.com\/en\/cuba\/society-cuba\/cuban-history\/cuban-tobacco-island-traveler\/#breadcrumb"},"inLanguage":"en-US","potentialAction":[{"@type":"ReadAction","target":["https:\/\/oncubanews.com\/en\/cuba\/society-cuba\/cuban-history\/cuban-tobacco-island-traveler\/"]}]},{"@type":"ImageObject","inLanguage":"en-US","@id":"https:\/\/oncubanews.com\/en\/cuba\/society-cuba\/cuban-history\/cuban-tobacco-island-traveler\/#primaryimage","url":"https:\/\/oncubanews.com\/en\/wp-content\/uploads\/2024\/06\/inmigrantes-canarios-en-Cabaiguan-Cuba-1.jpg","contentUrl":"https:\/\/oncubanews.com\/en\/wp-content\/uploads\/2024\/06\/inmigrantes-canarios-en-Cabaiguan-Cuba-1.jpg","width":1140,"height":815,"caption":"Canarian immigrants at a tobacco pick in Cabaigu\u00e1n, Cuba. Photo taken from rcabaiguan.cu"},{"@type":"BreadcrumbList","@id":"https:\/\/oncubanews.com\/en\/cuba\/society-cuba\/cuban-history\/cuban-tobacco-island-traveler\/#breadcrumb","itemListElement":[{"@type":"ListItem","position":1,"name":"Portada","item":"https:\/\/oncubanews.com\/en\/"},{"@type":"ListItem","position":2,"name":"Cuban tobacco: island traveler"}]},{"@type":"WebSite","@id":"https:\/\/oncubanews.com\/en\/#website","url":"https:\/\/oncubanews.com\/en\/","name":"OnCubaNews English","description":"Revista sobre Cuba","potentialAction":[{"@type":"SearchAction","target":{"@type":"EntryPoint","urlTemplate":"https:\/\/oncubanews.com\/en\/?s={search_term_string}"},"query-input":{"@type":"PropertyValueSpecification","valueRequired":true,"valueName":"search_term_string"}}],"inLanguage":"en-US"},{"@type":"Person","@id":"https:\/\/oncubanews.com\/en\/#\/schema\/person\/561d9a88451343deff064c5f32e406f3","name":"Jos\u00e9 Antonio Quintana Garc\u00eda","image":{"@type":"ImageObject","inLanguage":"en-US","@id":"https:\/\/oncubanews.com\/wp-content\/uploads\/2023\/01\/Tono-96x96.jpge6e1fe067ab08af884cb42a4877efb8b","url":"https:\/\/oncubanews.com\/wp-content\/uploads\/2023\/01\/Tono-96x96.jpg","contentUrl":"https:\/\/oncubanews.com\/wp-content\/uploads\/2023\/01\/Tono-96x96.jpg","caption":"Jos\u00e9 Antonio Quintana Garc\u00eda"},"description":"Se ha desempe\u00f1ado como historiador, periodista, investigador, profesor, conferencista y editor. Autor de diecis\u00e9is libros y coautor de otros quince. Sus textos se han publicado en Cuba, Ecuador, Rep\u00fablica Dominicana, Venezuela, Argentina, Espa\u00f1a, M\u00e9xico, Estados Unidos e Irlanda.","url":"https:\/\/oncubanews.com\/en\/author\/joseantonioquintana1\/"}]}},"authors":[{"term_id":34654,"user_id":12345875,"is_guest":0,"slug":"joseantonioquintana1","display_name":"Jos\u00e9 Antonio Quintana Garc\u00eda","avatar_url":"https:\/\/oncubanews.com\/wp-content\/uploads\/2023\/01\/Tono-96x96.jpg","0":null,"1":"","2":"","3":"","4":"","5":"","6":"","7":"","8":""}],"_links":{"self":[{"href":"https:\/\/oncubanews.com\/en\/wp-json\/wp\/v2\/posts\/303238","targetHints":{"allow":["GET"]}}],"collection":[{"href":"https:\/\/oncubanews.com\/en\/wp-json\/wp\/v2\/posts"}],"about":[{"href":"https:\/\/oncubanews.com\/en\/wp-json\/wp\/v2\/types\/post"}],"author":[{"embeddable":true,"href":"https:\/\/oncubanews.com\/en\/wp-json\/wp\/v2\/users\/12345875"}],"replies":[{"embeddable":true,"href":"https:\/\/oncubanews.com\/en\/wp-json\/wp\/v2\/comments?post=303238"}],"version-history":[{"count":3,"href":"https:\/\/oncubanews.com\/en\/wp-json\/wp\/v2\/posts\/303238\/revisions"}],"predecessor-version":[{"id":303248,"href":"https:\/\/oncubanews.com\/en\/wp-json\/wp\/v2\/posts\/303238\/revisions\/303248"}],"wp:featuredmedia":[{"embeddable":true,"href":"https:\/\/oncubanews.com\/en\/wp-json\/wp\/v2\/media\/303240"}],"wp:attachment":[{"href":"https:\/\/oncubanews.com\/en\/wp-json\/wp\/v2\/media?parent=303238"}],"wp:term":[{"taxonomy":"category","embeddable":true,"href":"https:\/\/oncubanews.com\/en\/wp-json\/wp\/v2\/categories?post=303238"},{"taxonomy":"post_tag","embeddable":true,"href":"https:\/\/oncubanews.com\/en\/wp-json\/wp\/v2\/tags?post=303238"},{"taxonomy":"author","embeddable":true,"href":"https:\/\/oncubanews.com\/en\/wp-json\/wp\/v2\/ppma_author?post=303238"}],"curies":[{"name":"wp","href":"https:\/\/api.w.org\/{rel}","templated":true}]}}