
{"id":30394,"date":"2014-06-24T15:42:15","date_gmt":"2014-06-24T19:42:15","guid":{"rendered":"http:\/\/oncubamagazine.com\/?p=30394"},"modified":"2014-06-25T15:44:49","modified_gmt":"2014-06-25T19:44:49","slug":"football-world-cup-the-effect-costa-rica","status":"publish","type":"post","link":"https:\/\/oncubanews.com\/en\/sports\/football-world-cup-the-effect-costa-rica\/","title":{"rendered":"Football World Cup: The Effect Costa Rica"},"content":{"rendered":"<p>Neither Messi nor Cristiano were the talk of the Cubans this weekend. Beyond the disappointing performance of Argentina and Portugal, people on the street repeat ad nauseam something as uncertain as impossible: &#8220;If Costa Rica can play like at world finals, Cuba at least could qualify.&#8221; The argument? Costa Ricans and Cubans ten years ago drew couple of games in a World Cup qualifier.<\/p>\n<p>From that selection today remain only Christian Bola\u00f1os and Michael Umana; well, after that result, the Technical Director Steve Sampson was separated from the national squad. That team suffered that couldn\u2019t beat those led by Miguel Company, changed face several times before reaching the finals in Germany.<\/p>\n<p>However, how is it possible that a selection of CONCACAF, one of the weakest areas of the football universe, has struck in the face a couple of world champions? It&#8217;s so hard to explain. Of the 15 players who stepped on the pitch in the 1-3 victory over Uruguay two play in MLS clubs, two in the Deportivo Saprissa of Costa Rica and the other eleven do it in Europe. When Cuba was defeated 3-0 win in the Gold Cup 2013 by Costa Ricans, many of the World Cup players were not on the court, even its main stars were not there. Of course, all members of the Cuban team played in the National Football League.<\/p>\n<p>Against Italy, the only difference was the entry as a substitute of Brenes for Barrantes; Are players the architects of this wonderful game? In part they are, but much of the credit goes to their technical director. Pinto had already led to the selection, without much success. He returned in 2011, after the failure of Ricardo La Volpe at the head of the Ticos and the team improved considerably, to the point that today they are the only qualified in group D, considered by many the group of death.<\/p>\n<p>Costa Rica\u00b4s is not an isolated case. Mexico arrived in Brazil between doubts and suffering, but its performance has been very good, tying a game with local favorite to lift the title. The U.S. has also achieved good results in another very difficult group. Even Honduras has not been the worst. Has the CONCACAF improved?<\/p>\n<p>There isn\u2019t a tournament to measure forces in different regions. Usually, UEFA and CONMEBOL are considered the best football, and of course, have the best leagues in the world and all world champions belonged to these. However, there is no real gauge to know which areas are more powerful, so sometimes these surprises in World Cups astonish more than they should. The same has happened with African teams.<\/p>\n<p>But realistically, if football in Central and North America have improved, by transitivity, this archipelago football doesn\u2019t have to. Ours are kept well away from reality, although the reliable FIFA ranking says otherwise and we place above World Cup teams. Our football needs a monstrous massive cash injection and export of players to begin with. Let\u00b4s not talk about a world champion, beating teams like Russia and Cameroon are well distant for our goals, whether that goal would be closer to play a friendly against them.<\/p>\n<p>&nbsp;<\/p>\n<p>&nbsp;<\/p>\n<p>&nbsp;<\/p>\n","protected":false},"excerpt":{"rendered":"<p>Neither Messi nor Cristiano were the talk of the Cubans this weekend. Beyond the disappointing performance of Argentina and Portugal, people on the street repeat ad nauseam something as uncertain as impossible: &#8220;If Costa Rica can play like at world finals, Cuba at least could qualify.&#8221; The argument? Costa Ricans and Cubans ten years ago [&hellip;]<\/p>\n","protected":false},"author":3110,"featured_media":30337,"comment_status":"open","ping_status":"closed","sticky":false,"template":"","format":"standard","meta":{"_acf_changed":false,"footnotes":""},"categories":[34],"tags":[8221],"ppma_author":[33758,7835],"class_list":["post-30394","post","type-post","status-publish","format-standard","has-post-thumbnail","hentry","category-sports","tag-mundial-de-futbol-en"],"acf":[],"yoast_head":"<!-- This site is optimized with the Yoast SEO plugin v27.3 - https:\/\/yoast.com\/product\/yoast-seo-wordpress\/ -->\n<title>Football World Cup: The Effect Costa Rica | OnCubaNews English<\/title>\n<meta name=\"robots\" content=\"index, follow, max-snippet:-1, max-image-preview:large, max-video-preview:-1\" \/>\n<link rel=\"canonical\" href=\"https:\/\/oncubanews.com\/en\/sports\/football-world-cup-the-effect-costa-rica\/\" \/>\n<meta property=\"og:locale\" content=\"en_US\" \/>\n<meta property=\"og:type\" content=\"article\" \/>\n<meta property=\"og:title\" content=\"Football World Cup: The Effect Costa Rica | OnCubaNews English\" \/>\n<meta property=\"og:description\" content=\"Neither Messi nor Cristiano were the talk of the Cubans this weekend. Beyond the disappointing performance of Argentina and Portugal, people on the street repeat ad nauseam something as uncertain as impossible: &#8220;If Costa Rica can play like at world finals, Cuba at least could qualify.&#8221; The argument? Costa Ricans and Cubans ten years ago [&hellip;]\" \/>\n<meta property=\"og:url\" content=\"https:\/\/oncubanews.com\/en\/sports\/football-world-cup-the-effect-costa-rica\/\" \/>\n<meta property=\"og:site_name\" content=\"OnCubaNews English\" \/>\n<meta property=\"article:published_time\" content=\"2014-06-24T19:42:15+00:00\" \/>\n<meta property=\"article:modified_time\" content=\"2014-06-25T19:44:49+00:00\" \/>\n<meta property=\"og:image\" content=\"https:\/\/oncubanews.com\/en\/wp-content\/uploads\/2014\/06\/costa-rica.jpg\" \/>\n\t<meta property=\"og:image:width\" content=\"755\" \/>\n\t<meta property=\"og:image:height\" content=\"443\" \/>\n\t<meta property=\"og:image:type\" content=\"image\/jpeg\" \/>\n<meta name=\"author\" content=\"Santiago Batisdona, santiago\" \/>\n<meta name=\"twitter:card\" content=\"summary_large_image\" \/>\n<meta name=\"twitter:label1\" content=\"Written by\" \/>\n\t<meta name=\"twitter:data1\" content=\"Santiago Batisdona\" \/>\n\t<meta name=\"twitter:label2\" content=\"Est. reading time\" \/>\n\t<meta name=\"twitter:data2\" content=\"3 minutes\" \/>\n<script type=\"application\/ld+json\" class=\"yoast-schema-graph\">{\"@context\":\"https:\\\/\\\/schema.org\",\"@graph\":[{\"@type\":\"Article\",\"@id\":\"https:\\\/\\\/oncubanews.com\\\/en\\\/sports\\\/football-world-cup-the-effect-costa-rica\\\/#article\",\"isPartOf\":{\"@id\":\"https:\\\/\\\/oncubanews.com\\\/en\\\/sports\\\/football-world-cup-the-effect-costa-rica\\\/\"},\"author\":{\"name\":\"Santiago Batisdona\",\"@id\":\"https:\\\/\\\/oncubanews.com\\\/en\\\/#\\\/schema\\\/person\\\/03d5f01d9dc319a57d9008e9b987e35a\"},\"headline\":\"Football World Cup: The Effect Costa Rica\",\"datePublished\":\"2014-06-24T19:42:15+00:00\",\"dateModified\":\"2014-06-25T19:44:49+00:00\",\"mainEntityOfPage\":{\"@id\":\"https:\\\/\\\/oncubanews.com\\\/en\\\/sports\\\/football-world-cup-the-effect-costa-rica\\\/\"},\"wordCount\":539,\"commentCount\":0,\"image\":{\"@id\":\"https:\\\/\\\/oncubanews.com\\\/en\\\/sports\\\/football-world-cup-the-effect-costa-rica\\\/#primaryimage\"},\"thumbnailUrl\":\"https:\\\/\\\/oncubanews.com\\\/en\\\/wp-content\\\/uploads\\\/2014\\\/06\\\/costa-rica.jpg\",\"keywords\":[\"Mundial de F\u00fatbol\"],\"articleSection\":[\"Sports\"],\"inLanguage\":\"en-US\",\"potentialAction\":[{\"@type\":\"CommentAction\",\"name\":\"Comment\",\"target\":[\"https:\\\/\\\/oncubanews.com\\\/en\\\/sports\\\/football-world-cup-the-effect-costa-rica\\\/#respond\"]}],\"copyrightYear\":\"2014\",\"copyrightHolder\":{\"@id\":\"https:\\\/\\\/oncubanews.com\\\/en\\\/#organization\"}},{\"@type\":\"WebPage\",\"@id\":\"https:\\\/\\\/oncubanews.com\\\/en\\\/sports\\\/football-world-cup-the-effect-costa-rica\\\/\",\"url\":\"https:\\\/\\\/oncubanews.com\\\/en\\\/sports\\\/football-world-cup-the-effect-costa-rica\\\/\",\"name\":\"Football World Cup: The Effect Costa Rica | OnCubaNews English\",\"isPartOf\":{\"@id\":\"https:\\\/\\\/oncubanews.com\\\/en\\\/#website\"},\"primaryImageOfPage\":{\"@id\":\"https:\\\/\\\/oncubanews.com\\\/en\\\/sports\\\/football-world-cup-the-effect-costa-rica\\\/#primaryimage\"},\"image\":{\"@id\":\"https:\\\/\\\/oncubanews.com\\\/en\\\/sports\\\/football-world-cup-the-effect-costa-rica\\\/#primaryimage\"},\"thumbnailUrl\":\"https:\\\/\\\/oncubanews.com\\\/en\\\/wp-content\\\/uploads\\\/2014\\\/06\\\/costa-rica.jpg\",\"datePublished\":\"2014-06-24T19:42:15+00:00\",\"dateModified\":\"2014-06-25T19:44:49+00:00\",\"author\":{\"@id\":\"https:\\\/\\\/oncubanews.com\\\/en\\\/#\\\/schema\\\/person\\\/03d5f01d9dc319a57d9008e9b987e35a\"},\"breadcrumb\":{\"@id\":\"https:\\\/\\\/oncubanews.com\\\/en\\\/sports\\\/football-world-cup-the-effect-costa-rica\\\/#breadcrumb\"},\"inLanguage\":\"en-US\",\"potentialAction\":[{\"@type\":\"ReadAction\",\"target\":[\"https:\\\/\\\/oncubanews.com\\\/en\\\/sports\\\/football-world-cup-the-effect-costa-rica\\\/\"]}]},{\"@type\":\"ImageObject\",\"inLanguage\":\"en-US\",\"@id\":\"https:\\\/\\\/oncubanews.com\\\/en\\\/sports\\\/football-world-cup-the-effect-costa-rica\\\/#primaryimage\",\"url\":\"https:\\\/\\\/oncubanews.com\\\/en\\\/wp-content\\\/uploads\\\/2014\\\/06\\\/costa-rica.jpg\",\"contentUrl\":\"https:\\\/\\\/oncubanews.com\\\/en\\\/wp-content\\\/uploads\\\/2014\\\/06\\\/costa-rica.jpg\",\"width\":755,\"height\":443},{\"@type\":\"BreadcrumbList\",\"@id\":\"https:\\\/\\\/oncubanews.com\\\/en\\\/sports\\\/football-world-cup-the-effect-costa-rica\\\/#breadcrumb\",\"itemListElement\":[{\"@type\":\"ListItem\",\"position\":1,\"name\":\"Portada\",\"item\":\"https:\\\/\\\/oncubanews.com\\\/en\\\/\"},{\"@type\":\"ListItem\",\"position\":2,\"name\":\"Football World Cup: The Effect Costa Rica\"}]},{\"@type\":\"WebSite\",\"@id\":\"https:\\\/\\\/oncubanews.com\\\/en\\\/#website\",\"url\":\"https:\\\/\\\/oncubanews.com\\\/en\\\/\",\"name\":\"OnCubaNews English\",\"description\":\"Revista sobre Cuba\",\"potentialAction\":[{\"@type\":\"SearchAction\",\"target\":{\"@type\":\"EntryPoint\",\"urlTemplate\":\"https:\\\/\\\/oncubanews.com\\\/en\\\/?s={search_term_string}\"},\"query-input\":{\"@type\":\"PropertyValueSpecification\",\"valueRequired\":true,\"valueName\":\"search_term_string\"}}],\"inLanguage\":\"en-US\"},{\"@type\":\"Person\",\"@id\":\"https:\\\/\\\/oncubanews.com\\\/en\\\/#\\\/schema\\\/person\\\/03d5f01d9dc319a57d9008e9b987e35a\",\"name\":\"Santiago Batisdona\",\"image\":{\"@type\":\"ImageObject\",\"inLanguage\":\"en-US\",\"@id\":\"https:\\\/\\\/oncubanews.com\\\/wp-content\\\/uploads\\\/2014\\\/06\\\/Santiago-Batisdona_avatar_1401943561-96x96.jpg7e8e82ba2a3b52212fe1dc7615e4bcb1\",\"url\":\"https:\\\/\\\/oncubanews.com\\\/wp-content\\\/uploads\\\/2014\\\/06\\\/Santiago-Batisdona_avatar_1401943561-96x96.jpg\",\"contentUrl\":\"https:\\\/\\\/oncubanews.com\\\/wp-content\\\/uploads\\\/2014\\\/06\\\/Santiago-Batisdona_avatar_1401943561-96x96.jpg\",\"caption\":\"Santiago Batisdona\"},\"description\":\"Santi no es un superh\u00e9roe, pero le gustan los antifaces. No es una cuesti\u00f3n de modestia, ni de combatir el crimen, sino por el motivo m\u00e1s antiguo por el cual alguien se pone una m\u00e1scara. Tal vez un d\u00eda se deshaga de ella, pero por ahora ser\u00e1 como Clark Kent, un simple redactor que oculta su identidad.\",\"url\":\"https:\\\/\\\/oncubanews.com\\\/en\\\/author\\\/santiago\\\/\"}]}<\/script>\n<!-- \/ Yoast SEO plugin. -->","yoast_head_json":{"title":"Football World Cup: The Effect Costa Rica | OnCubaNews English","robots":{"index":"index","follow":"follow","max-snippet":"max-snippet:-1","max-image-preview":"max-image-preview:large","max-video-preview":"max-video-preview:-1"},"canonical":"https:\/\/oncubanews.com\/en\/sports\/football-world-cup-the-effect-costa-rica\/","og_locale":"en_US","og_type":"article","og_title":"Football World Cup: The Effect Costa Rica | OnCubaNews English","og_description":"Neither Messi nor Cristiano were the talk of the Cubans this weekend. Beyond the disappointing performance of Argentina and Portugal, people on the street repeat ad nauseam something as uncertain as impossible: &#8220;If Costa Rica can play like at world finals, Cuba at least could qualify.&#8221; The argument? Costa Ricans and Cubans ten years ago [&hellip;]","og_url":"https:\/\/oncubanews.com\/en\/sports\/football-world-cup-the-effect-costa-rica\/","og_site_name":"OnCubaNews English","article_published_time":"2014-06-24T19:42:15+00:00","article_modified_time":"2014-06-25T19:44:49+00:00","og_image":[{"width":755,"height":443,"url":"https:\/\/oncubanews.com\/en\/wp-content\/uploads\/2014\/06\/costa-rica.jpg","type":"image\/jpeg"}],"author":"Santiago Batisdona, santiago","twitter_card":"summary_large_image","twitter_misc":{"Written by":"Santiago Batisdona","Est. reading time":"3 minutes"},"schema":{"@context":"https:\/\/schema.org","@graph":[{"@type":"Article","@id":"https:\/\/oncubanews.com\/en\/sports\/football-world-cup-the-effect-costa-rica\/#article","isPartOf":{"@id":"https:\/\/oncubanews.com\/en\/sports\/football-world-cup-the-effect-costa-rica\/"},"author":{"name":"Santiago Batisdona","@id":"https:\/\/oncubanews.com\/en\/#\/schema\/person\/03d5f01d9dc319a57d9008e9b987e35a"},"headline":"Football World Cup: The Effect Costa Rica","datePublished":"2014-06-24T19:42:15+00:00","dateModified":"2014-06-25T19:44:49+00:00","mainEntityOfPage":{"@id":"https:\/\/oncubanews.com\/en\/sports\/football-world-cup-the-effect-costa-rica\/"},"wordCount":539,"commentCount":0,"image":{"@id":"https:\/\/oncubanews.com\/en\/sports\/football-world-cup-the-effect-costa-rica\/#primaryimage"},"thumbnailUrl":"https:\/\/oncubanews.com\/en\/wp-content\/uploads\/2014\/06\/costa-rica.jpg","keywords":["Mundial de F\u00fatbol"],"articleSection":["Sports"],"inLanguage":"en-US","potentialAction":[{"@type":"CommentAction","name":"Comment","target":["https:\/\/oncubanews.com\/en\/sports\/football-world-cup-the-effect-costa-rica\/#respond"]}],"copyrightYear":"2014","copyrightHolder":{"@id":"https:\/\/oncubanews.com\/en\/#organization"}},{"@type":"WebPage","@id":"https:\/\/oncubanews.com\/en\/sports\/football-world-cup-the-effect-costa-rica\/","url":"https:\/\/oncubanews.com\/en\/sports\/football-world-cup-the-effect-costa-rica\/","name":"Football World Cup: The Effect Costa Rica | OnCubaNews English","isPartOf":{"@id":"https:\/\/oncubanews.com\/en\/#website"},"primaryImageOfPage":{"@id":"https:\/\/oncubanews.com\/en\/sports\/football-world-cup-the-effect-costa-rica\/#primaryimage"},"image":{"@id":"https:\/\/oncubanews.com\/en\/sports\/football-world-cup-the-effect-costa-rica\/#primaryimage"},"thumbnailUrl":"https:\/\/oncubanews.com\/en\/wp-content\/uploads\/2014\/06\/costa-rica.jpg","datePublished":"2014-06-24T19:42:15+00:00","dateModified":"2014-06-25T19:44:49+00:00","author":{"@id":"https:\/\/oncubanews.com\/en\/#\/schema\/person\/03d5f01d9dc319a57d9008e9b987e35a"},"breadcrumb":{"@id":"https:\/\/oncubanews.com\/en\/sports\/football-world-cup-the-effect-costa-rica\/#breadcrumb"},"inLanguage":"en-US","potentialAction":[{"@type":"ReadAction","target":["https:\/\/oncubanews.com\/en\/sports\/football-world-cup-the-effect-costa-rica\/"]}]},{"@type":"ImageObject","inLanguage":"en-US","@id":"https:\/\/oncubanews.com\/en\/sports\/football-world-cup-the-effect-costa-rica\/#primaryimage","url":"https:\/\/oncubanews.com\/en\/wp-content\/uploads\/2014\/06\/costa-rica.jpg","contentUrl":"https:\/\/oncubanews.com\/en\/wp-content\/uploads\/2014\/06\/costa-rica.jpg","width":755,"height":443},{"@type":"BreadcrumbList","@id":"https:\/\/oncubanews.com\/en\/sports\/football-world-cup-the-effect-costa-rica\/#breadcrumb","itemListElement":[{"@type":"ListItem","position":1,"name":"Portada","item":"https:\/\/oncubanews.com\/en\/"},{"@type":"ListItem","position":2,"name":"Football World Cup: The Effect Costa Rica"}]},{"@type":"WebSite","@id":"https:\/\/oncubanews.com\/en\/#website","url":"https:\/\/oncubanews.com\/en\/","name":"OnCubaNews English","description":"Revista sobre Cuba","potentialAction":[{"@type":"SearchAction","target":{"@type":"EntryPoint","urlTemplate":"https:\/\/oncubanews.com\/en\/?s={search_term_string}"},"query-input":{"@type":"PropertyValueSpecification","valueRequired":true,"valueName":"search_term_string"}}],"inLanguage":"en-US"},{"@type":"Person","@id":"https:\/\/oncubanews.com\/en\/#\/schema\/person\/03d5f01d9dc319a57d9008e9b987e35a","name":"Santiago Batisdona","image":{"@type":"ImageObject","inLanguage":"en-US","@id":"https:\/\/oncubanews.com\/wp-content\/uploads\/2014\/06\/Santiago-Batisdona_avatar_1401943561-96x96.jpg7e8e82ba2a3b52212fe1dc7615e4bcb1","url":"https:\/\/oncubanews.com\/wp-content\/uploads\/2014\/06\/Santiago-Batisdona_avatar_1401943561-96x96.jpg","contentUrl":"https:\/\/oncubanews.com\/wp-content\/uploads\/2014\/06\/Santiago-Batisdona_avatar_1401943561-96x96.jpg","caption":"Santiago Batisdona"},"description":"Santi no es un superh\u00e9roe, pero le gustan los antifaces. No es una cuesti\u00f3n de modestia, ni de combatir el crimen, sino por el motivo m\u00e1s antiguo por el cual alguien se pone una m\u00e1scara. Tal vez un d\u00eda se deshaga de ella, pero por ahora ser\u00e1 como Clark Kent, un simple redactor que oculta su identidad.","url":"https:\/\/oncubanews.com\/en\/author\/santiago\/"}]}},"authors":[{"term_id":33758,"user_id":3110,"is_guest":0,"slug":"santiago","display_name":"Santiago Batisdona","avatar_url":"https:\/\/oncubanews.com\/wp-content\/uploads\/2014\/06\/Santiago-Batisdona_avatar_1401943561-96x96.jpg","0":null,"1":"","2":"","3":"","4":"","5":"","6":"","7":"","8":""},{"term_id":7835,"user_id":0,"is_guest":1,"slug":"cap-santiago","display_name":"santiago","avatar_url":"https:\/\/secure.gravatar.com\/avatar\/?s=96&r=g","0":null,"1":"","2":"","3":"","4":"","5":"","6":"","7":"","8":""}],"_links":{"self":[{"href":"https:\/\/oncubanews.com\/en\/wp-json\/wp\/v2\/posts\/30394","targetHints":{"allow":["GET"]}}],"collection":[{"href":"https:\/\/oncubanews.com\/en\/wp-json\/wp\/v2\/posts"}],"about":[{"href":"https:\/\/oncubanews.com\/en\/wp-json\/wp\/v2\/types\/post"}],"author":[{"embeddable":true,"href":"https:\/\/oncubanews.com\/en\/wp-json\/wp\/v2\/users\/3110"}],"replies":[{"embeddable":true,"href":"https:\/\/oncubanews.com\/en\/wp-json\/wp\/v2\/comments?post=30394"}],"version-history":[{"count":0,"href":"https:\/\/oncubanews.com\/en\/wp-json\/wp\/v2\/posts\/30394\/revisions"}],"wp:featuredmedia":[{"embeddable":true,"href":"https:\/\/oncubanews.com\/en\/wp-json\/wp\/v2\/media\/30337"}],"wp:attachment":[{"href":"https:\/\/oncubanews.com\/en\/wp-json\/wp\/v2\/media?parent=30394"}],"wp:term":[{"taxonomy":"category","embeddable":true,"href":"https:\/\/oncubanews.com\/en\/wp-json\/wp\/v2\/categories?post=30394"},{"taxonomy":"post_tag","embeddable":true,"href":"https:\/\/oncubanews.com\/en\/wp-json\/wp\/v2\/tags?post=30394"},{"taxonomy":"author","embeddable":true,"href":"https:\/\/oncubanews.com\/en\/wp-json\/wp\/v2\/ppma_author?post=30394"}],"curies":[{"name":"wp","href":"https:\/\/api.w.org\/{rel}","templated":true}]}}