
{"id":310712,"date":"2024-10-03T19:26:41","date_gmt":"2024-10-03T23:26:41","guid":{"rendered":"https:\/\/oncubanews.com\/en\/?p=310712"},"modified":"2024-10-03T19:27:22","modified_gmt":"2024-10-03T23:27:22","slug":"omara-portuondo-retires-permanently-from-the-stage","status":"publish","type":"post","link":"https:\/\/oncubanews.com\/en\/culture\/music-culture\/omara-portuondo-retires-permanently-from-the-stage\/","title":{"rendered":"Omara Portuondo retires permanently from the stage"},"content":{"rendered":"<p>After the health incident that took singer Omara Portoundo off the stage last night, her son and manager Ariel Jimenez Portuondo announced in a statement that the well-known Buena Vista Social Club diva, who is about to turn 94 years old, \u201cwill definitely retire from the stages\u201d.<\/p>\n<p>Her last performance will be in Budapest next Sunday, \u201cwhere she will be honored by the orchestra and the audience,\u201d the statement said.<\/p>\n<p><iframe loading=\"lazy\" style=\"border: none; overflow: hidden;\" src=\"https:\/\/www.facebook.com\/plugins\/post.php?href=https%3A%2F%2Fwww.facebook.com%2FOmaraPortuondo%2Fposts%2Fpfbid0qXTGxeajx3X5AhWaGuY9vRHTGffNbNrXiSnTpS3bzwrjnEH27NMagXv7VNrK71Fgl&amp;show_text=true&amp;width=500\" width=\"500\" height=\"562\" frameborder=\"0\" scrolling=\"no\" allowfullscreen=\"allowfullscreen\"><\/iframe><\/p>\n<p>\u201cOn this occasion Omara will not sing, she will receive affection and applause\u201d, says Jim\u00e9nez Portuondo, who says that afterwards the well-known singer will keep \u201dmeetings with the public that wants to entertain her, only to the extent that her health and disposition indicate it. Her family and most loyal fans will understand that she will continue singing when she wants and how she feels, because she has earned that right\u201d.<\/p>\n<p><strong>Wednesday night fatigue and disorientation<\/strong><\/p>\n<p>According to the statement, during the night of October 2, at the Palau de la M\u00fasica in Barcelona, and after performing the classic \u201cQuiz\u00e1s quiz\u00e1s quiz\u00e1s\u201d, by Osvaldo Farr\u00e9s, Omara \u201cshowed signs of fatigue and disorientation\u201d so \u201cwe considered it best to remove her from the stage\u201d.<\/p>\n<p>\u201cSomething like this can happen to any artist regardless of age,\u201d adds Jim\u00e9nez Portuondo.<\/p>\n<p>It also states that the well-known performer was well \u201cunder the care and supervision of her personal doctor, who for more than 20 years has been accompanying her to any place in Cuba and the world where she performs\u201d.<\/p>\n<p>The news, released on Facebook, stresses that singing has been Omara Portuondo&#8217;s \u201cway of life\u201d and that \u201cdue to her age and health conditions, she no longer offers extensive concerts\u201d, but that \u201cto deprive her of the possibility of singing, as long as she has the courage, vocal conditions and strength, would be to condemn her to sadness\u201d.<\/p>\n<p>\u201cThe encounter with the public, the applause and the songs, keep her alive and in good spirits. Even, according to medical recommendations, the possibility of her continuing to sing, rehearse and record, contributes favorably to her mental health, although at a moderate pace and always according to her physical condition. For this purpose, he is periodically examined and his indicators are monitored\u201d.<\/p>\n<p>The note adds that \u201cin order for her to remain active and receive the warmth of the public in countries and stages that are very dear to her\u201d they had conceived together with Cuza Agency, and with the support of the Failde Orchestra, a tribute show to the Buena Vista Social Club and to those great artists who are no longer with us.<\/p>\n<p>\u201cShe would appear to perform a few songs, from her condition of exceptional protagonist of that project and in the same way as she did with the original roster. Only four special presentations were organized, the only ones she would perform in the current year outside Cuba and with enough time between dates to take care of her rest. It was a great emotion to see her interact with thousands of spectators the past weeks in Colombia and Gran Canaria, where she received an injection of love\u201d.<\/p>\n<p><strong>A life devoted to music<\/strong><\/p>\n<p>Portuondo received the 2005 Latin Music Award from the U.S. magazine Billboard, in the category of Best Tropical Album, for Flor de Amor, her second solo album, which sold more than 150,000 copies.<\/p>\n<p>Years later, recalls Efe, she would become the first lady of the Buena Vista Social Club, when in 1996 the American guitarist Ry Cooder was recording in Havana the album that brought together a group of legends of traditional Cuban music.<\/p>\n<p>In 2016 she made the European tour &#8217;85 Tour&#8217;, to celebrate her 85 years, together with singer Diego &#8216;El Cigala&#8217;, which took them through countries such as Belgium, Germany, Spain, Poland, Hungary, United Kingdom, France, Portugal and Italy.<\/p>\n","protected":false},"excerpt":{"rendered":"<p>Her last performance will be next Sunday in Budapest, \u201cwhere she will be honored by the Orchestra and the audience,\u201d says a note signed by her son and manager Ariel Jim\u00e9nez Portuondo.<\/p>\n","protected":false},"author":3134,"featured_media":310714,"comment_status":"open","ping_status":"closed","sticky":false,"template":"","format":"standard","meta":{"_acf_changed":false,"footnotes":""},"categories":[13923],"tags":[4094,14848,19256,9660],"ppma_author":[33546],"class_list":["post-310712","post","type-post","status-publish","format-standard","has-post-thumbnail","hentry","category-music-culture","tag-buena-vista-social-club-bvsc","tag-cuban-music","tag-featured","tag-omara-portuondo-en"],"acf":[],"yoast_head":"<!-- This site is optimized with the Yoast SEO plugin v27.3 - https:\/\/yoast.com\/product\/yoast-seo-wordpress\/ -->\n<title>Omara Portuondo retires permanently from the stage | OnCubaNews English<\/title>\n<meta name=\"description\" content=\"Her last performance will be next Sunday in Budapest, \u201cwhere she will be honored by the Orchestra and the audience,\u201d says a note signed by her son and manager Ariel Jim\u00e9nez Portuondo.\" \/>\n<meta name=\"robots\" content=\"index, follow, max-snippet:-1, max-image-preview:large, max-video-preview:-1\" \/>\n<link rel=\"canonical\" href=\"https:\/\/oncubanews.com\/en\/culture\/music-culture\/omara-portuondo-retires-permanently-from-the-stage\/\" \/>\n<meta property=\"og:locale\" content=\"en_US\" \/>\n<meta property=\"og:type\" content=\"article\" \/>\n<meta property=\"og:title\" content=\"Omara Portuondo retires permanently from the stage | OnCubaNews English\" \/>\n<meta property=\"og:description\" content=\"Her last performance will be next Sunday in Budapest, \u201cwhere she will be honored by the Orchestra and the audience,\u201d says a note signed by her son and manager Ariel Jim\u00e9nez Portuondo.\" \/>\n<meta property=\"og:url\" content=\"https:\/\/oncubanews.com\/en\/culture\/music-culture\/omara-portuondo-retires-permanently-from-the-stage\/\" \/>\n<meta property=\"og:site_name\" content=\"OnCubaNews English\" \/>\n<meta property=\"article:published_time\" content=\"2024-10-03T23:26:41+00:00\" \/>\n<meta property=\"article:modified_time\" content=\"2024-10-03T23:27:22+00:00\" \/>\n<meta property=\"og:image\" content=\"https:\/\/oncubanews.com\/en\/wp-content\/uploads\/2024\/10\/omara-portuondo-hijo-1.jpg\" \/>\n\t<meta property=\"og:image:width\" content=\"1145\" \/>\n\t<meta property=\"og:image:height\" content=\"947\" \/>\n\t<meta property=\"og:image:type\" content=\"image\/jpeg\" \/>\n<meta name=\"author\" content=\"OnCuba Staff\" \/>\n<meta name=\"twitter:card\" content=\"summary_large_image\" \/>\n<meta name=\"twitter:label1\" content=\"Written by\" \/>\n\t<meta name=\"twitter:data1\" content=\"OnCuba Staff\" \/>\n\t<meta name=\"twitter:label2\" content=\"Est. reading time\" \/>\n\t<meta name=\"twitter:data2\" content=\"3 minutes\" \/>\n<script type=\"application\/ld+json\" class=\"yoast-schema-graph\">{\"@context\":\"https:\\\/\\\/schema.org\",\"@graph\":[{\"@type\":\"Article\",\"@id\":\"https:\\\/\\\/oncubanews.com\\\/en\\\/culture\\\/music-culture\\\/omara-portuondo-retires-permanently-from-the-stage\\\/#article\",\"isPartOf\":{\"@id\":\"https:\\\/\\\/oncubanews.com\\\/en\\\/culture\\\/music-culture\\\/omara-portuondo-retires-permanently-from-the-stage\\\/\"},\"author\":{\"name\":\"OnCuba Staff\",\"@id\":\"https:\\\/\\\/oncubanews.com\\\/en\\\/#\\\/schema\\\/person\\\/d7171bf311032ab1f557dd8332e714af\"},\"headline\":\"Omara Portuondo retires permanently from the stage\",\"datePublished\":\"2024-10-03T23:26:41+00:00\",\"dateModified\":\"2024-10-03T23:27:22+00:00\",\"mainEntityOfPage\":{\"@id\":\"https:\\\/\\\/oncubanews.com\\\/en\\\/culture\\\/music-culture\\\/omara-portuondo-retires-permanently-from-the-stage\\\/\"},\"wordCount\":640,\"commentCount\":0,\"image\":{\"@id\":\"https:\\\/\\\/oncubanews.com\\\/en\\\/culture\\\/music-culture\\\/omara-portuondo-retires-permanently-from-the-stage\\\/#primaryimage\"},\"thumbnailUrl\":\"https:\\\/\\\/oncubanews.com\\\/en\\\/wp-content\\\/uploads\\\/2024\\\/10\\\/omara-portuondo-hijo-1.jpg\",\"keywords\":[\"Buena Vista Social Club (BVSC)\",\"cuban music\",\"featured\",\"Omara Portuondo\"],\"articleSection\":[\"Music\"],\"inLanguage\":\"en-US\",\"potentialAction\":[{\"@type\":\"CommentAction\",\"name\":\"Comment\",\"target\":[\"https:\\\/\\\/oncubanews.com\\\/en\\\/culture\\\/music-culture\\\/omara-portuondo-retires-permanently-from-the-stage\\\/#respond\"]}],\"copyrightYear\":\"2024\",\"copyrightHolder\":{\"@id\":\"https:\\\/\\\/oncubanews.com\\\/en\\\/#organization\"}},{\"@type\":\"WebPage\",\"@id\":\"https:\\\/\\\/oncubanews.com\\\/en\\\/culture\\\/music-culture\\\/omara-portuondo-retires-permanently-from-the-stage\\\/\",\"url\":\"https:\\\/\\\/oncubanews.com\\\/en\\\/culture\\\/music-culture\\\/omara-portuondo-retires-permanently-from-the-stage\\\/\",\"name\":\"Omara Portuondo retires permanently from the stage | OnCubaNews English\",\"isPartOf\":{\"@id\":\"https:\\\/\\\/oncubanews.com\\\/en\\\/#website\"},\"primaryImageOfPage\":{\"@id\":\"https:\\\/\\\/oncubanews.com\\\/en\\\/culture\\\/music-culture\\\/omara-portuondo-retires-permanently-from-the-stage\\\/#primaryimage\"},\"image\":{\"@id\":\"https:\\\/\\\/oncubanews.com\\\/en\\\/culture\\\/music-culture\\\/omara-portuondo-retires-permanently-from-the-stage\\\/#primaryimage\"},\"thumbnailUrl\":\"https:\\\/\\\/oncubanews.com\\\/en\\\/wp-content\\\/uploads\\\/2024\\\/10\\\/omara-portuondo-hijo-1.jpg\",\"datePublished\":\"2024-10-03T23:26:41+00:00\",\"dateModified\":\"2024-10-03T23:27:22+00:00\",\"author\":{\"@id\":\"https:\\\/\\\/oncubanews.com\\\/en\\\/#\\\/schema\\\/person\\\/d7171bf311032ab1f557dd8332e714af\"},\"description\":\"Her last performance will be next Sunday in Budapest, \u201cwhere she will be honored by the Orchestra and the audience,\u201d says a note signed by her son and manager Ariel Jim\u00e9nez Portuondo.\",\"breadcrumb\":{\"@id\":\"https:\\\/\\\/oncubanews.com\\\/en\\\/culture\\\/music-culture\\\/omara-portuondo-retires-permanently-from-the-stage\\\/#breadcrumb\"},\"inLanguage\":\"en-US\",\"potentialAction\":[{\"@type\":\"ReadAction\",\"target\":[\"https:\\\/\\\/oncubanews.com\\\/en\\\/culture\\\/music-culture\\\/omara-portuondo-retires-permanently-from-the-stage\\\/\"]}]},{\"@type\":\"ImageObject\",\"inLanguage\":\"en-US\",\"@id\":\"https:\\\/\\\/oncubanews.com\\\/en\\\/culture\\\/music-culture\\\/omara-portuondo-retires-permanently-from-the-stage\\\/#primaryimage\",\"url\":\"https:\\\/\\\/oncubanews.com\\\/en\\\/wp-content\\\/uploads\\\/2024\\\/10\\\/omara-portuondo-hijo-1.jpg\",\"contentUrl\":\"https:\\\/\\\/oncubanews.com\\\/en\\\/wp-content\\\/uploads\\\/2024\\\/10\\\/omara-portuondo-hijo-1.jpg\",\"width\":1145,\"height\":947,\"caption\":\"Photo taken from the artist's Facebook profile.\"},{\"@type\":\"BreadcrumbList\",\"@id\":\"https:\\\/\\\/oncubanews.com\\\/en\\\/culture\\\/music-culture\\\/omara-portuondo-retires-permanently-from-the-stage\\\/#breadcrumb\",\"itemListElement\":[{\"@type\":\"ListItem\",\"position\":1,\"name\":\"Portada\",\"item\":\"https:\\\/\\\/oncubanews.com\\\/en\\\/\"},{\"@type\":\"ListItem\",\"position\":2,\"name\":\"Omara Portuondo retires permanently from the stage\"}]},{\"@type\":\"WebSite\",\"@id\":\"https:\\\/\\\/oncubanews.com\\\/en\\\/#website\",\"url\":\"https:\\\/\\\/oncubanews.com\\\/en\\\/\",\"name\":\"OnCubaNews English\",\"description\":\"Revista sobre Cuba\",\"potentialAction\":[{\"@type\":\"SearchAction\",\"target\":{\"@type\":\"EntryPoint\",\"urlTemplate\":\"https:\\\/\\\/oncubanews.com\\\/en\\\/?s={search_term_string}\"},\"query-input\":{\"@type\":\"PropertyValueSpecification\",\"valueRequired\":true,\"valueName\":\"search_term_string\"}}],\"inLanguage\":\"en-US\"},{\"@type\":\"Person\",\"@id\":\"https:\\\/\\\/oncubanews.com\\\/en\\\/#\\\/schema\\\/person\\\/d7171bf311032ab1f557dd8332e714af\",\"name\":\"OnCuba Staff\",\"image\":{\"@type\":\"ImageObject\",\"inLanguage\":\"en-US\",\"@id\":\"https:\\\/\\\/secure.gravatar.com\\\/avatar\\\/4b4c4d6109baadde898bb1af22ea4a4af5f4417b86a5d1800bf17531bfb128fc?s=96&r=g17310096d4dde63ebae0e54fbb19218a\",\"url\":\"https:\\\/\\\/secure.gravatar.com\\\/avatar\\\/4b4c4d6109baadde898bb1af22ea4a4af5f4417b86a5d1800bf17531bfb128fc?s=96&r=g\",\"contentUrl\":\"https:\\\/\\\/secure.gravatar.com\\\/avatar\\\/4b4c4d6109baadde898bb1af22ea4a4af5f4417b86a5d1800bf17531bfb128fc?s=96&r=g\",\"caption\":\"OnCuba Staff\"},\"url\":\"https:\\\/\\\/oncubanews.com\\\/en\\\/author\\\/oncuba-editorial-staff\\\/\"}]}<\/script>\n<!-- \/ Yoast SEO plugin. -->","yoast_head_json":{"title":"Omara Portuondo retires permanently from the stage | OnCubaNews English","description":"Her last performance will be next Sunday in Budapest, \u201cwhere she will be honored by the Orchestra and the audience,\u201d says a note signed by her son and manager Ariel Jim\u00e9nez Portuondo.","robots":{"index":"index","follow":"follow","max-snippet":"max-snippet:-1","max-image-preview":"max-image-preview:large","max-video-preview":"max-video-preview:-1"},"canonical":"https:\/\/oncubanews.com\/en\/culture\/music-culture\/omara-portuondo-retires-permanently-from-the-stage\/","og_locale":"en_US","og_type":"article","og_title":"Omara Portuondo retires permanently from the stage | OnCubaNews English","og_description":"Her last performance will be next Sunday in Budapest, \u201cwhere she will be honored by the Orchestra and the audience,\u201d says a note signed by her son and manager Ariel Jim\u00e9nez Portuondo.","og_url":"https:\/\/oncubanews.com\/en\/culture\/music-culture\/omara-portuondo-retires-permanently-from-the-stage\/","og_site_name":"OnCubaNews English","article_published_time":"2024-10-03T23:26:41+00:00","article_modified_time":"2024-10-03T23:27:22+00:00","og_image":[{"width":1145,"height":947,"url":"https:\/\/oncubanews.com\/en\/wp-content\/uploads\/2024\/10\/omara-portuondo-hijo-1.jpg","type":"image\/jpeg"}],"author":"OnCuba Staff","twitter_card":"summary_large_image","twitter_misc":{"Written by":"OnCuba Staff","Est. reading time":"3 minutes"},"schema":{"@context":"https:\/\/schema.org","@graph":[{"@type":"Article","@id":"https:\/\/oncubanews.com\/en\/culture\/music-culture\/omara-portuondo-retires-permanently-from-the-stage\/#article","isPartOf":{"@id":"https:\/\/oncubanews.com\/en\/culture\/music-culture\/omara-portuondo-retires-permanently-from-the-stage\/"},"author":{"name":"OnCuba Staff","@id":"https:\/\/oncubanews.com\/en\/#\/schema\/person\/d7171bf311032ab1f557dd8332e714af"},"headline":"Omara Portuondo retires permanently from the stage","datePublished":"2024-10-03T23:26:41+00:00","dateModified":"2024-10-03T23:27:22+00:00","mainEntityOfPage":{"@id":"https:\/\/oncubanews.com\/en\/culture\/music-culture\/omara-portuondo-retires-permanently-from-the-stage\/"},"wordCount":640,"commentCount":0,"image":{"@id":"https:\/\/oncubanews.com\/en\/culture\/music-culture\/omara-portuondo-retires-permanently-from-the-stage\/#primaryimage"},"thumbnailUrl":"https:\/\/oncubanews.com\/en\/wp-content\/uploads\/2024\/10\/omara-portuondo-hijo-1.jpg","keywords":["Buena Vista Social Club (BVSC)","cuban music","featured","Omara Portuondo"],"articleSection":["Music"],"inLanguage":"en-US","potentialAction":[{"@type":"CommentAction","name":"Comment","target":["https:\/\/oncubanews.com\/en\/culture\/music-culture\/omara-portuondo-retires-permanently-from-the-stage\/#respond"]}],"copyrightYear":"2024","copyrightHolder":{"@id":"https:\/\/oncubanews.com\/en\/#organization"}},{"@type":"WebPage","@id":"https:\/\/oncubanews.com\/en\/culture\/music-culture\/omara-portuondo-retires-permanently-from-the-stage\/","url":"https:\/\/oncubanews.com\/en\/culture\/music-culture\/omara-portuondo-retires-permanently-from-the-stage\/","name":"Omara Portuondo retires permanently from the stage | OnCubaNews English","isPartOf":{"@id":"https:\/\/oncubanews.com\/en\/#website"},"primaryImageOfPage":{"@id":"https:\/\/oncubanews.com\/en\/culture\/music-culture\/omara-portuondo-retires-permanently-from-the-stage\/#primaryimage"},"image":{"@id":"https:\/\/oncubanews.com\/en\/culture\/music-culture\/omara-portuondo-retires-permanently-from-the-stage\/#primaryimage"},"thumbnailUrl":"https:\/\/oncubanews.com\/en\/wp-content\/uploads\/2024\/10\/omara-portuondo-hijo-1.jpg","datePublished":"2024-10-03T23:26:41+00:00","dateModified":"2024-10-03T23:27:22+00:00","author":{"@id":"https:\/\/oncubanews.com\/en\/#\/schema\/person\/d7171bf311032ab1f557dd8332e714af"},"description":"Her last performance will be next Sunday in Budapest, \u201cwhere she will be honored by the Orchestra and the audience,\u201d says a note signed by her son and manager Ariel Jim\u00e9nez Portuondo.","breadcrumb":{"@id":"https:\/\/oncubanews.com\/en\/culture\/music-culture\/omara-portuondo-retires-permanently-from-the-stage\/#breadcrumb"},"inLanguage":"en-US","potentialAction":[{"@type":"ReadAction","target":["https:\/\/oncubanews.com\/en\/culture\/music-culture\/omara-portuondo-retires-permanently-from-the-stage\/"]}]},{"@type":"ImageObject","inLanguage":"en-US","@id":"https:\/\/oncubanews.com\/en\/culture\/music-culture\/omara-portuondo-retires-permanently-from-the-stage\/#primaryimage","url":"https:\/\/oncubanews.com\/en\/wp-content\/uploads\/2024\/10\/omara-portuondo-hijo-1.jpg","contentUrl":"https:\/\/oncubanews.com\/en\/wp-content\/uploads\/2024\/10\/omara-portuondo-hijo-1.jpg","width":1145,"height":947,"caption":"Photo taken from the artist's Facebook profile."},{"@type":"BreadcrumbList","@id":"https:\/\/oncubanews.com\/en\/culture\/music-culture\/omara-portuondo-retires-permanently-from-the-stage\/#breadcrumb","itemListElement":[{"@type":"ListItem","position":1,"name":"Portada","item":"https:\/\/oncubanews.com\/en\/"},{"@type":"ListItem","position":2,"name":"Omara Portuondo retires permanently from the stage"}]},{"@type":"WebSite","@id":"https:\/\/oncubanews.com\/en\/#website","url":"https:\/\/oncubanews.com\/en\/","name":"OnCubaNews English","description":"Revista sobre Cuba","potentialAction":[{"@type":"SearchAction","target":{"@type":"EntryPoint","urlTemplate":"https:\/\/oncubanews.com\/en\/?s={search_term_string}"},"query-input":{"@type":"PropertyValueSpecification","valueRequired":true,"valueName":"search_term_string"}}],"inLanguage":"en-US"},{"@type":"Person","@id":"https:\/\/oncubanews.com\/en\/#\/schema\/person\/d7171bf311032ab1f557dd8332e714af","name":"OnCuba Staff","image":{"@type":"ImageObject","inLanguage":"en-US","@id":"https:\/\/secure.gravatar.com\/avatar\/4b4c4d6109baadde898bb1af22ea4a4af5f4417b86a5d1800bf17531bfb128fc?s=96&r=g17310096d4dde63ebae0e54fbb19218a","url":"https:\/\/secure.gravatar.com\/avatar\/4b4c4d6109baadde898bb1af22ea4a4af5f4417b86a5d1800bf17531bfb128fc?s=96&r=g","contentUrl":"https:\/\/secure.gravatar.com\/avatar\/4b4c4d6109baadde898bb1af22ea4a4af5f4417b86a5d1800bf17531bfb128fc?s=96&r=g","caption":"OnCuba Staff"},"url":"https:\/\/oncubanews.com\/en\/author\/oncuba-editorial-staff\/"}]}},"authors":[{"term_id":33546,"user_id":3134,"is_guest":0,"slug":"oncuba-editorial-staff","display_name":"OnCuba Staff","avatar_url":"https:\/\/secure.gravatar.com\/avatar\/4b4c4d6109baadde898bb1af22ea4a4af5f4417b86a5d1800bf17531bfb128fc?s=96&r=g","0":null,"1":"","2":"","3":"","4":"","5":"","6":"","7":"","8":""}],"_links":{"self":[{"href":"https:\/\/oncubanews.com\/en\/wp-json\/wp\/v2\/posts\/310712","targetHints":{"allow":["GET"]}}],"collection":[{"href":"https:\/\/oncubanews.com\/en\/wp-json\/wp\/v2\/posts"}],"about":[{"href":"https:\/\/oncubanews.com\/en\/wp-json\/wp\/v2\/types\/post"}],"author":[{"embeddable":true,"href":"https:\/\/oncubanews.com\/en\/wp-json\/wp\/v2\/users\/3134"}],"replies":[{"embeddable":true,"href":"https:\/\/oncubanews.com\/en\/wp-json\/wp\/v2\/comments?post=310712"}],"version-history":[{"count":3,"href":"https:\/\/oncubanews.com\/en\/wp-json\/wp\/v2\/posts\/310712\/revisions"}],"predecessor-version":[{"id":310717,"href":"https:\/\/oncubanews.com\/en\/wp-json\/wp\/v2\/posts\/310712\/revisions\/310717"}],"wp:featuredmedia":[{"embeddable":true,"href":"https:\/\/oncubanews.com\/en\/wp-json\/wp\/v2\/media\/310714"}],"wp:attachment":[{"href":"https:\/\/oncubanews.com\/en\/wp-json\/wp\/v2\/media?parent=310712"}],"wp:term":[{"taxonomy":"category","embeddable":true,"href":"https:\/\/oncubanews.com\/en\/wp-json\/wp\/v2\/categories?post=310712"},{"taxonomy":"post_tag","embeddable":true,"href":"https:\/\/oncubanews.com\/en\/wp-json\/wp\/v2\/tags?post=310712"},{"taxonomy":"author","embeddable":true,"href":"https:\/\/oncubanews.com\/en\/wp-json\/wp\/v2\/ppma_author?post=310712"}],"curies":[{"name":"wp","href":"https:\/\/api.w.org\/{rel}","templated":true}]}}