
{"id":311098,"date":"2024-10-10T16:51:32","date_gmt":"2024-10-10T20:51:32","guid":{"rendered":"https:\/\/oncubanews.com\/en\/?p=311098"},"modified":"2026-02-11T11:59:16","modified_gmt":"2026-02-11T16:59:16","slug":"impromptu-for-chucho-valdes","status":"publish","type":"post","link":"https:\/\/oncubanews.com\/en\/culture\/impromptu-for-chucho-valdes\/","title":{"rendered":"Impromptu for Chucho Vald\u00e9s"},"content":{"rendered":"<p><span style=\"font-weight: 400;\">Chucho Vald\u00e9s turns 83. Celebrating another birthday goes beyond the celebration of existence, accumulated experience and longevity; it is also a reason to review a creative work as multifaceted as his.<\/span><\/p>\n<p><span style=\"font-weight: 400;\">Dionisio Jes\u00fas Vald\u00e9s Rodr\u00edguez, Bebo\u2019s son, a long time ago stopped being known by his birth name. <\/span><a href=\"https:\/\/www.youtube.com\/watch?v=7qw25NcW5ps\" target=\"_blank\" rel=\"noopener\"><span style=\"font-weight: 400;\">The boy who went to see his father work with the great stars<\/span><\/a><span style=\"font-weight: 400;\"> of the golden age of Tropicana Cabaret, grew up. He did it, too, hardened by the piano keys, first under the aegis of Bebo, then encouraged by his permanent curiosity and interest in going further.<\/span><\/p>\n<figure style=\"width: 1366px\" class=\"wp-caption aligncenter\"><img loading=\"lazy\" decoding=\"async\" src=\"https:\/\/oncubanews.com\/wp-content\/uploads\/2024\/10\/Chucho-Valdes-foto-Kaloian-3-1366x915.jpg\" alt=\"Photo: Kaloian.\" width=\"1366\" height=\"915\" \/><figcaption class=\"wp-caption-text\">Photo: Kaloian.<\/figcaption><\/figure>\n<p><span style=\"font-weight: 400;\">I write these lines as an impromptu, like a composition born without a preconceived plan. One by one these lyrics follow one another, while I remain absorbed by the wonder I have just witnessed: the giant, the king of Cuban jazz, on a piano solo <\/span><a href=\"https:\/\/www.npr.org\/2024\/08\/09\/g-s1-15990\/chucho-valdes-tiny-desk-concert\" target=\"_blank\" rel=\"noopener\"><b>during his first and recent appearance at the\u00a0<\/b><b><i>Tiny Desk Concerts<\/i><\/b><\/a><span style=\"font-weight: 400;\"> \u2014 published on August 12th \u2014, the thrilling series of concerts on the radio program All Songs Considered on NPR Music.<\/span><\/p>\n<p><span style=\"font-weight: 400;\">The corner of that radio office in Washington D.C. where the live session was recorded for years has brought together a diverse audience and shared joy among lovers of good music. That is why seeing Chucho Vald\u00e9s there \u2014 as happened with other Cuban artists before him \u2014 provokes at the same time curiosity and certainty that what is seen there is something unique; a complete delight.<\/span><\/p>\n<p><span style=\"font-weight: 400;\">Three pieces. With his \u201cMambo influenciado\u201d and \u201cPonle la clave,\u201d the maestro demonstrated why he is a virtuoso. He re-adapts his creations, plays with them and exposes his mastery of the art of the piano, a bridge between generations, a reflection of an Afro-Cuban understanding of classical musical expression. With \u201cImpromptu Desk,\u201d Chucho demonstrated the ability to create a musical piece in situ, with an emotional and credible discourse.<\/span><\/p>\n<figure style=\"width: 1366px\" class=\"wp-caption aligncenter\"><img loading=\"lazy\" decoding=\"async\" src=\"https:\/\/oncubanews.com\/wp-content\/uploads\/2024\/10\/Chucho-Valdes-foto-Kaloian-10-1366x973.jpg\" alt=\"Jazz Festival (2017). Photo: Kaloian.\" width=\"1366\" height=\"973\" \/><figcaption class=\"wp-caption-text\">Jazz Festival (2017). Photo: Kaloian.<\/figcaption><\/figure>\n<p><span style=\"font-weight: 400;\">That creation in extremis reminded me of one of the last occasions when I was able to see him, live, playing the piano in Havana. It was August 2017, Grand Theater of Havana. A piano and a man on stage. \u201cDo you see what I have here?\u201d he said, while showing the audience a tiny piece of paper, whose content he immediately went on to explain. \u201cHere I have the first line of each of the compositions that I will play for you tonight,\u201d iconic pieces of the Cuban repertoire, from Lecuona to his own works, \u201cso I know how this begins, but not how it will end. So, if we repeat this concert tomorrow, I assure you that it will not be the same.\u201d<\/span><\/p>\n<p><span style=\"font-weight: 400;\">That ended, as Chucho has accustomed his audience, with the conviction that this man is an extraordinary creator, an immense artist.<\/span><\/p>\n<figure style=\"width: 1366px\" class=\"wp-caption aligncenter\"><img loading=\"lazy\" decoding=\"async\" src=\"https:\/\/oncubanews.com\/wp-content\/uploads\/2024\/10\/Chucho-Valdes-foto-Kaloian-5-1366x908.jpg\" alt=\"Photo: Kaloian.\" width=\"1366\" height=\"908\" \/><figcaption class=\"wp-caption-text\">Photo: Kaloian.<\/figcaption><\/figure>\n<p><span style=\"font-weight: 400;\">This has been the case in each of the facets he has experienced, whether on piano solo, as an accompanist or in any of the formats that one can imagine (trio, quartet, jazz band\u2026). And there has been that luminous name that is Chucho Vald\u00e9s, shining alongside the Chinese Lang Lang \u2014 one of the best concert pianists in the world \u2014, in a symphonic format in the Plaza de la Catedral, or being the host of international jazz day in Havana in 2017 alongside Herbie Hancock, Esperanza Spalding, Quincy Jones and dozens of great names of the genre in Cuba and the world.<\/span><\/p>\n<figure style=\"width: 1366px\" class=\"wp-caption aligncenter\"><img loading=\"lazy\" decoding=\"async\" src=\"https:\/\/oncubanews.com\/wp-content\/uploads\/2024\/10\/Chucho-Valdes-foto-Kaloian-9-1366x911.jpg\" alt=\"Jazz Festival (2017). Photo: Kaloian.\" width=\"1366\" height=\"911\" \/><figcaption class=\"wp-caption-text\">Jazz Festival (2017). Photo: Kaloian.<\/figcaption><\/figure>\n<figure style=\"width: 1366px\" class=\"wp-caption aligncenter\"><img loading=\"lazy\" decoding=\"async\" src=\"https:\/\/oncubanews.com\/wp-content\/uploads\/2024\/10\/Chucho-Valdes-foto-Kaloian-8-1366x897.jpg\" alt=\"Jazz Festival (2017). Photo: Kaloian.\" width=\"1366\" height=\"897\" \/><figcaption class=\"wp-caption-text\">Jazz Festival (2017). Photo: Kaloian.<\/figcaption><\/figure>\n<p><span style=\"font-weight: 400;\">\u201cIt was a privilege to see Chucho Vald\u00e9s play every weekend in a different place for ten Cuban pesos. It was tremendous,\u201d the New York-based Cuban pianist Dayramir Gonz\u00e1lez (Havana, 1983), told me in a recent conversation. Like so many musicians of his generation and those who have come after, Dayramir does not escape the influence of Chucho\u2019s piano, of his advanced Afro-Cuban jazz. Nor of the overwhelming history of Irakere.<\/span><\/p>\n<p><span style=\"font-weight: 400;\">You cannot think of the character without taking into account the phenomenon he has mobilized, and it is clear that the second cannot be understood without the first. Chucho Vald\u00e9s and Irakere are an indelible mark on Cuban culture, with all that this implies.<\/span><\/p>\n<p><span style=\"font-weight: 400;\">Therefore, when the celebration of the group that Chucho made known in 1973 was announced, the expectation was maximum and the enjoyment of those who have been able to experience it, colossal. That is known. <\/span><a href=\"https:\/\/www.facebook.com\/photo\/?fbid=1022176789278926&amp;set=pb.100044598422128.-2207520000&amp;locale=sw_KE\" target=\"_blank\" rel=\"noopener\"><b>\u201cIrakere 50\u201d<\/b><\/a><span style=\"font-weight: 400;\"> is the name of the tour for the five decades of the great phenomenon of Cuban music. <\/span><a href=\"https:\/\/www.youtube.com\/watch?v=6OTZ414AHeA\" target=\"_blank\" rel=\"noopener\"><b>That was the union, moreover, of three legends: Chucho, Arturo Sandoval and Paquito D\u2019Rivera.<\/b><\/a><\/p>\n<p><span style=\"font-weight: 400;\">\u201cIt is simple, Sandoval is super-gifted. Paquito, a genius. And it\u2019s not the same thing,\u201d says Chucho Vald\u00e9s in the documentary <\/span><a href=\"https:\/\/www.youtube.com\/watch?v=4p-VzJvQF88\" target=\"_blank\" rel=\"noopener\"><b>\u201cChucho Vald\u00e9s featuring Irakere: Latin jazz founders,\u201d<\/b><\/a><span style=\"font-weight: 400;\"> by Ileana Rodr\u00edguez, about the history and different stages of one of the most pedigreed groups in Cuban music, whose repertoire is still enjoyed today by the most diverse audiences.<\/span><\/p>\n<figure style=\"width: 1366px\" class=\"wp-caption aligncenter\"><img loading=\"lazy\" decoding=\"async\" src=\"https:\/\/oncubanews.com\/wp-content\/uploads\/2024\/10\/Chucho-Valdes-foto-Kaloian-4-1366x979.jpg\" alt=\"Photo: Kaloian.\" width=\"1366\" height=\"979\" \/><figcaption class=\"wp-caption-text\">Photo: Kaloian.<\/figcaption><\/figure>\n<p><span style=\"font-weight: 400;\">One of the many friends I have had to say goodbye to in recent years, Alejandro Garc\u00eda, recently, last August, wrote to me from S\u00e9te, in the south of France. \u201cWe just saw him and it was great,\u201d he told me, referring to the last concert of Chucho Vald\u00e9s\u2019 European tour, Irakere 50, in 2024.<\/span><\/p>\n<p><span style=\"font-weight: 400;\">Time has followed its course. Today, the album <\/span><a href=\"https:\/\/www.youtube.com\/watch?v=ME-NADrZkr0\" target=\"_blank\" rel=\"noopener\"><i><span style=\"font-weight: 400;\">Cuba and Beyond\u00a0<\/span><\/i><\/a><span style=\"font-weight: 400;\">(2024) is a reality, an exquisite hot cake, the latest creation of Chucho Vald\u00e9s and his current formation, Royal Quartet. \u201cIt is the most contemporary version of all my quartets,\u201d said the creator in the making of this album, which he shares with Robeto Jr. Vizcaino on percussion, Horacio \u201cEl Negro\u201d Hern\u00e1ndez on drums and Jos\u00e9 A. Gola on bass.<\/span><\/p>\n<div class=\"jeg_video_container jeg_video_content\"><iframe loading=\"lazy\" title=\"The Making of &quot;Cuba And Beyond&quot; with Chucho Vald\u00e9s and the Royal Quartet\" width=\"500\" height=\"281\" src=\"https:\/\/www.youtube.com\/embed\/ME-NADrZkr0?feature=oembed\" frameborder=\"0\" allow=\"accelerometer; autoplay; clipboard-write; encrypted-media; gyroscope; picture-in-picture; web-share\" referrerpolicy=\"strict-origin-when-cross-origin\" allowfullscreen><\/iframe><\/div>\n<p><span style=\"font-weight: 400;\">It is a pleasant album. \u201cWe have managed,\u201d Chucho warns in the making, \u201cto do a work of evolution on the roots and on the Cuban tradition with elements of jazz music and many harmonic and rhythmic elements of European music as well.\u201d<\/span><\/p>\n<p><span style=\"font-weight: 400;\">The definition of this album is \u201cpure Vald\u00e9s essence,\u201d because, as a creator, Chucho has always dared to go further. It is a material that can be heard as one walks through the streets of Havana: between \u201cPunto cubano,\u201d \u201cSon de almendra,\u201d \u201cCongablues,\u201d \u201cHabanera partida,\u201d that sublime touch of \u201cMozart a la cubana,\u201d the clear reverence to Chick Corea (1941-2021) with \u201cArmando\u2019s Rhumba,\u201d the affection in \u201cNosotros\u201d and the bacchanalian \u201cTatoman\u00eda.\u201d<\/span><\/p>\n<p><span style=\"font-weight: 400;\">But this is only the most recent stop on Chucho Vald\u00e9s\u2019 long journey through the paths of music, a unique world that is far from over. For some reason, the winner of the National Music Award (1998) is the most recognized Cuban by the National Academy of Recording Arts and Sciences of the United States. <\/span><a href=\"https:\/\/www.grammy.com\/artists\/chucho-valdes\/7655\" target=\"_blank\" rel=\"noopener\"><b>With 7 Grammy Awards and 12 nominations<\/b><\/a><span style=\"font-weight: 400;\">, the list of awards is extensive and he has recently been named NEA Jazz Master 2025 by the National Endowment for the Arts (NEA) of the United States, the highest honor in the field of jazz in that nation.<\/span><\/p>\n<p><span style=\"font-weight: 400;\">In short, he is a creator who entered, years ago, that category of living legend of music, something that is not reserved for many. Listening to him and being able to ask ourselves, at his 83 years, what will be the next thing we will enjoy of his art, is a blessed luck.<\/span><\/p>\n<p><b>The legacy remains<\/b><\/p>\n<p><span style=\"font-weight: 400;\">\u201cChucho is a genius,\u201d musicologist \u00c9lsida Gonz\u00e1lez tells me from the other end of the phone when I tell her the anecdote of the recital at the Grand Theater of Havana, in 2017. In addition to being an admirer of Vald\u00e9s\u2019 work, as a specialist at Cuba\u2019s Musical Recording and Publishing Enterprise (EGREM) she led an extraordinary project in 2021 in honor of the founder of Irakere on his 80th birthday.<\/span><\/p>\n<p><span style=\"font-weight: 400;\">With <\/span><a href=\"https:\/\/www.grammy.com\/artists\/chucho-valdes\/7655\" target=\"_blank\" rel=\"noopener\"><i><span style=\"font-weight: 400;\">Los herederos: homenaje a Chucho Vald\u00e9s e Irakere\u00a0<\/span><\/i><\/a><span style=\"font-weight: 400;\">(EGREM, 2021), \u00c9lsida managed to bring together 63 top-notch musicians to cover iconic pieces from the repertoire of the legendary group, which in 2023 celebrated its fifth decade of existence. \u201cThe best tribute was to show their heritage and there I was able to bring together musicians who felt like heirs to that legacy, whether they were pianists or not,\u201d she recalls.<\/span><\/p>\n<figure style=\"width: 1366px\" class=\"wp-caption aligncenter\"><img loading=\"lazy\" decoding=\"async\" src=\"https:\/\/oncubanews.com\/wp-content\/uploads\/2024\/10\/Chucho-Valdes-foto-Kaloian-2-1366x908.jpg\" alt=\"Photo: Kaloian.\" width=\"1366\" height=\"908\" \/><figcaption class=\"wp-caption-text\">Photo: Kaloian.<\/figcaption><\/figure>\n<figure style=\"width: 957px\" class=\"wp-caption aligncenter\"><img loading=\"lazy\" decoding=\"async\" src=\"https:\/\/oncubanews.com\/wp-content\/uploads\/2024\/10\/Chucho-Valdes-foto-Kaloian-957x1366.jpg\" alt=\"Photo: Kaloian.\" width=\"957\" height=\"1366\" \/><figcaption class=\"wp-caption-text\">Photo: Kaloian.<\/figcaption><\/figure>\n<p><span style=\"font-weight: 400;\">\u201cChucho Vald\u00e9s is the most universal living Cuban artist in jazz and the most influential person for later generations. Everyone wants to know what he is doing. He is always on the move, creative, and approaching generations that contribute a lot to him. He is a beacon for Cuban music, but he is a world artist and must be viewed from that perspective,\u201d says the specialist, who has had the opportunity to work with the notable pianist on other recording projects that came out under the EGREM label.<\/span><\/p>\n<p><span style=\"font-weight: 400;\">But \u00c9lsida Gonz\u00e1lez, 70, had a conscious contact with Chucho\u2019s music at a very young age. \u201cMy father was a musician, he bought all the records in the world and I am almost sure that in my house, from the first creations, we listened to him. Irakere was founded in 1973; I was a teenager. I am from Santa Clara, but I was able to participate in the concerts they did in Havana and see everything they broadcast on television. Irakere was played a lot on television programs. I have lived, fortunately, through all the stages of a tireless creator.\u201d<\/span><\/p>\n<p><span style=\"font-weight: 400;\">Reflecting on Chucho\u2019s creative capacity, \u00c9lsida defines him as someone intrepid, who has known how to approach the novelties of each time and \u201calways be up for the challenge, for the young people who accompany him and for him. That is wonderful.\u201d<\/span><\/p>\n<figure style=\"width: 1366px\" class=\"wp-caption aligncenter\"><img loading=\"lazy\" decoding=\"async\" src=\"https:\/\/oncubanews.com\/wp-content\/uploads\/2024\/10\/Chucho-Valdes-foto-Kaloian-6-1366x903.jpg\" alt=\"Photo: Kaloian.\" width=\"1366\" height=\"903\" \/><figcaption class=\"wp-caption-text\">Photo: Kaloian.<\/figcaption><\/figure>\n<p><span style=\"font-weight: 400;\">\u201cWhen you see the different stages of Irakere and you notice how many generations passed through there, you understand the success of the group; if at a certain moment the \u2018ball\u2019 changed, he welcomed new people. He gets a lot of feedback from all that. Today, when you see the Royal Quartet, you perceive that Chucho is still aware of that update. I think that in recent years he has had great opportunities to demonstrate it.\u201d<\/span><\/p>\n<p><span style=\"font-weight: 400;\">The last time \u00c9lsida enjoyed Chucho Vald\u00e9s\u2019 music live, she remembers, was at a concert at the Mella Theater in one of the Jazz Plaza concerts, before the pandemic. However, although she has not attended Chucho\u2019s performances abroad, or the \u201cIrakere 50\u201d tour, the musicologist does not lose track of the pianist\u2019s work, thanks to the benefits of the internet.<\/span><\/p>\n<p><span style=\"font-weight: 400;\">\u201cIt had to be Chucho who decided how a tribute to Irakere would be, because he is the creator of that project. He decided something fabulous: to rescue the friendship and musical relationship with Paquito and Sandoval. It is a wonderful thing, a fact that marks the career of all of them and I think that gives the tribute, too, an extra value. After so many years apart, the fact that they met again, perceiving that they still have a musical dialogue and that even though there are such young people in the team, they can understand each other, gives you an idea of <\/span><span style=\"font-weight: 400;\">\u200b\u200b<\/span><span style=\"font-weight: 400;\">why we made <\/span><i><span style=\"font-weight: 400;\">Los herederos<\/span><\/i><span style=\"font-weight: 400;\"> in Cuba.\u201d<\/span><\/p>\n<div class=\"jeg_video_container jeg_video_content\"><iframe loading=\"lazy\" title=\"Los Herederos (Making of) - Homenaje a Chucho Vald\u00e9s e Irakere\" width=\"500\" height=\"281\" src=\"https:\/\/www.youtube.com\/embed\/YKzDznuEOGA?feature=oembed\" frameborder=\"0\" allow=\"accelerometer; autoplay; clipboard-write; encrypted-media; gyroscope; picture-in-picture; web-share\" referrerpolicy=\"strict-origin-when-cross-origin\" allowfullscreen><\/iframe><\/div>\n<p><span style=\"font-weight: 400;\">The album, produced by EGREM, was recorded in 2021 and includes ten unmissable songs, including versions of iconic pieces by Irakere, others by Chucho Vald\u00e9s and some original gifts for the maestro such as \u201cUna melod\u00eda a Picho,\u201d by C\u00e9sar L\u00f3pez. \u201cLove is heard on that album,\u201d \u00c9lsida Gonz\u00e1lez summarizes on the other end of the phone, from her home in the 10 de Octubre municipality, Havana.<\/span><\/p>\n<p><span style=\"font-weight: 400;\">Recorded in the turbulent times of the pandemic, \u201cit is an excellent album because it was not made only to play the work of Chucho and Irakere. They were works made or arranged by people who worked in that musical phenomenon, such as Germ\u00e1n Velazco, Orlando Valle \u201cMaraca,\u201d C\u00e9sar L\u00f3pez, Jos\u00e9 Luis Cort\u00e9s \u201cEl Tosco.\u201d It was wonderful. That \u201cObatal\u00e1,\u201d between Cucurucho Vald\u00e9s and Geidy Chapman, was extraordinary. I know that Chucho listened to every piece, because C\u00e9sar L\u00f3pez sent them to him. At last year\u2019s Grammy Awards, the EGREM delegation took some copies of the album and gave them to him. His children, Leyanis and Jessie Vald\u00e9s, also participated in the material, and they spoke to him about what we had been doing.\u201d<\/span><\/p>\n<figure style=\"width: 1000px\" class=\"wp-caption aligncenter\"><img loading=\"lazy\" decoding=\"async\" src=\"https:\/\/oncubanews.com\/wp-content\/uploads\/2024\/10\/herederoschuchovaldes.jpeg\" alt=\"Album cover. Photo: Courtesy of \u00c9lsida Gonz\u00e1lez.\" width=\"1000\" height=\"1000\" \/><figcaption class=\"wp-caption-text\">Album cover. Photo: Courtesy of \u00c9lsida Gonz\u00e1lez.<\/figcaption><\/figure>\n<p><span style=\"font-weight: 400;\">\u201cIt would have been lovely,\u201d she reflects, \u201cto have the possibility of doing <\/span><i><span style=\"font-weight: 400;\">Los herederos<\/span><\/i><span style=\"font-weight: 400;\"> live concerts. I was very excited, but we always go through the same thing: we are a country with a great musical and artistic wealth, but very few resources, and sometimes we are left with truncated ideas. I celebrate every day the great Cuban music that I have experienced. Perhaps the opportunity to pay that tribute in Cuba that some dream of will come one day, although for that many wills must be united. But there is a tribute to Irakere in the world, and it is being directed by the person who created the group, the person who has to do it.\u201d<\/span><\/p>\n<p><span style=\"font-weight: 400;\">For the moment, \u00c9lsida Gonz\u00e1lez and the general public celebrate the musical richness that seems unthinkable for a single person. But it is real, it is enjoyed, it is felt, it is danced to; and it is moving. \u201cChucho has an immense capacity, he has worked in all formats and has had time to do what he wanted. When he did the first things as a trio, he was very young; another very rich stage was the one he lived with the Afro-Cuban Messengers, with all those guys. All his stages have been great.<\/span><\/p>\n<p><span style=\"font-weight: 400;\">\u201cAnd I will be very precise in what I am going to tell you: the Cuban people love Chucho Vald\u00e9s very much. The era of Irakere is remembered by the generations that were able to experience it in dance music. He did dance music with the same rigor that he did jazz. People do not forget that. The concerts at the Amadeo Rold\u00e1n are a mark in this country. No one will be able to erase it,\u201d she reflects.<\/span><\/p>\n<p><span style=\"font-weight: 400;\">Before we say goodbye, \u00c9lsida reminds me that October 9 is also the birthday of Bebo Vald\u00e9s (1918-2013). \u201cThere has been too much history between the two. From father to son, music. They say that glory fits in a kernel of corn, but everything Chucho has done, to detail it, is too much for that tiny space.\u201d<\/span><\/p>\n","protected":false},"excerpt":{"rendered":"<p>The creator of Irakere turns 83. Celebrating it is also a reason to review his work and genius in the art he masters best: the piano.<\/p>\n","protected":false},"author":12346240,"featured_media":311101,"comment_status":"open","ping_status":"closed","sticky":false,"template":"","format":"standard","meta":{"_acf_changed":false,"footnotes":""},"categories":[33,13903,13923],"tags":[14886,14848,19256],"ppma_author":[34896],"class_list":["post-311098","post","type-post","status-publish","format-standard","has-post-thumbnail","hentry","category-culture","category-economy","category-music-culture","tag-chucho-valdes-en","tag-cuban-music","tag-featured"],"acf":[],"yoast_head":"<!-- This site is optimized with the Yoast SEO plugin v27.3 - https:\/\/yoast.com\/product\/yoast-seo-wordpress\/ -->\n<title>Impromptu for Chucho Vald\u00e9s | OnCubaNews English<\/title>\n<meta name=\"description\" content=\"Chucho Vald\u00e9s. The creator of Irakere turns 83. Celebrating it is also a reason to review his work and genius in the art he masters best: the piano.\" \/>\n<meta name=\"robots\" content=\"index, follow, max-snippet:-1, max-image-preview:large, max-video-preview:-1\" \/>\n<link rel=\"canonical\" href=\"https:\/\/oncubanews.com\/en\/culture\/impromptu-for-chucho-valdes\/\" \/>\n<meta property=\"og:locale\" content=\"en_US\" \/>\n<meta property=\"og:type\" content=\"article\" \/>\n<meta property=\"og:title\" content=\"Impromptu for Chucho Vald\u00e9s | OnCubaNews English\" \/>\n<meta property=\"og:description\" content=\"Chucho Vald\u00e9s. The creator of Irakere turns 83. Celebrating it is also a reason to review his work and genius in the art he masters best: the piano.\" \/>\n<meta property=\"og:url\" content=\"https:\/\/oncubanews.com\/en\/culture\/impromptu-for-chucho-valdes\/\" \/>\n<meta property=\"og:site_name\" content=\"OnCubaNews English\" \/>\n<meta property=\"article:published_time\" content=\"2024-10-10T20:51:32+00:00\" \/>\n<meta property=\"article:modified_time\" content=\"2026-02-11T16:59:16+00:00\" \/>\n<meta property=\"og:image\" content=\"https:\/\/oncubanews.com\/en\/wp-content\/uploads\/2024\/10\/chuchovaldesportadaa-1.jpg\" \/>\n\t<meta property=\"og:image:width\" content=\"1140\" \/>\n\t<meta property=\"og:image:height\" content=\"815\" \/>\n\t<meta property=\"og:image:type\" content=\"image\/jpeg\" \/>\n<meta name=\"author\" content=\"Sergio Murgu\u00eda\" \/>\n<meta name=\"twitter:card\" content=\"summary_large_image\" \/>\n<meta name=\"twitter:label1\" content=\"Written by\" \/>\n\t<meta name=\"twitter:data1\" content=\"Sergio Murgu\u00eda\" \/>\n\t<meta name=\"twitter:label2\" content=\"Est. reading time\" \/>\n\t<meta name=\"twitter:data2\" content=\"13 minutes\" \/>\n<script type=\"application\/ld+json\" class=\"yoast-schema-graph\">{\"@context\":\"https:\\\/\\\/schema.org\",\"@graph\":[{\"@type\":\"Article\",\"@id\":\"https:\\\/\\\/oncubanews.com\\\/en\\\/culture\\\/impromptu-for-chucho-valdes\\\/#article\",\"isPartOf\":{\"@id\":\"https:\\\/\\\/oncubanews.com\\\/en\\\/culture\\\/impromptu-for-chucho-valdes\\\/\"},\"author\":{\"name\":\"sergiogonzalez\",\"@id\":\"https:\\\/\\\/oncubanews.com\\\/en\\\/#\\\/schema\\\/person\\\/14b259c6aed5332245158e752bc07c99\"},\"headline\":\"Impromptu for Chucho Vald\u00e9s\",\"datePublished\":\"2024-10-10T20:51:32+00:00\",\"dateModified\":\"2026-02-11T16:59:16+00:00\",\"mainEntityOfPage\":{\"@id\":\"https:\\\/\\\/oncubanews.com\\\/en\\\/culture\\\/impromptu-for-chucho-valdes\\\/\"},\"wordCount\":2490,\"commentCount\":0,\"image\":{\"@id\":\"https:\\\/\\\/oncubanews.com\\\/en\\\/culture\\\/impromptu-for-chucho-valdes\\\/#primaryimage\"},\"thumbnailUrl\":\"https:\\\/\\\/oncubanews.com\\\/en\\\/wp-content\\\/uploads\\\/2024\\\/10\\\/chuchovaldesportadaa-1.jpg\",\"keywords\":[\"Chucho Vald\u00e9s\",\"cuban music\",\"featured\"],\"articleSection\":[\"Culture\",\"Economy\",\"Music\"],\"inLanguage\":\"en-US\",\"potentialAction\":[{\"@type\":\"CommentAction\",\"name\":\"Comment\",\"target\":[\"https:\\\/\\\/oncubanews.com\\\/en\\\/culture\\\/impromptu-for-chucho-valdes\\\/#respond\"]}],\"copyrightYear\":\"2024\",\"copyrightHolder\":{\"@id\":\"https:\\\/\\\/oncubanews.com\\\/en\\\/#organization\"}},{\"@type\":\"WebPage\",\"@id\":\"https:\\\/\\\/oncubanews.com\\\/en\\\/culture\\\/impromptu-for-chucho-valdes\\\/\",\"url\":\"https:\\\/\\\/oncubanews.com\\\/en\\\/culture\\\/impromptu-for-chucho-valdes\\\/\",\"name\":\"Impromptu for Chucho Vald\u00e9s | OnCubaNews English\",\"isPartOf\":{\"@id\":\"https:\\\/\\\/oncubanews.com\\\/en\\\/#website\"},\"primaryImageOfPage\":{\"@id\":\"https:\\\/\\\/oncubanews.com\\\/en\\\/culture\\\/impromptu-for-chucho-valdes\\\/#primaryimage\"},\"image\":{\"@id\":\"https:\\\/\\\/oncubanews.com\\\/en\\\/culture\\\/impromptu-for-chucho-valdes\\\/#primaryimage\"},\"thumbnailUrl\":\"https:\\\/\\\/oncubanews.com\\\/en\\\/wp-content\\\/uploads\\\/2024\\\/10\\\/chuchovaldesportadaa-1.jpg\",\"datePublished\":\"2024-10-10T20:51:32+00:00\",\"dateModified\":\"2026-02-11T16:59:16+00:00\",\"author\":{\"@id\":\"https:\\\/\\\/oncubanews.com\\\/en\\\/#\\\/schema\\\/person\\\/14b259c6aed5332245158e752bc07c99\"},\"description\":\"Chucho Vald\u00e9s. The creator of Irakere turns 83. Celebrating it is also a reason to review his work and genius in the art he masters best: the piano.\",\"breadcrumb\":{\"@id\":\"https:\\\/\\\/oncubanews.com\\\/en\\\/culture\\\/impromptu-for-chucho-valdes\\\/#breadcrumb\"},\"inLanguage\":\"en-US\",\"potentialAction\":[{\"@type\":\"ReadAction\",\"target\":[\"https:\\\/\\\/oncubanews.com\\\/en\\\/culture\\\/impromptu-for-chucho-valdes\\\/\"]}]},{\"@type\":\"ImageObject\",\"inLanguage\":\"en-US\",\"@id\":\"https:\\\/\\\/oncubanews.com\\\/en\\\/culture\\\/impromptu-for-chucho-valdes\\\/#primaryimage\",\"url\":\"https:\\\/\\\/oncubanews.com\\\/en\\\/wp-content\\\/uploads\\\/2024\\\/10\\\/chuchovaldesportadaa-1.jpg\",\"contentUrl\":\"https:\\\/\\\/oncubanews.com\\\/en\\\/wp-content\\\/uploads\\\/2024\\\/10\\\/chuchovaldesportadaa-1.jpg\",\"width\":1140,\"height\":815,\"caption\":\"Vald\u00e9s, the most recognized figure in Cuban jazz, was the host during international jazz day in Havana in 2017, along with other local creators. Photo: Kaloian.\"},{\"@type\":\"BreadcrumbList\",\"@id\":\"https:\\\/\\\/oncubanews.com\\\/en\\\/culture\\\/impromptu-for-chucho-valdes\\\/#breadcrumb\",\"itemListElement\":[{\"@type\":\"ListItem\",\"position\":1,\"name\":\"Portada\",\"item\":\"https:\\\/\\\/oncubanews.com\\\/en\\\/\"},{\"@type\":\"ListItem\",\"position\":2,\"name\":\"Impromptu for Chucho Vald\u00e9s\"}]},{\"@type\":\"WebSite\",\"@id\":\"https:\\\/\\\/oncubanews.com\\\/en\\\/#website\",\"url\":\"https:\\\/\\\/oncubanews.com\\\/en\\\/\",\"name\":\"OnCubaNews English\",\"description\":\"Revista sobre Cuba\",\"potentialAction\":[{\"@type\":\"SearchAction\",\"target\":{\"@type\":\"EntryPoint\",\"urlTemplate\":\"https:\\\/\\\/oncubanews.com\\\/en\\\/?s={search_term_string}\"},\"query-input\":{\"@type\":\"PropertyValueSpecification\",\"valueRequired\":true,\"valueName\":\"search_term_string\"}}],\"inLanguage\":\"en-US\"},{\"@type\":\"Person\",\"@id\":\"https:\\\/\\\/oncubanews.com\\\/en\\\/#\\\/schema\\\/person\\\/14b259c6aed5332245158e752bc07c99\",\"name\":\"sergiogonzalez\",\"image\":{\"@type\":\"ImageObject\",\"inLanguage\":\"en-US\",\"@id\":\"https:\\\/\\\/secure.gravatar.com\\\/avatar\\\/1644c24b8555af02e7e8bf2f312860bf0287fcda93143fcdfea08a7be63f63b5?s=96&r=g79f84f69462b171c0a110ecc663071f3\",\"url\":\"https:\\\/\\\/secure.gravatar.com\\\/avatar\\\/1644c24b8555af02e7e8bf2f312860bf0287fcda93143fcdfea08a7be63f63b5?s=96&r=g\",\"contentUrl\":\"https:\\\/\\\/secure.gravatar.com\\\/avatar\\\/1644c24b8555af02e7e8bf2f312860bf0287fcda93143fcdfea08a7be63f63b5?s=96&r=g\",\"caption\":\"sergiogonzalez\"},\"url\":\"https:\\\/\\\/oncubanews.com\\\/en\\\/author\\\/sergiogonzalez\\\/\"}]}<\/script>\n<!-- \/ Yoast SEO plugin. -->","yoast_head_json":{"title":"Impromptu for Chucho Vald\u00e9s | OnCubaNews English","description":"Chucho Vald\u00e9s. The creator of Irakere turns 83. Celebrating it is also a reason to review his work and genius in the art he masters best: the piano.","robots":{"index":"index","follow":"follow","max-snippet":"max-snippet:-1","max-image-preview":"max-image-preview:large","max-video-preview":"max-video-preview:-1"},"canonical":"https:\/\/oncubanews.com\/en\/culture\/impromptu-for-chucho-valdes\/","og_locale":"en_US","og_type":"article","og_title":"Impromptu for Chucho Vald\u00e9s | OnCubaNews English","og_description":"Chucho Vald\u00e9s. The creator of Irakere turns 83. Celebrating it is also a reason to review his work and genius in the art he masters best: the piano.","og_url":"https:\/\/oncubanews.com\/en\/culture\/impromptu-for-chucho-valdes\/","og_site_name":"OnCubaNews English","article_published_time":"2024-10-10T20:51:32+00:00","article_modified_time":"2026-02-11T16:59:16+00:00","og_image":[{"width":1140,"height":815,"url":"https:\/\/oncubanews.com\/en\/wp-content\/uploads\/2024\/10\/chuchovaldesportadaa-1.jpg","type":"image\/jpeg"}],"author":"Sergio Murgu\u00eda","twitter_card":"summary_large_image","twitter_misc":{"Written by":"Sergio Murgu\u00eda","Est. reading time":"13 minutes"},"schema":{"@context":"https:\/\/schema.org","@graph":[{"@type":"Article","@id":"https:\/\/oncubanews.com\/en\/culture\/impromptu-for-chucho-valdes\/#article","isPartOf":{"@id":"https:\/\/oncubanews.com\/en\/culture\/impromptu-for-chucho-valdes\/"},"author":{"name":"sergiogonzalez","@id":"https:\/\/oncubanews.com\/en\/#\/schema\/person\/14b259c6aed5332245158e752bc07c99"},"headline":"Impromptu for Chucho Vald\u00e9s","datePublished":"2024-10-10T20:51:32+00:00","dateModified":"2026-02-11T16:59:16+00:00","mainEntityOfPage":{"@id":"https:\/\/oncubanews.com\/en\/culture\/impromptu-for-chucho-valdes\/"},"wordCount":2490,"commentCount":0,"image":{"@id":"https:\/\/oncubanews.com\/en\/culture\/impromptu-for-chucho-valdes\/#primaryimage"},"thumbnailUrl":"https:\/\/oncubanews.com\/en\/wp-content\/uploads\/2024\/10\/chuchovaldesportadaa-1.jpg","keywords":["Chucho Vald\u00e9s","cuban music","featured"],"articleSection":["Culture","Economy","Music"],"inLanguage":"en-US","potentialAction":[{"@type":"CommentAction","name":"Comment","target":["https:\/\/oncubanews.com\/en\/culture\/impromptu-for-chucho-valdes\/#respond"]}],"copyrightYear":"2024","copyrightHolder":{"@id":"https:\/\/oncubanews.com\/en\/#organization"}},{"@type":"WebPage","@id":"https:\/\/oncubanews.com\/en\/culture\/impromptu-for-chucho-valdes\/","url":"https:\/\/oncubanews.com\/en\/culture\/impromptu-for-chucho-valdes\/","name":"Impromptu for Chucho Vald\u00e9s | OnCubaNews English","isPartOf":{"@id":"https:\/\/oncubanews.com\/en\/#website"},"primaryImageOfPage":{"@id":"https:\/\/oncubanews.com\/en\/culture\/impromptu-for-chucho-valdes\/#primaryimage"},"image":{"@id":"https:\/\/oncubanews.com\/en\/culture\/impromptu-for-chucho-valdes\/#primaryimage"},"thumbnailUrl":"https:\/\/oncubanews.com\/en\/wp-content\/uploads\/2024\/10\/chuchovaldesportadaa-1.jpg","datePublished":"2024-10-10T20:51:32+00:00","dateModified":"2026-02-11T16:59:16+00:00","author":{"@id":"https:\/\/oncubanews.com\/en\/#\/schema\/person\/14b259c6aed5332245158e752bc07c99"},"description":"Chucho Vald\u00e9s. The creator of Irakere turns 83. Celebrating it is also a reason to review his work and genius in the art he masters best: the piano.","breadcrumb":{"@id":"https:\/\/oncubanews.com\/en\/culture\/impromptu-for-chucho-valdes\/#breadcrumb"},"inLanguage":"en-US","potentialAction":[{"@type":"ReadAction","target":["https:\/\/oncubanews.com\/en\/culture\/impromptu-for-chucho-valdes\/"]}]},{"@type":"ImageObject","inLanguage":"en-US","@id":"https:\/\/oncubanews.com\/en\/culture\/impromptu-for-chucho-valdes\/#primaryimage","url":"https:\/\/oncubanews.com\/en\/wp-content\/uploads\/2024\/10\/chuchovaldesportadaa-1.jpg","contentUrl":"https:\/\/oncubanews.com\/en\/wp-content\/uploads\/2024\/10\/chuchovaldesportadaa-1.jpg","width":1140,"height":815,"caption":"Vald\u00e9s, the most recognized figure in Cuban jazz, was the host during international jazz day in Havana in 2017, along with other local creators. Photo: Kaloian."},{"@type":"BreadcrumbList","@id":"https:\/\/oncubanews.com\/en\/culture\/impromptu-for-chucho-valdes\/#breadcrumb","itemListElement":[{"@type":"ListItem","position":1,"name":"Portada","item":"https:\/\/oncubanews.com\/en\/"},{"@type":"ListItem","position":2,"name":"Impromptu for Chucho Vald\u00e9s"}]},{"@type":"WebSite","@id":"https:\/\/oncubanews.com\/en\/#website","url":"https:\/\/oncubanews.com\/en\/","name":"OnCubaNews English","description":"Revista sobre Cuba","potentialAction":[{"@type":"SearchAction","target":{"@type":"EntryPoint","urlTemplate":"https:\/\/oncubanews.com\/en\/?s={search_term_string}"},"query-input":{"@type":"PropertyValueSpecification","valueRequired":true,"valueName":"search_term_string"}}],"inLanguage":"en-US"},{"@type":"Person","@id":"https:\/\/oncubanews.com\/en\/#\/schema\/person\/14b259c6aed5332245158e752bc07c99","name":"sergiogonzalez","image":{"@type":"ImageObject","inLanguage":"en-US","@id":"https:\/\/secure.gravatar.com\/avatar\/1644c24b8555af02e7e8bf2f312860bf0287fcda93143fcdfea08a7be63f63b5?s=96&r=g79f84f69462b171c0a110ecc663071f3","url":"https:\/\/secure.gravatar.com\/avatar\/1644c24b8555af02e7e8bf2f312860bf0287fcda93143fcdfea08a7be63f63b5?s=96&r=g","contentUrl":"https:\/\/secure.gravatar.com\/avatar\/1644c24b8555af02e7e8bf2f312860bf0287fcda93143fcdfea08a7be63f63b5?s=96&r=g","caption":"sergiogonzalez"},"url":"https:\/\/oncubanews.com\/en\/author\/sergiogonzalez\/"}]}},"authors":[{"term_id":34896,"user_id":12346240,"is_guest":0,"slug":"sergiogonzalez","display_name":"Sergio Murgu\u00eda","avatar_url":"https:\/\/secure.gravatar.com\/avatar\/1644c24b8555af02e7e8bf2f312860bf0287fcda93143fcdfea08a7be63f63b5?s=96&r=g","0":null,"1":"","2":"","3":"","4":"","5":"","6":"","7":"","8":""}],"_links":{"self":[{"href":"https:\/\/oncubanews.com\/en\/wp-json\/wp\/v2\/posts\/311098","targetHints":{"allow":["GET"]}}],"collection":[{"href":"https:\/\/oncubanews.com\/en\/wp-json\/wp\/v2\/posts"}],"about":[{"href":"https:\/\/oncubanews.com\/en\/wp-json\/wp\/v2\/types\/post"}],"author":[{"embeddable":true,"href":"https:\/\/oncubanews.com\/en\/wp-json\/wp\/v2\/users\/12346240"}],"replies":[{"embeddable":true,"href":"https:\/\/oncubanews.com\/en\/wp-json\/wp\/v2\/comments?post=311098"}],"version-history":[{"count":2,"href":"https:\/\/oncubanews.com\/en\/wp-json\/wp\/v2\/posts\/311098\/revisions"}],"predecessor-version":[{"id":311100,"href":"https:\/\/oncubanews.com\/en\/wp-json\/wp\/v2\/posts\/311098\/revisions\/311100"}],"wp:featuredmedia":[{"embeddable":true,"href":"https:\/\/oncubanews.com\/en\/wp-json\/wp\/v2\/media\/311101"}],"wp:attachment":[{"href":"https:\/\/oncubanews.com\/en\/wp-json\/wp\/v2\/media?parent=311098"}],"wp:term":[{"taxonomy":"category","embeddable":true,"href":"https:\/\/oncubanews.com\/en\/wp-json\/wp\/v2\/categories?post=311098"},{"taxonomy":"post_tag","embeddable":true,"href":"https:\/\/oncubanews.com\/en\/wp-json\/wp\/v2\/tags?post=311098"},{"taxonomy":"author","embeddable":true,"href":"https:\/\/oncubanews.com\/en\/wp-json\/wp\/v2\/ppma_author?post=311098"}],"curies":[{"name":"wp","href":"https:\/\/api.w.org\/{rel}","templated":true}]}}