
{"id":313753,"date":"2024-11-25T18:57:49","date_gmt":"2024-11-25T23:57:49","guid":{"rendered":"https:\/\/oncubanews.com\/en\/?p=313753"},"modified":"2024-11-25T18:57:49","modified_gmt":"2024-11-25T23:57:49","slug":"on-the-last-garden-and-the-same-summer","status":"publish","type":"post","link":"https:\/\/oncubanews.com\/en\/billboard\/visual-arts-billboard\/on-the-last-garden-and-the-same-summer\/","title":{"rendered":"On the last garden and the same summer"},"content":{"rendered":"<p><span style=\"font-weight: 400;\">Ernesto Villanueva (Havana, 1970) is participating in the 15th Havana Biennial (collateral exhibition) with what seems to be a new moment in his artistic production. Coming from geometric abstraction, with a slight previous foray into the figurative, in 2009 he inaugurated the long series <\/span><i><span style=\"font-weight: 400;\">Summer in My Garden<\/span><\/i><span style=\"font-weight: 400;\">, where he proposes to create a particular garden, a space of contemplation and exaltation, of meditation and exchange of feelings and ideas.<\/span><\/p>\n<p><span style=\"font-weight: 400;\">Those initial gardens inaugurated what was to be his representation strategy from then on, the metonymic approach to the subject. The garden (glimpsed? dreamed?) is never represented in its entirety in the works. A group of suggested flowers is arranged in the space in very different ways, under different lights and in a range that goes from cold to warm colors, in correspondence with the artist\u2019s moods and the vicissitudes of his personal circumstances. The garden for the flowers, the whole for the part.<\/span><\/p>\n<figure id=\"attachment_313756\" aria-describedby=\"caption-attachment-313756\" style=\"width: 1600px\" class=\"wp-caption aligncenter\"><a href=\"https:\/\/oncubanews.com\/en\/wp-content\/uploads\/2024\/11\/VILLANUEVA-2-1.jpg\"><img loading=\"lazy\" decoding=\"async\" class=\"size-full wp-image-313756\" src=\"https:\/\/oncubanews.com\/en\/wp-content\/uploads\/2024\/11\/VILLANUEVA-2-1.jpg\" alt=\"\" width=\"1600\" height=\"720\" srcset=\"https:\/\/oncubanews.com\/en\/wp-content\/uploads\/2024\/11\/VILLANUEVA-2-1.jpg 1600w, https:\/\/oncubanews.com\/en\/wp-content\/uploads\/2024\/11\/VILLANUEVA-2-1-300x135.jpg 300w, https:\/\/oncubanews.com\/en\/wp-content\/uploads\/2024\/11\/VILLANUEVA-2-1-1024x461.jpg 1024w, https:\/\/oncubanews.com\/en\/wp-content\/uploads\/2024\/11\/VILLANUEVA-2-1-768x346.jpg 768w, https:\/\/oncubanews.com\/en\/wp-content\/uploads\/2024\/11\/VILLANUEVA-2-1-1536x691.jpg 1536w, https:\/\/oncubanews.com\/en\/wp-content\/uploads\/2024\/11\/VILLANUEVA-2-1-750x338.jpg 750w, https:\/\/oncubanews.com\/en\/wp-content\/uploads\/2024\/11\/VILLANUEVA-2-1-1140x513.jpg 1140w\" sizes=\"auto, (max-width: 1600px) 100vw, 1600px\" \/><\/a><figcaption id=\"caption-attachment-313756\" class=\"wp-caption-text\">Perspective of the mural starting from the beginning of the route.<\/figcaption><\/figure>\n<p><span style=\"font-weight: 400;\">Regarding the genesis of this collection, Villanueva has said:<\/span><\/p>\n<p><span style=\"font-weight: 400;\">\u201c<\/span><i><span style=\"font-weight: 400;\">Summer in My Garden<\/span><\/i><span style=\"font-weight: 400;\"> has always been associated with the idea of <\/span><span style=\"font-weight: 400;\">a mental state directly linked to happiness. Drawing a parallel between those interior gardens found in the ancient cultures of India, China, and Japan, I see my gardens as a utopian space of happiness. The use of color in this series is contrived and does not seek to emulate nature. The shape of the supposed flower could not be said to be a specific flower; at most, a symbol.\u201d<\/span><\/p>\n<p><span style=\"font-weight: 400;\">He was then dealing with interior, introspective, quiet, calm spaces\u2026until the appearance, more or less recently, of <\/span><i><span style=\"font-weight: 400;\">Expanding Gardens<\/span><\/i><span style=\"font-weight: 400;\">, a collection driven by the Big Bang theory. According to this, the universe is in constant expansion. If the pieces in <\/span><i><span style=\"font-weight: 400;\">Summer\u2026<\/span><\/i><span style=\"font-weight: 400;\"> were animated by a certain centripetal force, now the dispersion is centrifugal. The gardens expand, break the interior relationship and try to grow from the center to the periphery.<\/span><\/p>\n<figure id=\"attachment_313757\" aria-describedby=\"caption-attachment-313757\" style=\"width: 1280px\" class=\"wp-caption aligncenter\"><a href=\"https:\/\/oncubanews.com\/en\/wp-content\/uploads\/2024\/11\/VILLANUEVA-3-1.jpg\"><img loading=\"lazy\" decoding=\"async\" class=\"size-full wp-image-313757\" src=\"https:\/\/oncubanews.com\/en\/wp-content\/uploads\/2024\/11\/VILLANUEVA-3-1.jpg\" alt=\"\" width=\"1280\" height=\"576\" srcset=\"https:\/\/oncubanews.com\/en\/wp-content\/uploads\/2024\/11\/VILLANUEVA-3-1.jpg 1280w, https:\/\/oncubanews.com\/en\/wp-content\/uploads\/2024\/11\/VILLANUEVA-3-1-300x135.jpg 300w, https:\/\/oncubanews.com\/en\/wp-content\/uploads\/2024\/11\/VILLANUEVA-3-1-1024x461.jpg 1024w, https:\/\/oncubanews.com\/en\/wp-content\/uploads\/2024\/11\/VILLANUEVA-3-1-768x346.jpg 768w, https:\/\/oncubanews.com\/en\/wp-content\/uploads\/2024\/11\/VILLANUEVA-3-1-750x338.jpg 750w, https:\/\/oncubanews.com\/en\/wp-content\/uploads\/2024\/11\/VILLANUEVA-3-1-1140x513.jpg 1140w\" sizes=\"auto, (max-width: 1280px) 100vw, 1280px\" \/><\/a><figcaption id=\"caption-attachment-313757\" class=\"wp-caption-text\">Panoramic view from the garden.<\/figcaption><\/figure>\n<p><i><span style=\"font-weight: 400;\">Last Garden, Same Summer<\/span><\/i><span style=\"font-weight: 400;\">, a polyptych mural measuring 19.20 meters long by 1.90 meters high, is made up of 16 panels that, when the time comes, could be interpreted as independent works. Its name gives the exhibition its title, which includes other works from different periods that reflect the artist\u2019s trajectory in the subject matter. It is located on one of the walls of the cloister of the Padre F\u00e9lix Varela Cultural Centre (CCPFV), the former headquarters of the San Carlos and San Ambrosio Seminary, in the historic center of Havana.<\/span><\/p>\n<p><span style=\"font-weight: 400;\">As far as I remember, this is the first time that Villanueva\u2019s gardens have been exhibited within the framework of a real garden, to which it is integrated like two mirrors facing each other: one reflects the other in successive multiplications. The columns of the building prevent the complete contemplation of the piece in perspective, which is why they induce one to walk through it, in a sort of very gratifying immersive practice. Someone asked me if I had seen Villanueva\u2019s mural; I replied that I had walked through it. Father Yosvany Carvajal, parish priest of the Cathedral of Havana and rector of the CCPFV, in the words of the catalog, reminds us that \u201cin a garden begins the history of humanity according to the story contained in the book of Genesis which, with its usual mythical-theological charge, wants to place the origins of everything that exists in that idyllic setting where the human being is in perfect harmony with nature, with his fellow men and above all with the Transcendent.\u201d\u00a0<\/span><\/p>\n<figure id=\"attachment_313758\" aria-describedby=\"caption-attachment-313758\" style=\"width: 1000px\" class=\"wp-caption aligncenter\"><a href=\"https:\/\/oncubanews.com\/en\/wp-content\/uploads\/2024\/11\/VILLANUEVA-4-1.jpg\"><img loading=\"lazy\" decoding=\"async\" class=\"size-full wp-image-313758\" src=\"https:\/\/oncubanews.com\/en\/wp-content\/uploads\/2024\/11\/VILLANUEVA-4-1.jpg\" alt=\"\" width=\"1000\" height=\"450\" srcset=\"https:\/\/oncubanews.com\/en\/wp-content\/uploads\/2024\/11\/VILLANUEVA-4-1.jpg 1000w, https:\/\/oncubanews.com\/en\/wp-content\/uploads\/2024\/11\/VILLANUEVA-4-1-300x135.jpg 300w, https:\/\/oncubanews.com\/en\/wp-content\/uploads\/2024\/11\/VILLANUEVA-4-1-768x346.jpg 768w, https:\/\/oncubanews.com\/en\/wp-content\/uploads\/2024\/11\/VILLANUEVA-4-1-750x338.jpg 750w\" sizes=\"auto, (max-width: 1000px) 100vw, 1000px\" \/><\/a><figcaption id=\"caption-attachment-313758\" class=\"wp-caption-text\">Works from the series \u201cExpanding Gardens,\u201d a moment before \u201cLast Garden\u2026,\u201d which completes the exhibition.<\/figcaption><\/figure>\n<p><span style=\"font-weight: 400;\">Aside from this biblical consideration, we can conclude that the garden, real or imagined, is a non-negotiable bastion of personal freedom, the place where we are, far from the grievances of a contemporary world that is becoming more and more inhuman and aggressive, and vice versa.<\/span><\/p>\n<p><span style=\"font-weight: 400;\">I do not know if the \u201clast\u201d in the title of the splendid mural means a closure of the theme in the work of this artist. I think that all creation \u2014 in any of the arts \u2014 is a personal reconstruction of the physical world, but also a log of the feelings and desires of man in all times.<\/span><\/p>\n<p><i><span style=\"font-weight: 400;\">Last Summer, Same Garden<\/span><\/i><span style=\"font-weight: 400;\"> is an exhibition worth visiting, among the most attractive options during these days of the Biennial.<\/span><\/p>\n<p><b>Where:<\/b><span style=\"font-weight: 400;\"> Padre F\u00e9lix Varela Cultural Center. Tac\u00f3n between Chac\u00f3n and Empedrado, Old Havana.<\/span><\/p>\n<p><b>When:<\/b><span style=\"font-weight: 400;\"> Until February 23. Daily, 8:00 a.m. to 8:00 p.m.<\/span><\/p>\n<p><b>How much:<\/b><span style=\"font-weight: 400;\"> Free admission. For guided tours, contact Marielmy Valdovino: +53 5 343 72 06.<\/span><\/p>\n<figure id=\"attachment_313759\" aria-describedby=\"caption-attachment-313759\" style=\"width: 810px\" class=\"wp-caption aligncenter\"><a href=\"https:\/\/oncubanews.com\/en\/wp-content\/uploads\/2024\/11\/VILLANUEVA-5-1.jpg\"><img loading=\"lazy\" decoding=\"async\" class=\"size-full wp-image-313759\" src=\"https:\/\/oncubanews.com\/en\/wp-content\/uploads\/2024\/11\/VILLANUEVA-5-1.jpg\" alt=\"\" width=\"810\" height=\"1800\" srcset=\"https:\/\/oncubanews.com\/en\/wp-content\/uploads\/2024\/11\/VILLANUEVA-5-1.jpg 810w, https:\/\/oncubanews.com\/en\/wp-content\/uploads\/2024\/11\/VILLANUEVA-5-1-135x300.jpg 135w, https:\/\/oncubanews.com\/en\/wp-content\/uploads\/2024\/11\/VILLANUEVA-5-1-461x1024.jpg 461w, https:\/\/oncubanews.com\/en\/wp-content\/uploads\/2024\/11\/VILLANUEVA-5-1-768x1707.jpg 768w, https:\/\/oncubanews.com\/en\/wp-content\/uploads\/2024\/11\/VILLANUEVA-5-1-691x1536.jpg 691w, https:\/\/oncubanews.com\/en\/wp-content\/uploads\/2024\/11\/VILLANUEVA-5-1-750x1667.jpg 750w\" sizes=\"auto, (max-width: 810px) 100vw, 810px\" \/><\/a><figcaption id=\"caption-attachment-313759\" class=\"wp-caption-text\">Small-format works from \u201cSummer in My Garden,\u201d a series that Villanueva has been working on since 2009. It is also part of the panorama that the artist proposes at the 15TH Havana Biennial.<\/figcaption><\/figure>\n","protected":false},"excerpt":{"rendered":"<p>Ernesto Villanueva (Havana, 1970) is participating in the 15th Havana Biennial (collateral exhibition) with what seems to be a new moment in his artistic production. Coming from geometric abstraction, with a slight previous foray into the figurative, in 2009 he inaugurated the long series Summer in My Garden, where he proposes to create a particular [&hellip;]<\/p>\n","protected":false},"author":3770,"featured_media":313755,"comment_status":"open","ping_status":"closed","sticky":false,"template":"","format":"standard","meta":{"_acf_changed":false,"footnotes":""},"categories":[14807],"tags":[15302,34955,19256],"ppma_author":[34037],"class_list":["post-313753","post","type-post","status-publish","format-standard","has-post-thumbnail","hentry","category-visual-arts-billboard","tag-cuban-art","tag-ernesto-villanueva","tag-featured"],"acf":[],"yoast_head":"<!-- This site is optimized with the Yoast SEO plugin v27.3 - https:\/\/yoast.com\/product\/yoast-seo-wordpress\/ -->\n<title>On the last garden and the same summer | OnCubaNews English<\/title>\n<meta name=\"robots\" content=\"index, follow, max-snippet:-1, max-image-preview:large, max-video-preview:-1\" \/>\n<link rel=\"canonical\" href=\"https:\/\/oncubanews.com\/en\/billboard\/visual-arts-billboard\/on-the-last-garden-and-the-same-summer\/\" \/>\n<meta property=\"og:locale\" content=\"en_US\" \/>\n<meta property=\"og:type\" content=\"article\" \/>\n<meta property=\"og:title\" content=\"On the last garden and the same summer | OnCubaNews English\" \/>\n<meta property=\"og:description\" content=\"Ernesto Villanueva (Havana, 1970) is participating in the 15th Havana Biennial (collateral exhibition) with what seems to be a new moment in his artistic production. Coming from geometric abstraction, with a slight previous foray into the figurative, in 2009 he inaugurated the long series Summer in My Garden, where he proposes to create a particular [&hellip;]\" \/>\n<meta property=\"og:url\" content=\"https:\/\/oncubanews.com\/en\/billboard\/visual-arts-billboard\/on-the-last-garden-and-the-same-summer\/\" \/>\n<meta property=\"og:site_name\" content=\"OnCubaNews English\" \/>\n<meta property=\"article:published_time\" content=\"2024-11-25T23:57:49+00:00\" \/>\n<meta property=\"og:image\" content=\"https:\/\/oncubanews.com\/en\/wp-content\/uploads\/2024\/11\/Villanueva-1-po-1.jpg\" \/>\n\t<meta property=\"og:image:width\" content=\"1140\" \/>\n\t<meta property=\"og:image:height\" content=\"815\" \/>\n\t<meta property=\"og:image:type\" content=\"image\/jpeg\" \/>\n<meta name=\"author\" content=\"Alex Fleites\" \/>\n<meta name=\"twitter:card\" content=\"summary_large_image\" \/>\n<meta name=\"twitter:label1\" content=\"Written by\" \/>\n\t<meta name=\"twitter:data1\" content=\"Alex Fleites\" \/>\n\t<meta name=\"twitter:label2\" content=\"Est. reading time\" \/>\n\t<meta name=\"twitter:data2\" content=\"5 minutes\" \/>\n<script type=\"application\/ld+json\" class=\"yoast-schema-graph\">{\"@context\":\"https:\\\/\\\/schema.org\",\"@graph\":[{\"@type\":\"Article\",\"@id\":\"https:\\\/\\\/oncubanews.com\\\/en\\\/billboard\\\/visual-arts-billboard\\\/on-the-last-garden-and-the-same-summer\\\/#article\",\"isPartOf\":{\"@id\":\"https:\\\/\\\/oncubanews.com\\\/en\\\/billboard\\\/visual-arts-billboard\\\/on-the-last-garden-and-the-same-summer\\\/\"},\"author\":{\"name\":\"Alex Fleites\",\"@id\":\"https:\\\/\\\/oncubanews.com\\\/en\\\/#\\\/schema\\\/person\\\/cb04d1f85ac3ee88a3878440dfda7c04\"},\"headline\":\"On the last garden and the same summer\",\"datePublished\":\"2024-11-25T23:57:49+00:00\",\"mainEntityOfPage\":{\"@id\":\"https:\\\/\\\/oncubanews.com\\\/en\\\/billboard\\\/visual-arts-billboard\\\/on-the-last-garden-and-the-same-summer\\\/\"},\"wordCount\":835,\"commentCount\":0,\"image\":{\"@id\":\"https:\\\/\\\/oncubanews.com\\\/en\\\/billboard\\\/visual-arts-billboard\\\/on-the-last-garden-and-the-same-summer\\\/#primaryimage\"},\"thumbnailUrl\":\"https:\\\/\\\/oncubanews.com\\\/en\\\/wp-content\\\/uploads\\\/2024\\\/11\\\/Villanueva-1-po-1.jpg\",\"keywords\":[\"cuban art\",\"Ernesto Villanueva\",\"featured\"],\"articleSection\":[\"Visual Arts\"],\"inLanguage\":\"en-US\",\"potentialAction\":[{\"@type\":\"CommentAction\",\"name\":\"Comment\",\"target\":[\"https:\\\/\\\/oncubanews.com\\\/en\\\/billboard\\\/visual-arts-billboard\\\/on-the-last-garden-and-the-same-summer\\\/#respond\"]}],\"copyrightYear\":\"2024\",\"copyrightHolder\":{\"@id\":\"https:\\\/\\\/oncubanews.com\\\/en\\\/#organization\"}},{\"@type\":\"WebPage\",\"@id\":\"https:\\\/\\\/oncubanews.com\\\/en\\\/billboard\\\/visual-arts-billboard\\\/on-the-last-garden-and-the-same-summer\\\/\",\"url\":\"https:\\\/\\\/oncubanews.com\\\/en\\\/billboard\\\/visual-arts-billboard\\\/on-the-last-garden-and-the-same-summer\\\/\",\"name\":\"On the last garden and the same summer | OnCubaNews English\",\"isPartOf\":{\"@id\":\"https:\\\/\\\/oncubanews.com\\\/en\\\/#website\"},\"primaryImageOfPage\":{\"@id\":\"https:\\\/\\\/oncubanews.com\\\/en\\\/billboard\\\/visual-arts-billboard\\\/on-the-last-garden-and-the-same-summer\\\/#primaryimage\"},\"image\":{\"@id\":\"https:\\\/\\\/oncubanews.com\\\/en\\\/billboard\\\/visual-arts-billboard\\\/on-the-last-garden-and-the-same-summer\\\/#primaryimage\"},\"thumbnailUrl\":\"https:\\\/\\\/oncubanews.com\\\/en\\\/wp-content\\\/uploads\\\/2024\\\/11\\\/Villanueva-1-po-1.jpg\",\"datePublished\":\"2024-11-25T23:57:49+00:00\",\"author\":{\"@id\":\"https:\\\/\\\/oncubanews.com\\\/en\\\/#\\\/schema\\\/person\\\/cb04d1f85ac3ee88a3878440dfda7c04\"},\"breadcrumb\":{\"@id\":\"https:\\\/\\\/oncubanews.com\\\/en\\\/billboard\\\/visual-arts-billboard\\\/on-the-last-garden-and-the-same-summer\\\/#breadcrumb\"},\"inLanguage\":\"en-US\",\"potentialAction\":[{\"@type\":\"ReadAction\",\"target\":[\"https:\\\/\\\/oncubanews.com\\\/en\\\/billboard\\\/visual-arts-billboard\\\/on-the-last-garden-and-the-same-summer\\\/\"]}]},{\"@type\":\"ImageObject\",\"inLanguage\":\"en-US\",\"@id\":\"https:\\\/\\\/oncubanews.com\\\/en\\\/billboard\\\/visual-arts-billboard\\\/on-the-last-garden-and-the-same-summer\\\/#primaryimage\",\"url\":\"https:\\\/\\\/oncubanews.com\\\/en\\\/wp-content\\\/uploads\\\/2024\\\/11\\\/Villanueva-1-po-1.jpg\",\"contentUrl\":\"https:\\\/\\\/oncubanews.com\\\/en\\\/wp-content\\\/uploads\\\/2024\\\/11\\\/Villanueva-1-po-1.jpg\",\"width\":1140,\"height\":815,\"caption\":\"Foreshortened view of \u201cLast Garden, Same Summer.\u201d\"},{\"@type\":\"BreadcrumbList\",\"@id\":\"https:\\\/\\\/oncubanews.com\\\/en\\\/billboard\\\/visual-arts-billboard\\\/on-the-last-garden-and-the-same-summer\\\/#breadcrumb\",\"itemListElement\":[{\"@type\":\"ListItem\",\"position\":1,\"name\":\"Portada\",\"item\":\"https:\\\/\\\/oncubanews.com\\\/en\\\/\"},{\"@type\":\"ListItem\",\"position\":2,\"name\":\"On the last garden and the same summer\"}]},{\"@type\":\"WebSite\",\"@id\":\"https:\\\/\\\/oncubanews.com\\\/en\\\/#website\",\"url\":\"https:\\\/\\\/oncubanews.com\\\/en\\\/\",\"name\":\"OnCubaNews English\",\"description\":\"Revista sobre Cuba\",\"potentialAction\":[{\"@type\":\"SearchAction\",\"target\":{\"@type\":\"EntryPoint\",\"urlTemplate\":\"https:\\\/\\\/oncubanews.com\\\/en\\\/?s={search_term_string}\"},\"query-input\":{\"@type\":\"PropertyValueSpecification\",\"valueRequired\":true,\"valueName\":\"search_term_string\"}}],\"inLanguage\":\"en-US\"},{\"@type\":\"Person\",\"@id\":\"https:\\\/\\\/oncubanews.com\\\/en\\\/#\\\/schema\\\/person\\\/cb04d1f85ac3ee88a3878440dfda7c04\",\"name\":\"Alex Fleites\",\"image\":{\"@type\":\"ImageObject\",\"inLanguage\":\"en-US\",\"@id\":\"https:\\\/\\\/oncubanews.com\\\/wp-content\\\/uploads\\\/2023\\\/02\\\/alex-fleites-1-96x96.png5a0f0d5dc6c0ba86228d2ce99679b064\",\"url\":\"https:\\\/\\\/oncubanews.com\\\/wp-content\\\/uploads\\\/2023\\\/02\\\/alex-fleites-1-96x96.png\",\"contentUrl\":\"https:\\\/\\\/oncubanews.com\\\/wp-content\\\/uploads\\\/2023\\\/02\\\/alex-fleites-1-96x96.png\",\"caption\":\"Alex Fleites\"},\"description\":\"Poeta, curador de arte y editor afincado en La Habana.\",\"url\":\"https:\\\/\\\/oncubanews.com\\\/en\\\/author\\\/alexfleites1\\\/\"}]}<\/script>\n<!-- \/ Yoast SEO plugin. -->","yoast_head_json":{"title":"On the last garden and the same summer | OnCubaNews English","robots":{"index":"index","follow":"follow","max-snippet":"max-snippet:-1","max-image-preview":"max-image-preview:large","max-video-preview":"max-video-preview:-1"},"canonical":"https:\/\/oncubanews.com\/en\/billboard\/visual-arts-billboard\/on-the-last-garden-and-the-same-summer\/","og_locale":"en_US","og_type":"article","og_title":"On the last garden and the same summer | OnCubaNews English","og_description":"Ernesto Villanueva (Havana, 1970) is participating in the 15th Havana Biennial (collateral exhibition) with what seems to be a new moment in his artistic production. Coming from geometric abstraction, with a slight previous foray into the figurative, in 2009 he inaugurated the long series Summer in My Garden, where he proposes to create a particular [&hellip;]","og_url":"https:\/\/oncubanews.com\/en\/billboard\/visual-arts-billboard\/on-the-last-garden-and-the-same-summer\/","og_site_name":"OnCubaNews English","article_published_time":"2024-11-25T23:57:49+00:00","og_image":[{"width":1140,"height":815,"url":"https:\/\/oncubanews.com\/en\/wp-content\/uploads\/2024\/11\/Villanueva-1-po-1.jpg","type":"image\/jpeg"}],"author":"Alex Fleites","twitter_card":"summary_large_image","twitter_misc":{"Written by":"Alex Fleites","Est. reading time":"5 minutes"},"schema":{"@context":"https:\/\/schema.org","@graph":[{"@type":"Article","@id":"https:\/\/oncubanews.com\/en\/billboard\/visual-arts-billboard\/on-the-last-garden-and-the-same-summer\/#article","isPartOf":{"@id":"https:\/\/oncubanews.com\/en\/billboard\/visual-arts-billboard\/on-the-last-garden-and-the-same-summer\/"},"author":{"name":"Alex Fleites","@id":"https:\/\/oncubanews.com\/en\/#\/schema\/person\/cb04d1f85ac3ee88a3878440dfda7c04"},"headline":"On the last garden and the same summer","datePublished":"2024-11-25T23:57:49+00:00","mainEntityOfPage":{"@id":"https:\/\/oncubanews.com\/en\/billboard\/visual-arts-billboard\/on-the-last-garden-and-the-same-summer\/"},"wordCount":835,"commentCount":0,"image":{"@id":"https:\/\/oncubanews.com\/en\/billboard\/visual-arts-billboard\/on-the-last-garden-and-the-same-summer\/#primaryimage"},"thumbnailUrl":"https:\/\/oncubanews.com\/en\/wp-content\/uploads\/2024\/11\/Villanueva-1-po-1.jpg","keywords":["cuban art","Ernesto Villanueva","featured"],"articleSection":["Visual Arts"],"inLanguage":"en-US","potentialAction":[{"@type":"CommentAction","name":"Comment","target":["https:\/\/oncubanews.com\/en\/billboard\/visual-arts-billboard\/on-the-last-garden-and-the-same-summer\/#respond"]}],"copyrightYear":"2024","copyrightHolder":{"@id":"https:\/\/oncubanews.com\/en\/#organization"}},{"@type":"WebPage","@id":"https:\/\/oncubanews.com\/en\/billboard\/visual-arts-billboard\/on-the-last-garden-and-the-same-summer\/","url":"https:\/\/oncubanews.com\/en\/billboard\/visual-arts-billboard\/on-the-last-garden-and-the-same-summer\/","name":"On the last garden and the same summer | OnCubaNews English","isPartOf":{"@id":"https:\/\/oncubanews.com\/en\/#website"},"primaryImageOfPage":{"@id":"https:\/\/oncubanews.com\/en\/billboard\/visual-arts-billboard\/on-the-last-garden-and-the-same-summer\/#primaryimage"},"image":{"@id":"https:\/\/oncubanews.com\/en\/billboard\/visual-arts-billboard\/on-the-last-garden-and-the-same-summer\/#primaryimage"},"thumbnailUrl":"https:\/\/oncubanews.com\/en\/wp-content\/uploads\/2024\/11\/Villanueva-1-po-1.jpg","datePublished":"2024-11-25T23:57:49+00:00","author":{"@id":"https:\/\/oncubanews.com\/en\/#\/schema\/person\/cb04d1f85ac3ee88a3878440dfda7c04"},"breadcrumb":{"@id":"https:\/\/oncubanews.com\/en\/billboard\/visual-arts-billboard\/on-the-last-garden-and-the-same-summer\/#breadcrumb"},"inLanguage":"en-US","potentialAction":[{"@type":"ReadAction","target":["https:\/\/oncubanews.com\/en\/billboard\/visual-arts-billboard\/on-the-last-garden-and-the-same-summer\/"]}]},{"@type":"ImageObject","inLanguage":"en-US","@id":"https:\/\/oncubanews.com\/en\/billboard\/visual-arts-billboard\/on-the-last-garden-and-the-same-summer\/#primaryimage","url":"https:\/\/oncubanews.com\/en\/wp-content\/uploads\/2024\/11\/Villanueva-1-po-1.jpg","contentUrl":"https:\/\/oncubanews.com\/en\/wp-content\/uploads\/2024\/11\/Villanueva-1-po-1.jpg","width":1140,"height":815,"caption":"Foreshortened view of \u201cLast Garden, Same Summer.\u201d"},{"@type":"BreadcrumbList","@id":"https:\/\/oncubanews.com\/en\/billboard\/visual-arts-billboard\/on-the-last-garden-and-the-same-summer\/#breadcrumb","itemListElement":[{"@type":"ListItem","position":1,"name":"Portada","item":"https:\/\/oncubanews.com\/en\/"},{"@type":"ListItem","position":2,"name":"On the last garden and the same summer"}]},{"@type":"WebSite","@id":"https:\/\/oncubanews.com\/en\/#website","url":"https:\/\/oncubanews.com\/en\/","name":"OnCubaNews English","description":"Revista sobre Cuba","potentialAction":[{"@type":"SearchAction","target":{"@type":"EntryPoint","urlTemplate":"https:\/\/oncubanews.com\/en\/?s={search_term_string}"},"query-input":{"@type":"PropertyValueSpecification","valueRequired":true,"valueName":"search_term_string"}}],"inLanguage":"en-US"},{"@type":"Person","@id":"https:\/\/oncubanews.com\/en\/#\/schema\/person\/cb04d1f85ac3ee88a3878440dfda7c04","name":"Alex Fleites","image":{"@type":"ImageObject","inLanguage":"en-US","@id":"https:\/\/oncubanews.com\/wp-content\/uploads\/2023\/02\/alex-fleites-1-96x96.png5a0f0d5dc6c0ba86228d2ce99679b064","url":"https:\/\/oncubanews.com\/wp-content\/uploads\/2023\/02\/alex-fleites-1-96x96.png","contentUrl":"https:\/\/oncubanews.com\/wp-content\/uploads\/2023\/02\/alex-fleites-1-96x96.png","caption":"Alex Fleites"},"description":"Poeta, curador de arte y editor afincado en La Habana.","url":"https:\/\/oncubanews.com\/en\/author\/alexfleites1\/"}]}},"authors":[{"term_id":34037,"user_id":3770,"is_guest":0,"slug":"alexfleites1","display_name":"Alex Fleites","avatar_url":"https:\/\/oncubanews.com\/wp-content\/uploads\/2023\/02\/alex-fleites-1-96x96.png","0":null,"1":"","2":"","3":"","4":"","5":"","6":"","7":"","8":""}],"_links":{"self":[{"href":"https:\/\/oncubanews.com\/en\/wp-json\/wp\/v2\/posts\/313753","targetHints":{"allow":["GET"]}}],"collection":[{"href":"https:\/\/oncubanews.com\/en\/wp-json\/wp\/v2\/posts"}],"about":[{"href":"https:\/\/oncubanews.com\/en\/wp-json\/wp\/v2\/types\/post"}],"author":[{"embeddable":true,"href":"https:\/\/oncubanews.com\/en\/wp-json\/wp\/v2\/users\/3770"}],"replies":[{"embeddable":true,"href":"https:\/\/oncubanews.com\/en\/wp-json\/wp\/v2\/comments?post=313753"}],"version-history":[{"count":2,"href":"https:\/\/oncubanews.com\/en\/wp-json\/wp\/v2\/posts\/313753\/revisions"}],"predecessor-version":[{"id":313760,"href":"https:\/\/oncubanews.com\/en\/wp-json\/wp\/v2\/posts\/313753\/revisions\/313760"}],"wp:featuredmedia":[{"embeddable":true,"href":"https:\/\/oncubanews.com\/en\/wp-json\/wp\/v2\/media\/313755"}],"wp:attachment":[{"href":"https:\/\/oncubanews.com\/en\/wp-json\/wp\/v2\/media?parent=313753"}],"wp:term":[{"taxonomy":"category","embeddable":true,"href":"https:\/\/oncubanews.com\/en\/wp-json\/wp\/v2\/categories?post=313753"},{"taxonomy":"post_tag","embeddable":true,"href":"https:\/\/oncubanews.com\/en\/wp-json\/wp\/v2\/tags?post=313753"},{"taxonomy":"author","embeddable":true,"href":"https:\/\/oncubanews.com\/en\/wp-json\/wp\/v2\/ppma_author?post=313753"}],"curies":[{"name":"wp","href":"https:\/\/api.w.org\/{rel}","templated":true}]}}