
{"id":315952,"date":"2025-01-03T14:24:28","date_gmt":"2025-01-03T19:24:28","guid":{"rendered":"https:\/\/oncubanews.com\/en\/?p=315952"},"modified":"2025-01-03T14:26:31","modified_gmt":"2025-01-03T19:26:31","slug":"a-handful-of-good-resolutions-for-the-year","status":"publish","type":"post","link":"https:\/\/oncubanews.com\/en\/opinion\/columns\/in-plain-words\/a-handful-of-good-resolutions-for-the-year\/","title":{"rendered":"A handful of good resolutions for the year"},"content":{"rendered":"<p><span style=\"font-weight: 400;\">At home, we were believers in the Catholic faith. We celebrated Christmas and New Year\u2019s Eve with parties where we ate and shouted like pagans, the adults drank until they couldn\u2019t stop laughing, they jumped and writhed from dusk to dawn with all the inventions of Cuban music, making fun of each other and telling jokes of increasingly risqu\u00e9 color about the human and the divine, which my grandparents pretended not to hear, and which we children would remember forever.<\/span><\/p>\n<p><span style=\"font-weight: 400;\">What I miss most about Christmas Eve was not the midnight mass, when my cousins <\/span><span style=\"font-weight: 400;\">\u200b<\/span><span style=\"font-weight: 400;\">and I were allowed to stay up late; nor the nativity scenes and the little tree with lights that we meticulously put together; nor the long letters to the Three Wise Men. But the meeting of the seven uncles and aunts and the merriment of my dozen cousins. Christmas Eve and Christmas were so much fun, to put it briefly.<\/span><\/p>\n<p><span style=\"font-weight: 400;\">A main part of that post-Christmas ritual was the wait for the New Year (in caps). Preparing for that moment as if we were really jumping forward in time, we had to write a list of good resolutions.<\/span><\/p>\n<p><span style=\"font-weight: 400;\">I have no idea where the custom came from, whether it was from the Catholic tradition, another faith, or none in particular; but it had a tone that was not as relaxed and festive as the rest of the end-of-year party. Rather, it required a review of oneself, to imagine recommendations, and attainable goals, that could be shared in the privacy of a little piece of paper kept in a drawer.<\/span><\/p>\n<p><span style=\"font-weight: 400;\">Beyond conversations with very special friends, the good resolutions for the coming year were kept in strict compartmentalization. Declaring them publicly was unthinkable.<\/span><\/p>\n<p><span style=\"font-weight: 400;\">I confess that I have never stopped making this list of resolutions, even when I later forget them. But it is the first time that, having written them for myself in a notebook, it occurred to me to write them down. And end up giving them the form of a text that I don\u2019t know what it is. So here they go.<\/span><\/p>\n<h4><b>Pay attention to those who are wrong, because with them we always learn<\/b><\/h4>\n<p><span style=\"font-weight: 400;\">In the absence of a star like that of Bethlehem to light the way, the debate of ideas has gained widespread approval in these times. Although it depends on what is understood by debate and what we call giving light, of course. Having tried for twenty-odd years, my little experience is that getting the spark needed for a little light requires people who think differently. Among these, those who are wrong are essential.<\/span><\/p>\n<p><span style=\"font-weight: 400;\">Some will tell me that the line between those who are wrong and those who are right is not so easy to draw in advance. That <\/span><i><span style=\"font-weight: 400;\">errare humanum est<\/span><\/i><span style=\"font-weight: 400;\">, as Cicero and Saint Augustine said (Luisa Campuzano dixit). And that sometimes those who are wrong can be right, and vice versa. Let\u2019s call this variety<em> M<\/em><\/span><em>istakens <\/em><em>type A<\/em>.<\/p>\n<p><span style=\"font-weight: 400;\">As far as my good purpose in these notes is concerned, a sharper line could be drawn between those who know they can be wrong and those who are not at all. As Augustine said, \u201cthe devilish thing is to let oneself be carried away by pride and remain mistaken.\u201d These <em>M<\/em><em>istakens <\/em><\/span><em>type B<\/em>, who move as if they were grasping the truth, rather difficult as dialoguers, are also key pieces in a debate.<\/p>\n<p><span style=\"font-weight: 400;\">Some will tell me that they are impossible since they don\u2019t even know how to debate. Precisely, I would say. When a closed mind is exposed to public view, in the middle of a debate, what we could call the werewolf effect occurs: many can realize that it is, without the need for further argumentation. So the legion of those who watch the debate from the sidelines could learn to distinguish between truths and dogmas, of one or another ideological sign.\u00a0<\/span><\/p>\n<p><span style=\"font-weight: 400;\">Of course, I am not under any illusions, nor do I believe that such intellectual exploration is enough to erase the effect of living in a world where ideological confusion reigns. But even in this, those who are mistaken make a crucial contribution. Each of them, young and old, are the mirror of that common sense that does not allow us to think independently or critically. In any case, without them, a debate that sheds some light would not be possible. And sometimes we would even be left wondering about something they said.<\/span><\/p>\n<h4><b>Thinking <\/b><b><i>feministically<\/i><\/b><b>, even if it doesn\u2019t free me from <em>machismo<\/em><\/b><\/h4>\n<p><span style=\"font-weight: 400;\">I sincerely admire women\u2019s capacity for resilience, combined with their unwavering willpower, which is to say, a mixture of realism and idealism in exact doses.<\/span><\/p>\n<p><span style=\"font-weight: 400;\">Sexists (of all sexes and genders) stand out for claiming a kind of flat realism, which they call pragmatic, and which consists of seeing everything in the short term. A shopkeeper\u2019s mentality, more than pragmatism, I would say. Which includes appreciating only one side of things.<\/span><\/p>\n<p><span style=\"font-weight: 400;\">On the other hand, feminine intelligence and sensitivity give the pragmatists and last-minute unilateralists a hard time. They expose them.<\/span><\/p>\n<p><span style=\"font-weight: 400;\">One day we will be able to elect as high-ranking leaders women who do not speak with a stern frown or in the authoritarian or decisive style of machismo. That it is not a personality trait, but a civic culture in which contradictory dimensions coexist.\u00a0<\/span><\/p>\n<p><span style=\"font-weight: 400;\">The leaders, when they do not replicate the macho style of leadership, do so in the manner of someone who governs a family without raising their voice and listening to everyone, even those who have strayed.<\/span><\/p>\n<p><span style=\"font-weight: 400;\">This condition I am talking about is reflected in a more democratic and collectivist, cooperative, and focused way, which measures the costs and is interested in both the means and the ends. This does not imply fragility or sentimentalism, but sensitivity and persistence. A feminist model of doing politics would open many paths, inside and outside.<\/span><\/p>\n<p><span style=\"font-weight: 400;\">Although to be able to think and act like this it is not enough to want it.<\/span><\/p>\n<h4><b>Do not waste time with the opportunists, the left-wing right-wingers, the turncoats<\/b><\/h4>\n<p><span style=\"font-weight: 400;\">There is a particularly curious phenomenon in the media world, which could be called the right-wing left.<\/span><\/p>\n<p><span style=\"font-weight: 400;\">I am not referring to independent leftists, as there were many in history before 1959; to those who criticize the problems of socialism from their commitment to change it so that it works; nor to those who use their right to change their way of thinking, and adopt the defense of a \u201cmore decent\u201d capitalism, assuming that socialism, this and any other anti-capitalist one, is irremediable.<\/span><\/p>\n<p><span style=\"font-weight: 400;\">Right-wing leftists were almost always ultra-red communists, and now they continue to present themselves as \u201cleft-wings\u201d (plural), but agreeing with the typical errors and omissions of reactionary reason. I don\u2019t say conservative, because there is much to learn from some conservative critical thinkers. But reactionary, which is a political and ethical condition.<\/span><\/p>\n<p><span style=\"font-weight: 400;\">In some of our debates over these twenty-odd years, figures who cultivate a platform on YouTube have made an appearance, who have opted for dissidence, that is, they have put themselves against the system. I keep videos of some of them asking to speak somewhere; as well as of the anti-government media that follow in their footsteps. Almost none of them claim to be left-wing or socialist. Which seems perfect to me.<\/span><\/p>\n<p><span style=\"font-weight: 400;\">From there on begins the middle ground of right-wing left-wingers. Able to invoke Hayd\u00e9e Santamar\u00eda, Che Guevara, Fernando Mart\u00ednez, Alfredo Guevara and any radical thinker and politician who is useful in questioning the evils of this system, in a way shared with the reactionary right everywhere.<\/span><\/p>\n<p><span style=\"font-weight: 400;\">I have known many of them personally when they claimed to be part of the family. For this very reason, I prefer not to waste time on them.<\/span><\/p>\n<p><span style=\"font-weight: 400;\">The last three.<\/span><\/p>\n<p><span style=\"font-weight: 400;\">I have left these purposes for last, the most personal ones, and for this very reason those that do not require so many illustrations. Perhaps also the most arduous. Because they are more like wishes, perhaps chimeras.<\/span><\/p>\n<p><span style=\"font-weight: 400;\">I would like to behave more inclusively than tolerantly.<\/span><\/p>\n<p><span style=\"font-weight: 400;\">Not only because I detest the idea of <\/span><span style=\"font-weight: 400;\">\u200b<\/span><span style=\"font-weight: 400;\">tolerating, of making others a kind of concession to their differences with me, which I would be willing to accept. At the same time, however, it does not mean that I can behave inclusively just like that. Even if I wanted to.<\/span><\/p>\n<h4><b>Don\u2019t think about death<\/b><\/h4>\n<p><span style=\"font-weight: 400;\">Everyone who has passed a certain age knows that when they were young, or not so old, they behaved as if they were immortal. As absurd as it may seem, that was how it was.<\/span><\/p>\n<p><span style=\"font-weight: 400;\">I remember a humorous phrase about the immortality of the crab. But the proximity of death is something serious. Even if one intends not to think about it, to act as if one didn\u2019t think about it, mockingly or jokingly. There is something superstitious about avoiding the subject. Doing so requires another awareness of the temporal, as that gentleman Bayardo said, <\/span><i><span style=\"font-weight: 400;\">sans peur et sans reproche<\/span><\/i><span style=\"font-weight: 400;\">.<\/span><\/p>\n<p><span style=\"font-weight: 400;\">\u201cEyes on the prize,\u201d the American blacks say.<\/span><\/p>\n<p><span style=\"font-weight: 400;\">A prize that only one can propose and perhaps achieve, without being diverted by the vicissitudes of existence. A prize that is not a prize, and in any case, that no one will give us.<\/span><\/p>\n<p><span style=\"font-weight: 400;\">To continue walking with one\u2019s eyes fixed on that point.<\/span><\/p>\n<p><span style=\"font-weight: 400;\">Strangely, it is as if at the beginning of this year that purpose was more real than any other.<\/span><\/p>\n","protected":false},"excerpt":{"rendered":"<p>As every year, I follow the family tradition of making this list. But this is the first time that, having written them for myself, it occurs to me to publish them.<\/p>\n","protected":false},"author":3134,"featured_media":315954,"comment_status":"open","ping_status":"closed","sticky":false,"template":"","format":"standard","meta":{"_acf_changed":false,"footnotes":""},"categories":[34473],"tags":[34961,19256],"ppma_author":[33546],"class_list":["post-315952","post","type-post","status-publish","format-standard","has-post-thumbnail","hentry","category-in-plain-words","tag-2024-overview","tag-featured"],"acf":[],"yoast_head":"<!-- This site is optimized with the Yoast SEO plugin v27.3 - https:\/\/yoast.com\/product\/yoast-seo-wordpress\/ -->\n<title>A handful of good resolutions for the year | OnCubaNews English<\/title>\n<meta name=\"description\" content=\"As every year, I follow the family tradition of making this list. But this is the first time that, having written them for myself, it occurs to me to publish them.\" \/>\n<meta name=\"robots\" content=\"index, follow, max-snippet:-1, max-image-preview:large, max-video-preview:-1\" \/>\n<link rel=\"canonical\" href=\"https:\/\/oncubanews.com\/en\/opinion\/columns\/in-plain-words\/a-handful-of-good-resolutions-for-the-year\/\" \/>\n<meta property=\"og:locale\" content=\"en_US\" \/>\n<meta property=\"og:type\" content=\"article\" \/>\n<meta property=\"og:title\" content=\"A handful of good resolutions for the year | OnCubaNews English\" \/>\n<meta property=\"og:description\" content=\"As every year, I follow the family tradition of making this list. But this is the first time that, having written them for myself, it occurs to me to publish them.\" \/>\n<meta property=\"og:url\" content=\"https:\/\/oncubanews.com\/en\/opinion\/columns\/in-plain-words\/a-handful-of-good-resolutions-for-the-year\/\" \/>\n<meta property=\"og:site_name\" content=\"OnCubaNews English\" \/>\n<meta property=\"article:published_time\" content=\"2025-01-03T19:24:28+00:00\" \/>\n<meta property=\"article:modified_time\" content=\"2025-01-03T19:26:31+00:00\" \/>\n<meta property=\"og:image\" content=\"https:\/\/oncubanews.com\/en\/wp-content\/uploads\/2025\/01\/fotos-Kaloian-1-1.jpg\" \/>\n\t<meta property=\"og:image:width\" content=\"2000\" \/>\n\t<meta property=\"og:image:height\" content=\"1335\" \/>\n\t<meta property=\"og:image:type\" content=\"image\/jpeg\" \/>\n<meta name=\"author\" content=\"OnCuba Staff\" \/>\n<meta name=\"twitter:card\" content=\"summary_large_image\" \/>\n<meta name=\"twitter:label1\" content=\"Written by\" \/>\n\t<meta name=\"twitter:data1\" content=\"OnCuba Staff\" \/>\n\t<meta name=\"twitter:label2\" content=\"Est. reading time\" \/>\n\t<meta name=\"twitter:data2\" content=\"8 minutes\" \/>\n<script type=\"application\/ld+json\" class=\"yoast-schema-graph\">{\"@context\":\"https:\\\/\\\/schema.org\",\"@graph\":[{\"@type\":\"Article\",\"@id\":\"https:\\\/\\\/oncubanews.com\\\/en\\\/opinion\\\/columns\\\/in-plain-words\\\/a-handful-of-good-resolutions-for-the-year\\\/#article\",\"isPartOf\":{\"@id\":\"https:\\\/\\\/oncubanews.com\\\/en\\\/opinion\\\/columns\\\/in-plain-words\\\/a-handful-of-good-resolutions-for-the-year\\\/\"},\"author\":{\"name\":\"OnCuba Staff\",\"@id\":\"https:\\\/\\\/oncubanews.com\\\/en\\\/#\\\/schema\\\/person\\\/d7171bf311032ab1f557dd8332e714af\"},\"headline\":\"A handful of good resolutions for the year\",\"datePublished\":\"2025-01-03T19:24:28+00:00\",\"dateModified\":\"2025-01-03T19:26:31+00:00\",\"mainEntityOfPage\":{\"@id\":\"https:\\\/\\\/oncubanews.com\\\/en\\\/opinion\\\/columns\\\/in-plain-words\\\/a-handful-of-good-resolutions-for-the-year\\\/\"},\"wordCount\":1589,\"commentCount\":0,\"image\":{\"@id\":\"https:\\\/\\\/oncubanews.com\\\/en\\\/opinion\\\/columns\\\/in-plain-words\\\/a-handful-of-good-resolutions-for-the-year\\\/#primaryimage\"},\"thumbnailUrl\":\"https:\\\/\\\/oncubanews.com\\\/en\\\/wp-content\\\/uploads\\\/2025\\\/01\\\/fotos-Kaloian-1-1.jpg\",\"keywords\":[\"2024 Overview\",\"featured\"],\"articleSection\":[\"In plain words\"],\"inLanguage\":\"en-US\",\"potentialAction\":[{\"@type\":\"CommentAction\",\"name\":\"Comment\",\"target\":[\"https:\\\/\\\/oncubanews.com\\\/en\\\/opinion\\\/columns\\\/in-plain-words\\\/a-handful-of-good-resolutions-for-the-year\\\/#respond\"]}],\"copyrightYear\":\"2025\",\"copyrightHolder\":{\"@id\":\"https:\\\/\\\/oncubanews.com\\\/en\\\/#organization\"}},{\"@type\":\"WebPage\",\"@id\":\"https:\\\/\\\/oncubanews.com\\\/en\\\/opinion\\\/columns\\\/in-plain-words\\\/a-handful-of-good-resolutions-for-the-year\\\/\",\"url\":\"https:\\\/\\\/oncubanews.com\\\/en\\\/opinion\\\/columns\\\/in-plain-words\\\/a-handful-of-good-resolutions-for-the-year\\\/\",\"name\":\"A handful of good resolutions for the year | OnCubaNews English\",\"isPartOf\":{\"@id\":\"https:\\\/\\\/oncubanews.com\\\/en\\\/#website\"},\"primaryImageOfPage\":{\"@id\":\"https:\\\/\\\/oncubanews.com\\\/en\\\/opinion\\\/columns\\\/in-plain-words\\\/a-handful-of-good-resolutions-for-the-year\\\/#primaryimage\"},\"image\":{\"@id\":\"https:\\\/\\\/oncubanews.com\\\/en\\\/opinion\\\/columns\\\/in-plain-words\\\/a-handful-of-good-resolutions-for-the-year\\\/#primaryimage\"},\"thumbnailUrl\":\"https:\\\/\\\/oncubanews.com\\\/en\\\/wp-content\\\/uploads\\\/2025\\\/01\\\/fotos-Kaloian-1-1.jpg\",\"datePublished\":\"2025-01-03T19:24:28+00:00\",\"dateModified\":\"2025-01-03T19:26:31+00:00\",\"author\":{\"@id\":\"https:\\\/\\\/oncubanews.com\\\/en\\\/#\\\/schema\\\/person\\\/d7171bf311032ab1f557dd8332e714af\"},\"description\":\"As every year, I follow the family tradition of making this list. But this is the first time that, having written them for myself, it occurs to me to publish them.\",\"breadcrumb\":{\"@id\":\"https:\\\/\\\/oncubanews.com\\\/en\\\/opinion\\\/columns\\\/in-plain-words\\\/a-handful-of-good-resolutions-for-the-year\\\/#breadcrumb\"},\"inLanguage\":\"en-US\",\"potentialAction\":[{\"@type\":\"ReadAction\",\"target\":[\"https:\\\/\\\/oncubanews.com\\\/en\\\/opinion\\\/columns\\\/in-plain-words\\\/a-handful-of-good-resolutions-for-the-year\\\/\"]}]},{\"@type\":\"ImageObject\",\"inLanguage\":\"en-US\",\"@id\":\"https:\\\/\\\/oncubanews.com\\\/en\\\/opinion\\\/columns\\\/in-plain-words\\\/a-handful-of-good-resolutions-for-the-year\\\/#primaryimage\",\"url\":\"https:\\\/\\\/oncubanews.com\\\/en\\\/wp-content\\\/uploads\\\/2025\\\/01\\\/fotos-Kaloian-1-1.jpg\",\"contentUrl\":\"https:\\\/\\\/oncubanews.com\\\/en\\\/wp-content\\\/uploads\\\/2025\\\/01\\\/fotos-Kaloian-1-1.jpg\",\"width\":2000,\"height\":1335,\"caption\":\"Photo: Kaloian.\"},{\"@type\":\"BreadcrumbList\",\"@id\":\"https:\\\/\\\/oncubanews.com\\\/en\\\/opinion\\\/columns\\\/in-plain-words\\\/a-handful-of-good-resolutions-for-the-year\\\/#breadcrumb\",\"itemListElement\":[{\"@type\":\"ListItem\",\"position\":1,\"name\":\"Portada\",\"item\":\"https:\\\/\\\/oncubanews.com\\\/en\\\/\"},{\"@type\":\"ListItem\",\"position\":2,\"name\":\"A handful of good resolutions for the year\"}]},{\"@type\":\"WebSite\",\"@id\":\"https:\\\/\\\/oncubanews.com\\\/en\\\/#website\",\"url\":\"https:\\\/\\\/oncubanews.com\\\/en\\\/\",\"name\":\"OnCubaNews English\",\"description\":\"Revista sobre Cuba\",\"potentialAction\":[{\"@type\":\"SearchAction\",\"target\":{\"@type\":\"EntryPoint\",\"urlTemplate\":\"https:\\\/\\\/oncubanews.com\\\/en\\\/?s={search_term_string}\"},\"query-input\":{\"@type\":\"PropertyValueSpecification\",\"valueRequired\":true,\"valueName\":\"search_term_string\"}}],\"inLanguage\":\"en-US\"},{\"@type\":\"Person\",\"@id\":\"https:\\\/\\\/oncubanews.com\\\/en\\\/#\\\/schema\\\/person\\\/d7171bf311032ab1f557dd8332e714af\",\"name\":\"OnCuba Staff\",\"image\":{\"@type\":\"ImageObject\",\"inLanguage\":\"en-US\",\"@id\":\"https:\\\/\\\/secure.gravatar.com\\\/avatar\\\/4b4c4d6109baadde898bb1af22ea4a4af5f4417b86a5d1800bf17531bfb128fc?s=96&r=g17310096d4dde63ebae0e54fbb19218a\",\"url\":\"https:\\\/\\\/secure.gravatar.com\\\/avatar\\\/4b4c4d6109baadde898bb1af22ea4a4af5f4417b86a5d1800bf17531bfb128fc?s=96&r=g\",\"contentUrl\":\"https:\\\/\\\/secure.gravatar.com\\\/avatar\\\/4b4c4d6109baadde898bb1af22ea4a4af5f4417b86a5d1800bf17531bfb128fc?s=96&r=g\",\"caption\":\"OnCuba Staff\"},\"url\":\"https:\\\/\\\/oncubanews.com\\\/en\\\/author\\\/oncuba-editorial-staff\\\/\"}]}<\/script>\n<!-- \/ Yoast SEO plugin. -->","yoast_head_json":{"title":"A handful of good resolutions for the year | OnCubaNews English","description":"As every year, I follow the family tradition of making this list. But this is the first time that, having written them for myself, it occurs to me to publish them.","robots":{"index":"index","follow":"follow","max-snippet":"max-snippet:-1","max-image-preview":"max-image-preview:large","max-video-preview":"max-video-preview:-1"},"canonical":"https:\/\/oncubanews.com\/en\/opinion\/columns\/in-plain-words\/a-handful-of-good-resolutions-for-the-year\/","og_locale":"en_US","og_type":"article","og_title":"A handful of good resolutions for the year | OnCubaNews English","og_description":"As every year, I follow the family tradition of making this list. But this is the first time that, having written them for myself, it occurs to me to publish them.","og_url":"https:\/\/oncubanews.com\/en\/opinion\/columns\/in-plain-words\/a-handful-of-good-resolutions-for-the-year\/","og_site_name":"OnCubaNews English","article_published_time":"2025-01-03T19:24:28+00:00","article_modified_time":"2025-01-03T19:26:31+00:00","og_image":[{"width":2000,"height":1335,"url":"https:\/\/oncubanews.com\/en\/wp-content\/uploads\/2025\/01\/fotos-Kaloian-1-1.jpg","type":"image\/jpeg"}],"author":"OnCuba Staff","twitter_card":"summary_large_image","twitter_misc":{"Written by":"OnCuba Staff","Est. reading time":"8 minutes"},"schema":{"@context":"https:\/\/schema.org","@graph":[{"@type":"Article","@id":"https:\/\/oncubanews.com\/en\/opinion\/columns\/in-plain-words\/a-handful-of-good-resolutions-for-the-year\/#article","isPartOf":{"@id":"https:\/\/oncubanews.com\/en\/opinion\/columns\/in-plain-words\/a-handful-of-good-resolutions-for-the-year\/"},"author":{"name":"OnCuba Staff","@id":"https:\/\/oncubanews.com\/en\/#\/schema\/person\/d7171bf311032ab1f557dd8332e714af"},"headline":"A handful of good resolutions for the year","datePublished":"2025-01-03T19:24:28+00:00","dateModified":"2025-01-03T19:26:31+00:00","mainEntityOfPage":{"@id":"https:\/\/oncubanews.com\/en\/opinion\/columns\/in-plain-words\/a-handful-of-good-resolutions-for-the-year\/"},"wordCount":1589,"commentCount":0,"image":{"@id":"https:\/\/oncubanews.com\/en\/opinion\/columns\/in-plain-words\/a-handful-of-good-resolutions-for-the-year\/#primaryimage"},"thumbnailUrl":"https:\/\/oncubanews.com\/en\/wp-content\/uploads\/2025\/01\/fotos-Kaloian-1-1.jpg","keywords":["2024 Overview","featured"],"articleSection":["In plain words"],"inLanguage":"en-US","potentialAction":[{"@type":"CommentAction","name":"Comment","target":["https:\/\/oncubanews.com\/en\/opinion\/columns\/in-plain-words\/a-handful-of-good-resolutions-for-the-year\/#respond"]}],"copyrightYear":"2025","copyrightHolder":{"@id":"https:\/\/oncubanews.com\/en\/#organization"}},{"@type":"WebPage","@id":"https:\/\/oncubanews.com\/en\/opinion\/columns\/in-plain-words\/a-handful-of-good-resolutions-for-the-year\/","url":"https:\/\/oncubanews.com\/en\/opinion\/columns\/in-plain-words\/a-handful-of-good-resolutions-for-the-year\/","name":"A handful of good resolutions for the year | OnCubaNews English","isPartOf":{"@id":"https:\/\/oncubanews.com\/en\/#website"},"primaryImageOfPage":{"@id":"https:\/\/oncubanews.com\/en\/opinion\/columns\/in-plain-words\/a-handful-of-good-resolutions-for-the-year\/#primaryimage"},"image":{"@id":"https:\/\/oncubanews.com\/en\/opinion\/columns\/in-plain-words\/a-handful-of-good-resolutions-for-the-year\/#primaryimage"},"thumbnailUrl":"https:\/\/oncubanews.com\/en\/wp-content\/uploads\/2025\/01\/fotos-Kaloian-1-1.jpg","datePublished":"2025-01-03T19:24:28+00:00","dateModified":"2025-01-03T19:26:31+00:00","author":{"@id":"https:\/\/oncubanews.com\/en\/#\/schema\/person\/d7171bf311032ab1f557dd8332e714af"},"description":"As every year, I follow the family tradition of making this list. But this is the first time that, having written them for myself, it occurs to me to publish them.","breadcrumb":{"@id":"https:\/\/oncubanews.com\/en\/opinion\/columns\/in-plain-words\/a-handful-of-good-resolutions-for-the-year\/#breadcrumb"},"inLanguage":"en-US","potentialAction":[{"@type":"ReadAction","target":["https:\/\/oncubanews.com\/en\/opinion\/columns\/in-plain-words\/a-handful-of-good-resolutions-for-the-year\/"]}]},{"@type":"ImageObject","inLanguage":"en-US","@id":"https:\/\/oncubanews.com\/en\/opinion\/columns\/in-plain-words\/a-handful-of-good-resolutions-for-the-year\/#primaryimage","url":"https:\/\/oncubanews.com\/en\/wp-content\/uploads\/2025\/01\/fotos-Kaloian-1-1.jpg","contentUrl":"https:\/\/oncubanews.com\/en\/wp-content\/uploads\/2025\/01\/fotos-Kaloian-1-1.jpg","width":2000,"height":1335,"caption":"Photo: Kaloian."},{"@type":"BreadcrumbList","@id":"https:\/\/oncubanews.com\/en\/opinion\/columns\/in-plain-words\/a-handful-of-good-resolutions-for-the-year\/#breadcrumb","itemListElement":[{"@type":"ListItem","position":1,"name":"Portada","item":"https:\/\/oncubanews.com\/en\/"},{"@type":"ListItem","position":2,"name":"A handful of good resolutions for the year"}]},{"@type":"WebSite","@id":"https:\/\/oncubanews.com\/en\/#website","url":"https:\/\/oncubanews.com\/en\/","name":"OnCubaNews English","description":"Revista sobre Cuba","potentialAction":[{"@type":"SearchAction","target":{"@type":"EntryPoint","urlTemplate":"https:\/\/oncubanews.com\/en\/?s={search_term_string}"},"query-input":{"@type":"PropertyValueSpecification","valueRequired":true,"valueName":"search_term_string"}}],"inLanguage":"en-US"},{"@type":"Person","@id":"https:\/\/oncubanews.com\/en\/#\/schema\/person\/d7171bf311032ab1f557dd8332e714af","name":"OnCuba Staff","image":{"@type":"ImageObject","inLanguage":"en-US","@id":"https:\/\/secure.gravatar.com\/avatar\/4b4c4d6109baadde898bb1af22ea4a4af5f4417b86a5d1800bf17531bfb128fc?s=96&r=g17310096d4dde63ebae0e54fbb19218a","url":"https:\/\/secure.gravatar.com\/avatar\/4b4c4d6109baadde898bb1af22ea4a4af5f4417b86a5d1800bf17531bfb128fc?s=96&r=g","contentUrl":"https:\/\/secure.gravatar.com\/avatar\/4b4c4d6109baadde898bb1af22ea4a4af5f4417b86a5d1800bf17531bfb128fc?s=96&r=g","caption":"OnCuba Staff"},"url":"https:\/\/oncubanews.com\/en\/author\/oncuba-editorial-staff\/"}]}},"authors":[{"term_id":33546,"user_id":3134,"is_guest":0,"slug":"oncuba-editorial-staff","display_name":"OnCuba Staff","avatar_url":"https:\/\/secure.gravatar.com\/avatar\/4b4c4d6109baadde898bb1af22ea4a4af5f4417b86a5d1800bf17531bfb128fc?s=96&r=g","0":null,"1":"","2":"","3":"","4":"","5":"","6":"","7":"","8":""}],"_links":{"self":[{"href":"https:\/\/oncubanews.com\/en\/wp-json\/wp\/v2\/posts\/315952","targetHints":{"allow":["GET"]}}],"collection":[{"href":"https:\/\/oncubanews.com\/en\/wp-json\/wp\/v2\/posts"}],"about":[{"href":"https:\/\/oncubanews.com\/en\/wp-json\/wp\/v2\/types\/post"}],"author":[{"embeddable":true,"href":"https:\/\/oncubanews.com\/en\/wp-json\/wp\/v2\/users\/3134"}],"replies":[{"embeddable":true,"href":"https:\/\/oncubanews.com\/en\/wp-json\/wp\/v2\/comments?post=315952"}],"version-history":[{"count":2,"href":"https:\/\/oncubanews.com\/en\/wp-json\/wp\/v2\/posts\/315952\/revisions"}],"predecessor-version":[{"id":315955,"href":"https:\/\/oncubanews.com\/en\/wp-json\/wp\/v2\/posts\/315952\/revisions\/315955"}],"wp:featuredmedia":[{"embeddable":true,"href":"https:\/\/oncubanews.com\/en\/wp-json\/wp\/v2\/media\/315954"}],"wp:attachment":[{"href":"https:\/\/oncubanews.com\/en\/wp-json\/wp\/v2\/media?parent=315952"}],"wp:term":[{"taxonomy":"category","embeddable":true,"href":"https:\/\/oncubanews.com\/en\/wp-json\/wp\/v2\/categories?post=315952"},{"taxonomy":"post_tag","embeddable":true,"href":"https:\/\/oncubanews.com\/en\/wp-json\/wp\/v2\/tags?post=315952"},{"taxonomy":"author","embeddable":true,"href":"https:\/\/oncubanews.com\/en\/wp-json\/wp\/v2\/ppma_author?post=315952"}],"curies":[{"name":"wp","href":"https:\/\/api.w.org\/{rel}","templated":true}]}}