
{"id":318878,"date":"2025-02-27T19:37:42","date_gmt":"2025-02-28T00:37:42","guid":{"rendered":"https:\/\/oncubanews.com\/en\/?p=318878"},"modified":"2025-02-27T19:37:42","modified_gmt":"2025-02-28T00:37:42","slug":"robert-f-kennedy-jr-and-cuba","status":"publish","type":"post","link":"https:\/\/oncubanews.com\/en\/opinion\/columns\/rolled-up-sleeves\/robert-f-kennedy-jr-and-cuba\/","title":{"rendered":"Robert F. Kennedy Jr. and Cuba"},"content":{"rendered":"<p><span style=\"font-weight: 400;\">After graduating from Harvard University, <\/span><a href=\"https:\/\/oncubanews.com\/en\/tag\/robert-f-kennedy-jr\" target=\"_blank\" rel=\"noopener\"><b>Robert F. Kennedy Jr.<\/b><\/a><span style=\"font-weight: 400;\">\u00a0studied at the London School of Economics and received his law degree from the University of Virginia School of Law.<\/span><\/p>\n<p><span style=\"font-weight: 400;\">He then attended Pace University School of Law, New York, where he earned a Master\u2019s degree in Environmental Law. From 1986 to 2018, he was a faculty member at the Pace School of Law. He co-founded the Pace Environmental Litigation Clinic, which represents Hudson Riverkeeper, a nonprofit organization based in Ossining, New York, dedicated to protecting the river, one of the most iconic in American culture.<\/span><\/p>\n<p><span style=\"font-weight: 400;\">As Riverkeeper\u2019s chief prosecutor, Kennedy took up over 150 lawsuits against various corporations polluting the waterway. He also inspired the creation of more than 100 global Waterkeeper organizations and an umbrella group, the Waterkeeper Alliance.<\/span><\/p>\n<p><span style=\"font-weight: 400;\">For these kinds of actions,<\/span> <a href=\"https:\/\/time.com\/archive\/6736055\/fresh-water-let-rivers-run-deep\/\" target=\"_blank\" rel=\"noopener\"><b><i>Time<\/i><\/b><b> magazine<\/b><\/a><span style=\"font-weight: 400;\"> named him one of its \u201cHeroes for the Planet.\u201d \u201cTo me,\u201d he told <\/span><i><span style=\"font-weight: 400;\">Time<\/span><\/i><span style=\"font-weight: 400;\">, \u201cthe environment cannot be separated from the economy, housing, civil rights, and human rights. How we distribute the goods of the earth is the best measure of our democracy. It\u2019s not about advocating for fish and birds. It\u2019s about human rights.\u201d\u00a0<\/span><\/p>\n<div class=\"jeg_video_container jeg_video_content\"><iframe loading=\"lazy\" title=\"Robert F Kennedy Jr on Meeting with Castro in Cuba, Spoke about Assassinations &amp; Attempts (Part 12)\" width=\"500\" height=\"281\" src=\"https:\/\/www.youtube.com\/embed\/Ms-XL0Qqz8k?feature=oembed\" frameborder=\"0\" allow=\"accelerometer; autoplay; clipboard-write; encrypted-media; gyroscope; picture-in-picture; web-share\" referrerpolicy=\"strict-origin-when-cross-origin\" allowfullscreen><\/iframe><\/div>\n<p><span style=\"font-weight: 400;\">This is the RFK Jr. who first arrived in Cuba in February 1996, together with his brother Michael Kennedy \u2014 president of Citizens Energy Corporation, a Boston-based company promoting alternative energy \u2014as part of a delegation of environmentalists. On that occasion, he met with Fidel Castro.<\/span><\/p>\n<p><span style=\"font-weight: 400;\">\u201cMore than three decades after the Missile Crisis and the Bay of Pigs, Robert Kennedy Jr. and Michael Kennedy came face to face with the man who was their uncles\u2019 staunchest enemy during the Cold War,\u201d notes researcher <\/span><a href=\"https:\/\/www.cigaraficionado.com\/article\/jfk-and-castro-7300\" target=\"_blank\" rel=\"noopener\"><b>Peter Kornbluh<\/b><\/a><span style=\"font-weight: 400;\">. He adds: \u201cThe group was there to discuss Cuba\u2019s energy needs and to urge Castro to abandon his nuclear program in favor of safer alternative energy sources.\u201d<\/span><\/p>\n<p><span style=\"font-weight: 400;\">They visited the Juragu\u00e1 plant at a time when U.S. legislators and environmentalists were showing growing concerns about its safety and construction standards, very similar, they argued, to those of Chernobyl.<\/span><\/p>\n<blockquote class=\"wp-embedded-content\" data-secret=\"rIdCrszrwE\"><p><a href=\"https:\/\/oncubanews.com\/en\/opinion\/columns\/rolled-up-sleeves\/robert-f-kennedy-jr-or-the-black-sheep-of-the-clan\/\">Robert F. Kennedy Jr. or the black sheep of the clan<\/a><\/p><\/blockquote>\n<p><iframe loading=\"lazy\" class=\"wp-embedded-content\" sandbox=\"allow-scripts\" security=\"restricted\" style=\"position: absolute; visibility: hidden;\" title=\"&#8220;Robert F. Kennedy Jr. or the black sheep of the clan&#8221; &#8212; OnCubaNews English\" src=\"https:\/\/oncubanews.com\/en\/opinion\/columns\/rolled-up-sleeves\/robert-f-kennedy-jr-or-the-black-sheep-of-the-clan\/embed\/#?secret=5x9SBp9Ufx#?secret=rIdCrszrwE\" data-secret=\"rIdCrszrwE\" width=\"500\" height=\"282\" frameborder=\"0\" marginwidth=\"0\" marginheight=\"0\" scrolling=\"no\"><\/iframe><\/p>\n<p><span style=\"font-weight: 400;\">Upon his return to the United States, RFK Jr. claimed that his trip had helped the Cuban government stop the construction of the nuclear plant. <\/span><a href=\"https:\/\/freebeacon.com\/elections\/robert-f-kennedy-jr-vacationed-in-cuba-praised-incredibly-charming-fidel-castro\/\" target=\"_blank\" rel=\"noopener\"><b>The press<\/b><\/a><span style=\"font-weight: 400;\"> reported this:<\/span><\/p>\n<p><i><span style=\"font-weight: 400;\">Cuban President Fidel Castro, who has long been adamant about building a nuclear power plant on his island nation, is now willing to consider other sources of fuel, said two of President Kennedy\u2019s nephews. \u201cWe asked him not to build it, and he eventually stopped construction.\u201d<\/span><\/i><\/p>\n<p><span style=\"font-weight: 400;\">On that trip, the two brothers gave Fidel Castro previously top-secret U.S. documents on a secret Kennedy administration agreement with Cuba, a move that gave rise to the Dallas assassination and that has been investigated and discussed by historians such as Peter Kornbluh and William Leogrande in <\/span><i><span style=\"font-weight: 400;\">Back Channel to Cuba<\/span><\/i><span style=\"font-weight: 400;\">, a classic book.<\/span><\/p>\n<p><span style=\"font-weight: 400;\">\u201cCastro thanked them for the documents,\u201d Kornbluh says, \u201cand shared with them his \u201cimpression that [President Kennedy] intended after the Missile Crisis to change the framework\u201d of U.S.-Cuba relations. \u201cIt is unfortunate,\u201d <\/span><a href=\"https:\/\/www.cigaraficionado.com\/article\/jfk-and-castro-7300\"><b>said Fidel Castro<\/b><\/a><span style=\"font-weight: 400;\">, \u201cthat things happened the way they did and that he could not do what he wanted to do.\u201d<\/span><\/p>\n<p><span style=\"font-weight: 400;\">In 2001, RFK Jr. continued his activism, for which he was sentenced to 30 days in prison for trying to thwart U.S. Navy bombings on the island of Vieques, Puerto Rico. Joining the trend, he and other environmentalists argued that they were damaging the environment and the health of the island\u2019s inhabitants. Several officials testified at the trial that their incursion with their fellow defendants made them stop the military exercises.<\/span><\/p>\n<figure id=\"attachment_318881\" aria-describedby=\"caption-attachment-318881\" style=\"width: 900px\" class=\"wp-caption aligncenter\"><a href=\"https:\/\/oncubanews.com\/en\/wp-content\/uploads\/2025\/02\/Con-mujer-Vieques-1.jpeg\"><img loading=\"lazy\" decoding=\"async\" class=\"size-full wp-image-318881\" src=\"https:\/\/oncubanews.com\/en\/wp-content\/uploads\/2025\/02\/Con-mujer-Vieques-1.jpeg\" alt=\"\" width=\"900\" height=\"675\" srcset=\"https:\/\/oncubanews.com\/en\/wp-content\/uploads\/2025\/02\/Con-mujer-Vieques-1.jpeg 900w, https:\/\/oncubanews.com\/en\/wp-content\/uploads\/2025\/02\/Con-mujer-Vieques-1-300x225.jpeg 300w, https:\/\/oncubanews.com\/en\/wp-content\/uploads\/2025\/02\/Con-mujer-Vieques-1-768x576.jpeg 768w, https:\/\/oncubanews.com\/en\/wp-content\/uploads\/2025\/02\/Con-mujer-Vieques-1-750x563.jpeg 750w\" sizes=\"auto, (max-width: 900px) 100vw, 900px\" \/><\/a><figcaption id=\"caption-attachment-318881\" class=\"wp-caption-text\">With Lirio Marquez, Executive Director of the Vieques Conservation and History Trust. Photo: X.<\/figcaption><\/figure>\n<p><span style=\"font-weight: 400;\">\u201cAs soon as the boat entered the danger zone, I had to stop the fire,\u201d said Lieutenant Commander Russell Gottfried. And he had to stop for two and a half hours while security officers searched for the group, hiding in some mangroves.<\/span><\/p>\n<p><a href=\"https:\/\/www.foxnews.com\/story\/robert-f-kennedy-jr-jailed-for-vieques-protest\" target=\"_blank\" rel=\"noopener\"><b>The Vieques base<\/b><\/a><span style=\"font-weight: 400;\">, a Navy firing range since the 1940s, was finally closed in May 2003.<\/span><\/p>\n<p><span style=\"font-weight: 400;\">In 2014, he returned to Cuba. On this occasion, he made a foray to the Jardines de la Reina, in the south of the island, a tourist enclave famous for its marine reserve and for having been declared a National Park in 2010. There Kennedy did another of the things he knows how to do well: diving in the crystal-clear waters of the sea, near dogfish and other species, but this time not alone, but with two of his sons.<\/span><\/p>\n<figure id=\"attachment_318882\" aria-describedby=\"caption-attachment-318882\" style=\"width: 800px\" class=\"wp-caption aligncenter\"><a href=\"https:\/\/oncubanews.com\/en\/wp-content\/uploads\/2025\/02\/Kennedy-buceo-Cuba-1.jpeg\"><img loading=\"lazy\" decoding=\"async\" class=\"size-full wp-image-318882\" src=\"https:\/\/oncubanews.com\/en\/wp-content\/uploads\/2025\/02\/Kennedy-buceo-Cuba-1.jpeg\" alt=\"\" width=\"800\" height=\"534\" srcset=\"https:\/\/oncubanews.com\/en\/wp-content\/uploads\/2025\/02\/Kennedy-buceo-Cuba-1.jpeg 800w, https:\/\/oncubanews.com\/en\/wp-content\/uploads\/2025\/02\/Kennedy-buceo-Cuba-1-300x200.jpeg 300w, https:\/\/oncubanews.com\/en\/wp-content\/uploads\/2025\/02\/Kennedy-buceo-Cuba-1-768x513.jpeg 768w, https:\/\/oncubanews.com\/en\/wp-content\/uploads\/2025\/02\/Kennedy-buceo-Cuba-1-750x501.jpeg 750w\" sizes=\"auto, (max-width: 800px) 100vw, 800px\" \/><\/a><figcaption id=\"caption-attachment-318882\" class=\"wp-caption-text\">RJK Jr. and two of his sons in Jardines de la Reina, Cuba. Photo: Noel L\u00f3pez.<\/figcaption><\/figure>\n<p><span style=\"font-weight: 400;\">In an article for the Inter Press Service (IPS) news agency, after the trip to Jardines de la Reina, RFK Jr. touched on the subject of the embargo by writing that it was a <\/span><a href=\"https:\/\/www.caribbeanlife.com\/we-have-so-much-to-learn-from-cuba\/\" target=\"_blank\" rel=\"noopener\"><b>\u201cmonumental failure\u201d<\/b><\/a><span style=\"font-weight: 400;\"> and spoke in favor of a \u201cwarmer\u201d relationship with the Cubans.<\/span><\/p>\n<p><span style=\"font-weight: 400;\">Set against the backdrop of the thaw, after the announcement that the United States and Cuba would seek to normalize their relations, the text argued that lifting the embargo would have broader positive effects on international relations for the United States, an idea usually promoted by the liberal mainstream at the time, including President Obama.<\/span><\/p>\n<p><span style=\"font-weight: 400;\">\u201cOne reason that it diminishes our global prestige and moral authority,\u201d it noted, \u201cis that the entire embargo enterprise only emphasizes our distorted relationship with Cuba. That relationship is historically freighted with powerful ironies that make the United States look hypocritical to the rest of the world.\u201d<\/span><\/p>\n<p><span style=\"font-weight: 400;\">In short, what he thought then about this could be summarized in six key points:<\/span><\/p>\n<ul>\n<li style=\"font-weight: 400;\" aria-level=\"1\"><span style=\"font-weight: 400;\">President Obama decided to reestablish diplomatic relations with Cuba \u201cafter more than five decades of a misguided policy which my uncle, John F. Kennedy, and my father, Robert F. Kennedy, had been responsible for enforcing after the U.S. embargo against the country was first implemented in October 1960 by the Eisenhower administration.\u201d<\/span><\/li>\n<li style=\"font-weight: 400;\" aria-level=\"1\"><span style=\"font-weight: 400;\">The pretext of democracy and human rights to justify hostility towards Cuba is not credible. Indeed, \u201cthere are real tyrants in the world with whom the United States has become a close ally and many governments with much worse human rights records than Cuba\u2026where torture, enforced disappearances, religious intolerance, suppression of speech and assembly, mediaeval oppression of women, sham elections and non-judicial executions are all government practices.\u201d<\/span><\/li>\n<li style=\"font-weight: 400;\" aria-level=\"1\"><span style=\"font-weight: 400;\">\u201cWhile we fault Cuba for jailing and mistreating political prisoners, we have simultaneously been subjecting prisoners, many of them innocent by the Pentagon\u2019s own admission, to torture \u2015 including waterboarding and illegal detention and imprisonment without trial in Cuban prison cells in Guantanamo Bay.\u201d<\/span><\/li>\n<li style=\"font-weight: 400;\" aria-level=\"1\"><span style=\"font-weight: 400;\">\u201cIt is almost beyond irony that the very same politicians who argued that we should punish Castro for curtailing human rights and mistreating prisoners in Cuban jails elsewhere contend that the United States is justified in mistreating our own prisoners in Cuban jails\u201d [in Guantanamo].<\/span><\/li>\n<li style=\"font-weight: 400;\" aria-level=\"1\"><span style=\"font-weight: 400;\">\u201cWhile we blame Cuba for not allowing its citizens to travel freely to the United States, we restrict our own citizens from traveling freely to Cuba.\u201d<\/span><\/li>\n<li style=\"font-weight: 400;\" aria-level=\"1\"><span style=\"font-weight: 400;\">\u201cIt seems silly to pursue a U.S. foreign policy by repeating a strategy that has proved a monumental failure for six decades.\u201d<\/span><\/li>\n<\/ul>\n<p><span style=\"font-weight: 400;\">In a 2023 interview, RFK Jr. <\/span><a href=\"https:\/\/x.com\/RobertKennedyJr\/status\/1211382630668591104\" target=\"_blank\" rel=\"noopener\"><b>praised the healthcare system<\/b><\/a><span style=\"font-weight: 400;\"> in Cuba, going so far as to say that it produced \u201chealthier citizens than the United States.\u201d Shocking perhaps to many, but not new. He had posted in 2019: \u201cWe [the United States] are far from world&#8217;s healthiest country, ranking 35th among 169 economies according to factors that contribute to overall health. #Cuba placed 5 spots above us, making it only nation not classified as \u2018high income\u2019 by World Bank to be ranked that high.\u201d<\/span><\/p>\n<p><span style=\"font-weight: 400;\">He also alluded to the time he and his two sons spent with one of the protagonists of the Missile Crisis two years before his death. He characterized him then as an \u201cincredibly charming\u201d man. And he was emphatic: \u201cHe was very, very kind to me and to my family.\u201d Adding, \u201cHe had a very open and engaged mind and I talked to him about a million things,\u201d including \u201cthe U.S. attempts to assassinate him.\u201d \u201cIt was flattering to me to see that thirty years after my father\u2019s death, he is still held in such high regard [by Fidel Castro],\u201d <\/span><a href=\"https:\/\/www.cigaraficionado.com\/article\/jfk-and-castro-7300\" target=\"_blank\" rel=\"noopener\"><b>Michael Kennedy<\/b><\/a><span style=\"font-weight: 400;\"> had observed on that 1996 trip.<\/span><\/p>\n<p><span style=\"font-weight: 400;\">During the last election, it was said that Kennedy\u2019s embrace of Cuba\u2019s socialist regime could hurt his efforts to attract Republican voters to his third-party presidential candidacy.<\/span><\/p>\n<p><span style=\"font-weight: 400;\">But it didn\u2019t happen. RFK Jr. gave up running for the third party and, after having made a U-turn on his views and experiencing the rejection of his own family, was ratified by the Senate as Secretary of Health and Human Services of the new administration.<\/span><\/p>\n<p><span style=\"font-weight: 400;\">Donald Trump did not care.<\/span><\/p>\n","protected":false},"excerpt":{"rendered":"<p>After graduating from Harvard University, Robert F. Kennedy Jr.\u00a0studied at the London School of Economics and received his law degree from the University of Virginia School of Law. He then attended Pace University School of Law, New York, where he earned a Master\u2019s degree in Environmental Law. From 1986 to 2018, he was a faculty [&hellip;]<\/p>\n","protected":false},"author":3462,"featured_media":318880,"comment_status":"open","ping_status":"closed","sticky":false,"template":"","format":"standard","meta":{"_acf_changed":false,"footnotes":""},"categories":[34985],"tags":[19256,34984,11870],"ppma_author":[33935],"class_list":["post-318878","post","type-post","status-publish","format-standard","has-post-thumbnail","hentry","category-rolled-up-sleeves","tag-featured","tag-robert-f-kennedy-jr","tag-u-s-government"],"acf":[],"yoast_head":"<!-- This site is optimized with the Yoast SEO plugin v27.3 - https:\/\/yoast.com\/product\/yoast-seo-wordpress\/ -->\n<title>Robert F. Kennedy Jr. and Cuba | OnCubaNews English<\/title>\n<meta name=\"robots\" content=\"index, follow, max-snippet:-1, max-image-preview:large, max-video-preview:-1\" \/>\n<link rel=\"canonical\" href=\"https:\/\/oncubanews.com\/en\/opinion\/columns\/rolled-up-sleeves\/robert-f-kennedy-jr-and-cuba\/\" \/>\n<meta property=\"og:locale\" content=\"en_US\" \/>\n<meta property=\"og:type\" content=\"article\" \/>\n<meta property=\"og:title\" content=\"Robert F. Kennedy Jr. and Cuba | OnCubaNews English\" \/>\n<meta property=\"og:description\" content=\"After graduating from Harvard University, Robert F. Kennedy Jr.\u00a0studied at the London School of Economics and received his law degree from the University of Virginia School of Law. He then attended Pace University School of Law, New York, where he earned a Master\u2019s degree in Environmental Law. From 1986 to 2018, he was a faculty [&hellip;]\" \/>\n<meta property=\"og:url\" content=\"https:\/\/oncubanews.com\/en\/opinion\/columns\/rolled-up-sleeves\/robert-f-kennedy-jr-and-cuba\/\" \/>\n<meta property=\"og:site_name\" content=\"OnCubaNews English\" \/>\n<meta property=\"article:published_time\" content=\"2025-02-28T00:37:42+00:00\" \/>\n<meta property=\"og:image\" content=\"https:\/\/oncubanews.com\/en\/wp-content\/uploads\/2025\/02\/kennedy-jr-efe-1.jpg\" \/>\n\t<meta property=\"og:image:width\" content=\"1246\" \/>\n\t<meta property=\"og:image:height\" content=\"831\" \/>\n\t<meta property=\"og:image:type\" content=\"image\/jpeg\" \/>\n<meta name=\"author\" content=\"Alfredo Prieto\" \/>\n<meta name=\"twitter:card\" content=\"summary_large_image\" \/>\n<meta name=\"twitter:label1\" content=\"Written by\" \/>\n\t<meta name=\"twitter:data1\" content=\"Alfredo Prieto\" \/>\n\t<meta name=\"twitter:label2\" content=\"Est. reading time\" \/>\n\t<meta name=\"twitter:data2\" content=\"7 minutes\" \/>\n<script type=\"application\/ld+json\" class=\"yoast-schema-graph\">{\"@context\":\"https:\\\/\\\/schema.org\",\"@graph\":[{\"@type\":\"Article\",\"@id\":\"https:\\\/\\\/oncubanews.com\\\/en\\\/opinion\\\/columns\\\/rolled-up-sleeves\\\/robert-f-kennedy-jr-and-cuba\\\/#article\",\"isPartOf\":{\"@id\":\"https:\\\/\\\/oncubanews.com\\\/en\\\/opinion\\\/columns\\\/rolled-up-sleeves\\\/robert-f-kennedy-jr-and-cuba\\\/\"},\"author\":{\"name\":\"Alfredo Prieto\",\"@id\":\"https:\\\/\\\/oncubanews.com\\\/en\\\/#\\\/schema\\\/person\\\/d48f92f9024c8ee23fa3311de3bde1bb\"},\"headline\":\"Robert F. Kennedy Jr. and Cuba\",\"datePublished\":\"2025-02-28T00:37:42+00:00\",\"mainEntityOfPage\":{\"@id\":\"https:\\\/\\\/oncubanews.com\\\/en\\\/opinion\\\/columns\\\/rolled-up-sleeves\\\/robert-f-kennedy-jr-and-cuba\\\/\"},\"wordCount\":1486,\"commentCount\":0,\"image\":{\"@id\":\"https:\\\/\\\/oncubanews.com\\\/en\\\/opinion\\\/columns\\\/rolled-up-sleeves\\\/robert-f-kennedy-jr-and-cuba\\\/#primaryimage\"},\"thumbnailUrl\":\"https:\\\/\\\/oncubanews.com\\\/en\\\/wp-content\\\/uploads\\\/2025\\\/02\\\/kennedy-jr-efe-1.jpg\",\"keywords\":[\"featured\",\"Robert F. Kennedy Jr.\",\"U.S. government\"],\"articleSection\":[\"Rolled up sleeves\"],\"inLanguage\":\"en-US\",\"potentialAction\":[{\"@type\":\"CommentAction\",\"name\":\"Comment\",\"target\":[\"https:\\\/\\\/oncubanews.com\\\/en\\\/opinion\\\/columns\\\/rolled-up-sleeves\\\/robert-f-kennedy-jr-and-cuba\\\/#respond\"]}],\"copyrightYear\":\"2025\",\"copyrightHolder\":{\"@id\":\"https:\\\/\\\/oncubanews.com\\\/en\\\/#organization\"}},{\"@type\":\"WebPage\",\"@id\":\"https:\\\/\\\/oncubanews.com\\\/en\\\/opinion\\\/columns\\\/rolled-up-sleeves\\\/robert-f-kennedy-jr-and-cuba\\\/\",\"url\":\"https:\\\/\\\/oncubanews.com\\\/en\\\/opinion\\\/columns\\\/rolled-up-sleeves\\\/robert-f-kennedy-jr-and-cuba\\\/\",\"name\":\"Robert F. Kennedy Jr. and Cuba | OnCubaNews English\",\"isPartOf\":{\"@id\":\"https:\\\/\\\/oncubanews.com\\\/en\\\/#website\"},\"primaryImageOfPage\":{\"@id\":\"https:\\\/\\\/oncubanews.com\\\/en\\\/opinion\\\/columns\\\/rolled-up-sleeves\\\/robert-f-kennedy-jr-and-cuba\\\/#primaryimage\"},\"image\":{\"@id\":\"https:\\\/\\\/oncubanews.com\\\/en\\\/opinion\\\/columns\\\/rolled-up-sleeves\\\/robert-f-kennedy-jr-and-cuba\\\/#primaryimage\"},\"thumbnailUrl\":\"https:\\\/\\\/oncubanews.com\\\/en\\\/wp-content\\\/uploads\\\/2025\\\/02\\\/kennedy-jr-efe-1.jpg\",\"datePublished\":\"2025-02-28T00:37:42+00:00\",\"author\":{\"@id\":\"https:\\\/\\\/oncubanews.com\\\/en\\\/#\\\/schema\\\/person\\\/d48f92f9024c8ee23fa3311de3bde1bb\"},\"breadcrumb\":{\"@id\":\"https:\\\/\\\/oncubanews.com\\\/en\\\/opinion\\\/columns\\\/rolled-up-sleeves\\\/robert-f-kennedy-jr-and-cuba\\\/#breadcrumb\"},\"inLanguage\":\"en-US\",\"potentialAction\":[{\"@type\":\"ReadAction\",\"target\":[\"https:\\\/\\\/oncubanews.com\\\/en\\\/opinion\\\/columns\\\/rolled-up-sleeves\\\/robert-f-kennedy-jr-and-cuba\\\/\"]}]},{\"@type\":\"ImageObject\",\"inLanguage\":\"en-US\",\"@id\":\"https:\\\/\\\/oncubanews.com\\\/en\\\/opinion\\\/columns\\\/rolled-up-sleeves\\\/robert-f-kennedy-jr-and-cuba\\\/#primaryimage\",\"url\":\"https:\\\/\\\/oncubanews.com\\\/en\\\/wp-content\\\/uploads\\\/2025\\\/02\\\/kennedy-jr-efe-1.jpg\",\"contentUrl\":\"https:\\\/\\\/oncubanews.com\\\/en\\\/wp-content\\\/uploads\\\/2025\\\/02\\\/kennedy-jr-efe-1.jpg\",\"width\":1246,\"height\":831,\"caption\":\"Robert F. Kennedy Jr. speaks after being sworn in as Secretary of Health and Human Services, in the Oval Office of the White House in Washington, DC, USA, on February 13, 2025. Photo: EFE\\\/EPA\\\/JASON ANDREW\\\/POOL.\"},{\"@type\":\"BreadcrumbList\",\"@id\":\"https:\\\/\\\/oncubanews.com\\\/en\\\/opinion\\\/columns\\\/rolled-up-sleeves\\\/robert-f-kennedy-jr-and-cuba\\\/#breadcrumb\",\"itemListElement\":[{\"@type\":\"ListItem\",\"position\":1,\"name\":\"Portada\",\"item\":\"https:\\\/\\\/oncubanews.com\\\/en\\\/\"},{\"@type\":\"ListItem\",\"position\":2,\"name\":\"Robert F. Kennedy Jr. and Cuba\"}]},{\"@type\":\"WebSite\",\"@id\":\"https:\\\/\\\/oncubanews.com\\\/en\\\/#website\",\"url\":\"https:\\\/\\\/oncubanews.com\\\/en\\\/\",\"name\":\"OnCubaNews English\",\"description\":\"Revista sobre Cuba\",\"potentialAction\":[{\"@type\":\"SearchAction\",\"target\":{\"@type\":\"EntryPoint\",\"urlTemplate\":\"https:\\\/\\\/oncubanews.com\\\/en\\\/?s={search_term_string}\"},\"query-input\":{\"@type\":\"PropertyValueSpecification\",\"valueRequired\":true,\"valueName\":\"search_term_string\"}}],\"inLanguage\":\"en-US\"},{\"@type\":\"Person\",\"@id\":\"https:\\\/\\\/oncubanews.com\\\/en\\\/#\\\/schema\\\/person\\\/d48f92f9024c8ee23fa3311de3bde1bb\",\"name\":\"Alfredo Prieto\",\"image\":{\"@type\":\"ImageObject\",\"inLanguage\":\"en-US\",\"@id\":\"https:\\\/\\\/oncubanews.com\\\/wp-content\\\/uploads\\\/2016\\\/12\\\/Alfredo-Prieto_avatar_1481560104-96x96.jpgdb7880e33c09eaa662b7df867ae2a977\",\"url\":\"https:\\\/\\\/oncubanews.com\\\/wp-content\\\/uploads\\\/2016\\\/12\\\/Alfredo-Prieto_avatar_1481560104-96x96.jpg\",\"contentUrl\":\"https:\\\/\\\/oncubanews.com\\\/wp-content\\\/uploads\\\/2016\\\/12\\\/Alfredo-Prieto_avatar_1481560104-96x96.jpg\",\"caption\":\"Alfredo Prieto\"},\"description\":\"Investigador, editor y periodista. Ha trabajado como Jefe de Redacci\u00f3n de Cuadernos de Nuestra Am\u00e9rica, Caminos, Temas y Cultura y Desarrollo, y ejercido la investigaci\u00f3n y la docencia en varias universidades. Autor de La prensa de los Estados Unidos y la agenda interamericana y El otro en el espejo.\",\"url\":\"https:\\\/\\\/oncubanews.com\\\/en\\\/author\\\/alfredoprieto\\\/\"}]}<\/script>\n<!-- \/ Yoast SEO plugin. -->","yoast_head_json":{"title":"Robert F. Kennedy Jr. and Cuba | OnCubaNews English","robots":{"index":"index","follow":"follow","max-snippet":"max-snippet:-1","max-image-preview":"max-image-preview:large","max-video-preview":"max-video-preview:-1"},"canonical":"https:\/\/oncubanews.com\/en\/opinion\/columns\/rolled-up-sleeves\/robert-f-kennedy-jr-and-cuba\/","og_locale":"en_US","og_type":"article","og_title":"Robert F. Kennedy Jr. and Cuba | OnCubaNews English","og_description":"After graduating from Harvard University, Robert F. Kennedy Jr.\u00a0studied at the London School of Economics and received his law degree from the University of Virginia School of Law. He then attended Pace University School of Law, New York, where he earned a Master\u2019s degree in Environmental Law. From 1986 to 2018, he was a faculty [&hellip;]","og_url":"https:\/\/oncubanews.com\/en\/opinion\/columns\/rolled-up-sleeves\/robert-f-kennedy-jr-and-cuba\/","og_site_name":"OnCubaNews English","article_published_time":"2025-02-28T00:37:42+00:00","og_image":[{"width":1246,"height":831,"url":"https:\/\/oncubanews.com\/en\/wp-content\/uploads\/2025\/02\/kennedy-jr-efe-1.jpg","type":"image\/jpeg"}],"author":"Alfredo Prieto","twitter_card":"summary_large_image","twitter_misc":{"Written by":"Alfredo Prieto","Est. reading time":"7 minutes"},"schema":{"@context":"https:\/\/schema.org","@graph":[{"@type":"Article","@id":"https:\/\/oncubanews.com\/en\/opinion\/columns\/rolled-up-sleeves\/robert-f-kennedy-jr-and-cuba\/#article","isPartOf":{"@id":"https:\/\/oncubanews.com\/en\/opinion\/columns\/rolled-up-sleeves\/robert-f-kennedy-jr-and-cuba\/"},"author":{"name":"Alfredo Prieto","@id":"https:\/\/oncubanews.com\/en\/#\/schema\/person\/d48f92f9024c8ee23fa3311de3bde1bb"},"headline":"Robert F. Kennedy Jr. and Cuba","datePublished":"2025-02-28T00:37:42+00:00","mainEntityOfPage":{"@id":"https:\/\/oncubanews.com\/en\/opinion\/columns\/rolled-up-sleeves\/robert-f-kennedy-jr-and-cuba\/"},"wordCount":1486,"commentCount":0,"image":{"@id":"https:\/\/oncubanews.com\/en\/opinion\/columns\/rolled-up-sleeves\/robert-f-kennedy-jr-and-cuba\/#primaryimage"},"thumbnailUrl":"https:\/\/oncubanews.com\/en\/wp-content\/uploads\/2025\/02\/kennedy-jr-efe-1.jpg","keywords":["featured","Robert F. Kennedy Jr.","U.S. government"],"articleSection":["Rolled up sleeves"],"inLanguage":"en-US","potentialAction":[{"@type":"CommentAction","name":"Comment","target":["https:\/\/oncubanews.com\/en\/opinion\/columns\/rolled-up-sleeves\/robert-f-kennedy-jr-and-cuba\/#respond"]}],"copyrightYear":"2025","copyrightHolder":{"@id":"https:\/\/oncubanews.com\/en\/#organization"}},{"@type":"WebPage","@id":"https:\/\/oncubanews.com\/en\/opinion\/columns\/rolled-up-sleeves\/robert-f-kennedy-jr-and-cuba\/","url":"https:\/\/oncubanews.com\/en\/opinion\/columns\/rolled-up-sleeves\/robert-f-kennedy-jr-and-cuba\/","name":"Robert F. Kennedy Jr. and Cuba | OnCubaNews English","isPartOf":{"@id":"https:\/\/oncubanews.com\/en\/#website"},"primaryImageOfPage":{"@id":"https:\/\/oncubanews.com\/en\/opinion\/columns\/rolled-up-sleeves\/robert-f-kennedy-jr-and-cuba\/#primaryimage"},"image":{"@id":"https:\/\/oncubanews.com\/en\/opinion\/columns\/rolled-up-sleeves\/robert-f-kennedy-jr-and-cuba\/#primaryimage"},"thumbnailUrl":"https:\/\/oncubanews.com\/en\/wp-content\/uploads\/2025\/02\/kennedy-jr-efe-1.jpg","datePublished":"2025-02-28T00:37:42+00:00","author":{"@id":"https:\/\/oncubanews.com\/en\/#\/schema\/person\/d48f92f9024c8ee23fa3311de3bde1bb"},"breadcrumb":{"@id":"https:\/\/oncubanews.com\/en\/opinion\/columns\/rolled-up-sleeves\/robert-f-kennedy-jr-and-cuba\/#breadcrumb"},"inLanguage":"en-US","potentialAction":[{"@type":"ReadAction","target":["https:\/\/oncubanews.com\/en\/opinion\/columns\/rolled-up-sleeves\/robert-f-kennedy-jr-and-cuba\/"]}]},{"@type":"ImageObject","inLanguage":"en-US","@id":"https:\/\/oncubanews.com\/en\/opinion\/columns\/rolled-up-sleeves\/robert-f-kennedy-jr-and-cuba\/#primaryimage","url":"https:\/\/oncubanews.com\/en\/wp-content\/uploads\/2025\/02\/kennedy-jr-efe-1.jpg","contentUrl":"https:\/\/oncubanews.com\/en\/wp-content\/uploads\/2025\/02\/kennedy-jr-efe-1.jpg","width":1246,"height":831,"caption":"Robert F. Kennedy Jr. speaks after being sworn in as Secretary of Health and Human Services, in the Oval Office of the White House in Washington, DC, USA, on February 13, 2025. Photo: EFE\/EPA\/JASON ANDREW\/POOL."},{"@type":"BreadcrumbList","@id":"https:\/\/oncubanews.com\/en\/opinion\/columns\/rolled-up-sleeves\/robert-f-kennedy-jr-and-cuba\/#breadcrumb","itemListElement":[{"@type":"ListItem","position":1,"name":"Portada","item":"https:\/\/oncubanews.com\/en\/"},{"@type":"ListItem","position":2,"name":"Robert F. Kennedy Jr. and Cuba"}]},{"@type":"WebSite","@id":"https:\/\/oncubanews.com\/en\/#website","url":"https:\/\/oncubanews.com\/en\/","name":"OnCubaNews English","description":"Revista sobre Cuba","potentialAction":[{"@type":"SearchAction","target":{"@type":"EntryPoint","urlTemplate":"https:\/\/oncubanews.com\/en\/?s={search_term_string}"},"query-input":{"@type":"PropertyValueSpecification","valueRequired":true,"valueName":"search_term_string"}}],"inLanguage":"en-US"},{"@type":"Person","@id":"https:\/\/oncubanews.com\/en\/#\/schema\/person\/d48f92f9024c8ee23fa3311de3bde1bb","name":"Alfredo Prieto","image":{"@type":"ImageObject","inLanguage":"en-US","@id":"https:\/\/oncubanews.com\/wp-content\/uploads\/2016\/12\/Alfredo-Prieto_avatar_1481560104-96x96.jpgdb7880e33c09eaa662b7df867ae2a977","url":"https:\/\/oncubanews.com\/wp-content\/uploads\/2016\/12\/Alfredo-Prieto_avatar_1481560104-96x96.jpg","contentUrl":"https:\/\/oncubanews.com\/wp-content\/uploads\/2016\/12\/Alfredo-Prieto_avatar_1481560104-96x96.jpg","caption":"Alfredo Prieto"},"description":"Investigador, editor y periodista. Ha trabajado como Jefe de Redacci\u00f3n de Cuadernos de Nuestra Am\u00e9rica, Caminos, Temas y Cultura y Desarrollo, y ejercido la investigaci\u00f3n y la docencia en varias universidades. Autor de La prensa de los Estados Unidos y la agenda interamericana y El otro en el espejo.","url":"https:\/\/oncubanews.com\/en\/author\/alfredoprieto\/"}]}},"authors":[{"term_id":33935,"user_id":3462,"is_guest":0,"slug":"alfredoprieto","display_name":"Alfredo Prieto","avatar_url":"https:\/\/oncubanews.com\/wp-content\/uploads\/2016\/12\/Alfredo-Prieto_avatar_1481560104-96x96.jpg","0":null,"1":"","2":"","3":"","4":"","5":"","6":"","7":"","8":""}],"_links":{"self":[{"href":"https:\/\/oncubanews.com\/en\/wp-json\/wp\/v2\/posts\/318878","targetHints":{"allow":["GET"]}}],"collection":[{"href":"https:\/\/oncubanews.com\/en\/wp-json\/wp\/v2\/posts"}],"about":[{"href":"https:\/\/oncubanews.com\/en\/wp-json\/wp\/v2\/types\/post"}],"author":[{"embeddable":true,"href":"https:\/\/oncubanews.com\/en\/wp-json\/wp\/v2\/users\/3462"}],"replies":[{"embeddable":true,"href":"https:\/\/oncubanews.com\/en\/wp-json\/wp\/v2\/comments?post=318878"}],"version-history":[{"count":2,"href":"https:\/\/oncubanews.com\/en\/wp-json\/wp\/v2\/posts\/318878\/revisions"}],"predecessor-version":[{"id":318883,"href":"https:\/\/oncubanews.com\/en\/wp-json\/wp\/v2\/posts\/318878\/revisions\/318883"}],"wp:featuredmedia":[{"embeddable":true,"href":"https:\/\/oncubanews.com\/en\/wp-json\/wp\/v2\/media\/318880"}],"wp:attachment":[{"href":"https:\/\/oncubanews.com\/en\/wp-json\/wp\/v2\/media?parent=318878"}],"wp:term":[{"taxonomy":"category","embeddable":true,"href":"https:\/\/oncubanews.com\/en\/wp-json\/wp\/v2\/categories?post=318878"},{"taxonomy":"post_tag","embeddable":true,"href":"https:\/\/oncubanews.com\/en\/wp-json\/wp\/v2\/tags?post=318878"},{"taxonomy":"author","embeddable":true,"href":"https:\/\/oncubanews.com\/en\/wp-json\/wp\/v2\/ppma_author?post=318878"}],"curies":[{"name":"wp","href":"https:\/\/api.w.org\/{rel}","templated":true}]}}