
{"id":319054,"date":"2025-03-02T19:13:20","date_gmt":"2025-03-03T00:13:20","guid":{"rendered":"https:\/\/oncubanews.com\/en\/?p=319054"},"modified":"2025-03-02T19:13:20","modified_gmt":"2025-03-03T00:13:20","slug":"the-land-and-the-people-of-the-best-tobacco-in-the-world","status":"publish","type":"post","link":"https:\/\/oncubanews.com\/en\/digital-channel\/gallery\/the-land-and-the-people-of-the-best-tobacco-in-the-world\/","title":{"rendered":"The land and the people of the best tobacco in the world"},"content":{"rendered":"<p>This week, the news was about the new income record of Habanos S.A., the Cuban-Spanish corporation that internationally markets the most prestigious product on the island: its tobacco. Last year, this figure surpassed the barrier of 800 million dollars for the first time, 16% more than the income of the company in 2023, which marked its previous record.<\/p>\n<p>Getting there, in an economically difficult context both internally and globally, confirms the business soundness of Habanos S.A., the success of its commercial strategies and its ability to overcome difficulties and contingencies. However, such achievements would not be possible without the land that produces the best tobacco in the world and the men and women who work it.<\/p>\n<figure id=\"attachment_319058\" aria-describedby=\"caption-attachment-319058\" style=\"width: 1140px\" class=\"wp-caption aligncenter\"><a href=\"https:\/\/oncubanews.com\/en\/wp-content\/uploads\/2025\/03\/Tabaco5_Otmaro_2025-1.jpg\"><img loading=\"lazy\" decoding=\"async\" class=\"size-full wp-image-319058\" src=\"https:\/\/oncubanews.com\/en\/wp-content\/uploads\/2025\/03\/Tabaco5_Otmaro_2025-1.jpg\" alt=\"\" width=\"1140\" height=\"815\" srcset=\"https:\/\/oncubanews.com\/en\/wp-content\/uploads\/2025\/03\/Tabaco5_Otmaro_2025-1.jpg 1140w, https:\/\/oncubanews.com\/en\/wp-content\/uploads\/2025\/03\/Tabaco5_Otmaro_2025-1-300x214.jpg 300w, https:\/\/oncubanews.com\/en\/wp-content\/uploads\/2025\/03\/Tabaco5_Otmaro_2025-1-1024x732.jpg 1024w, https:\/\/oncubanews.com\/en\/wp-content\/uploads\/2025\/03\/Tabaco5_Otmaro_2025-1-768x549.jpg 768w, https:\/\/oncubanews.com\/en\/wp-content\/uploads\/2025\/03\/Tabaco5_Otmaro_2025-1-120x86.jpg 120w, https:\/\/oncubanews.com\/en\/wp-content\/uploads\/2025\/03\/Tabaco5_Otmaro_2025-1-350x250.jpg 350w, https:\/\/oncubanews.com\/en\/wp-content\/uploads\/2025\/03\/Tabaco5_Otmaro_2025-1-750x536.jpg 750w\" sizes=\"auto, (max-width: 1140px) 100vw, 1140px\" \/><\/a><figcaption id=\"caption-attachment-319058\" class=\"wp-caption-text\">A tobacco farmer weeds the tobacco plant in San Juan y Mart\u00ednez, Pinar del R\u00edo. Photo: Otmaro Rodr\u00edguez.<\/figcaption><\/figure>\n<figure id=\"attachment_319059\" aria-describedby=\"caption-attachment-319059\" style=\"width: 1140px\" class=\"wp-caption aligncenter\"><a href=\"https:\/\/oncubanews.com\/en\/wp-content\/uploads\/2025\/03\/Tabaco1_Otmaro_2025-1.jpg\"><img loading=\"lazy\" decoding=\"async\" class=\"size-full wp-image-319059\" src=\"https:\/\/oncubanews.com\/en\/wp-content\/uploads\/2025\/03\/Tabaco1_Otmaro_2025-1.jpg\" alt=\"\" width=\"1140\" height=\"815\" srcset=\"https:\/\/oncubanews.com\/en\/wp-content\/uploads\/2025\/03\/Tabaco1_Otmaro_2025-1.jpg 1140w, https:\/\/oncubanews.com\/en\/wp-content\/uploads\/2025\/03\/Tabaco1_Otmaro_2025-1-300x214.jpg 300w, https:\/\/oncubanews.com\/en\/wp-content\/uploads\/2025\/03\/Tabaco1_Otmaro_2025-1-1024x732.jpg 1024w, https:\/\/oncubanews.com\/en\/wp-content\/uploads\/2025\/03\/Tabaco1_Otmaro_2025-1-768x549.jpg 768w, https:\/\/oncubanews.com\/en\/wp-content\/uploads\/2025\/03\/Tabaco1_Otmaro_2025-1-120x86.jpg 120w, https:\/\/oncubanews.com\/en\/wp-content\/uploads\/2025\/03\/Tabaco1_Otmaro_2025-1-350x250.jpg 350w, https:\/\/oncubanews.com\/en\/wp-content\/uploads\/2025\/03\/Tabaco1_Otmaro_2025-1-750x536.jpg 750w\" sizes=\"auto, (max-width: 1140px) 100vw, 1140px\" \/><\/a><figcaption id=\"caption-attachment-319059\" class=\"wp-caption-text\">Workers in a tobacco house in San Juan y Mart\u00ednez, Pinar del R\u00edo. Photo: Otmaro Rodr\u00edguez.<\/figcaption><\/figure>\n<p>Tobacco farming in Cuba has a long and renowned reputation. This prestige is based, first of all, on the quality of the land where it is planted and harvested, on the unique conditions that certain localities of the island have for obtaining the aromatic tobacco leaves.<\/p>\n<p>Among these areas, the Vuelta Abajo region stands out, in Pinar del R\u00edo, and in particular, in the municipalities of San Luis and San Juan y Mart\u00ednez, two sanctuaries of tobacco production that have a Designation of Origin for Habanos. There, the rich soils and climatic conditions are perfect for harvesting the leaves of the cigars most appreciated by experts and smokers.<\/p>\n<figure id=\"attachment_319060\" aria-describedby=\"caption-attachment-319060\" style=\"width: 1140px\" class=\"wp-caption aligncenter\"><a href=\"https:\/\/oncubanews.com\/en\/wp-content\/uploads\/2025\/03\/Tabaco21_Otmaro_2025-1.jpg\"><img loading=\"lazy\" decoding=\"async\" class=\"size-full wp-image-319060\" src=\"https:\/\/oncubanews.com\/en\/wp-content\/uploads\/2025\/03\/Tabaco21_Otmaro_2025-1.jpg\" alt=\"\" width=\"1140\" height=\"815\" srcset=\"https:\/\/oncubanews.com\/en\/wp-content\/uploads\/2025\/03\/Tabaco21_Otmaro_2025-1.jpg 1140w, https:\/\/oncubanews.com\/en\/wp-content\/uploads\/2025\/03\/Tabaco21_Otmaro_2025-1-300x214.jpg 300w, https:\/\/oncubanews.com\/en\/wp-content\/uploads\/2025\/03\/Tabaco21_Otmaro_2025-1-1024x732.jpg 1024w, https:\/\/oncubanews.com\/en\/wp-content\/uploads\/2025\/03\/Tabaco21_Otmaro_2025-1-768x549.jpg 768w, https:\/\/oncubanews.com\/en\/wp-content\/uploads\/2025\/03\/Tabaco21_Otmaro_2025-1-120x86.jpg 120w, https:\/\/oncubanews.com\/en\/wp-content\/uploads\/2025\/03\/Tabaco21_Otmaro_2025-1-350x250.jpg 350w, https:\/\/oncubanews.com\/en\/wp-content\/uploads\/2025\/03\/Tabaco21_Otmaro_2025-1-750x536.jpg 750w\" sizes=\"auto, (max-width: 1140px) 100vw, 1140px\" \/><\/a><figcaption id=\"caption-attachment-319060\" class=\"wp-caption-text\">Tobacco plantation in Hoyo de Monterrey, in San Juan y Mart\u00ednez, Pinar del R\u00edo. Photo: Otmaro Rodr\u00edguez.<\/figcaption><\/figure>\n<figure id=\"attachment_319061\" aria-describedby=\"caption-attachment-319061\" style=\"width: 1140px\" class=\"wp-caption aligncenter\"><a href=\"https:\/\/oncubanews.com\/en\/wp-content\/uploads\/2025\/03\/Tabaco7_Otmaro_2025-1.jpg\"><img loading=\"lazy\" decoding=\"async\" class=\"size-full wp-image-319061\" src=\"https:\/\/oncubanews.com\/en\/wp-content\/uploads\/2025\/03\/Tabaco7_Otmaro_2025-1.jpg\" alt=\"\" width=\"1140\" height=\"815\" srcset=\"https:\/\/oncubanews.com\/en\/wp-content\/uploads\/2025\/03\/Tabaco7_Otmaro_2025-1.jpg 1140w, https:\/\/oncubanews.com\/en\/wp-content\/uploads\/2025\/03\/Tabaco7_Otmaro_2025-1-300x214.jpg 300w, https:\/\/oncubanews.com\/en\/wp-content\/uploads\/2025\/03\/Tabaco7_Otmaro_2025-1-1024x732.jpg 1024w, https:\/\/oncubanews.com\/en\/wp-content\/uploads\/2025\/03\/Tabaco7_Otmaro_2025-1-768x549.jpg 768w, https:\/\/oncubanews.com\/en\/wp-content\/uploads\/2025\/03\/Tabaco7_Otmaro_2025-1-120x86.jpg 120w, https:\/\/oncubanews.com\/en\/wp-content\/uploads\/2025\/03\/Tabaco7_Otmaro_2025-1-350x250.jpg 350w, https:\/\/oncubanews.com\/en\/wp-content\/uploads\/2025\/03\/Tabaco7_Otmaro_2025-1-750x536.jpg 750w\" sizes=\"auto, (max-width: 1140px) 100vw, 1140px\" \/><\/a><figcaption id=\"caption-attachment-319061\" class=\"wp-caption-text\">Farmer preparing a cigar for himself, in San Juan y Mart\u00ednez, Pinar del R\u00edo. Photo: Otmaro Rodr\u00edguez.<\/figcaption><\/figure>\n<p>However, soil and climate alone are not enough. The people who bear the responsibility of the harvest on their shoulders are essential: the tobacco farmers. They are the initial architects of the conversion of seeds, and then of the plants that grow from them, into an acclaimed and exquisite product, a commercial bastion and a symbol of Cuba.<\/p>\n<p>The tobacco workers, the men and women who dedicate their lives to planting, harvesting, sorting and destemming, are heirs to a centuries-old tradition. Many, the vast majority, learned this work as children, from their parents and grandparents \u2014 who in turn learned it from their ancestors \u2014 and will then teach it to their children, in a generational line that sustains tobacco culture.<\/p>\n<figure id=\"attachment_319062\" aria-describedby=\"caption-attachment-319062\" style=\"width: 1140px\" class=\"wp-caption aligncenter\"><a href=\"https:\/\/oncubanews.com\/en\/wp-content\/uploads\/2025\/03\/Tabaco4_Otmaro_2025-1.jpg\"><img loading=\"lazy\" decoding=\"async\" class=\"size-full wp-image-319062\" src=\"https:\/\/oncubanews.com\/en\/wp-content\/uploads\/2025\/03\/Tabaco4_Otmaro_2025-1.jpg\" alt=\"\" width=\"1140\" height=\"815\" srcset=\"https:\/\/oncubanews.com\/en\/wp-content\/uploads\/2025\/03\/Tabaco4_Otmaro_2025-1.jpg 1140w, https:\/\/oncubanews.com\/en\/wp-content\/uploads\/2025\/03\/Tabaco4_Otmaro_2025-1-300x214.jpg 300w, https:\/\/oncubanews.com\/en\/wp-content\/uploads\/2025\/03\/Tabaco4_Otmaro_2025-1-1024x732.jpg 1024w, https:\/\/oncubanews.com\/en\/wp-content\/uploads\/2025\/03\/Tabaco4_Otmaro_2025-1-768x549.jpg 768w, https:\/\/oncubanews.com\/en\/wp-content\/uploads\/2025\/03\/Tabaco4_Otmaro_2025-1-120x86.jpg 120w, https:\/\/oncubanews.com\/en\/wp-content\/uploads\/2025\/03\/Tabaco4_Otmaro_2025-1-350x250.jpg 350w, https:\/\/oncubanews.com\/en\/wp-content\/uploads\/2025\/03\/Tabaco4_Otmaro_2025-1-750x536.jpg 750w\" sizes=\"auto, (max-width: 1140px) 100vw, 1140px\" \/><\/a><figcaption id=\"caption-attachment-319062\" class=\"wp-caption-text\">Young tobacco growers in San Juan y Mart\u00ednez, Pinar del R\u00edo. Photo: Otmaro Rodr\u00edguez.<\/figcaption><\/figure>\n<figure id=\"attachment_319063\" aria-describedby=\"caption-attachment-319063\" style=\"width: 1140px\" class=\"wp-caption aligncenter\"><a href=\"https:\/\/oncubanews.com\/en\/wp-content\/uploads\/2025\/03\/Tabaco17_Otmaro_2025-1.jpg\"><img loading=\"lazy\" decoding=\"async\" class=\"size-full wp-image-319063\" src=\"https:\/\/oncubanews.com\/en\/wp-content\/uploads\/2025\/03\/Tabaco17_Otmaro_2025-1.jpg\" alt=\"\" width=\"1140\" height=\"815\" srcset=\"https:\/\/oncubanews.com\/en\/wp-content\/uploads\/2025\/03\/Tabaco17_Otmaro_2025-1.jpg 1140w, https:\/\/oncubanews.com\/en\/wp-content\/uploads\/2025\/03\/Tabaco17_Otmaro_2025-1-300x214.jpg 300w, https:\/\/oncubanews.com\/en\/wp-content\/uploads\/2025\/03\/Tabaco17_Otmaro_2025-1-1024x732.jpg 1024w, https:\/\/oncubanews.com\/en\/wp-content\/uploads\/2025\/03\/Tabaco17_Otmaro_2025-1-768x549.jpg 768w, https:\/\/oncubanews.com\/en\/wp-content\/uploads\/2025\/03\/Tabaco17_Otmaro_2025-1-120x86.jpg 120w, https:\/\/oncubanews.com\/en\/wp-content\/uploads\/2025\/03\/Tabaco17_Otmaro_2025-1-350x250.jpg 350w, https:\/\/oncubanews.com\/en\/wp-content\/uploads\/2025\/03\/Tabaco17_Otmaro_2025-1-750x536.jpg 750w\" sizes=\"auto, (max-width: 1140px) 100vw, 1140px\" \/><\/a><figcaption id=\"caption-attachment-319063\" class=\"wp-caption-text\">A worker with her grandson in a tobacco drying house, in San Juan y Mart\u00ednez, Pinar del R\u00edo. Photo: Otmaro Rodr\u00edguez.<\/figcaption><\/figure>\n<p>Tobacco farming is hard and delicate work. It requires skill and dedication, and even more so if the leaves will give shape and aroma to a cigar. From the preparation of the seedbeds to manual harvesting, many months pass. Depending on their destination \u2014 the brand and the part of the cigar \u2014 the plants will be grown outdoors or covered with translucent fabrics that protect them and partially filter the sun\u2019s rays.<\/p>\n<p>They are then taken to the tobacco houses, where they are naturally air-cured, and from there they go to the sorting and destemming. At this last point they are fermented, aired, classified and destemmed according to their characteristics. The process is so complex and selective that only 50% of the harvested leaves that reach this point are classified for use in the Habanos factories.<\/p>\n<figure id=\"attachment_319064\" aria-describedby=\"caption-attachment-319064\" style=\"width: 1140px\" class=\"wp-caption aligncenter\"><a href=\"https:\/\/oncubanews.com\/en\/wp-content\/uploads\/2025\/03\/Tabaco19_Otmaro_2025-1.jpg\"><img loading=\"lazy\" decoding=\"async\" class=\"size-full wp-image-319064\" src=\"https:\/\/oncubanews.com\/en\/wp-content\/uploads\/2025\/03\/Tabaco19_Otmaro_2025-1.jpg\" alt=\"\" width=\"1140\" height=\"815\" srcset=\"https:\/\/oncubanews.com\/en\/wp-content\/uploads\/2025\/03\/Tabaco19_Otmaro_2025-1.jpg 1140w, https:\/\/oncubanews.com\/en\/wp-content\/uploads\/2025\/03\/Tabaco19_Otmaro_2025-1-300x214.jpg 300w, https:\/\/oncubanews.com\/en\/wp-content\/uploads\/2025\/03\/Tabaco19_Otmaro_2025-1-1024x732.jpg 1024w, https:\/\/oncubanews.com\/en\/wp-content\/uploads\/2025\/03\/Tabaco19_Otmaro_2025-1-768x549.jpg 768w, https:\/\/oncubanews.com\/en\/wp-content\/uploads\/2025\/03\/Tabaco19_Otmaro_2025-1-120x86.jpg 120w, https:\/\/oncubanews.com\/en\/wp-content\/uploads\/2025\/03\/Tabaco19_Otmaro_2025-1-350x250.jpg 350w, https:\/\/oncubanews.com\/en\/wp-content\/uploads\/2025\/03\/Tabaco19_Otmaro_2025-1-750x536.jpg 750w\" sizes=\"auto, (max-width: 1140px) 100vw, 1140px\" \/><\/a><figcaption id=\"caption-attachment-319064\" class=\"wp-caption-text\">Harvesting tobacco leaves in San Juan and Mart\u00ednez, Pinar del R\u00edo. Photo: Otmaro Rodr\u00edguez.<\/figcaption><\/figure>\n<figure id=\"attachment_319065\" aria-describedby=\"caption-attachment-319065\" style=\"width: 1140px\" class=\"wp-caption aligncenter\"><a href=\"https:\/\/oncubanews.com\/en\/wp-content\/uploads\/2025\/03\/Tabaco15_Otmaro_2025-1.jpg\"><img loading=\"lazy\" decoding=\"async\" class=\"size-full wp-image-319065\" src=\"https:\/\/oncubanews.com\/en\/wp-content\/uploads\/2025\/03\/Tabaco15_Otmaro_2025-1.jpg\" alt=\"\" width=\"1140\" height=\"815\" srcset=\"https:\/\/oncubanews.com\/en\/wp-content\/uploads\/2025\/03\/Tabaco15_Otmaro_2025-1.jpg 1140w, https:\/\/oncubanews.com\/en\/wp-content\/uploads\/2025\/03\/Tabaco15_Otmaro_2025-1-300x214.jpg 300w, https:\/\/oncubanews.com\/en\/wp-content\/uploads\/2025\/03\/Tabaco15_Otmaro_2025-1-1024x732.jpg 1024w, https:\/\/oncubanews.com\/en\/wp-content\/uploads\/2025\/03\/Tabaco15_Otmaro_2025-1-768x549.jpg 768w, https:\/\/oncubanews.com\/en\/wp-content\/uploads\/2025\/03\/Tabaco15_Otmaro_2025-1-120x86.jpg 120w, https:\/\/oncubanews.com\/en\/wp-content\/uploads\/2025\/03\/Tabaco15_Otmaro_2025-1-350x250.jpg 350w, https:\/\/oncubanews.com\/en\/wp-content\/uploads\/2025\/03\/Tabaco15_Otmaro_2025-1-750x536.jpg 750w\" sizes=\"auto, (max-width: 1140px) 100vw, 1140px\" \/><\/a><figcaption id=\"caption-attachment-319065\" class=\"wp-caption-text\">Stringing tobacco leaves in San Juan and Mart\u00ednez, Pinar del R\u00edo. Photo: Otmaro Rodr\u00edguez.<\/figcaption><\/figure>\n<p>Growing tobacco under normal conditions is difficult. Doing so in the midst of the deep crisis the island is experiencing is much more difficult. Even with the priorities that this activity may have due to its economic value, there are many difficulties that tobacco farmers must face on a daily basis. The everlasting shortages and blackouts, and problems with payments and collections derived from banking, are just some of them.<\/p>\n<p>Their work is also not exempt from other effects of the crisis, such as emigration, and natural phenomena such as storms and hurricanes, which damage houses and crops and force them to start over again and again. However, tobacco farmers in Pinar del R\u00edo continue \u201cstruggling\u201d with the land, and with their work they keep alive a centuries-old heritage that distinguishes Cuba as the land of the best tobacco in the world.<\/p>\n<figure id=\"attachment_319066\" aria-describedby=\"caption-attachment-319066\" style=\"width: 1140px\" class=\"wp-caption aligncenter\"><a href=\"https:\/\/oncubanews.com\/en\/wp-content\/uploads\/2025\/03\/Tabaco3_Otmaro_2025-1.jpg\"><img loading=\"lazy\" decoding=\"async\" class=\"size-full wp-image-319066\" src=\"https:\/\/oncubanews.com\/en\/wp-content\/uploads\/2025\/03\/Tabaco3_Otmaro_2025-1.jpg\" alt=\"\" width=\"1140\" height=\"815\" srcset=\"https:\/\/oncubanews.com\/en\/wp-content\/uploads\/2025\/03\/Tabaco3_Otmaro_2025-1.jpg 1140w, https:\/\/oncubanews.com\/en\/wp-content\/uploads\/2025\/03\/Tabaco3_Otmaro_2025-1-300x214.jpg 300w, https:\/\/oncubanews.com\/en\/wp-content\/uploads\/2025\/03\/Tabaco3_Otmaro_2025-1-1024x732.jpg 1024w, https:\/\/oncubanews.com\/en\/wp-content\/uploads\/2025\/03\/Tabaco3_Otmaro_2025-1-768x549.jpg 768w, https:\/\/oncubanews.com\/en\/wp-content\/uploads\/2025\/03\/Tabaco3_Otmaro_2025-1-120x86.jpg 120w, https:\/\/oncubanews.com\/en\/wp-content\/uploads\/2025\/03\/Tabaco3_Otmaro_2025-1-350x250.jpg 350w, https:\/\/oncubanews.com\/en\/wp-content\/uploads\/2025\/03\/Tabaco3_Otmaro_2025-1-750x536.jpg 750w\" sizes=\"auto, (max-width: 1140px) 100vw, 1140px\" \/><\/a><figcaption id=\"caption-attachment-319066\" class=\"wp-caption-text\">A young woman smokes a cigar in a tobacco house in San Juan y Mart\u00ednez, Pinar del R\u00edo. Photo: Otmaro Rodr\u00edguez.<\/figcaption><\/figure>\n<figure id=\"attachment_319067\" aria-describedby=\"caption-attachment-319067\" style=\"width: 1140px\" class=\"wp-caption aligncenter\"><a href=\"https:\/\/oncubanews.com\/en\/wp-content\/uploads\/2025\/03\/Tabaco6_Otmaro_2025-1.jpg\"><img loading=\"lazy\" decoding=\"async\" class=\"size-full wp-image-319067\" src=\"https:\/\/oncubanews.com\/en\/wp-content\/uploads\/2025\/03\/Tabaco6_Otmaro_2025-1.jpg\" alt=\"\" width=\"1140\" height=\"815\" srcset=\"https:\/\/oncubanews.com\/en\/wp-content\/uploads\/2025\/03\/Tabaco6_Otmaro_2025-1.jpg 1140w, https:\/\/oncubanews.com\/en\/wp-content\/uploads\/2025\/03\/Tabaco6_Otmaro_2025-1-300x214.jpg 300w, https:\/\/oncubanews.com\/en\/wp-content\/uploads\/2025\/03\/Tabaco6_Otmaro_2025-1-1024x732.jpg 1024w, https:\/\/oncubanews.com\/en\/wp-content\/uploads\/2025\/03\/Tabaco6_Otmaro_2025-1-768x549.jpg 768w, https:\/\/oncubanews.com\/en\/wp-content\/uploads\/2025\/03\/Tabaco6_Otmaro_2025-1-120x86.jpg 120w, https:\/\/oncubanews.com\/en\/wp-content\/uploads\/2025\/03\/Tabaco6_Otmaro_2025-1-350x250.jpg 350w, https:\/\/oncubanews.com\/en\/wp-content\/uploads\/2025\/03\/Tabaco6_Otmaro_2025-1-750x536.jpg 750w\" sizes=\"auto, (max-width: 1140px) 100vw, 1140px\" \/><\/a><figcaption id=\"caption-attachment-319067\" class=\"wp-caption-text\">Tobacco growing in San Juan y Mart\u00ednez, Pinar del R\u00edo. Photo: Otmaro Rodr\u00edguez.<\/figcaption><\/figure>\n<figure id=\"attachment_319068\" aria-describedby=\"caption-attachment-319068\" style=\"width: 1140px\" class=\"wp-caption aligncenter\"><a href=\"https:\/\/oncubanews.com\/en\/wp-content\/uploads\/2025\/03\/Tabaco8_Otmaro_2025-1.jpg\"><img loading=\"lazy\" decoding=\"async\" class=\"size-full wp-image-319068\" src=\"https:\/\/oncubanews.com\/en\/wp-content\/uploads\/2025\/03\/Tabaco8_Otmaro_2025-1.jpg\" alt=\"\" width=\"1140\" height=\"815\" srcset=\"https:\/\/oncubanews.com\/en\/wp-content\/uploads\/2025\/03\/Tabaco8_Otmaro_2025-1.jpg 1140w, https:\/\/oncubanews.com\/en\/wp-content\/uploads\/2025\/03\/Tabaco8_Otmaro_2025-1-300x214.jpg 300w, https:\/\/oncubanews.com\/en\/wp-content\/uploads\/2025\/03\/Tabaco8_Otmaro_2025-1-1024x732.jpg 1024w, https:\/\/oncubanews.com\/en\/wp-content\/uploads\/2025\/03\/Tabaco8_Otmaro_2025-1-768x549.jpg 768w, https:\/\/oncubanews.com\/en\/wp-content\/uploads\/2025\/03\/Tabaco8_Otmaro_2025-1-120x86.jpg 120w, https:\/\/oncubanews.com\/en\/wp-content\/uploads\/2025\/03\/Tabaco8_Otmaro_2025-1-350x250.jpg 350w, https:\/\/oncubanews.com\/en\/wp-content\/uploads\/2025\/03\/Tabaco8_Otmaro_2025-1-750x536.jpg 750w\" sizes=\"auto, (max-width: 1140px) 100vw, 1140px\" \/><\/a><figcaption id=\"caption-attachment-319068\" class=\"wp-caption-text\">A tobacco leaf collector arranges them on a stretcher. Photo: Otmaro Rodr\u00edguez.<\/figcaption><\/figure>\n<figure id=\"attachment_319069\" aria-describedby=\"caption-attachment-319069\" style=\"width: 1140px\" class=\"wp-caption aligncenter\"><a href=\"https:\/\/oncubanews.com\/en\/wp-content\/uploads\/2025\/03\/Tabaco9_Otmaro_2025-1.jpg\"><img loading=\"lazy\" decoding=\"async\" class=\"size-full wp-image-319069\" src=\"https:\/\/oncubanews.com\/en\/wp-content\/uploads\/2025\/03\/Tabaco9_Otmaro_2025-1.jpg\" alt=\"\" width=\"1140\" height=\"815\" srcset=\"https:\/\/oncubanews.com\/en\/wp-content\/uploads\/2025\/03\/Tabaco9_Otmaro_2025-1.jpg 1140w, https:\/\/oncubanews.com\/en\/wp-content\/uploads\/2025\/03\/Tabaco9_Otmaro_2025-1-300x214.jpg 300w, https:\/\/oncubanews.com\/en\/wp-content\/uploads\/2025\/03\/Tabaco9_Otmaro_2025-1-1024x732.jpg 1024w, https:\/\/oncubanews.com\/en\/wp-content\/uploads\/2025\/03\/Tabaco9_Otmaro_2025-1-768x549.jpg 768w, https:\/\/oncubanews.com\/en\/wp-content\/uploads\/2025\/03\/Tabaco9_Otmaro_2025-1-120x86.jpg 120w, https:\/\/oncubanews.com\/en\/wp-content\/uploads\/2025\/03\/Tabaco9_Otmaro_2025-1-350x250.jpg 350w, https:\/\/oncubanews.com\/en\/wp-content\/uploads\/2025\/03\/Tabaco9_Otmaro_2025-1-750x536.jpg 750w\" sizes=\"auto, (max-width: 1140px) 100vw, 1140px\" \/><\/a><figcaption id=\"caption-attachment-319069\" class=\"wp-caption-text\">Tobacco leaves protected with cloth for transport. Photo: Otmaro Rodr\u00edguez.<\/figcaption><\/figure>\n<figure id=\"attachment_319071\" aria-describedby=\"caption-attachment-319071\" style=\"width: 1140px\" class=\"wp-caption aligncenter\"><a href=\"https:\/\/oncubanews.com\/en\/wp-content\/uploads\/2025\/03\/Tabaco20_Otmaro_2025-1.jpg\"><img loading=\"lazy\" decoding=\"async\" class=\"size-full wp-image-319071\" src=\"https:\/\/oncubanews.com\/en\/wp-content\/uploads\/2025\/03\/Tabaco20_Otmaro_2025-1.jpg\" alt=\"\" width=\"1140\" height=\"815\" srcset=\"https:\/\/oncubanews.com\/en\/wp-content\/uploads\/2025\/03\/Tabaco20_Otmaro_2025-1.jpg 1140w, https:\/\/oncubanews.com\/en\/wp-content\/uploads\/2025\/03\/Tabaco20_Otmaro_2025-1-300x214.jpg 300w, https:\/\/oncubanews.com\/en\/wp-content\/uploads\/2025\/03\/Tabaco20_Otmaro_2025-1-1024x732.jpg 1024w, https:\/\/oncubanews.com\/en\/wp-content\/uploads\/2025\/03\/Tabaco20_Otmaro_2025-1-768x549.jpg 768w, https:\/\/oncubanews.com\/en\/wp-content\/uploads\/2025\/03\/Tabaco20_Otmaro_2025-1-120x86.jpg 120w, https:\/\/oncubanews.com\/en\/wp-content\/uploads\/2025\/03\/Tabaco20_Otmaro_2025-1-350x250.jpg 350w, https:\/\/oncubanews.com\/en\/wp-content\/uploads\/2025\/03\/Tabaco20_Otmaro_2025-1-750x536.jpg 750w\" sizes=\"auto, (max-width: 1140px) 100vw, 1140px\" \/><\/a><figcaption id=\"caption-attachment-319071\" class=\"wp-caption-text\">Two tobacco farmers transport tobacco leaves from the field to a curing house. Photo: Otmaro Rodr\u00edguez.<\/figcaption><\/figure>\n<figure id=\"attachment_319072\" aria-describedby=\"caption-attachment-319072\" style=\"width: 1140px\" class=\"wp-caption aligncenter\"><a href=\"https:\/\/oncubanews.com\/en\/wp-content\/uploads\/2025\/03\/Tabaco11_Otmaro_2025-1.jpg\"><img loading=\"lazy\" decoding=\"async\" class=\"size-full wp-image-319072\" src=\"https:\/\/oncubanews.com\/en\/wp-content\/uploads\/2025\/03\/Tabaco11_Otmaro_2025-1.jpg\" alt=\"\" width=\"1140\" height=\"815\" srcset=\"https:\/\/oncubanews.com\/en\/wp-content\/uploads\/2025\/03\/Tabaco11_Otmaro_2025-1.jpg 1140w, https:\/\/oncubanews.com\/en\/wp-content\/uploads\/2025\/03\/Tabaco11_Otmaro_2025-1-300x214.jpg 300w, https:\/\/oncubanews.com\/en\/wp-content\/uploads\/2025\/03\/Tabaco11_Otmaro_2025-1-1024x732.jpg 1024w, https:\/\/oncubanews.com\/en\/wp-content\/uploads\/2025\/03\/Tabaco11_Otmaro_2025-1-768x549.jpg 768w, https:\/\/oncubanews.com\/en\/wp-content\/uploads\/2025\/03\/Tabaco11_Otmaro_2025-1-120x86.jpg 120w, https:\/\/oncubanews.com\/en\/wp-content\/uploads\/2025\/03\/Tabaco11_Otmaro_2025-1-350x250.jpg 350w, https:\/\/oncubanews.com\/en\/wp-content\/uploads\/2025\/03\/Tabaco11_Otmaro_2025-1-750x536.jpg 750w\" sizes=\"auto, (max-width: 1140px) 100vw, 1140px\" \/><\/a><figcaption id=\"caption-attachment-319072\" class=\"wp-caption-text\">Transporting tobacco leaves on a stretcher. Photo: Otmaro Rodr\u00edguez.<\/figcaption><\/figure>\n<figure id=\"attachment_319073\" aria-describedby=\"caption-attachment-319073\" style=\"width: 1140px\" class=\"wp-caption aligncenter\"><a href=\"https:\/\/oncubanews.com\/en\/wp-content\/uploads\/2025\/03\/Tabaco12_Otmaro_2025-1.jpg\"><img loading=\"lazy\" decoding=\"async\" class=\"size-full wp-image-319073\" src=\"https:\/\/oncubanews.com\/en\/wp-content\/uploads\/2025\/03\/Tabaco12_Otmaro_2025-1.jpg\" alt=\"\" width=\"1140\" height=\"815\" srcset=\"https:\/\/oncubanews.com\/en\/wp-content\/uploads\/2025\/03\/Tabaco12_Otmaro_2025-1.jpg 1140w, https:\/\/oncubanews.com\/en\/wp-content\/uploads\/2025\/03\/Tabaco12_Otmaro_2025-1-300x214.jpg 300w, https:\/\/oncubanews.com\/en\/wp-content\/uploads\/2025\/03\/Tabaco12_Otmaro_2025-1-1024x732.jpg 1024w, https:\/\/oncubanews.com\/en\/wp-content\/uploads\/2025\/03\/Tabaco12_Otmaro_2025-1-768x549.jpg 768w, https:\/\/oncubanews.com\/en\/wp-content\/uploads\/2025\/03\/Tabaco12_Otmaro_2025-1-120x86.jpg 120w, https:\/\/oncubanews.com\/en\/wp-content\/uploads\/2025\/03\/Tabaco12_Otmaro_2025-1-350x250.jpg 350w, https:\/\/oncubanews.com\/en\/wp-content\/uploads\/2025\/03\/Tabaco12_Otmaro_2025-1-750x536.jpg 750w\" sizes=\"auto, (max-width: 1140px) 100vw, 1140px\" \/><\/a><figcaption id=\"caption-attachment-319073\" class=\"wp-caption-text\">Transporting tobacco leaves on a horse-drawn cart. Photo: Otmaro Rodr\u00edguez.<\/figcaption><\/figure>\n<figure id=\"attachment_319070\" aria-describedby=\"caption-attachment-319070\" style=\"width: 1140px\" class=\"wp-caption aligncenter\"><a href=\"https:\/\/oncubanews.com\/en\/wp-content\/uploads\/2025\/03\/Tabaco10_Otmaro_2025-1.jpg\"><img loading=\"lazy\" decoding=\"async\" class=\"size-full wp-image-319070\" src=\"https:\/\/oncubanews.com\/en\/wp-content\/uploads\/2025\/03\/Tabaco10_Otmaro_2025-1.jpg\" alt=\"\" width=\"1140\" height=\"815\" srcset=\"https:\/\/oncubanews.com\/en\/wp-content\/uploads\/2025\/03\/Tabaco10_Otmaro_2025-1.jpg 1140w, https:\/\/oncubanews.com\/en\/wp-content\/uploads\/2025\/03\/Tabaco10_Otmaro_2025-1-300x214.jpg 300w, https:\/\/oncubanews.com\/en\/wp-content\/uploads\/2025\/03\/Tabaco10_Otmaro_2025-1-1024x732.jpg 1024w, https:\/\/oncubanews.com\/en\/wp-content\/uploads\/2025\/03\/Tabaco10_Otmaro_2025-1-768x549.jpg 768w, https:\/\/oncubanews.com\/en\/wp-content\/uploads\/2025\/03\/Tabaco10_Otmaro_2025-1-120x86.jpg 120w, https:\/\/oncubanews.com\/en\/wp-content\/uploads\/2025\/03\/Tabaco10_Otmaro_2025-1-350x250.jpg 350w, https:\/\/oncubanews.com\/en\/wp-content\/uploads\/2025\/03\/Tabaco10_Otmaro_2025-1-750x536.jpg 750w\" sizes=\"auto, (max-width: 1140px) 100vw, 1140px\" \/><\/a><figcaption id=\"caption-attachment-319070\" class=\"wp-caption-text\">En San Juan y Mart\u00ednez, Pinar del Rio, se cultiva el mejor tabaco del mundo. Foto: Otmaro Rodr\u00edguez<\/figcaption><\/figure>\n<figure id=\"attachment_319074\" aria-describedby=\"caption-attachment-319074\" style=\"width: 1140px\" class=\"wp-caption aligncenter\"><a href=\"https:\/\/oncubanews.com\/en\/wp-content\/uploads\/2025\/03\/Tabaco13_Otmaro_2025-1.jpg\"><img loading=\"lazy\" decoding=\"async\" class=\"size-full wp-image-319074\" src=\"https:\/\/oncubanews.com\/en\/wp-content\/uploads\/2025\/03\/Tabaco13_Otmaro_2025-1.jpg\" alt=\"\" width=\"1140\" height=\"815\" srcset=\"https:\/\/oncubanews.com\/en\/wp-content\/uploads\/2025\/03\/Tabaco13_Otmaro_2025-1.jpg 1140w, https:\/\/oncubanews.com\/en\/wp-content\/uploads\/2025\/03\/Tabaco13_Otmaro_2025-1-300x214.jpg 300w, https:\/\/oncubanews.com\/en\/wp-content\/uploads\/2025\/03\/Tabaco13_Otmaro_2025-1-1024x732.jpg 1024w, https:\/\/oncubanews.com\/en\/wp-content\/uploads\/2025\/03\/Tabaco13_Otmaro_2025-1-768x549.jpg 768w, https:\/\/oncubanews.com\/en\/wp-content\/uploads\/2025\/03\/Tabaco13_Otmaro_2025-1-120x86.jpg 120w, https:\/\/oncubanews.com\/en\/wp-content\/uploads\/2025\/03\/Tabaco13_Otmaro_2025-1-350x250.jpg 350w, https:\/\/oncubanews.com\/en\/wp-content\/uploads\/2025\/03\/Tabaco13_Otmaro_2025-1-750x536.jpg 750w\" sizes=\"auto, (max-width: 1140px) 100vw, 1140px\" \/><\/a><figcaption id=\"caption-attachment-319074\" class=\"wp-caption-text\">Stringing tobacco leaves, one of the oldest tasks. Photo: Otmaro Rodr\u00edguez.<\/figcaption><\/figure>\n<figure id=\"attachment_319075\" aria-describedby=\"caption-attachment-319075\" style=\"width: 1140px\" class=\"wp-caption aligncenter\"><a href=\"https:\/\/oncubanews.com\/en\/wp-content\/uploads\/2025\/03\/Tabaco14_Otmaro_2025-1.jpg\"><img loading=\"lazy\" decoding=\"async\" class=\"size-full wp-image-319075\" src=\"https:\/\/oncubanews.com\/en\/wp-content\/uploads\/2025\/03\/Tabaco14_Otmaro_2025-1.jpg\" alt=\"\" width=\"1140\" height=\"815\" srcset=\"https:\/\/oncubanews.com\/en\/wp-content\/uploads\/2025\/03\/Tabaco14_Otmaro_2025-1.jpg 1140w, https:\/\/oncubanews.com\/en\/wp-content\/uploads\/2025\/03\/Tabaco14_Otmaro_2025-1-300x214.jpg 300w, https:\/\/oncubanews.com\/en\/wp-content\/uploads\/2025\/03\/Tabaco14_Otmaro_2025-1-1024x732.jpg 1024w, https:\/\/oncubanews.com\/en\/wp-content\/uploads\/2025\/03\/Tabaco14_Otmaro_2025-1-768x549.jpg 768w, https:\/\/oncubanews.com\/en\/wp-content\/uploads\/2025\/03\/Tabaco14_Otmaro_2025-1-120x86.jpg 120w, https:\/\/oncubanews.com\/en\/wp-content\/uploads\/2025\/03\/Tabaco14_Otmaro_2025-1-350x250.jpg 350w, https:\/\/oncubanews.com\/en\/wp-content\/uploads\/2025\/03\/Tabaco14_Otmaro_2025-1-750x536.jpg 750w\" sizes=\"auto, (max-width: 1140px) 100vw, 1140px\" \/><\/a><figcaption id=\"caption-attachment-319075\" class=\"wp-caption-text\">After stringing the leaves, they are placed on a wooden stick. Photo: Otmaro Rodr\u00edguez.<\/figcaption><\/figure>\n<figure id=\"attachment_319076\" aria-describedby=\"caption-attachment-319076\" style=\"width: 1140px\" class=\"wp-caption aligncenter\"><a href=\"https:\/\/oncubanews.com\/en\/wp-content\/uploads\/2025\/03\/Tabaco16_Otmaro_2025-1.jpg\"><img loading=\"lazy\" decoding=\"async\" class=\"size-full wp-image-319076\" src=\"https:\/\/oncubanews.com\/en\/wp-content\/uploads\/2025\/03\/Tabaco16_Otmaro_2025-1.jpg\" alt=\"\" width=\"1140\" height=\"815\" srcset=\"https:\/\/oncubanews.com\/en\/wp-content\/uploads\/2025\/03\/Tabaco16_Otmaro_2025-1.jpg 1140w, https:\/\/oncubanews.com\/en\/wp-content\/uploads\/2025\/03\/Tabaco16_Otmaro_2025-1-300x214.jpg 300w, https:\/\/oncubanews.com\/en\/wp-content\/uploads\/2025\/03\/Tabaco16_Otmaro_2025-1-1024x732.jpg 1024w, https:\/\/oncubanews.com\/en\/wp-content\/uploads\/2025\/03\/Tabaco16_Otmaro_2025-1-768x549.jpg 768w, https:\/\/oncubanews.com\/en\/wp-content\/uploads\/2025\/03\/Tabaco16_Otmaro_2025-1-120x86.jpg 120w, https:\/\/oncubanews.com\/en\/wp-content\/uploads\/2025\/03\/Tabaco16_Otmaro_2025-1-350x250.jpg 350w, https:\/\/oncubanews.com\/en\/wp-content\/uploads\/2025\/03\/Tabaco16_Otmaro_2025-1-750x536.jpg 750w\" sizes=\"auto, (max-width: 1140px) 100vw, 1140px\" \/><\/a><figcaption id=\"caption-attachment-319076\" class=\"wp-caption-text\">A worker in a tobacco house. Photo: Otmaro Rodr\u00edguez.<\/figcaption><\/figure>\n<figure id=\"attachment_319077\" aria-describedby=\"caption-attachment-319077\" style=\"width: 1140px\" class=\"wp-caption aligncenter\"><a href=\"https:\/\/oncubanews.com\/en\/wp-content\/uploads\/2025\/03\/Tabaco18_Otmaro_2025-1.jpg\"><img loading=\"lazy\" decoding=\"async\" class=\"size-full wp-image-319077\" src=\"https:\/\/oncubanews.com\/en\/wp-content\/uploads\/2025\/03\/Tabaco18_Otmaro_2025-1.jpg\" alt=\"\" width=\"1140\" height=\"815\" srcset=\"https:\/\/oncubanews.com\/en\/wp-content\/uploads\/2025\/03\/Tabaco18_Otmaro_2025-1.jpg 1140w, https:\/\/oncubanews.com\/en\/wp-content\/uploads\/2025\/03\/Tabaco18_Otmaro_2025-1-300x214.jpg 300w, https:\/\/oncubanews.com\/en\/wp-content\/uploads\/2025\/03\/Tabaco18_Otmaro_2025-1-1024x732.jpg 1024w, https:\/\/oncubanews.com\/en\/wp-content\/uploads\/2025\/03\/Tabaco18_Otmaro_2025-1-768x549.jpg 768w, https:\/\/oncubanews.com\/en\/wp-content\/uploads\/2025\/03\/Tabaco18_Otmaro_2025-1-120x86.jpg 120w, https:\/\/oncubanews.com\/en\/wp-content\/uploads\/2025\/03\/Tabaco18_Otmaro_2025-1-350x250.jpg 350w, https:\/\/oncubanews.com\/en\/wp-content\/uploads\/2025\/03\/Tabaco18_Otmaro_2025-1-750x536.jpg 750w\" sizes=\"auto, (max-width: 1140px) 100vw, 1140px\" \/><\/a><figcaption id=\"caption-attachment-319077\" class=\"wp-caption-text\">A worker with her granddaughter in a tobacco house. Photo: Otmaro Rodr\u00edguez.<\/figcaption><\/figure>\n","protected":false},"excerpt":{"rendered":"<p>Although they do not escape the setbacks of the crisis and other difficulties, the tobacco farmers of Pinar R\u00edo continue \u201cstruggling\u201d with the land and keep alive a centuries-old heritage.<\/p>\n","protected":false},"author":3134,"featured_media":319057,"comment_status":"open","ping_status":"closed","sticky":false,"template":"","format":"standard","meta":{"_acf_changed":false,"footnotes":""},"categories":[34643],"tags":[24004,20965,19256,24003],"ppma_author":[33546],"class_list":["post-319054","post","type-post","status-publish","format-standard","has-post-thumbnail","hentry","category-gallery","tag-cuban-habanos","tag-cuban-tobacco","tag-featured","tag-tobacco-harvest-in-cuba"],"acf":[],"yoast_head":"<!-- This site is optimized with the Yoast SEO plugin v27.3 - https:\/\/yoast.com\/product\/yoast-seo-wordpress\/ -->\n<title>The land and the people of the best tobacco in the world | OnCubaNews English<\/title>\n<meta name=\"description\" content=\"Although they do not escape the setbacks of the crisis and other difficulties, the tobacco farmers of Pinar R\u00edo continue \u201cstruggling\u201d with the land and keep alive a centuries-old heritage.\" \/>\n<meta name=\"robots\" content=\"index, follow, max-snippet:-1, max-image-preview:large, max-video-preview:-1\" \/>\n<link rel=\"canonical\" href=\"https:\/\/oncubanews.com\/en\/digital-channel\/gallery\/the-land-and-the-people-of-the-best-tobacco-in-the-world\/\" \/>\n<meta property=\"og:locale\" content=\"en_US\" \/>\n<meta property=\"og:type\" content=\"article\" \/>\n<meta property=\"og:title\" content=\"The land and the people of the best tobacco in the world | OnCubaNews English\" \/>\n<meta property=\"og:description\" content=\"Although they do not escape the setbacks of the crisis and other difficulties, the tobacco farmers of Pinar R\u00edo continue \u201cstruggling\u201d with the land and keep alive a centuries-old heritage.\" \/>\n<meta property=\"og:url\" content=\"https:\/\/oncubanews.com\/en\/digital-channel\/gallery\/the-land-and-the-people-of-the-best-tobacco-in-the-world\/\" \/>\n<meta property=\"og:site_name\" content=\"OnCubaNews English\" \/>\n<meta property=\"article:published_time\" content=\"2025-03-03T00:13:20+00:00\" \/>\n<meta property=\"og:image\" content=\"https:\/\/oncubanews.com\/en\/wp-content\/uploads\/2025\/03\/Tabaco2_Otmaro_2025-1.jpg\" \/>\n\t<meta property=\"og:image:width\" content=\"1140\" \/>\n\t<meta property=\"og:image:height\" content=\"815\" \/>\n\t<meta property=\"og:image:type\" content=\"image\/jpeg\" \/>\n<meta name=\"author\" content=\"OnCuba Staff\" \/>\n<meta name=\"twitter:card\" content=\"summary_large_image\" \/>\n<meta name=\"twitter:label1\" content=\"Written by\" \/>\n\t<meta name=\"twitter:data1\" content=\"OnCuba Staff\" \/>\n\t<meta name=\"twitter:label2\" content=\"Est. reading time\" \/>\n\t<meta name=\"twitter:data2\" content=\"9 minutes\" \/>\n<script type=\"application\/ld+json\" class=\"yoast-schema-graph\">{\"@context\":\"https:\\\/\\\/schema.org\",\"@graph\":[{\"@type\":\"Article\",\"@id\":\"https:\\\/\\\/oncubanews.com\\\/en\\\/digital-channel\\\/gallery\\\/the-land-and-the-people-of-the-best-tobacco-in-the-world\\\/#article\",\"isPartOf\":{\"@id\":\"https:\\\/\\\/oncubanews.com\\\/en\\\/digital-channel\\\/gallery\\\/the-land-and-the-people-of-the-best-tobacco-in-the-world\\\/\"},\"author\":{\"name\":\"OnCuba Staff\",\"@id\":\"https:\\\/\\\/oncubanews.com\\\/en\\\/#\\\/schema\\\/person\\\/d7171bf311032ab1f557dd8332e714af\"},\"headline\":\"The land and the people of the best tobacco in the world\",\"datePublished\":\"2025-03-03T00:13:20+00:00\",\"mainEntityOfPage\":{\"@id\":\"https:\\\/\\\/oncubanews.com\\\/en\\\/digital-channel\\\/gallery\\\/the-land-and-the-people-of-the-best-tobacco-in-the-world\\\/\"},\"wordCount\":1101,\"commentCount\":0,\"image\":{\"@id\":\"https:\\\/\\\/oncubanews.com\\\/en\\\/digital-channel\\\/gallery\\\/the-land-and-the-people-of-the-best-tobacco-in-the-world\\\/#primaryimage\"},\"thumbnailUrl\":\"https:\\\/\\\/oncubanews.com\\\/en\\\/wp-content\\\/uploads\\\/2025\\\/03\\\/Tabaco2_Otmaro_2025-1.jpg\",\"keywords\":[\"Cuban habanos\",\"cuban tobacco\",\"featured\",\"tobacco harvest in Cuba\"],\"articleSection\":[\"Gallery\"],\"inLanguage\":\"en-US\",\"potentialAction\":[{\"@type\":\"CommentAction\",\"name\":\"Comment\",\"target\":[\"https:\\\/\\\/oncubanews.com\\\/en\\\/digital-channel\\\/gallery\\\/the-land-and-the-people-of-the-best-tobacco-in-the-world\\\/#respond\"]}],\"copyrightYear\":\"2025\",\"copyrightHolder\":{\"@id\":\"https:\\\/\\\/oncubanews.com\\\/en\\\/#organization\"}},{\"@type\":\"WebPage\",\"@id\":\"https:\\\/\\\/oncubanews.com\\\/en\\\/digital-channel\\\/gallery\\\/the-land-and-the-people-of-the-best-tobacco-in-the-world\\\/\",\"url\":\"https:\\\/\\\/oncubanews.com\\\/en\\\/digital-channel\\\/gallery\\\/the-land-and-the-people-of-the-best-tobacco-in-the-world\\\/\",\"name\":\"The land and the people of the best tobacco in the world | OnCubaNews English\",\"isPartOf\":{\"@id\":\"https:\\\/\\\/oncubanews.com\\\/en\\\/#website\"},\"primaryImageOfPage\":{\"@id\":\"https:\\\/\\\/oncubanews.com\\\/en\\\/digital-channel\\\/gallery\\\/the-land-and-the-people-of-the-best-tobacco-in-the-world\\\/#primaryimage\"},\"image\":{\"@id\":\"https:\\\/\\\/oncubanews.com\\\/en\\\/digital-channel\\\/gallery\\\/the-land-and-the-people-of-the-best-tobacco-in-the-world\\\/#primaryimage\"},\"thumbnailUrl\":\"https:\\\/\\\/oncubanews.com\\\/en\\\/wp-content\\\/uploads\\\/2025\\\/03\\\/Tabaco2_Otmaro_2025-1.jpg\",\"datePublished\":\"2025-03-03T00:13:20+00:00\",\"author\":{\"@id\":\"https:\\\/\\\/oncubanews.com\\\/en\\\/#\\\/schema\\\/person\\\/d7171bf311032ab1f557dd8332e714af\"},\"description\":\"Although they do not escape the setbacks of the crisis and other difficulties, the tobacco farmers of Pinar R\u00edo continue \u201cstruggling\u201d with the land and keep alive a centuries-old heritage.\",\"breadcrumb\":{\"@id\":\"https:\\\/\\\/oncubanews.com\\\/en\\\/digital-channel\\\/gallery\\\/the-land-and-the-people-of-the-best-tobacco-in-the-world\\\/#breadcrumb\"},\"inLanguage\":\"en-US\",\"potentialAction\":[{\"@type\":\"ReadAction\",\"target\":[\"https:\\\/\\\/oncubanews.com\\\/en\\\/digital-channel\\\/gallery\\\/the-land-and-the-people-of-the-best-tobacco-in-the-world\\\/\"]}]},{\"@type\":\"ImageObject\",\"inLanguage\":\"en-US\",\"@id\":\"https:\\\/\\\/oncubanews.com\\\/en\\\/digital-channel\\\/gallery\\\/the-land-and-the-people-of-the-best-tobacco-in-the-world\\\/#primaryimage\",\"url\":\"https:\\\/\\\/oncubanews.com\\\/en\\\/wp-content\\\/uploads\\\/2025\\\/03\\\/Tabaco2_Otmaro_2025-1.jpg\",\"contentUrl\":\"https:\\\/\\\/oncubanews.com\\\/en\\\/wp-content\\\/uploads\\\/2025\\\/03\\\/Tabaco2_Otmaro_2025-1.jpg\",\"width\":1140,\"height\":815,\"caption\":\"Harvesting tobacco leaves in San Juan y Mart\u00ednez, Pinar del R\u00edo. Photo: Otmaro Rodr\u00edguez.\"},{\"@type\":\"BreadcrumbList\",\"@id\":\"https:\\\/\\\/oncubanews.com\\\/en\\\/digital-channel\\\/gallery\\\/the-land-and-the-people-of-the-best-tobacco-in-the-world\\\/#breadcrumb\",\"itemListElement\":[{\"@type\":\"ListItem\",\"position\":1,\"name\":\"Portada\",\"item\":\"https:\\\/\\\/oncubanews.com\\\/en\\\/\"},{\"@type\":\"ListItem\",\"position\":2,\"name\":\"The land and the people of the best tobacco in the world\"}]},{\"@type\":\"WebSite\",\"@id\":\"https:\\\/\\\/oncubanews.com\\\/en\\\/#website\",\"url\":\"https:\\\/\\\/oncubanews.com\\\/en\\\/\",\"name\":\"OnCubaNews English\",\"description\":\"Revista sobre Cuba\",\"potentialAction\":[{\"@type\":\"SearchAction\",\"target\":{\"@type\":\"EntryPoint\",\"urlTemplate\":\"https:\\\/\\\/oncubanews.com\\\/en\\\/?s={search_term_string}\"},\"query-input\":{\"@type\":\"PropertyValueSpecification\",\"valueRequired\":true,\"valueName\":\"search_term_string\"}}],\"inLanguage\":\"en-US\"},{\"@type\":\"Person\",\"@id\":\"https:\\\/\\\/oncubanews.com\\\/en\\\/#\\\/schema\\\/person\\\/d7171bf311032ab1f557dd8332e714af\",\"name\":\"OnCuba Staff\",\"image\":{\"@type\":\"ImageObject\",\"inLanguage\":\"en-US\",\"@id\":\"https:\\\/\\\/secure.gravatar.com\\\/avatar\\\/4b4c4d6109baadde898bb1af22ea4a4af5f4417b86a5d1800bf17531bfb128fc?s=96&r=g17310096d4dde63ebae0e54fbb19218a\",\"url\":\"https:\\\/\\\/secure.gravatar.com\\\/avatar\\\/4b4c4d6109baadde898bb1af22ea4a4af5f4417b86a5d1800bf17531bfb128fc?s=96&r=g\",\"contentUrl\":\"https:\\\/\\\/secure.gravatar.com\\\/avatar\\\/4b4c4d6109baadde898bb1af22ea4a4af5f4417b86a5d1800bf17531bfb128fc?s=96&r=g\",\"caption\":\"OnCuba Staff\"},\"url\":\"https:\\\/\\\/oncubanews.com\\\/en\\\/author\\\/oncuba-editorial-staff\\\/\"}]}<\/script>\n<!-- \/ Yoast SEO plugin. -->","yoast_head_json":{"title":"The land and the people of the best tobacco in the world | OnCubaNews English","description":"Although they do not escape the setbacks of the crisis and other difficulties, the tobacco farmers of Pinar R\u00edo continue \u201cstruggling\u201d with the land and keep alive a centuries-old heritage.","robots":{"index":"index","follow":"follow","max-snippet":"max-snippet:-1","max-image-preview":"max-image-preview:large","max-video-preview":"max-video-preview:-1"},"canonical":"https:\/\/oncubanews.com\/en\/digital-channel\/gallery\/the-land-and-the-people-of-the-best-tobacco-in-the-world\/","og_locale":"en_US","og_type":"article","og_title":"The land and the people of the best tobacco in the world | OnCubaNews English","og_description":"Although they do not escape the setbacks of the crisis and other difficulties, the tobacco farmers of Pinar R\u00edo continue \u201cstruggling\u201d with the land and keep alive a centuries-old heritage.","og_url":"https:\/\/oncubanews.com\/en\/digital-channel\/gallery\/the-land-and-the-people-of-the-best-tobacco-in-the-world\/","og_site_name":"OnCubaNews English","article_published_time":"2025-03-03T00:13:20+00:00","og_image":[{"width":1140,"height":815,"url":"https:\/\/oncubanews.com\/en\/wp-content\/uploads\/2025\/03\/Tabaco2_Otmaro_2025-1.jpg","type":"image\/jpeg"}],"author":"OnCuba Staff","twitter_card":"summary_large_image","twitter_misc":{"Written by":"OnCuba Staff","Est. reading time":"9 minutes"},"schema":{"@context":"https:\/\/schema.org","@graph":[{"@type":"Article","@id":"https:\/\/oncubanews.com\/en\/digital-channel\/gallery\/the-land-and-the-people-of-the-best-tobacco-in-the-world\/#article","isPartOf":{"@id":"https:\/\/oncubanews.com\/en\/digital-channel\/gallery\/the-land-and-the-people-of-the-best-tobacco-in-the-world\/"},"author":{"name":"OnCuba Staff","@id":"https:\/\/oncubanews.com\/en\/#\/schema\/person\/d7171bf311032ab1f557dd8332e714af"},"headline":"The land and the people of the best tobacco in the world","datePublished":"2025-03-03T00:13:20+00:00","mainEntityOfPage":{"@id":"https:\/\/oncubanews.com\/en\/digital-channel\/gallery\/the-land-and-the-people-of-the-best-tobacco-in-the-world\/"},"wordCount":1101,"commentCount":0,"image":{"@id":"https:\/\/oncubanews.com\/en\/digital-channel\/gallery\/the-land-and-the-people-of-the-best-tobacco-in-the-world\/#primaryimage"},"thumbnailUrl":"https:\/\/oncubanews.com\/en\/wp-content\/uploads\/2025\/03\/Tabaco2_Otmaro_2025-1.jpg","keywords":["Cuban habanos","cuban tobacco","featured","tobacco harvest in Cuba"],"articleSection":["Gallery"],"inLanguage":"en-US","potentialAction":[{"@type":"CommentAction","name":"Comment","target":["https:\/\/oncubanews.com\/en\/digital-channel\/gallery\/the-land-and-the-people-of-the-best-tobacco-in-the-world\/#respond"]}],"copyrightYear":"2025","copyrightHolder":{"@id":"https:\/\/oncubanews.com\/en\/#organization"}},{"@type":"WebPage","@id":"https:\/\/oncubanews.com\/en\/digital-channel\/gallery\/the-land-and-the-people-of-the-best-tobacco-in-the-world\/","url":"https:\/\/oncubanews.com\/en\/digital-channel\/gallery\/the-land-and-the-people-of-the-best-tobacco-in-the-world\/","name":"The land and the people of the best tobacco in the world | OnCubaNews English","isPartOf":{"@id":"https:\/\/oncubanews.com\/en\/#website"},"primaryImageOfPage":{"@id":"https:\/\/oncubanews.com\/en\/digital-channel\/gallery\/the-land-and-the-people-of-the-best-tobacco-in-the-world\/#primaryimage"},"image":{"@id":"https:\/\/oncubanews.com\/en\/digital-channel\/gallery\/the-land-and-the-people-of-the-best-tobacco-in-the-world\/#primaryimage"},"thumbnailUrl":"https:\/\/oncubanews.com\/en\/wp-content\/uploads\/2025\/03\/Tabaco2_Otmaro_2025-1.jpg","datePublished":"2025-03-03T00:13:20+00:00","author":{"@id":"https:\/\/oncubanews.com\/en\/#\/schema\/person\/d7171bf311032ab1f557dd8332e714af"},"description":"Although they do not escape the setbacks of the crisis and other difficulties, the tobacco farmers of Pinar R\u00edo continue \u201cstruggling\u201d with the land and keep alive a centuries-old heritage.","breadcrumb":{"@id":"https:\/\/oncubanews.com\/en\/digital-channel\/gallery\/the-land-and-the-people-of-the-best-tobacco-in-the-world\/#breadcrumb"},"inLanguage":"en-US","potentialAction":[{"@type":"ReadAction","target":["https:\/\/oncubanews.com\/en\/digital-channel\/gallery\/the-land-and-the-people-of-the-best-tobacco-in-the-world\/"]}]},{"@type":"ImageObject","inLanguage":"en-US","@id":"https:\/\/oncubanews.com\/en\/digital-channel\/gallery\/the-land-and-the-people-of-the-best-tobacco-in-the-world\/#primaryimage","url":"https:\/\/oncubanews.com\/en\/wp-content\/uploads\/2025\/03\/Tabaco2_Otmaro_2025-1.jpg","contentUrl":"https:\/\/oncubanews.com\/en\/wp-content\/uploads\/2025\/03\/Tabaco2_Otmaro_2025-1.jpg","width":1140,"height":815,"caption":"Harvesting tobacco leaves in San Juan y Mart\u00ednez, Pinar del R\u00edo. Photo: Otmaro Rodr\u00edguez."},{"@type":"BreadcrumbList","@id":"https:\/\/oncubanews.com\/en\/digital-channel\/gallery\/the-land-and-the-people-of-the-best-tobacco-in-the-world\/#breadcrumb","itemListElement":[{"@type":"ListItem","position":1,"name":"Portada","item":"https:\/\/oncubanews.com\/en\/"},{"@type":"ListItem","position":2,"name":"The land and the people of the best tobacco in the world"}]},{"@type":"WebSite","@id":"https:\/\/oncubanews.com\/en\/#website","url":"https:\/\/oncubanews.com\/en\/","name":"OnCubaNews English","description":"Revista sobre Cuba","potentialAction":[{"@type":"SearchAction","target":{"@type":"EntryPoint","urlTemplate":"https:\/\/oncubanews.com\/en\/?s={search_term_string}"},"query-input":{"@type":"PropertyValueSpecification","valueRequired":true,"valueName":"search_term_string"}}],"inLanguage":"en-US"},{"@type":"Person","@id":"https:\/\/oncubanews.com\/en\/#\/schema\/person\/d7171bf311032ab1f557dd8332e714af","name":"OnCuba Staff","image":{"@type":"ImageObject","inLanguage":"en-US","@id":"https:\/\/secure.gravatar.com\/avatar\/4b4c4d6109baadde898bb1af22ea4a4af5f4417b86a5d1800bf17531bfb128fc?s=96&r=g17310096d4dde63ebae0e54fbb19218a","url":"https:\/\/secure.gravatar.com\/avatar\/4b4c4d6109baadde898bb1af22ea4a4af5f4417b86a5d1800bf17531bfb128fc?s=96&r=g","contentUrl":"https:\/\/secure.gravatar.com\/avatar\/4b4c4d6109baadde898bb1af22ea4a4af5f4417b86a5d1800bf17531bfb128fc?s=96&r=g","caption":"OnCuba Staff"},"url":"https:\/\/oncubanews.com\/en\/author\/oncuba-editorial-staff\/"}]}},"authors":[{"term_id":33546,"user_id":3134,"is_guest":0,"slug":"oncuba-editorial-staff","display_name":"OnCuba Staff","avatar_url":"https:\/\/secure.gravatar.com\/avatar\/4b4c4d6109baadde898bb1af22ea4a4af5f4417b86a5d1800bf17531bfb128fc?s=96&r=g","0":null,"1":"","2":"","3":"","4":"","5":"","6":"","7":"","8":""}],"_links":{"self":[{"href":"https:\/\/oncubanews.com\/en\/wp-json\/wp\/v2\/posts\/319054","targetHints":{"allow":["GET"]}}],"collection":[{"href":"https:\/\/oncubanews.com\/en\/wp-json\/wp\/v2\/posts"}],"about":[{"href":"https:\/\/oncubanews.com\/en\/wp-json\/wp\/v2\/types\/post"}],"author":[{"embeddable":true,"href":"https:\/\/oncubanews.com\/en\/wp-json\/wp\/v2\/users\/3134"}],"replies":[{"embeddable":true,"href":"https:\/\/oncubanews.com\/en\/wp-json\/wp\/v2\/comments?post=319054"}],"version-history":[{"count":3,"href":"https:\/\/oncubanews.com\/en\/wp-json\/wp\/v2\/posts\/319054\/revisions"}],"predecessor-version":[{"id":319078,"href":"https:\/\/oncubanews.com\/en\/wp-json\/wp\/v2\/posts\/319054\/revisions\/319078"}],"wp:featuredmedia":[{"embeddable":true,"href":"https:\/\/oncubanews.com\/en\/wp-json\/wp\/v2\/media\/319057"}],"wp:attachment":[{"href":"https:\/\/oncubanews.com\/en\/wp-json\/wp\/v2\/media?parent=319054"}],"wp:term":[{"taxonomy":"category","embeddable":true,"href":"https:\/\/oncubanews.com\/en\/wp-json\/wp\/v2\/categories?post=319054"},{"taxonomy":"post_tag","embeddable":true,"href":"https:\/\/oncubanews.com\/en\/wp-json\/wp\/v2\/tags?post=319054"},{"taxonomy":"author","embeddable":true,"href":"https:\/\/oncubanews.com\/en\/wp-json\/wp\/v2\/ppma_author?post=319054"}],"curies":[{"name":"wp","href":"https:\/\/api.w.org\/{rel}","templated":true}]}}