
{"id":319406,"date":"2025-03-08T17:13:57","date_gmt":"2025-03-08T22:13:57","guid":{"rendered":"https:\/\/oncubanews.com\/en\/?p=319406"},"modified":"2025-03-08T17:13:57","modified_gmt":"2025-03-08T22:13:57","slug":"conor-kennedys-cuban-experience","status":"publish","type":"post","link":"https:\/\/oncubanews.com\/en\/cuba-usa\/conor-kennedys-cuban-experience\/","title":{"rendered":"Conor Kennedy\u2019s Cuban experience"},"content":{"rendered":"<p><span style=\"font-weight: 400;\">Conor Kennedy (1994) is the eldest of Robert F. Kennedy Jr.\u2019s four children with Mary Kathleen Richardson Kennedy (1959-2012), who committed suicide by hanging herself in her home in Bedford, New York, when he was 17 years old. Death and tragedy haunt that family like inevitable ghostly shadows.<\/span><\/p>\n<p><span style=\"font-weight: 400;\">Conor graduated from high school at <\/span><a href=\"https:\/\/deerfield.edu\/\" target=\"_blank\" rel=\"noopener\"><b>Deerfield Academy<\/b><\/a><span style=\"font-weight: 400;\"> in Massachusetts, one of the oldest and most prestigious educational institutions in the United States, opened in 1797 under the auspices of Samuel Adams, one of the founding fathers, to contribute \u201cto the education of youth in the liberal arts and sciences, and to all other useful learning.\u201d<\/span><\/p>\n<p><span style=\"font-weight: 400;\">He then studied at Harvard University, where he graduated cum laude with a BA in History and Literature (2018), and later earned his JD in Law from Georgetown University (2023) in Washington DC.<\/span><\/p>\n<p><span style=\"font-weight: 400;\">At 18, he made headlines due to his relationship with the already famous Taylor Swift, when she was 22 years old. The press claimed that she was \u201cmadly in love\u201d with him after meeting him at a party in Massachusetts on a 4th of July. But the relationship did not last long. It is said that two of her songs are inspired by the young Kennedy: \u201c<\/span><a href=\"https:\/\/www.youtube.com\/watch?v=w1oM3kQpXRo\" target=\"_blank\" rel=\"noopener\"><b>Everything Has Changed\u201d<\/b><\/a><span style=\"font-weight: 400;\"> and \u201c<\/span><a href=\"https:\/\/www.youtube.com\/watch?v=cMPEd8m79Hw\" target=\"_blank\" rel=\"noopener\"><b>Begin Again<\/b><\/a><span style=\"font-weight: 400;\">.\u201d<\/span><\/p>\n<p><span style=\"font-weight: 400;\">The following year, he was arrested alongside his father, stepmother and more than 40 Sierra Club environmentalists for participating in a demonstration outside the White House against the Keystone XL pipeline as part of a massive national protest movement. The $9 billion pipeline was first proposed in 2008 to carry 830,000 barrels of oil a day from Canada to U.S. refineries, but has had a checkered history since then. The Trump administration, however, has just urged the company building it to <\/span><a href=\"https:\/\/www.reuters.com\/world\/us\/trump-says-he-wants-keystone-xl-pipeline-be-built-2025-02-25\" target=\"_blank\" rel=\"noopener\"><b>\u201creturn to the United States.\u201d<\/b><\/a><\/p>\n<p><span style=\"font-weight: 400;\">Three years later, Conor was back in the headlines when he was arrested for a brawl outside a club in Aspen, Colorado, for defending a gay friend who had been called a homophobic slur by two men.<\/span><\/p>\n<p><span style=\"font-weight: 400;\">Several witnesses said they saw him punch a young man four or five times in the head before tangling with a police officer who tried to restrain him. They say he later apologized to the officer.<\/span><\/p>\n<p><span style=\"font-weight: 400;\">He was booked on a charge of disorderly conduct, a misdemeanor, and released on a court summons, but the incident had no further repercussions. \u201cLike any father, I don\u2019t want to see my son fighting or involved with the police,\u201d RFK Jr. told <\/span><a href=\"https:\/\/people.com\/crime\/conor-kennedy-bar-fight-homophobic-slur\" target=\"_blank\" rel=\"noopener\"><b><i>People<\/i><\/b><b> magazine<\/b><b><i>.<\/i><\/b><\/a><span style=\"font-weight: 400;\"> \u201cBut on the other hand, I\u2019m proud that he stands up to the bullies.\u201d<\/span><\/p>\n<p><b>Jardines de la Reina<\/b><\/p>\n<p><span style=\"font-weight: 400;\">In 2014, at age 20, Conor took a trip with his father and one of his brothers to Jardines de la Reina, one of the last marine protected areas in the Caribbean Sea and declared a National Park by the Cuban government in 2010.<\/span><\/p>\n<p><span style=\"font-weight: 400;\">In a text <\/span><a href=\"https:\/\/www.ecowatch.com\/cuba-and-the-embargo-1881963611.html\" target=\"_blank\" rel=\"noopener\"><b>published by EcoWatch<\/b><\/a><span style=\"font-weight: 400;\">, a digital platform specializing in environmental news and one of the forums of the U.S. left, Conor wrote his impressions of this Cuban place that \u201cis home to rare life forms such as marine mammals, three species of sea turtles, pink snails (a type of large mollusk) and extremely sensitive staghorn and elkhorn corals.\u201d And above all, a reservoir of <\/span><a href=\"https:\/\/globalconservation.org\/projects\/jardines-de-la-reina-national-park-cuba\" target=\"_blank\" rel=\"noopener\"><b>black corals<\/b><\/a><span style=\"font-weight: 400;\">, classified among the oldest living organisms in the world.<\/span><\/p>\n<p><span style=\"font-weight: 400;\">There he sets out his views on the environment and its preservation in Cuba:<\/span><\/p>\n<p><i><span style=\"font-weight: 400;\">In one sense, Cuba\u2019s political and economic isolation has given it the opportunity to make good long-term decisions about its environment. Instead of responding to market pressures and the corrupting influence of corporate money and campaign contributions to sprout hotels and resorts on every spit of sand and open water, Cuba\u2019s beaches and reefs have been largely protected.<\/span><\/i><\/p>\n<p><span style=\"font-weight: 400;\">He takes this idea as a background to delve into the subject of the embargo and its multilateral impacts. The fact does not mean, however, that the young Kennedy is a supporter of the government and the political structure in force since the 1970s, when under institutionalization (1971-1985) the Soviet model was adopted, albeit with adjustments and adaptations. Kennedy broadly shares the values <\/span><span style=\"font-weight: 400;\">\u200b\u200b<\/span><span style=\"font-weight: 400;\">and approaches present in the mainstream.<\/span><\/p>\n<figure style=\"width: 800px\" class=\"wp-caption aligncenter\"><img loading=\"lazy\" decoding=\"async\" src=\"https:\/\/oncubanews.com\/wp-content\/uploads\/2025\/03\/Kennedy-buceo-Cuba.jpeg\" alt=\"In Jardines de la Reina. Photo: Noel L\u00f3pez.\" width=\"800\" height=\"534\" \/><figcaption class=\"wp-caption-text\">In Jardines de la Reina. Photo: Noel L\u00f3pez.<\/figcaption><\/figure>\n<p><span style=\"font-weight: 400;\">That is why he says:<\/span><\/p>\n<p><i><span style=\"font-weight: 400;\">The Cuban government restricts basic freedoms like freedom of speech and assembly. The government owns the media\u2026. Elections, as in most old-school communist countries, offer limited options.<\/span><\/i><\/p>\n<p><span style=\"font-weight: 400;\">But what is interesting is that he distances himself from the hard lines of the spectrum, appealing to ideas that he takes from his father; in this case, by reaffirming the validity of an old problem: double standards in U.S. foreign policy:<\/span><\/p>\n<p><i><span style=\"font-weight: 400;\">Most Americans of my generation ought to look deeper into the justification for our longstanding embargo against this tiny island.<\/span><\/i><\/p>\n<p><i><span style=\"font-weight: 400;\">There are real tyrants in the world, with whom America has made close allies and many governments with much worse human rights records than Cuba \u2014 Azerbaijan, for example, whose president Ilham Aliyev boils his opponents in oil, Saudi Arabia, Jordan, China, Bahrain, Tajikistan, Uzbekistan and many others where torture, enforced disappearances, religious intolerance, suppression of speech and assembly, medieval oppression of women, sham elections and non-judicial executions are all government practices.<\/span><\/i><\/p>\n<p><span style=\"font-weight: 400;\">Finally, he introduces the human dimension and the effects of that policy on ordinary Cubans, especially in the midst of the Special Period, which began in Cuba when the maps changed color:<\/span><\/p>\n<p><i><span style=\"font-weight: 400;\">It is clear to everyone that the embargo first implemented during the Eisenhower Administration in October 1960, unfairly punishes regular Cubans. Mostly due to the embargo, Cubans suffer a cataclysmic lack of medicine and medical equipment, and long lines outside their pharmacies. We saw some Cuban hospitals that looked like dilapidated ghettos. The embargo impedes economic development by making virtually every commodity and every species of equipment both cataclysmically expensive and difficult to obtain.<\/span><\/i><\/p>\n<p><span style=\"font-weight: 400;\">In 2022 he enlisted in the International Legion to fight against the Russian invasion in Ukraine. \u201cLike many people, I was deeply moved by what I saw happening in Ukraine over the past year <\/span><a href=\"https:\/\/honey.nine.com.au\/latest\/conor-kennedy-who-is-he-everything-to-know-explainer\/943a1368-6317-4846-a923-ad0bce7b1ce5\" target=\"_blank\" rel=\"noopener\"><b>I wanted to help,\u201d he wrote.<\/b><\/a><span style=\"font-weight: 400;\"> \u201cWhen I heard about Ukraine&#8217;s International Legion, I knew I was going, and I went to the embassy to enlist the next day.\u201d But he was turned down for lack of military experience and went straight to Poland, from where he went on to Ukraine. After serving for two and a half months, he concluded: \u201cI liked being a soldier, more than I had expected. It is scary. But life is simple, and the rewards for finding courage and doing good are substantial.\u201d<\/span><\/p>\n<p><span style=\"font-weight: 400;\">Today he is a lawyer with the Los Angeles law firm Wisner Baum and is engaged to Brazilian singer, songwriter and actress Giulia Bourguignon Marinho, better known as Giulia Be.<\/span><\/p>\n","protected":false},"excerpt":{"rendered":"<p>Robert Kennedy Jr.\u2019s eldest son was in the Jardines de la Reina, Cuba, with his father in 2014. Upon his return to the United States, he wrote about the embargo.<\/p>\n","protected":false},"author":3462,"featured_media":319408,"comment_status":"open","ping_status":"closed","sticky":false,"template":"","format":"standard","meta":{"_acf_changed":false,"footnotes":""},"categories":[13944],"tags":[34606,19256],"ppma_author":[33935],"class_list":["post-319406","post","type-post","status-publish","format-standard","has-post-thumbnail","hentry","category-cuba-usa","tag-cuba-united-states","tag-featured"],"acf":[],"yoast_head":"<!-- This site is optimized with the Yoast SEO plugin v27.3 - https:\/\/yoast.com\/product\/yoast-seo-wordpress\/ -->\n<title>Conor Kennedy\u2019s Cuban experience | OnCubaNews English<\/title>\n<meta name=\"description\" content=\"Conor Kennedy took a trip with his father and one of his brothers to Jardines de la Reina. Upon his return to the United States, he wrote about the embargo.\" \/>\n<meta name=\"robots\" content=\"index, follow, max-snippet:-1, max-image-preview:large, max-video-preview:-1\" \/>\n<link rel=\"canonical\" href=\"https:\/\/oncubanews.com\/en\/cuba-usa\/conor-kennedys-cuban-experience\/\" \/>\n<meta property=\"og:locale\" content=\"en_US\" \/>\n<meta property=\"og:type\" content=\"article\" \/>\n<meta property=\"og:title\" content=\"Conor Kennedy\u2019s Cuban experience | OnCubaNews English\" \/>\n<meta property=\"og:description\" content=\"Conor Kennedy took a trip with his father and one of his brothers to Jardines de la Reina. Upon his return to the United States, he wrote about the embargo.\" \/>\n<meta property=\"og:url\" content=\"https:\/\/oncubanews.com\/en\/cuba-usa\/conor-kennedys-cuban-experience\/\" \/>\n<meta property=\"og:site_name\" content=\"OnCubaNews English\" \/>\n<meta property=\"article:published_time\" content=\"2025-03-08T22:13:57+00:00\" \/>\n<meta property=\"og:image\" content=\"https:\/\/oncubanews.com\/en\/wp-content\/uploads\/2025\/03\/conor-kennedy-IG-1.jpg\" \/>\n\t<meta property=\"og:image:width\" content=\"1140\" \/>\n\t<meta property=\"og:image:height\" content=\"815\" \/>\n\t<meta property=\"og:image:type\" content=\"image\/jpeg\" \/>\n<meta name=\"author\" content=\"Alfredo Prieto\" \/>\n<meta name=\"twitter:card\" content=\"summary_large_image\" \/>\n<meta name=\"twitter:label1\" content=\"Written by\" \/>\n\t<meta name=\"twitter:data1\" content=\"Alfredo Prieto\" \/>\n\t<meta name=\"twitter:label2\" content=\"Est. reading time\" \/>\n\t<meta name=\"twitter:data2\" content=\"6 minutes\" \/>\n<script type=\"application\/ld+json\" class=\"yoast-schema-graph\">{\"@context\":\"https:\\\/\\\/schema.org\",\"@graph\":[{\"@type\":\"Article\",\"@id\":\"https:\\\/\\\/oncubanews.com\\\/en\\\/cuba-usa\\\/conor-kennedys-cuban-experience\\\/#article\",\"isPartOf\":{\"@id\":\"https:\\\/\\\/oncubanews.com\\\/en\\\/cuba-usa\\\/conor-kennedys-cuban-experience\\\/\"},\"author\":{\"name\":\"Alfredo Prieto\",\"@id\":\"https:\\\/\\\/oncubanews.com\\\/en\\\/#\\\/schema\\\/person\\\/d48f92f9024c8ee23fa3311de3bde1bb\"},\"headline\":\"Conor Kennedy\u2019s Cuban experience\",\"datePublished\":\"2025-03-08T22:13:57+00:00\",\"mainEntityOfPage\":{\"@id\":\"https:\\\/\\\/oncubanews.com\\\/en\\\/cuba-usa\\\/conor-kennedys-cuban-experience\\\/\"},\"wordCount\":1129,\"commentCount\":0,\"image\":{\"@id\":\"https:\\\/\\\/oncubanews.com\\\/en\\\/cuba-usa\\\/conor-kennedys-cuban-experience\\\/#primaryimage\"},\"thumbnailUrl\":\"https:\\\/\\\/oncubanews.com\\\/en\\\/wp-content\\\/uploads\\\/2025\\\/03\\\/conor-kennedy-IG-1.jpg\",\"keywords\":[\"Cuba-United States\",\"featured\"],\"articleSection\":[\"Cuba-USA\"],\"inLanguage\":\"en-US\",\"potentialAction\":[{\"@type\":\"CommentAction\",\"name\":\"Comment\",\"target\":[\"https:\\\/\\\/oncubanews.com\\\/en\\\/cuba-usa\\\/conor-kennedys-cuban-experience\\\/#respond\"]}],\"copyrightYear\":\"2025\",\"copyrightHolder\":{\"@id\":\"https:\\\/\\\/oncubanews.com\\\/en\\\/#organization\"}},{\"@type\":\"WebPage\",\"@id\":\"https:\\\/\\\/oncubanews.com\\\/en\\\/cuba-usa\\\/conor-kennedys-cuban-experience\\\/\",\"url\":\"https:\\\/\\\/oncubanews.com\\\/en\\\/cuba-usa\\\/conor-kennedys-cuban-experience\\\/\",\"name\":\"Conor Kennedy\u2019s Cuban experience | OnCubaNews English\",\"isPartOf\":{\"@id\":\"https:\\\/\\\/oncubanews.com\\\/en\\\/#website\"},\"primaryImageOfPage\":{\"@id\":\"https:\\\/\\\/oncubanews.com\\\/en\\\/cuba-usa\\\/conor-kennedys-cuban-experience\\\/#primaryimage\"},\"image\":{\"@id\":\"https:\\\/\\\/oncubanews.com\\\/en\\\/cuba-usa\\\/conor-kennedys-cuban-experience\\\/#primaryimage\"},\"thumbnailUrl\":\"https:\\\/\\\/oncubanews.com\\\/en\\\/wp-content\\\/uploads\\\/2025\\\/03\\\/conor-kennedy-IG-1.jpg\",\"datePublished\":\"2025-03-08T22:13:57+00:00\",\"author\":{\"@id\":\"https:\\\/\\\/oncubanews.com\\\/en\\\/#\\\/schema\\\/person\\\/d48f92f9024c8ee23fa3311de3bde1bb\"},\"description\":\"Conor Kennedy took a trip with his father and one of his brothers to Jardines de la Reina. Upon his return to the United States, he wrote about the embargo.\",\"breadcrumb\":{\"@id\":\"https:\\\/\\\/oncubanews.com\\\/en\\\/cuba-usa\\\/conor-kennedys-cuban-experience\\\/#breadcrumb\"},\"inLanguage\":\"en-US\",\"potentialAction\":[{\"@type\":\"ReadAction\",\"target\":[\"https:\\\/\\\/oncubanews.com\\\/en\\\/cuba-usa\\\/conor-kennedys-cuban-experience\\\/\"]}]},{\"@type\":\"ImageObject\",\"inLanguage\":\"en-US\",\"@id\":\"https:\\\/\\\/oncubanews.com\\\/en\\\/cuba-usa\\\/conor-kennedys-cuban-experience\\\/#primaryimage\",\"url\":\"https:\\\/\\\/oncubanews.com\\\/en\\\/wp-content\\\/uploads\\\/2025\\\/03\\\/conor-kennedy-IG-1.jpg\",\"contentUrl\":\"https:\\\/\\\/oncubanews.com\\\/en\\\/wp-content\\\/uploads\\\/2025\\\/03\\\/conor-kennedy-IG-1.jpg\",\"width\":1140,\"height\":815,\"caption\":\"Conor Kennedy, JFK\u2019s great-nephew. Photo: Conor Kennedy\u2019s Instagram account.\"},{\"@type\":\"BreadcrumbList\",\"@id\":\"https:\\\/\\\/oncubanews.com\\\/en\\\/cuba-usa\\\/conor-kennedys-cuban-experience\\\/#breadcrumb\",\"itemListElement\":[{\"@type\":\"ListItem\",\"position\":1,\"name\":\"Portada\",\"item\":\"https:\\\/\\\/oncubanews.com\\\/en\\\/\"},{\"@type\":\"ListItem\",\"position\":2,\"name\":\"Conor Kennedy\u2019s Cuban experience\"}]},{\"@type\":\"WebSite\",\"@id\":\"https:\\\/\\\/oncubanews.com\\\/en\\\/#website\",\"url\":\"https:\\\/\\\/oncubanews.com\\\/en\\\/\",\"name\":\"OnCubaNews English\",\"description\":\"Revista sobre Cuba\",\"potentialAction\":[{\"@type\":\"SearchAction\",\"target\":{\"@type\":\"EntryPoint\",\"urlTemplate\":\"https:\\\/\\\/oncubanews.com\\\/en\\\/?s={search_term_string}\"},\"query-input\":{\"@type\":\"PropertyValueSpecification\",\"valueRequired\":true,\"valueName\":\"search_term_string\"}}],\"inLanguage\":\"en-US\"},{\"@type\":\"Person\",\"@id\":\"https:\\\/\\\/oncubanews.com\\\/en\\\/#\\\/schema\\\/person\\\/d48f92f9024c8ee23fa3311de3bde1bb\",\"name\":\"Alfredo Prieto\",\"image\":{\"@type\":\"ImageObject\",\"inLanguage\":\"en-US\",\"@id\":\"https:\\\/\\\/oncubanews.com\\\/wp-content\\\/uploads\\\/2016\\\/12\\\/Alfredo-Prieto_avatar_1481560104-96x96.jpgdb7880e33c09eaa662b7df867ae2a977\",\"url\":\"https:\\\/\\\/oncubanews.com\\\/wp-content\\\/uploads\\\/2016\\\/12\\\/Alfredo-Prieto_avatar_1481560104-96x96.jpg\",\"contentUrl\":\"https:\\\/\\\/oncubanews.com\\\/wp-content\\\/uploads\\\/2016\\\/12\\\/Alfredo-Prieto_avatar_1481560104-96x96.jpg\",\"caption\":\"Alfredo Prieto\"},\"description\":\"Investigador, editor y periodista. Ha trabajado como Jefe de Redacci\u00f3n de Cuadernos de Nuestra Am\u00e9rica, Caminos, Temas y Cultura y Desarrollo, y ejercido la investigaci\u00f3n y la docencia en varias universidades. Autor de La prensa de los Estados Unidos y la agenda interamericana y El otro en el espejo.\",\"url\":\"https:\\\/\\\/oncubanews.com\\\/en\\\/author\\\/alfredoprieto\\\/\"}]}<\/script>\n<!-- \/ Yoast SEO plugin. -->","yoast_head_json":{"title":"Conor Kennedy\u2019s Cuban experience | OnCubaNews English","description":"Conor Kennedy took a trip with his father and one of his brothers to Jardines de la Reina. Upon his return to the United States, he wrote about the embargo.","robots":{"index":"index","follow":"follow","max-snippet":"max-snippet:-1","max-image-preview":"max-image-preview:large","max-video-preview":"max-video-preview:-1"},"canonical":"https:\/\/oncubanews.com\/en\/cuba-usa\/conor-kennedys-cuban-experience\/","og_locale":"en_US","og_type":"article","og_title":"Conor Kennedy\u2019s Cuban experience | OnCubaNews English","og_description":"Conor Kennedy took a trip with his father and one of his brothers to Jardines de la Reina. Upon his return to the United States, he wrote about the embargo.","og_url":"https:\/\/oncubanews.com\/en\/cuba-usa\/conor-kennedys-cuban-experience\/","og_site_name":"OnCubaNews English","article_published_time":"2025-03-08T22:13:57+00:00","og_image":[{"width":1140,"height":815,"url":"https:\/\/oncubanews.com\/en\/wp-content\/uploads\/2025\/03\/conor-kennedy-IG-1.jpg","type":"image\/jpeg"}],"author":"Alfredo Prieto","twitter_card":"summary_large_image","twitter_misc":{"Written by":"Alfredo Prieto","Est. reading time":"6 minutes"},"schema":{"@context":"https:\/\/schema.org","@graph":[{"@type":"Article","@id":"https:\/\/oncubanews.com\/en\/cuba-usa\/conor-kennedys-cuban-experience\/#article","isPartOf":{"@id":"https:\/\/oncubanews.com\/en\/cuba-usa\/conor-kennedys-cuban-experience\/"},"author":{"name":"Alfredo Prieto","@id":"https:\/\/oncubanews.com\/en\/#\/schema\/person\/d48f92f9024c8ee23fa3311de3bde1bb"},"headline":"Conor Kennedy\u2019s Cuban experience","datePublished":"2025-03-08T22:13:57+00:00","mainEntityOfPage":{"@id":"https:\/\/oncubanews.com\/en\/cuba-usa\/conor-kennedys-cuban-experience\/"},"wordCount":1129,"commentCount":0,"image":{"@id":"https:\/\/oncubanews.com\/en\/cuba-usa\/conor-kennedys-cuban-experience\/#primaryimage"},"thumbnailUrl":"https:\/\/oncubanews.com\/en\/wp-content\/uploads\/2025\/03\/conor-kennedy-IG-1.jpg","keywords":["Cuba-United States","featured"],"articleSection":["Cuba-USA"],"inLanguage":"en-US","potentialAction":[{"@type":"CommentAction","name":"Comment","target":["https:\/\/oncubanews.com\/en\/cuba-usa\/conor-kennedys-cuban-experience\/#respond"]}],"copyrightYear":"2025","copyrightHolder":{"@id":"https:\/\/oncubanews.com\/en\/#organization"}},{"@type":"WebPage","@id":"https:\/\/oncubanews.com\/en\/cuba-usa\/conor-kennedys-cuban-experience\/","url":"https:\/\/oncubanews.com\/en\/cuba-usa\/conor-kennedys-cuban-experience\/","name":"Conor Kennedy\u2019s Cuban experience | OnCubaNews English","isPartOf":{"@id":"https:\/\/oncubanews.com\/en\/#website"},"primaryImageOfPage":{"@id":"https:\/\/oncubanews.com\/en\/cuba-usa\/conor-kennedys-cuban-experience\/#primaryimage"},"image":{"@id":"https:\/\/oncubanews.com\/en\/cuba-usa\/conor-kennedys-cuban-experience\/#primaryimage"},"thumbnailUrl":"https:\/\/oncubanews.com\/en\/wp-content\/uploads\/2025\/03\/conor-kennedy-IG-1.jpg","datePublished":"2025-03-08T22:13:57+00:00","author":{"@id":"https:\/\/oncubanews.com\/en\/#\/schema\/person\/d48f92f9024c8ee23fa3311de3bde1bb"},"description":"Conor Kennedy took a trip with his father and one of his brothers to Jardines de la Reina. Upon his return to the United States, he wrote about the embargo.","breadcrumb":{"@id":"https:\/\/oncubanews.com\/en\/cuba-usa\/conor-kennedys-cuban-experience\/#breadcrumb"},"inLanguage":"en-US","potentialAction":[{"@type":"ReadAction","target":["https:\/\/oncubanews.com\/en\/cuba-usa\/conor-kennedys-cuban-experience\/"]}]},{"@type":"ImageObject","inLanguage":"en-US","@id":"https:\/\/oncubanews.com\/en\/cuba-usa\/conor-kennedys-cuban-experience\/#primaryimage","url":"https:\/\/oncubanews.com\/en\/wp-content\/uploads\/2025\/03\/conor-kennedy-IG-1.jpg","contentUrl":"https:\/\/oncubanews.com\/en\/wp-content\/uploads\/2025\/03\/conor-kennedy-IG-1.jpg","width":1140,"height":815,"caption":"Conor Kennedy, JFK\u2019s great-nephew. Photo: Conor Kennedy\u2019s Instagram account."},{"@type":"BreadcrumbList","@id":"https:\/\/oncubanews.com\/en\/cuba-usa\/conor-kennedys-cuban-experience\/#breadcrumb","itemListElement":[{"@type":"ListItem","position":1,"name":"Portada","item":"https:\/\/oncubanews.com\/en\/"},{"@type":"ListItem","position":2,"name":"Conor Kennedy\u2019s Cuban experience"}]},{"@type":"WebSite","@id":"https:\/\/oncubanews.com\/en\/#website","url":"https:\/\/oncubanews.com\/en\/","name":"OnCubaNews English","description":"Revista sobre Cuba","potentialAction":[{"@type":"SearchAction","target":{"@type":"EntryPoint","urlTemplate":"https:\/\/oncubanews.com\/en\/?s={search_term_string}"},"query-input":{"@type":"PropertyValueSpecification","valueRequired":true,"valueName":"search_term_string"}}],"inLanguage":"en-US"},{"@type":"Person","@id":"https:\/\/oncubanews.com\/en\/#\/schema\/person\/d48f92f9024c8ee23fa3311de3bde1bb","name":"Alfredo Prieto","image":{"@type":"ImageObject","inLanguage":"en-US","@id":"https:\/\/oncubanews.com\/wp-content\/uploads\/2016\/12\/Alfredo-Prieto_avatar_1481560104-96x96.jpgdb7880e33c09eaa662b7df867ae2a977","url":"https:\/\/oncubanews.com\/wp-content\/uploads\/2016\/12\/Alfredo-Prieto_avatar_1481560104-96x96.jpg","contentUrl":"https:\/\/oncubanews.com\/wp-content\/uploads\/2016\/12\/Alfredo-Prieto_avatar_1481560104-96x96.jpg","caption":"Alfredo Prieto"},"description":"Investigador, editor y periodista. Ha trabajado como Jefe de Redacci\u00f3n de Cuadernos de Nuestra Am\u00e9rica, Caminos, Temas y Cultura y Desarrollo, y ejercido la investigaci\u00f3n y la docencia en varias universidades. Autor de La prensa de los Estados Unidos y la agenda interamericana y El otro en el espejo.","url":"https:\/\/oncubanews.com\/en\/author\/alfredoprieto\/"}]}},"authors":[{"term_id":33935,"user_id":3462,"is_guest":0,"slug":"alfredoprieto","display_name":"Alfredo Prieto","avatar_url":"https:\/\/oncubanews.com\/wp-content\/uploads\/2016\/12\/Alfredo-Prieto_avatar_1481560104-96x96.jpg","0":null,"1":"","2":"","3":"","4":"","5":"","6":"","7":"","8":""}],"_links":{"self":[{"href":"https:\/\/oncubanews.com\/en\/wp-json\/wp\/v2\/posts\/319406","targetHints":{"allow":["GET"]}}],"collection":[{"href":"https:\/\/oncubanews.com\/en\/wp-json\/wp\/v2\/posts"}],"about":[{"href":"https:\/\/oncubanews.com\/en\/wp-json\/wp\/v2\/types\/post"}],"author":[{"embeddable":true,"href":"https:\/\/oncubanews.com\/en\/wp-json\/wp\/v2\/users\/3462"}],"replies":[{"embeddable":true,"href":"https:\/\/oncubanews.com\/en\/wp-json\/wp\/v2\/comments?post=319406"}],"version-history":[{"count":2,"href":"https:\/\/oncubanews.com\/en\/wp-json\/wp\/v2\/posts\/319406\/revisions"}],"predecessor-version":[{"id":319409,"href":"https:\/\/oncubanews.com\/en\/wp-json\/wp\/v2\/posts\/319406\/revisions\/319409"}],"wp:featuredmedia":[{"embeddable":true,"href":"https:\/\/oncubanews.com\/en\/wp-json\/wp\/v2\/media\/319408"}],"wp:attachment":[{"href":"https:\/\/oncubanews.com\/en\/wp-json\/wp\/v2\/media?parent=319406"}],"wp:term":[{"taxonomy":"category","embeddable":true,"href":"https:\/\/oncubanews.com\/en\/wp-json\/wp\/v2\/categories?post=319406"},{"taxonomy":"post_tag","embeddable":true,"href":"https:\/\/oncubanews.com\/en\/wp-json\/wp\/v2\/tags?post=319406"},{"taxonomy":"author","embeddable":true,"href":"https:\/\/oncubanews.com\/en\/wp-json\/wp\/v2\/ppma_author?post=319406"}],"curies":[{"name":"wp","href":"https:\/\/api.w.org\/{rel}","templated":true}]}}