
{"id":320334,"date":"2025-03-28T16:38:09","date_gmt":"2025-03-28T20:38:09","guid":{"rendered":"https:\/\/oncubanews.com\/en\/?p=320334"},"modified":"2025-03-28T16:38:09","modified_gmt":"2025-03-28T20:38:09","slug":"u-s-concert-broadcast-seeks-to-raise-humanitarian-aid-for-cuba","status":"publish","type":"post","link":"https:\/\/oncubanews.com\/en\/cuba-usa\/u-s-concert-broadcast-seeks-to-raise-humanitarian-aid-for-cuba\/","title":{"rendered":"U.S. concert broadcast seeks to raise humanitarian aid for Cuba"},"content":{"rendered":"<p>On April 5, Concerts for Cuba 2025, a United States initiative to raise humanitarian aid for the island, which is going through an unprecedented economic crisis, will be broadcast via streaming, according to the organizers.<\/p>\n<p>Projects composed mainly of Cuban \u00e9migr\u00e9s participated in these shows, according to a press release. The release mentions the Orquesta Moderna Tradici\u00f3n and the group Pellejo Seco, as well as DJ Luis Medina, Javier Navarrete, Norberto Guerra, and Charlie Mej\u00edas, among others.<\/p>\n<p><iframe loading=\"lazy\" style=\"border: none; overflow: hidden;\" src=\"https:\/\/www.facebook.com\/plugins\/post.php?href=https%3A%2F%2Fwww.facebook.com%2Fbellyofthebeastcuba%2Fposts%2Fpfbid0217sMuvTp3egZud64S6VHTYDWQV1DW2g6L3SgYxbC2xXtWRwZae1C3gHF5bv3WSPyl&amp;show_text=true&amp;width=500\" width=\"500\" height=\"737\" frameborder=\"0\" scrolling=\"no\" allowfullscreen=\"allowfullscreen\"><\/iframe><\/p>\n<p>The performances were filmed live and edited by professional crews to create this two-hour streaming concert, which will be disseminated through HotHouseGlobal&#8217;s YouTube channels and Facebook Live.<\/p>\n<p>The concerts were recorded on stages in New York, Chicago, and the Bay Area, in California, according to a <a href=\"https:\/\/www.prensa-latina.cu\/2025\/03\/18\/anuncian-en-eeuu-concierto-por-cuba\/\" target=\"_blank\" rel=\"noopener\">report<\/a> by Prensa Latina (PL)<\/p>\n<p>Marguerite Horberg, one of the organizers of the project, quoted by PL, assured that the initiative is due to the gathering of artists and musicians who lent their voices to \u201csupport the delivery of humanitarian aid\u201d and \u201calleviate the acute suffering that our families and friends are experiencing\u201d.<\/p>\n<p>Regarding the current crisis, the organizers point out that in recent months, successive cyclones, floods, earthquakes, and massive power outages have had devastating consequences for Cuba&#8217;s population.<\/p>\n<p>In addition, changes in Washington&#8217;s policies have increased hardship and aggravated the effects of widespread and prolonged shortages of fuel, medicines, and essential supplies, PL points out.<\/p>\n<p>Along with the two-hour concert, they will broadcast an exclusive documentary created by the Belly of The Beast media. They expect to raise at least $50,000 for this humanitarian aid.<\/p>\n","protected":false},"excerpt":{"rendered":"<p>The concerts were recorded at venues in New York, Chicago and the Bay Area, California. They will be broadcast on YouTube and Facebook Live.<\/p>\n","protected":false},"author":3134,"featured_media":320336,"comment_status":"open","ping_status":"closed","sticky":false,"template":"","format":"standard","meta":{"_acf_changed":false,"footnotes":""},"categories":[13944,33],"tags":[14891],"ppma_author":[33546],"class_list":["post-320334","post","type-post","status-publish","format-standard","has-post-thumbnail","hentry","category-cuba-usa","category-culture","tag-cuba-usa-relations"],"acf":[],"yoast_head":"<!-- This site is optimized with the Yoast SEO plugin v27.3 - https:\/\/yoast.com\/product\/yoast-seo-wordpress\/ -->\n<title>U.S. concert broadcast seeks to raise humanitarian aid for Cuba | OnCubaNews English<\/title>\n<meta name=\"description\" content=\"The concerts were recorded at venues in New York, Chicago and the Bay Area, California. They will be broadcast on YouTube and Facebook Live.\" \/>\n<meta name=\"robots\" content=\"index, follow, max-snippet:-1, max-image-preview:large, max-video-preview:-1\" \/>\n<link rel=\"canonical\" href=\"https:\/\/oncubanews.com\/en\/cuba-usa\/u-s-concert-broadcast-seeks-to-raise-humanitarian-aid-for-cuba\/\" \/>\n<meta property=\"og:locale\" content=\"en_US\" \/>\n<meta property=\"og:type\" content=\"article\" \/>\n<meta property=\"og:title\" content=\"U.S. concert broadcast seeks to raise humanitarian aid for Cuba | OnCubaNews English\" \/>\n<meta property=\"og:description\" content=\"The concerts were recorded at venues in New York, Chicago and the Bay Area, California. They will be broadcast on YouTube and Facebook Live.\" \/>\n<meta property=\"og:url\" content=\"https:\/\/oncubanews.com\/en\/cuba-usa\/u-s-concert-broadcast-seeks-to-raise-humanitarian-aid-for-cuba\/\" \/>\n<meta property=\"og:site_name\" content=\"OnCubaNews English\" \/>\n<meta property=\"article:published_time\" content=\"2025-03-28T20:38:09+00:00\" \/>\n<meta property=\"og:image\" content=\"https:\/\/oncubanews.com\/en\/wp-content\/uploads\/2025\/03\/cuba-eeuu-musia-concierto-1.jpg\" \/>\n\t<meta property=\"og:image:width\" content=\"1145\" \/>\n\t<meta property=\"og:image:height\" content=\"723\" \/>\n\t<meta property=\"og:image:type\" content=\"image\/jpeg\" \/>\n<meta name=\"author\" content=\"OnCuba Staff\" \/>\n<meta name=\"twitter:card\" content=\"summary_large_image\" \/>\n<meta name=\"twitter:label1\" content=\"Written by\" \/>\n\t<meta name=\"twitter:data1\" content=\"OnCuba Staff\" \/>\n\t<meta name=\"twitter:label2\" content=\"Est. reading time\" \/>\n\t<meta name=\"twitter:data2\" content=\"2 minutes\" \/>\n<script type=\"application\/ld+json\" class=\"yoast-schema-graph\">{\"@context\":\"https:\\\/\\\/schema.org\",\"@graph\":[{\"@type\":\"Article\",\"@id\":\"https:\\\/\\\/oncubanews.com\\\/en\\\/cuba-usa\\\/u-s-concert-broadcast-seeks-to-raise-humanitarian-aid-for-cuba\\\/#article\",\"isPartOf\":{\"@id\":\"https:\\\/\\\/oncubanews.com\\\/en\\\/cuba-usa\\\/u-s-concert-broadcast-seeks-to-raise-humanitarian-aid-for-cuba\\\/\"},\"author\":{\"name\":\"OnCuba Staff\",\"@id\":\"https:\\\/\\\/oncubanews.com\\\/en\\\/#\\\/schema\\\/person\\\/d7171bf311032ab1f557dd8332e714af\"},\"headline\":\"U.S. concert broadcast seeks to raise humanitarian aid for Cuba\",\"datePublished\":\"2025-03-28T20:38:09+00:00\",\"mainEntityOfPage\":{\"@id\":\"https:\\\/\\\/oncubanews.com\\\/en\\\/cuba-usa\\\/u-s-concert-broadcast-seeks-to-raise-humanitarian-aid-for-cuba\\\/\"},\"wordCount\":271,\"commentCount\":0,\"image\":{\"@id\":\"https:\\\/\\\/oncubanews.com\\\/en\\\/cuba-usa\\\/u-s-concert-broadcast-seeks-to-raise-humanitarian-aid-for-cuba\\\/#primaryimage\"},\"thumbnailUrl\":\"https:\\\/\\\/oncubanews.com\\\/en\\\/wp-content\\\/uploads\\\/2025\\\/03\\\/cuba-eeuu-musia-concierto-1.jpg\",\"keywords\":[\"Cuba-USA Relations\"],\"articleSection\":[\"Cuba-USA\",\"Culture\"],\"inLanguage\":\"en-US\",\"potentialAction\":[{\"@type\":\"CommentAction\",\"name\":\"Comment\",\"target\":[\"https:\\\/\\\/oncubanews.com\\\/en\\\/cuba-usa\\\/u-s-concert-broadcast-seeks-to-raise-humanitarian-aid-for-cuba\\\/#respond\"]}],\"copyrightYear\":\"2025\",\"copyrightHolder\":{\"@id\":\"https:\\\/\\\/oncubanews.com\\\/en\\\/#organization\"}},{\"@type\":\"WebPage\",\"@id\":\"https:\\\/\\\/oncubanews.com\\\/en\\\/cuba-usa\\\/u-s-concert-broadcast-seeks-to-raise-humanitarian-aid-for-cuba\\\/\",\"url\":\"https:\\\/\\\/oncubanews.com\\\/en\\\/cuba-usa\\\/u-s-concert-broadcast-seeks-to-raise-humanitarian-aid-for-cuba\\\/\",\"name\":\"U.S. concert broadcast seeks to raise humanitarian aid for Cuba | OnCubaNews English\",\"isPartOf\":{\"@id\":\"https:\\\/\\\/oncubanews.com\\\/en\\\/#website\"},\"primaryImageOfPage\":{\"@id\":\"https:\\\/\\\/oncubanews.com\\\/en\\\/cuba-usa\\\/u-s-concert-broadcast-seeks-to-raise-humanitarian-aid-for-cuba\\\/#primaryimage\"},\"image\":{\"@id\":\"https:\\\/\\\/oncubanews.com\\\/en\\\/cuba-usa\\\/u-s-concert-broadcast-seeks-to-raise-humanitarian-aid-for-cuba\\\/#primaryimage\"},\"thumbnailUrl\":\"https:\\\/\\\/oncubanews.com\\\/en\\\/wp-content\\\/uploads\\\/2025\\\/03\\\/cuba-eeuu-musia-concierto-1.jpg\",\"datePublished\":\"2025-03-28T20:38:09+00:00\",\"author\":{\"@id\":\"https:\\\/\\\/oncubanews.com\\\/en\\\/#\\\/schema\\\/person\\\/d7171bf311032ab1f557dd8332e714af\"},\"description\":\"The concerts were recorded at venues in New York, Chicago and the Bay Area, California. They will be broadcast on YouTube and Facebook Live.\",\"breadcrumb\":{\"@id\":\"https:\\\/\\\/oncubanews.com\\\/en\\\/cuba-usa\\\/u-s-concert-broadcast-seeks-to-raise-humanitarian-aid-for-cuba\\\/#breadcrumb\"},\"inLanguage\":\"en-US\",\"potentialAction\":[{\"@type\":\"ReadAction\",\"target\":[\"https:\\\/\\\/oncubanews.com\\\/en\\\/cuba-usa\\\/u-s-concert-broadcast-seeks-to-raise-humanitarian-aid-for-cuba\\\/\"]}]},{\"@type\":\"ImageObject\",\"inLanguage\":\"en-US\",\"@id\":\"https:\\\/\\\/oncubanews.com\\\/en\\\/cuba-usa\\\/u-s-concert-broadcast-seeks-to-raise-humanitarian-aid-for-cuba\\\/#primaryimage\",\"url\":\"https:\\\/\\\/oncubanews.com\\\/en\\\/wp-content\\\/uploads\\\/2025\\\/03\\\/cuba-eeuu-musia-concierto-1.jpg\",\"contentUrl\":\"https:\\\/\\\/oncubanews.com\\\/en\\\/wp-content\\\/uploads\\\/2025\\\/03\\\/cuba-eeuu-musia-concierto-1.jpg\",\"width\":1145,\"height\":723,\"caption\":\"Photo: Telesur.\"},{\"@type\":\"BreadcrumbList\",\"@id\":\"https:\\\/\\\/oncubanews.com\\\/en\\\/cuba-usa\\\/u-s-concert-broadcast-seeks-to-raise-humanitarian-aid-for-cuba\\\/#breadcrumb\",\"itemListElement\":[{\"@type\":\"ListItem\",\"position\":1,\"name\":\"Portada\",\"item\":\"https:\\\/\\\/oncubanews.com\\\/en\\\/\"},{\"@type\":\"ListItem\",\"position\":2,\"name\":\"U.S. concert broadcast seeks to raise humanitarian aid for Cuba\"}]},{\"@type\":\"WebSite\",\"@id\":\"https:\\\/\\\/oncubanews.com\\\/en\\\/#website\",\"url\":\"https:\\\/\\\/oncubanews.com\\\/en\\\/\",\"name\":\"OnCubaNews English\",\"description\":\"Revista sobre Cuba\",\"potentialAction\":[{\"@type\":\"SearchAction\",\"target\":{\"@type\":\"EntryPoint\",\"urlTemplate\":\"https:\\\/\\\/oncubanews.com\\\/en\\\/?s={search_term_string}\"},\"query-input\":{\"@type\":\"PropertyValueSpecification\",\"valueRequired\":true,\"valueName\":\"search_term_string\"}}],\"inLanguage\":\"en-US\"},{\"@type\":\"Person\",\"@id\":\"https:\\\/\\\/oncubanews.com\\\/en\\\/#\\\/schema\\\/person\\\/d7171bf311032ab1f557dd8332e714af\",\"name\":\"OnCuba Staff\",\"image\":{\"@type\":\"ImageObject\",\"inLanguage\":\"en-US\",\"@id\":\"https:\\\/\\\/secure.gravatar.com\\\/avatar\\\/4b4c4d6109baadde898bb1af22ea4a4af5f4417b86a5d1800bf17531bfb128fc?s=96&r=g17310096d4dde63ebae0e54fbb19218a\",\"url\":\"https:\\\/\\\/secure.gravatar.com\\\/avatar\\\/4b4c4d6109baadde898bb1af22ea4a4af5f4417b86a5d1800bf17531bfb128fc?s=96&r=g\",\"contentUrl\":\"https:\\\/\\\/secure.gravatar.com\\\/avatar\\\/4b4c4d6109baadde898bb1af22ea4a4af5f4417b86a5d1800bf17531bfb128fc?s=96&r=g\",\"caption\":\"OnCuba Staff\"},\"url\":\"https:\\\/\\\/oncubanews.com\\\/en\\\/author\\\/oncuba-editorial-staff\\\/\"}]}<\/script>\n<!-- \/ Yoast SEO plugin. -->","yoast_head_json":{"title":"U.S. concert broadcast seeks to raise humanitarian aid for Cuba | OnCubaNews English","description":"The concerts were recorded at venues in New York, Chicago and the Bay Area, California. They will be broadcast on YouTube and Facebook Live.","robots":{"index":"index","follow":"follow","max-snippet":"max-snippet:-1","max-image-preview":"max-image-preview:large","max-video-preview":"max-video-preview:-1"},"canonical":"https:\/\/oncubanews.com\/en\/cuba-usa\/u-s-concert-broadcast-seeks-to-raise-humanitarian-aid-for-cuba\/","og_locale":"en_US","og_type":"article","og_title":"U.S. concert broadcast seeks to raise humanitarian aid for Cuba | OnCubaNews English","og_description":"The concerts were recorded at venues in New York, Chicago and the Bay Area, California. They will be broadcast on YouTube and Facebook Live.","og_url":"https:\/\/oncubanews.com\/en\/cuba-usa\/u-s-concert-broadcast-seeks-to-raise-humanitarian-aid-for-cuba\/","og_site_name":"OnCubaNews English","article_published_time":"2025-03-28T20:38:09+00:00","og_image":[{"width":1145,"height":723,"url":"https:\/\/oncubanews.com\/en\/wp-content\/uploads\/2025\/03\/cuba-eeuu-musia-concierto-1.jpg","type":"image\/jpeg"}],"author":"OnCuba Staff","twitter_card":"summary_large_image","twitter_misc":{"Written by":"OnCuba Staff","Est. reading time":"2 minutes"},"schema":{"@context":"https:\/\/schema.org","@graph":[{"@type":"Article","@id":"https:\/\/oncubanews.com\/en\/cuba-usa\/u-s-concert-broadcast-seeks-to-raise-humanitarian-aid-for-cuba\/#article","isPartOf":{"@id":"https:\/\/oncubanews.com\/en\/cuba-usa\/u-s-concert-broadcast-seeks-to-raise-humanitarian-aid-for-cuba\/"},"author":{"name":"OnCuba Staff","@id":"https:\/\/oncubanews.com\/en\/#\/schema\/person\/d7171bf311032ab1f557dd8332e714af"},"headline":"U.S. concert broadcast seeks to raise humanitarian aid for Cuba","datePublished":"2025-03-28T20:38:09+00:00","mainEntityOfPage":{"@id":"https:\/\/oncubanews.com\/en\/cuba-usa\/u-s-concert-broadcast-seeks-to-raise-humanitarian-aid-for-cuba\/"},"wordCount":271,"commentCount":0,"image":{"@id":"https:\/\/oncubanews.com\/en\/cuba-usa\/u-s-concert-broadcast-seeks-to-raise-humanitarian-aid-for-cuba\/#primaryimage"},"thumbnailUrl":"https:\/\/oncubanews.com\/en\/wp-content\/uploads\/2025\/03\/cuba-eeuu-musia-concierto-1.jpg","keywords":["Cuba-USA Relations"],"articleSection":["Cuba-USA","Culture"],"inLanguage":"en-US","potentialAction":[{"@type":"CommentAction","name":"Comment","target":["https:\/\/oncubanews.com\/en\/cuba-usa\/u-s-concert-broadcast-seeks-to-raise-humanitarian-aid-for-cuba\/#respond"]}],"copyrightYear":"2025","copyrightHolder":{"@id":"https:\/\/oncubanews.com\/en\/#organization"}},{"@type":"WebPage","@id":"https:\/\/oncubanews.com\/en\/cuba-usa\/u-s-concert-broadcast-seeks-to-raise-humanitarian-aid-for-cuba\/","url":"https:\/\/oncubanews.com\/en\/cuba-usa\/u-s-concert-broadcast-seeks-to-raise-humanitarian-aid-for-cuba\/","name":"U.S. concert broadcast seeks to raise humanitarian aid for Cuba | OnCubaNews English","isPartOf":{"@id":"https:\/\/oncubanews.com\/en\/#website"},"primaryImageOfPage":{"@id":"https:\/\/oncubanews.com\/en\/cuba-usa\/u-s-concert-broadcast-seeks-to-raise-humanitarian-aid-for-cuba\/#primaryimage"},"image":{"@id":"https:\/\/oncubanews.com\/en\/cuba-usa\/u-s-concert-broadcast-seeks-to-raise-humanitarian-aid-for-cuba\/#primaryimage"},"thumbnailUrl":"https:\/\/oncubanews.com\/en\/wp-content\/uploads\/2025\/03\/cuba-eeuu-musia-concierto-1.jpg","datePublished":"2025-03-28T20:38:09+00:00","author":{"@id":"https:\/\/oncubanews.com\/en\/#\/schema\/person\/d7171bf311032ab1f557dd8332e714af"},"description":"The concerts were recorded at venues in New York, Chicago and the Bay Area, California. They will be broadcast on YouTube and Facebook Live.","breadcrumb":{"@id":"https:\/\/oncubanews.com\/en\/cuba-usa\/u-s-concert-broadcast-seeks-to-raise-humanitarian-aid-for-cuba\/#breadcrumb"},"inLanguage":"en-US","potentialAction":[{"@type":"ReadAction","target":["https:\/\/oncubanews.com\/en\/cuba-usa\/u-s-concert-broadcast-seeks-to-raise-humanitarian-aid-for-cuba\/"]}]},{"@type":"ImageObject","inLanguage":"en-US","@id":"https:\/\/oncubanews.com\/en\/cuba-usa\/u-s-concert-broadcast-seeks-to-raise-humanitarian-aid-for-cuba\/#primaryimage","url":"https:\/\/oncubanews.com\/en\/wp-content\/uploads\/2025\/03\/cuba-eeuu-musia-concierto-1.jpg","contentUrl":"https:\/\/oncubanews.com\/en\/wp-content\/uploads\/2025\/03\/cuba-eeuu-musia-concierto-1.jpg","width":1145,"height":723,"caption":"Photo: Telesur."},{"@type":"BreadcrumbList","@id":"https:\/\/oncubanews.com\/en\/cuba-usa\/u-s-concert-broadcast-seeks-to-raise-humanitarian-aid-for-cuba\/#breadcrumb","itemListElement":[{"@type":"ListItem","position":1,"name":"Portada","item":"https:\/\/oncubanews.com\/en\/"},{"@type":"ListItem","position":2,"name":"U.S. concert broadcast seeks to raise humanitarian aid for Cuba"}]},{"@type":"WebSite","@id":"https:\/\/oncubanews.com\/en\/#website","url":"https:\/\/oncubanews.com\/en\/","name":"OnCubaNews English","description":"Revista sobre Cuba","potentialAction":[{"@type":"SearchAction","target":{"@type":"EntryPoint","urlTemplate":"https:\/\/oncubanews.com\/en\/?s={search_term_string}"},"query-input":{"@type":"PropertyValueSpecification","valueRequired":true,"valueName":"search_term_string"}}],"inLanguage":"en-US"},{"@type":"Person","@id":"https:\/\/oncubanews.com\/en\/#\/schema\/person\/d7171bf311032ab1f557dd8332e714af","name":"OnCuba Staff","image":{"@type":"ImageObject","inLanguage":"en-US","@id":"https:\/\/secure.gravatar.com\/avatar\/4b4c4d6109baadde898bb1af22ea4a4af5f4417b86a5d1800bf17531bfb128fc?s=96&r=g17310096d4dde63ebae0e54fbb19218a","url":"https:\/\/secure.gravatar.com\/avatar\/4b4c4d6109baadde898bb1af22ea4a4af5f4417b86a5d1800bf17531bfb128fc?s=96&r=g","contentUrl":"https:\/\/secure.gravatar.com\/avatar\/4b4c4d6109baadde898bb1af22ea4a4af5f4417b86a5d1800bf17531bfb128fc?s=96&r=g","caption":"OnCuba Staff"},"url":"https:\/\/oncubanews.com\/en\/author\/oncuba-editorial-staff\/"}]}},"authors":[{"term_id":33546,"user_id":3134,"is_guest":0,"slug":"oncuba-editorial-staff","display_name":"OnCuba Staff","avatar_url":"https:\/\/secure.gravatar.com\/avatar\/4b4c4d6109baadde898bb1af22ea4a4af5f4417b86a5d1800bf17531bfb128fc?s=96&r=g","0":null,"1":"","2":"","3":"","4":"","5":"","6":"","7":"","8":""}],"_links":{"self":[{"href":"https:\/\/oncubanews.com\/en\/wp-json\/wp\/v2\/posts\/320334","targetHints":{"allow":["GET"]}}],"collection":[{"href":"https:\/\/oncubanews.com\/en\/wp-json\/wp\/v2\/posts"}],"about":[{"href":"https:\/\/oncubanews.com\/en\/wp-json\/wp\/v2\/types\/post"}],"author":[{"embeddable":true,"href":"https:\/\/oncubanews.com\/en\/wp-json\/wp\/v2\/users\/3134"}],"replies":[{"embeddable":true,"href":"https:\/\/oncubanews.com\/en\/wp-json\/wp\/v2\/comments?post=320334"}],"version-history":[{"count":2,"href":"https:\/\/oncubanews.com\/en\/wp-json\/wp\/v2\/posts\/320334\/revisions"}],"predecessor-version":[{"id":320337,"href":"https:\/\/oncubanews.com\/en\/wp-json\/wp\/v2\/posts\/320334\/revisions\/320337"}],"wp:featuredmedia":[{"embeddable":true,"href":"https:\/\/oncubanews.com\/en\/wp-json\/wp\/v2\/media\/320336"}],"wp:attachment":[{"href":"https:\/\/oncubanews.com\/en\/wp-json\/wp\/v2\/media?parent=320334"}],"wp:term":[{"taxonomy":"category","embeddable":true,"href":"https:\/\/oncubanews.com\/en\/wp-json\/wp\/v2\/categories?post=320334"},{"taxonomy":"post_tag","embeddable":true,"href":"https:\/\/oncubanews.com\/en\/wp-json\/wp\/v2\/tags?post=320334"},{"taxonomy":"author","embeddable":true,"href":"https:\/\/oncubanews.com\/en\/wp-json\/wp\/v2\/ppma_author?post=320334"}],"curies":[{"name":"wp","href":"https:\/\/api.w.org\/{rel}","templated":true}]}}