
{"id":328959,"date":"2025-09-26T15:37:44","date_gmt":"2025-09-26T19:37:44","guid":{"rendered":"https:\/\/oncubanews.com\/en\/?p=328959"},"modified":"2025-09-26T15:37:44","modified_gmt":"2025-09-26T19:37:44","slug":"devotees-once-again-honor-our-lady-of-mercy-in-havana","status":"publish","type":"post","link":"https:\/\/oncubanews.com\/en\/cuba\/devotees-once-again-honor-our-lady-of-mercy-in-havana\/","title":{"rendered":"Devotees once again honor Our Lady of Mercy in Havana"},"content":{"rendered":"<p>As is traditional, Cuban devotees once again honored the Virgen of Mercy on September 24.<\/p>\n<p>The Virgin, also known as Our Lady of Mercy, patron saint of captives, who in Afro-Cuban Santeria is syncretized with Obatal\u00e1, was celebrated specifically at the Church of Our Lady of Mercy in Old Havana.<\/p>\n<figure id=\"attachment_328962\" aria-describedby=\"caption-attachment-328962\" style=\"width: 1140px\" class=\"wp-caption alignnone\"><a href=\"https:\/\/oncubanews.com\/en\/wp-content\/uploads\/2025\/09\/Virgen-Mercedes14_Otma_2025-1.jpg\"><img loading=\"lazy\" decoding=\"async\" class=\"size-full wp-image-328962\" src=\"https:\/\/oncubanews.com\/en\/wp-content\/uploads\/2025\/09\/Virgen-Mercedes14_Otma_2025-1.jpg\" alt=\"\" width=\"1140\" height=\"815\" srcset=\"https:\/\/oncubanews.com\/en\/wp-content\/uploads\/2025\/09\/Virgen-Mercedes14_Otma_2025-1.jpg 1140w, https:\/\/oncubanews.com\/en\/wp-content\/uploads\/2025\/09\/Virgen-Mercedes14_Otma_2025-1-300x214.jpg 300w, https:\/\/oncubanews.com\/en\/wp-content\/uploads\/2025\/09\/Virgen-Mercedes14_Otma_2025-1-1024x732.jpg 1024w, https:\/\/oncubanews.com\/en\/wp-content\/uploads\/2025\/09\/Virgen-Mercedes14_Otma_2025-1-768x549.jpg 768w, https:\/\/oncubanews.com\/en\/wp-content\/uploads\/2025\/09\/Virgen-Mercedes14_Otma_2025-1-120x86.jpg 120w, https:\/\/oncubanews.com\/en\/wp-content\/uploads\/2025\/09\/Virgen-Mercedes14_Otma_2025-1-350x250.jpg 350w, https:\/\/oncubanews.com\/en\/wp-content\/uploads\/2025\/09\/Virgen-Mercedes14_Otma_2025-1-750x536.jpg 750w\" sizes=\"auto, (max-width: 1140px) 100vw, 1140px\" \/><\/a><figcaption id=\"caption-attachment-328962\" class=\"wp-caption-text\">Cuban devotees honor the Virgen of Mercy at the Church of Our Lady of Mercy in Old Havana. Photo: Otmaro Rodr\u00edguez.<\/figcaption><\/figure>\n<p>As every year on this date, this church \u2014 one of the most important Catholic temples in Havana\u2019s historic center \u2014 welcomed believers from throughout the city and beyond, who came as a demonstration of their faith and devotion.<\/p>\n<p>Prayers, songs, flowers and candles once again took center stage at the religious celebration, which also included a procession of the Virgin\u2019s image through the streets surrounding the church.<\/p>\n<figure id=\"attachment_328963\" aria-describedby=\"caption-attachment-328963\" style=\"width: 1140px\" class=\"wp-caption alignnone\"><a href=\"https:\/\/oncubanews.com\/en\/wp-content\/uploads\/2025\/09\/Virgen-Mercedes2_Otma_2025-1.jpg\"><img loading=\"lazy\" decoding=\"async\" class=\"size-full wp-image-328963\" src=\"https:\/\/oncubanews.com\/en\/wp-content\/uploads\/2025\/09\/Virgen-Mercedes2_Otma_2025-1.jpg\" alt=\"\" width=\"1140\" height=\"815\" srcset=\"https:\/\/oncubanews.com\/en\/wp-content\/uploads\/2025\/09\/Virgen-Mercedes2_Otma_2025-1.jpg 1140w, https:\/\/oncubanews.com\/en\/wp-content\/uploads\/2025\/09\/Virgen-Mercedes2_Otma_2025-1-300x214.jpg 300w, https:\/\/oncubanews.com\/en\/wp-content\/uploads\/2025\/09\/Virgen-Mercedes2_Otma_2025-1-1024x732.jpg 1024w, https:\/\/oncubanews.com\/en\/wp-content\/uploads\/2025\/09\/Virgen-Mercedes2_Otma_2025-1-768x549.jpg 768w, https:\/\/oncubanews.com\/en\/wp-content\/uploads\/2025\/09\/Virgen-Mercedes2_Otma_2025-1-120x86.jpg 120w, https:\/\/oncubanews.com\/en\/wp-content\/uploads\/2025\/09\/Virgen-Mercedes2_Otma_2025-1-350x250.jpg 350w, https:\/\/oncubanews.com\/en\/wp-content\/uploads\/2025\/09\/Virgen-Mercedes2_Otma_2025-1-750x536.jpg 750w\" sizes=\"auto, (max-width: 1140px) 100vw, 1140px\" \/><\/a><figcaption id=\"caption-attachment-328963\" class=\"wp-caption-text\">Procession of the image of the Virgen of Mercy, in the streets surrounding the Church of Our Lady of Mercy, in Old Havana. Photo: Otmaro Rodr\u00edguez.<\/figcaption><\/figure>\n<p>Mostly dressed in white \u2014 the color of Our Lady of Mercy and Obatal\u00e1 \u2014the devotees honored the Marian devoutness and prayed for themselves and their families, particularly for imprisoned relatives and friends, and also for Cuba, which is experiencing a deep economic crisis.<\/p>\n<p>Despite the crisis, many did not miss the celebration, despite the usual transportation problems and prolonged power outages. Even the church, decorated for the occasion, was also in darkness, although electricity was later restored to illuminate the interior of the temple.<\/p>\n<p>Our correspondent Otmaro Rodr\u00edguez was there, and he bears witness to what happened through his images.<\/p>\n<figure id=\"attachment_328964\" aria-describedby=\"caption-attachment-328964\" style=\"width: 1140px\" class=\"wp-caption alignnone\"><a href=\"https:\/\/oncubanews.com\/en\/wp-content\/uploads\/2025\/09\/Virgen-Mercedes5_Otma_2025-1.jpg\"><img loading=\"lazy\" decoding=\"async\" class=\"size-full wp-image-328964\" src=\"https:\/\/oncubanews.com\/en\/wp-content\/uploads\/2025\/09\/Virgen-Mercedes5_Otma_2025-1.jpg\" alt=\"\" width=\"1140\" height=\"815\" srcset=\"https:\/\/oncubanews.com\/en\/wp-content\/uploads\/2025\/09\/Virgen-Mercedes5_Otma_2025-1.jpg 1140w, https:\/\/oncubanews.com\/en\/wp-content\/uploads\/2025\/09\/Virgen-Mercedes5_Otma_2025-1-300x214.jpg 300w, https:\/\/oncubanews.com\/en\/wp-content\/uploads\/2025\/09\/Virgen-Mercedes5_Otma_2025-1-1024x732.jpg 1024w, https:\/\/oncubanews.com\/en\/wp-content\/uploads\/2025\/09\/Virgen-Mercedes5_Otma_2025-1-768x549.jpg 768w, https:\/\/oncubanews.com\/en\/wp-content\/uploads\/2025\/09\/Virgen-Mercedes5_Otma_2025-1-120x86.jpg 120w, https:\/\/oncubanews.com\/en\/wp-content\/uploads\/2025\/09\/Virgen-Mercedes5_Otma_2025-1-350x250.jpg 350w, https:\/\/oncubanews.com\/en\/wp-content\/uploads\/2025\/09\/Virgen-Mercedes5_Otma_2025-1-750x536.jpg 750w\" sizes=\"auto, (max-width: 1140px) 100vw, 1140px\" \/><\/a><figcaption id=\"caption-attachment-328964\" class=\"wp-caption-text\">Cuban devotees honor the Virgin of Mercy, at the Church of Our Lady of Mercy, in Old Havana. Photo: Otmaro Rodr\u00edguez.<\/figcaption><\/figure>\n<figure id=\"attachment_328965\" aria-describedby=\"caption-attachment-328965\" style=\"width: 1140px\" class=\"wp-caption alignnone\"><a href=\"https:\/\/oncubanews.com\/en\/wp-content\/uploads\/2025\/09\/Virgen-Mercedes3_Otma_2025-1.jpg\"><img loading=\"lazy\" decoding=\"async\" class=\"size-full wp-image-328965\" src=\"https:\/\/oncubanews.com\/en\/wp-content\/uploads\/2025\/09\/Virgen-Mercedes3_Otma_2025-1.jpg\" alt=\"\" width=\"1140\" height=\"815\" srcset=\"https:\/\/oncubanews.com\/en\/wp-content\/uploads\/2025\/09\/Virgen-Mercedes3_Otma_2025-1.jpg 1140w, https:\/\/oncubanews.com\/en\/wp-content\/uploads\/2025\/09\/Virgen-Mercedes3_Otma_2025-1-300x214.jpg 300w, https:\/\/oncubanews.com\/en\/wp-content\/uploads\/2025\/09\/Virgen-Mercedes3_Otma_2025-1-1024x732.jpg 1024w, https:\/\/oncubanews.com\/en\/wp-content\/uploads\/2025\/09\/Virgen-Mercedes3_Otma_2025-1-768x549.jpg 768w, https:\/\/oncubanews.com\/en\/wp-content\/uploads\/2025\/09\/Virgen-Mercedes3_Otma_2025-1-120x86.jpg 120w, https:\/\/oncubanews.com\/en\/wp-content\/uploads\/2025\/09\/Virgen-Mercedes3_Otma_2025-1-350x250.jpg 350w, https:\/\/oncubanews.com\/en\/wp-content\/uploads\/2025\/09\/Virgen-Mercedes3_Otma_2025-1-750x536.jpg 750w\" sizes=\"auto, (max-width: 1140px) 100vw, 1140px\" \/><\/a><figcaption id=\"caption-attachment-328965\" class=\"wp-caption-text\">Cuban devotees honor the Virgin of Mercy, at the Church of Our Lady of Mercy, in Old Havana. Photo: Otmaro Rodr\u00edguez.<\/figcaption><\/figure>\n<figure id=\"attachment_328966\" aria-describedby=\"caption-attachment-328966\" style=\"width: 1140px\" class=\"wp-caption alignnone\"><a href=\"https:\/\/oncubanews.com\/en\/wp-content\/uploads\/2025\/09\/Virgen-Mercedes7_Otma_2025-1.jpg\"><img loading=\"lazy\" decoding=\"async\" class=\"size-full wp-image-328966\" src=\"https:\/\/oncubanews.com\/en\/wp-content\/uploads\/2025\/09\/Virgen-Mercedes7_Otma_2025-1.jpg\" alt=\"\" width=\"1140\" height=\"815\" srcset=\"https:\/\/oncubanews.com\/en\/wp-content\/uploads\/2025\/09\/Virgen-Mercedes7_Otma_2025-1.jpg 1140w, https:\/\/oncubanews.com\/en\/wp-content\/uploads\/2025\/09\/Virgen-Mercedes7_Otma_2025-1-300x214.jpg 300w, https:\/\/oncubanews.com\/en\/wp-content\/uploads\/2025\/09\/Virgen-Mercedes7_Otma_2025-1-1024x732.jpg 1024w, https:\/\/oncubanews.com\/en\/wp-content\/uploads\/2025\/09\/Virgen-Mercedes7_Otma_2025-1-768x549.jpg 768w, https:\/\/oncubanews.com\/en\/wp-content\/uploads\/2025\/09\/Virgen-Mercedes7_Otma_2025-1-120x86.jpg 120w, https:\/\/oncubanews.com\/en\/wp-content\/uploads\/2025\/09\/Virgen-Mercedes7_Otma_2025-1-350x250.jpg 350w, https:\/\/oncubanews.com\/en\/wp-content\/uploads\/2025\/09\/Virgen-Mercedes7_Otma_2025-1-750x536.jpg 750w\" sizes=\"auto, (max-width: 1140px) 100vw, 1140px\" \/><\/a><figcaption id=\"caption-attachment-328966\" class=\"wp-caption-text\">Cuban devotees honor the Virgin of Mercy, at the Church of Our Lady of Mercy, in Old Havana. Photo: Otmaro Rodr\u00edguez.<\/figcaption><\/figure>\n<figure id=\"attachment_328967\" aria-describedby=\"caption-attachment-328967\" style=\"width: 1140px\" class=\"wp-caption alignnone\"><a href=\"https:\/\/oncubanews.com\/en\/wp-content\/uploads\/2025\/09\/Virgen-Mercedes9_Otma_2025-1.jpg\"><img loading=\"lazy\" decoding=\"async\" class=\"size-full wp-image-328967\" src=\"https:\/\/oncubanews.com\/en\/wp-content\/uploads\/2025\/09\/Virgen-Mercedes9_Otma_2025-1.jpg\" alt=\"\" width=\"1140\" height=\"815\" srcset=\"https:\/\/oncubanews.com\/en\/wp-content\/uploads\/2025\/09\/Virgen-Mercedes9_Otma_2025-1.jpg 1140w, https:\/\/oncubanews.com\/en\/wp-content\/uploads\/2025\/09\/Virgen-Mercedes9_Otma_2025-1-300x214.jpg 300w, https:\/\/oncubanews.com\/en\/wp-content\/uploads\/2025\/09\/Virgen-Mercedes9_Otma_2025-1-1024x732.jpg 1024w, https:\/\/oncubanews.com\/en\/wp-content\/uploads\/2025\/09\/Virgen-Mercedes9_Otma_2025-1-768x549.jpg 768w, https:\/\/oncubanews.com\/en\/wp-content\/uploads\/2025\/09\/Virgen-Mercedes9_Otma_2025-1-120x86.jpg 120w, https:\/\/oncubanews.com\/en\/wp-content\/uploads\/2025\/09\/Virgen-Mercedes9_Otma_2025-1-350x250.jpg 350w, https:\/\/oncubanews.com\/en\/wp-content\/uploads\/2025\/09\/Virgen-Mercedes9_Otma_2025-1-750x536.jpg 750w\" sizes=\"auto, (max-width: 1140px) 100vw, 1140px\" \/><\/a><figcaption id=\"caption-attachment-328967\" class=\"wp-caption-text\">Cuban devotees honor the Virgin of Mercy, at the Church of Our Lady of Mercy, in Old Havana. Photo: Otmaro Rodr\u00edguez.<\/figcaption><\/figure>\n<figure id=\"attachment_328968\" aria-describedby=\"caption-attachment-328968\" style=\"width: 1140px\" class=\"wp-caption alignnone\"><a href=\"https:\/\/oncubanews.com\/en\/wp-content\/uploads\/2025\/09\/Virgen-Mercedes4_Otma_2025-1.jpg\"><img loading=\"lazy\" decoding=\"async\" class=\"size-full wp-image-328968\" src=\"https:\/\/oncubanews.com\/en\/wp-content\/uploads\/2025\/09\/Virgen-Mercedes4_Otma_2025-1.jpg\" alt=\"\" width=\"1140\" height=\"815\" srcset=\"https:\/\/oncubanews.com\/en\/wp-content\/uploads\/2025\/09\/Virgen-Mercedes4_Otma_2025-1.jpg 1140w, https:\/\/oncubanews.com\/en\/wp-content\/uploads\/2025\/09\/Virgen-Mercedes4_Otma_2025-1-300x214.jpg 300w, https:\/\/oncubanews.com\/en\/wp-content\/uploads\/2025\/09\/Virgen-Mercedes4_Otma_2025-1-1024x732.jpg 1024w, https:\/\/oncubanews.com\/en\/wp-content\/uploads\/2025\/09\/Virgen-Mercedes4_Otma_2025-1-768x549.jpg 768w, https:\/\/oncubanews.com\/en\/wp-content\/uploads\/2025\/09\/Virgen-Mercedes4_Otma_2025-1-120x86.jpg 120w, https:\/\/oncubanews.com\/en\/wp-content\/uploads\/2025\/09\/Virgen-Mercedes4_Otma_2025-1-350x250.jpg 350w, https:\/\/oncubanews.com\/en\/wp-content\/uploads\/2025\/09\/Virgen-Mercedes4_Otma_2025-1-750x536.jpg 750w\" sizes=\"auto, (max-width: 1140px) 100vw, 1140px\" \/><\/a><figcaption id=\"caption-attachment-328968\" class=\"wp-caption-text\">Cuban devotees honor the Virgin of Mercy, at the Church of Our Lady of Mercy, in Old Havana. Photo: Otmaro Rodr\u00edguez.<\/figcaption><\/figure>\n<figure id=\"attachment_328969\" aria-describedby=\"caption-attachment-328969\" style=\"width: 1140px\" class=\"wp-caption alignnone\"><a href=\"https:\/\/oncubanews.com\/en\/wp-content\/uploads\/2025\/09\/Virgen-Mercedes6_Otma_2025-1.jpg\"><img loading=\"lazy\" decoding=\"async\" class=\"size-full wp-image-328969\" src=\"https:\/\/oncubanews.com\/en\/wp-content\/uploads\/2025\/09\/Virgen-Mercedes6_Otma_2025-1.jpg\" alt=\"\" width=\"1140\" height=\"815\" srcset=\"https:\/\/oncubanews.com\/en\/wp-content\/uploads\/2025\/09\/Virgen-Mercedes6_Otma_2025-1.jpg 1140w, https:\/\/oncubanews.com\/en\/wp-content\/uploads\/2025\/09\/Virgen-Mercedes6_Otma_2025-1-300x214.jpg 300w, https:\/\/oncubanews.com\/en\/wp-content\/uploads\/2025\/09\/Virgen-Mercedes6_Otma_2025-1-1024x732.jpg 1024w, https:\/\/oncubanews.com\/en\/wp-content\/uploads\/2025\/09\/Virgen-Mercedes6_Otma_2025-1-768x549.jpg 768w, https:\/\/oncubanews.com\/en\/wp-content\/uploads\/2025\/09\/Virgen-Mercedes6_Otma_2025-1-120x86.jpg 120w, https:\/\/oncubanews.com\/en\/wp-content\/uploads\/2025\/09\/Virgen-Mercedes6_Otma_2025-1-350x250.jpg 350w, https:\/\/oncubanews.com\/en\/wp-content\/uploads\/2025\/09\/Virgen-Mercedes6_Otma_2025-1-750x536.jpg 750w\" sizes=\"auto, (max-width: 1140px) 100vw, 1140px\" \/><\/a><figcaption id=\"caption-attachment-328969\" class=\"wp-caption-text\">Cuban devotees honor the Virgin of Mercy at the Church of Our Lady of Mercy in Old Havana. Photo: Otmaro Rodr\u00edguez.<\/figcaption><\/figure>\n<figure id=\"attachment_328970\" aria-describedby=\"caption-attachment-328970\" style=\"width: 1140px\" class=\"wp-caption alignnone\"><a href=\"https:\/\/oncubanews.com\/en\/wp-content\/uploads\/2025\/09\/Virgen-Mercedes10_Otma_2025-1.jpg\"><img loading=\"lazy\" decoding=\"async\" class=\"size-full wp-image-328970\" src=\"https:\/\/oncubanews.com\/en\/wp-content\/uploads\/2025\/09\/Virgen-Mercedes10_Otma_2025-1.jpg\" alt=\"\" width=\"1140\" height=\"815\" srcset=\"https:\/\/oncubanews.com\/en\/wp-content\/uploads\/2025\/09\/Virgen-Mercedes10_Otma_2025-1.jpg 1140w, https:\/\/oncubanews.com\/en\/wp-content\/uploads\/2025\/09\/Virgen-Mercedes10_Otma_2025-1-300x214.jpg 300w, https:\/\/oncubanews.com\/en\/wp-content\/uploads\/2025\/09\/Virgen-Mercedes10_Otma_2025-1-1024x732.jpg 1024w, https:\/\/oncubanews.com\/en\/wp-content\/uploads\/2025\/09\/Virgen-Mercedes10_Otma_2025-1-768x549.jpg 768w, https:\/\/oncubanews.com\/en\/wp-content\/uploads\/2025\/09\/Virgen-Mercedes10_Otma_2025-1-120x86.jpg 120w, https:\/\/oncubanews.com\/en\/wp-content\/uploads\/2025\/09\/Virgen-Mercedes10_Otma_2025-1-350x250.jpg 350w, https:\/\/oncubanews.com\/en\/wp-content\/uploads\/2025\/09\/Virgen-Mercedes10_Otma_2025-1-750x536.jpg 750w\" sizes=\"auto, (max-width: 1140px) 100vw, 1140px\" \/><\/a><figcaption id=\"caption-attachment-328970\" class=\"wp-caption-text\">Cuban devotees honor the Virgin of Mercy at the Church of Our Lady of Mercy in Old Havana. Photo: Otmaro Rodr\u00edguez.<\/figcaption><\/figure>\n<figure id=\"attachment_328971\" aria-describedby=\"caption-attachment-328971\" style=\"width: 1140px\" class=\"wp-caption alignnone\"><a href=\"https:\/\/oncubanews.com\/en\/wp-content\/uploads\/2025\/09\/Virgen-Mercedes13_Otma_2025-1.jpg\"><img loading=\"lazy\" decoding=\"async\" class=\"size-full wp-image-328971\" src=\"https:\/\/oncubanews.com\/en\/wp-content\/uploads\/2025\/09\/Virgen-Mercedes13_Otma_2025-1.jpg\" alt=\"\" width=\"1140\" height=\"815\" srcset=\"https:\/\/oncubanews.com\/en\/wp-content\/uploads\/2025\/09\/Virgen-Mercedes13_Otma_2025-1.jpg 1140w, https:\/\/oncubanews.com\/en\/wp-content\/uploads\/2025\/09\/Virgen-Mercedes13_Otma_2025-1-300x214.jpg 300w, https:\/\/oncubanews.com\/en\/wp-content\/uploads\/2025\/09\/Virgen-Mercedes13_Otma_2025-1-1024x732.jpg 1024w, https:\/\/oncubanews.com\/en\/wp-content\/uploads\/2025\/09\/Virgen-Mercedes13_Otma_2025-1-768x549.jpg 768w, https:\/\/oncubanews.com\/en\/wp-content\/uploads\/2025\/09\/Virgen-Mercedes13_Otma_2025-1-120x86.jpg 120w, https:\/\/oncubanews.com\/en\/wp-content\/uploads\/2025\/09\/Virgen-Mercedes13_Otma_2025-1-350x250.jpg 350w, https:\/\/oncubanews.com\/en\/wp-content\/uploads\/2025\/09\/Virgen-Mercedes13_Otma_2025-1-750x536.jpg 750w\" sizes=\"auto, (max-width: 1140px) 100vw, 1140px\" \/><\/a><figcaption id=\"caption-attachment-328971\" class=\"wp-caption-text\">Cuban devotees honor the Virgin of Mercy at the Church of Our Lady of Mercy in Old Havana. Photo: Otmaro Rodr\u00edguez.<\/figcaption><\/figure>\n<figure id=\"attachment_328972\" aria-describedby=\"caption-attachment-328972\" style=\"width: 1140px\" class=\"wp-caption alignnone\"><a href=\"https:\/\/oncubanews.com\/en\/wp-content\/uploads\/2025\/09\/Virgen-Mercedes8_Otma_2025-1.jpg\"><img loading=\"lazy\" decoding=\"async\" class=\"size-full wp-image-328972\" src=\"https:\/\/oncubanews.com\/en\/wp-content\/uploads\/2025\/09\/Virgen-Mercedes8_Otma_2025-1.jpg\" alt=\"\" width=\"1140\" height=\"815\" srcset=\"https:\/\/oncubanews.com\/en\/wp-content\/uploads\/2025\/09\/Virgen-Mercedes8_Otma_2025-1.jpg 1140w, https:\/\/oncubanews.com\/en\/wp-content\/uploads\/2025\/09\/Virgen-Mercedes8_Otma_2025-1-300x214.jpg 300w, https:\/\/oncubanews.com\/en\/wp-content\/uploads\/2025\/09\/Virgen-Mercedes8_Otma_2025-1-1024x732.jpg 1024w, https:\/\/oncubanews.com\/en\/wp-content\/uploads\/2025\/09\/Virgen-Mercedes8_Otma_2025-1-768x549.jpg 768w, https:\/\/oncubanews.com\/en\/wp-content\/uploads\/2025\/09\/Virgen-Mercedes8_Otma_2025-1-120x86.jpg 120w, https:\/\/oncubanews.com\/en\/wp-content\/uploads\/2025\/09\/Virgen-Mercedes8_Otma_2025-1-350x250.jpg 350w, https:\/\/oncubanews.com\/en\/wp-content\/uploads\/2025\/09\/Virgen-Mercedes8_Otma_2025-1-750x536.jpg 750w\" sizes=\"auto, (max-width: 1140px) 100vw, 1140px\" \/><\/a><figcaption id=\"caption-attachment-328972\" class=\"wp-caption-text\">Cuban devotees honor the Virgin of Mercy at the Church of Our Lady of Mercy in Old Havana. Photo: Otmaro Rodr\u00edguez.<\/figcaption><\/figure>\n<figure id=\"attachment_328973\" aria-describedby=\"caption-attachment-328973\" style=\"width: 1140px\" class=\"wp-caption alignnone\"><a href=\"https:\/\/oncubanews.com\/en\/wp-content\/uploads\/2025\/09\/Virgen-Mercedes11_Otma_2025-1.jpg\"><img loading=\"lazy\" decoding=\"async\" class=\"size-full wp-image-328973\" src=\"https:\/\/oncubanews.com\/en\/wp-content\/uploads\/2025\/09\/Virgen-Mercedes11_Otma_2025-1.jpg\" alt=\"\" width=\"1140\" height=\"815\" srcset=\"https:\/\/oncubanews.com\/en\/wp-content\/uploads\/2025\/09\/Virgen-Mercedes11_Otma_2025-1.jpg 1140w, https:\/\/oncubanews.com\/en\/wp-content\/uploads\/2025\/09\/Virgen-Mercedes11_Otma_2025-1-300x214.jpg 300w, https:\/\/oncubanews.com\/en\/wp-content\/uploads\/2025\/09\/Virgen-Mercedes11_Otma_2025-1-1024x732.jpg 1024w, https:\/\/oncubanews.com\/en\/wp-content\/uploads\/2025\/09\/Virgen-Mercedes11_Otma_2025-1-768x549.jpg 768w, https:\/\/oncubanews.com\/en\/wp-content\/uploads\/2025\/09\/Virgen-Mercedes11_Otma_2025-1-120x86.jpg 120w, https:\/\/oncubanews.com\/en\/wp-content\/uploads\/2025\/09\/Virgen-Mercedes11_Otma_2025-1-350x250.jpg 350w, https:\/\/oncubanews.com\/en\/wp-content\/uploads\/2025\/09\/Virgen-Mercedes11_Otma_2025-1-750x536.jpg 750w\" sizes=\"auto, (max-width: 1140px) 100vw, 1140px\" \/><\/a><figcaption id=\"caption-attachment-328973\" class=\"wp-caption-text\">Cuban devotees honor the Virgin of Mercy at the Church of Our Lady of Mercy in Old Havana. Photo: Otmaro Rodr\u00edguez.<\/figcaption><\/figure>\n<figure id=\"attachment_328974\" aria-describedby=\"caption-attachment-328974\" style=\"width: 1140px\" class=\"wp-caption alignnone\"><a href=\"https:\/\/oncubanews.com\/en\/wp-content\/uploads\/2025\/09\/Virgen-Mercedes12_Otma_2025-1.jpg\"><img loading=\"lazy\" decoding=\"async\" class=\"size-full wp-image-328974\" src=\"https:\/\/oncubanews.com\/en\/wp-content\/uploads\/2025\/09\/Virgen-Mercedes12_Otma_2025-1.jpg\" alt=\"\" width=\"1140\" height=\"815\" srcset=\"https:\/\/oncubanews.com\/en\/wp-content\/uploads\/2025\/09\/Virgen-Mercedes12_Otma_2025-1.jpg 1140w, https:\/\/oncubanews.com\/en\/wp-content\/uploads\/2025\/09\/Virgen-Mercedes12_Otma_2025-1-300x214.jpg 300w, https:\/\/oncubanews.com\/en\/wp-content\/uploads\/2025\/09\/Virgen-Mercedes12_Otma_2025-1-1024x732.jpg 1024w, https:\/\/oncubanews.com\/en\/wp-content\/uploads\/2025\/09\/Virgen-Mercedes12_Otma_2025-1-768x549.jpg 768w, https:\/\/oncubanews.com\/en\/wp-content\/uploads\/2025\/09\/Virgen-Mercedes12_Otma_2025-1-120x86.jpg 120w, https:\/\/oncubanews.com\/en\/wp-content\/uploads\/2025\/09\/Virgen-Mercedes12_Otma_2025-1-350x250.jpg 350w, https:\/\/oncubanews.com\/en\/wp-content\/uploads\/2025\/09\/Virgen-Mercedes12_Otma_2025-1-750x536.jpg 750w\" sizes=\"auto, (max-width: 1140px) 100vw, 1140px\" \/><\/a><figcaption id=\"caption-attachment-328974\" class=\"wp-caption-text\">Cuban devotees honor the Virgin of Mercy at the Church of Our Lady of Mercy in Old Havana. Photo: Otmaro Rodr\u00edguez<\/figcaption><\/figure>\n","protected":false},"excerpt":{"rendered":"<p>As every year, and despite the crisis, believers from throughout the city and beyond flocked to the Church of Our Lady of Mercy this Wednesday as a demonstration of their faith and devotion.<\/p>\n","protected":false},"author":3134,"featured_media":328976,"comment_status":"open","ping_status":"closed","sticky":false,"template":"","format":"standard","meta":{"_acf_changed":false,"footnotes":""},"categories":[13902],"tags":[19256,35044,35043],"ppma_author":[33546],"class_list":["post-328959","post","type-post","status-publish","format-standard","has-post-thumbnail","hentry","category-cuba","tag-featured","tag-lady-of-mercy","tag-virgen-de-las-mercedes"],"acf":[],"yoast_head":"<!-- This site is optimized with the Yoast SEO plugin v27.3 - https:\/\/yoast.com\/product\/yoast-seo-wordpress\/ -->\n<title>Devotees once again honor Our Lady of Mercy in Havana | OnCubaNews English<\/title>\n<meta name=\"description\" content=\"As is traditional, Cuban devotees once again honored the Virgen of Mercy on September 24\" \/>\n<meta name=\"robots\" content=\"index, follow, max-snippet:-1, max-image-preview:large, max-video-preview:-1\" \/>\n<link rel=\"canonical\" href=\"https:\/\/oncubanews.com\/en\/cuba\/devotees-once-again-honor-our-lady-of-mercy-in-havana\/\" \/>\n<meta property=\"og:locale\" content=\"en_US\" \/>\n<meta property=\"og:type\" content=\"article\" \/>\n<meta property=\"og:title\" content=\"Devotees once again honor Our Lady of Mercy in Havana | OnCubaNews English\" \/>\n<meta property=\"og:description\" content=\"As is traditional, Cuban devotees once again honored the Virgen of Mercy on September 24\" \/>\n<meta property=\"og:url\" content=\"https:\/\/oncubanews.com\/en\/cuba\/devotees-once-again-honor-our-lady-of-mercy-in-havana\/\" \/>\n<meta property=\"og:site_name\" content=\"OnCubaNews English\" \/>\n<meta property=\"article:published_time\" content=\"2025-09-26T19:37:44+00:00\" \/>\n<meta property=\"og:image\" content=\"https:\/\/oncubanews.com\/en\/wp-content\/uploads\/2025\/09\/Virgen-Mercedes_Otma_2025-1.jpg\" \/>\n\t<meta property=\"og:image:width\" content=\"1140\" \/>\n\t<meta property=\"og:image:height\" content=\"815\" \/>\n\t<meta property=\"og:image:type\" content=\"image\/jpeg\" \/>\n<meta name=\"author\" content=\"OnCuba Staff\" \/>\n<meta name=\"twitter:card\" content=\"summary_large_image\" \/>\n<meta name=\"twitter:label1\" content=\"Written by\" \/>\n\t<meta name=\"twitter:data1\" content=\"OnCuba Staff\" \/>\n\t<meta name=\"twitter:label2\" content=\"Est. reading time\" \/>\n\t<meta name=\"twitter:data2\" content=\"6 minutes\" \/>\n<script type=\"application\/ld+json\" class=\"yoast-schema-graph\">{\"@context\":\"https:\\\/\\\/schema.org\",\"@graph\":[{\"@type\":\"Article\",\"@id\":\"https:\\\/\\\/oncubanews.com\\\/en\\\/cuba\\\/devotees-once-again-honor-our-lady-of-mercy-in-havana\\\/#article\",\"isPartOf\":{\"@id\":\"https:\\\/\\\/oncubanews.com\\\/en\\\/cuba\\\/devotees-once-again-honor-our-lady-of-mercy-in-havana\\\/\"},\"author\":{\"name\":\"OnCuba Staff\",\"@id\":\"https:\\\/\\\/oncubanews.com\\\/en\\\/#\\\/schema\\\/person\\\/d7171bf311032ab1f557dd8332e714af\"},\"headline\":\"Devotees once again honor Our Lady of Mercy in Havana\",\"datePublished\":\"2025-09-26T19:37:44+00:00\",\"mainEntityOfPage\":{\"@id\":\"https:\\\/\\\/oncubanews.com\\\/en\\\/cuba\\\/devotees-once-again-honor-our-lady-of-mercy-in-havana\\\/\"},\"wordCount\":610,\"commentCount\":0,\"image\":{\"@id\":\"https:\\\/\\\/oncubanews.com\\\/en\\\/cuba\\\/devotees-once-again-honor-our-lady-of-mercy-in-havana\\\/#primaryimage\"},\"thumbnailUrl\":\"https:\\\/\\\/oncubanews.com\\\/en\\\/wp-content\\\/uploads\\\/2025\\\/09\\\/Virgen-Mercedes_Otma_2025-1.jpg\",\"keywords\":[\"featured\",\"Lady of Mercy\",\"Virgen de las Mercedes\"],\"articleSection\":[\"Cuba\"],\"inLanguage\":\"en-US\",\"potentialAction\":[{\"@type\":\"CommentAction\",\"name\":\"Comment\",\"target\":[\"https:\\\/\\\/oncubanews.com\\\/en\\\/cuba\\\/devotees-once-again-honor-our-lady-of-mercy-in-havana\\\/#respond\"]}],\"copyrightYear\":\"2025\",\"copyrightHolder\":{\"@id\":\"https:\\\/\\\/oncubanews.com\\\/en\\\/#organization\"}},{\"@type\":\"WebPage\",\"@id\":\"https:\\\/\\\/oncubanews.com\\\/en\\\/cuba\\\/devotees-once-again-honor-our-lady-of-mercy-in-havana\\\/\",\"url\":\"https:\\\/\\\/oncubanews.com\\\/en\\\/cuba\\\/devotees-once-again-honor-our-lady-of-mercy-in-havana\\\/\",\"name\":\"Devotees once again honor Our Lady of Mercy in Havana | OnCubaNews English\",\"isPartOf\":{\"@id\":\"https:\\\/\\\/oncubanews.com\\\/en\\\/#website\"},\"primaryImageOfPage\":{\"@id\":\"https:\\\/\\\/oncubanews.com\\\/en\\\/cuba\\\/devotees-once-again-honor-our-lady-of-mercy-in-havana\\\/#primaryimage\"},\"image\":{\"@id\":\"https:\\\/\\\/oncubanews.com\\\/en\\\/cuba\\\/devotees-once-again-honor-our-lady-of-mercy-in-havana\\\/#primaryimage\"},\"thumbnailUrl\":\"https:\\\/\\\/oncubanews.com\\\/en\\\/wp-content\\\/uploads\\\/2025\\\/09\\\/Virgen-Mercedes_Otma_2025-1.jpg\",\"datePublished\":\"2025-09-26T19:37:44+00:00\",\"author\":{\"@id\":\"https:\\\/\\\/oncubanews.com\\\/en\\\/#\\\/schema\\\/person\\\/d7171bf311032ab1f557dd8332e714af\"},\"description\":\"As is traditional, Cuban devotees once again honored the Virgen of Mercy on September 24\",\"breadcrumb\":{\"@id\":\"https:\\\/\\\/oncubanews.com\\\/en\\\/cuba\\\/devotees-once-again-honor-our-lady-of-mercy-in-havana\\\/#breadcrumb\"},\"inLanguage\":\"en-US\",\"potentialAction\":[{\"@type\":\"ReadAction\",\"target\":[\"https:\\\/\\\/oncubanews.com\\\/en\\\/cuba\\\/devotees-once-again-honor-our-lady-of-mercy-in-havana\\\/\"]}]},{\"@type\":\"ImageObject\",\"inLanguage\":\"en-US\",\"@id\":\"https:\\\/\\\/oncubanews.com\\\/en\\\/cuba\\\/devotees-once-again-honor-our-lady-of-mercy-in-havana\\\/#primaryimage\",\"url\":\"https:\\\/\\\/oncubanews.com\\\/en\\\/wp-content\\\/uploads\\\/2025\\\/09\\\/Virgen-Mercedes_Otma_2025-1.jpg\",\"contentUrl\":\"https:\\\/\\\/oncubanews.com\\\/en\\\/wp-content\\\/uploads\\\/2025\\\/09\\\/Virgen-Mercedes_Otma_2025-1.jpg\",\"width\":1140,\"height\":815,\"caption\":\"Conmemoraci\u00f3n del d\u00eda de Nuestra Se\u00f1ora de la Mercedes (Obbatal\u00e1). Foto: Otmaro Rodr\u00edguez.\"},{\"@type\":\"BreadcrumbList\",\"@id\":\"https:\\\/\\\/oncubanews.com\\\/en\\\/cuba\\\/devotees-once-again-honor-our-lady-of-mercy-in-havana\\\/#breadcrumb\",\"itemListElement\":[{\"@type\":\"ListItem\",\"position\":1,\"name\":\"Portada\",\"item\":\"https:\\\/\\\/oncubanews.com\\\/en\\\/\"},{\"@type\":\"ListItem\",\"position\":2,\"name\":\"Devotees once again honor Our Lady of Mercy in Havana\"}]},{\"@type\":\"WebSite\",\"@id\":\"https:\\\/\\\/oncubanews.com\\\/en\\\/#website\",\"url\":\"https:\\\/\\\/oncubanews.com\\\/en\\\/\",\"name\":\"OnCubaNews English\",\"description\":\"Revista sobre Cuba\",\"potentialAction\":[{\"@type\":\"SearchAction\",\"target\":{\"@type\":\"EntryPoint\",\"urlTemplate\":\"https:\\\/\\\/oncubanews.com\\\/en\\\/?s={search_term_string}\"},\"query-input\":{\"@type\":\"PropertyValueSpecification\",\"valueRequired\":true,\"valueName\":\"search_term_string\"}}],\"inLanguage\":\"en-US\"},{\"@type\":\"Person\",\"@id\":\"https:\\\/\\\/oncubanews.com\\\/en\\\/#\\\/schema\\\/person\\\/d7171bf311032ab1f557dd8332e714af\",\"name\":\"OnCuba Staff\",\"image\":{\"@type\":\"ImageObject\",\"inLanguage\":\"en-US\",\"@id\":\"https:\\\/\\\/secure.gravatar.com\\\/avatar\\\/4b4c4d6109baadde898bb1af22ea4a4af5f4417b86a5d1800bf17531bfb128fc?s=96&r=g17310096d4dde63ebae0e54fbb19218a\",\"url\":\"https:\\\/\\\/secure.gravatar.com\\\/avatar\\\/4b4c4d6109baadde898bb1af22ea4a4af5f4417b86a5d1800bf17531bfb128fc?s=96&r=g\",\"contentUrl\":\"https:\\\/\\\/secure.gravatar.com\\\/avatar\\\/4b4c4d6109baadde898bb1af22ea4a4af5f4417b86a5d1800bf17531bfb128fc?s=96&r=g\",\"caption\":\"OnCuba Staff\"},\"url\":\"https:\\\/\\\/oncubanews.com\\\/en\\\/author\\\/oncuba-editorial-staff\\\/\"}]}<\/script>\n<!-- \/ Yoast SEO plugin. -->","yoast_head_json":{"title":"Devotees once again honor Our Lady of Mercy in Havana | OnCubaNews English","description":"As is traditional, Cuban devotees once again honored the Virgen of Mercy on September 24","robots":{"index":"index","follow":"follow","max-snippet":"max-snippet:-1","max-image-preview":"max-image-preview:large","max-video-preview":"max-video-preview:-1"},"canonical":"https:\/\/oncubanews.com\/en\/cuba\/devotees-once-again-honor-our-lady-of-mercy-in-havana\/","og_locale":"en_US","og_type":"article","og_title":"Devotees once again honor Our Lady of Mercy in Havana | OnCubaNews English","og_description":"As is traditional, Cuban devotees once again honored the Virgen of Mercy on September 24","og_url":"https:\/\/oncubanews.com\/en\/cuba\/devotees-once-again-honor-our-lady-of-mercy-in-havana\/","og_site_name":"OnCubaNews English","article_published_time":"2025-09-26T19:37:44+00:00","og_image":[{"width":1140,"height":815,"url":"https:\/\/oncubanews.com\/en\/wp-content\/uploads\/2025\/09\/Virgen-Mercedes_Otma_2025-1.jpg","type":"image\/jpeg"}],"author":"OnCuba Staff","twitter_card":"summary_large_image","twitter_misc":{"Written by":"OnCuba Staff","Est. reading time":"6 minutes"},"schema":{"@context":"https:\/\/schema.org","@graph":[{"@type":"Article","@id":"https:\/\/oncubanews.com\/en\/cuba\/devotees-once-again-honor-our-lady-of-mercy-in-havana\/#article","isPartOf":{"@id":"https:\/\/oncubanews.com\/en\/cuba\/devotees-once-again-honor-our-lady-of-mercy-in-havana\/"},"author":{"name":"OnCuba Staff","@id":"https:\/\/oncubanews.com\/en\/#\/schema\/person\/d7171bf311032ab1f557dd8332e714af"},"headline":"Devotees once again honor Our Lady of Mercy in Havana","datePublished":"2025-09-26T19:37:44+00:00","mainEntityOfPage":{"@id":"https:\/\/oncubanews.com\/en\/cuba\/devotees-once-again-honor-our-lady-of-mercy-in-havana\/"},"wordCount":610,"commentCount":0,"image":{"@id":"https:\/\/oncubanews.com\/en\/cuba\/devotees-once-again-honor-our-lady-of-mercy-in-havana\/#primaryimage"},"thumbnailUrl":"https:\/\/oncubanews.com\/en\/wp-content\/uploads\/2025\/09\/Virgen-Mercedes_Otma_2025-1.jpg","keywords":["featured","Lady of Mercy","Virgen de las Mercedes"],"articleSection":["Cuba"],"inLanguage":"en-US","potentialAction":[{"@type":"CommentAction","name":"Comment","target":["https:\/\/oncubanews.com\/en\/cuba\/devotees-once-again-honor-our-lady-of-mercy-in-havana\/#respond"]}],"copyrightYear":"2025","copyrightHolder":{"@id":"https:\/\/oncubanews.com\/en\/#organization"}},{"@type":"WebPage","@id":"https:\/\/oncubanews.com\/en\/cuba\/devotees-once-again-honor-our-lady-of-mercy-in-havana\/","url":"https:\/\/oncubanews.com\/en\/cuba\/devotees-once-again-honor-our-lady-of-mercy-in-havana\/","name":"Devotees once again honor Our Lady of Mercy in Havana | OnCubaNews English","isPartOf":{"@id":"https:\/\/oncubanews.com\/en\/#website"},"primaryImageOfPage":{"@id":"https:\/\/oncubanews.com\/en\/cuba\/devotees-once-again-honor-our-lady-of-mercy-in-havana\/#primaryimage"},"image":{"@id":"https:\/\/oncubanews.com\/en\/cuba\/devotees-once-again-honor-our-lady-of-mercy-in-havana\/#primaryimage"},"thumbnailUrl":"https:\/\/oncubanews.com\/en\/wp-content\/uploads\/2025\/09\/Virgen-Mercedes_Otma_2025-1.jpg","datePublished":"2025-09-26T19:37:44+00:00","author":{"@id":"https:\/\/oncubanews.com\/en\/#\/schema\/person\/d7171bf311032ab1f557dd8332e714af"},"description":"As is traditional, Cuban devotees once again honored the Virgen of Mercy on September 24","breadcrumb":{"@id":"https:\/\/oncubanews.com\/en\/cuba\/devotees-once-again-honor-our-lady-of-mercy-in-havana\/#breadcrumb"},"inLanguage":"en-US","potentialAction":[{"@type":"ReadAction","target":["https:\/\/oncubanews.com\/en\/cuba\/devotees-once-again-honor-our-lady-of-mercy-in-havana\/"]}]},{"@type":"ImageObject","inLanguage":"en-US","@id":"https:\/\/oncubanews.com\/en\/cuba\/devotees-once-again-honor-our-lady-of-mercy-in-havana\/#primaryimage","url":"https:\/\/oncubanews.com\/en\/wp-content\/uploads\/2025\/09\/Virgen-Mercedes_Otma_2025-1.jpg","contentUrl":"https:\/\/oncubanews.com\/en\/wp-content\/uploads\/2025\/09\/Virgen-Mercedes_Otma_2025-1.jpg","width":1140,"height":815,"caption":"Conmemoraci\u00f3n del d\u00eda de Nuestra Se\u00f1ora de la Mercedes (Obbatal\u00e1). Foto: Otmaro Rodr\u00edguez."},{"@type":"BreadcrumbList","@id":"https:\/\/oncubanews.com\/en\/cuba\/devotees-once-again-honor-our-lady-of-mercy-in-havana\/#breadcrumb","itemListElement":[{"@type":"ListItem","position":1,"name":"Portada","item":"https:\/\/oncubanews.com\/en\/"},{"@type":"ListItem","position":2,"name":"Devotees once again honor Our Lady of Mercy in Havana"}]},{"@type":"WebSite","@id":"https:\/\/oncubanews.com\/en\/#website","url":"https:\/\/oncubanews.com\/en\/","name":"OnCubaNews English","description":"Revista sobre Cuba","potentialAction":[{"@type":"SearchAction","target":{"@type":"EntryPoint","urlTemplate":"https:\/\/oncubanews.com\/en\/?s={search_term_string}"},"query-input":{"@type":"PropertyValueSpecification","valueRequired":true,"valueName":"search_term_string"}}],"inLanguage":"en-US"},{"@type":"Person","@id":"https:\/\/oncubanews.com\/en\/#\/schema\/person\/d7171bf311032ab1f557dd8332e714af","name":"OnCuba Staff","image":{"@type":"ImageObject","inLanguage":"en-US","@id":"https:\/\/secure.gravatar.com\/avatar\/4b4c4d6109baadde898bb1af22ea4a4af5f4417b86a5d1800bf17531bfb128fc?s=96&r=g17310096d4dde63ebae0e54fbb19218a","url":"https:\/\/secure.gravatar.com\/avatar\/4b4c4d6109baadde898bb1af22ea4a4af5f4417b86a5d1800bf17531bfb128fc?s=96&r=g","contentUrl":"https:\/\/secure.gravatar.com\/avatar\/4b4c4d6109baadde898bb1af22ea4a4af5f4417b86a5d1800bf17531bfb128fc?s=96&r=g","caption":"OnCuba Staff"},"url":"https:\/\/oncubanews.com\/en\/author\/oncuba-editorial-staff\/"}]}},"authors":[{"term_id":33546,"user_id":3134,"is_guest":0,"slug":"oncuba-editorial-staff","display_name":"OnCuba Staff","avatar_url":"https:\/\/secure.gravatar.com\/avatar\/4b4c4d6109baadde898bb1af22ea4a4af5f4417b86a5d1800bf17531bfb128fc?s=96&r=g","0":null,"1":"","2":"","3":"","4":"","5":"","6":"","7":"","8":""}],"_links":{"self":[{"href":"https:\/\/oncubanews.com\/en\/wp-json\/wp\/v2\/posts\/328959","targetHints":{"allow":["GET"]}}],"collection":[{"href":"https:\/\/oncubanews.com\/en\/wp-json\/wp\/v2\/posts"}],"about":[{"href":"https:\/\/oncubanews.com\/en\/wp-json\/wp\/v2\/types\/post"}],"author":[{"embeddable":true,"href":"https:\/\/oncubanews.com\/en\/wp-json\/wp\/v2\/users\/3134"}],"replies":[{"embeddable":true,"href":"https:\/\/oncubanews.com\/en\/wp-json\/wp\/v2\/comments?post=328959"}],"version-history":[{"count":3,"href":"https:\/\/oncubanews.com\/en\/wp-json\/wp\/v2\/posts\/328959\/revisions"}],"predecessor-version":[{"id":328975,"href":"https:\/\/oncubanews.com\/en\/wp-json\/wp\/v2\/posts\/328959\/revisions\/328975"}],"wp:featuredmedia":[{"embeddable":true,"href":"https:\/\/oncubanews.com\/en\/wp-json\/wp\/v2\/media\/328976"}],"wp:attachment":[{"href":"https:\/\/oncubanews.com\/en\/wp-json\/wp\/v2\/media?parent=328959"}],"wp:term":[{"taxonomy":"category","embeddable":true,"href":"https:\/\/oncubanews.com\/en\/wp-json\/wp\/v2\/categories?post=328959"},{"taxonomy":"post_tag","embeddable":true,"href":"https:\/\/oncubanews.com\/en\/wp-json\/wp\/v2\/tags?post=328959"},{"taxonomy":"author","embeddable":true,"href":"https:\/\/oncubanews.com\/en\/wp-json\/wp\/v2\/ppma_author?post=328959"}],"curies":[{"name":"wp","href":"https:\/\/api.w.org\/{rel}","templated":true}]}}