
{"id":37866,"date":"2014-11-14T06:00:53","date_gmt":"2014-11-14T11:00:53","guid":{"rendered":"http:\/\/oncubamagazine.com\/?p=37866"},"modified":"2014-11-14T16:39:13","modified_gmt":"2014-11-14T21:39:13","slug":"changes-in-countries-to-participate-in-v-world-series-of-boxing","status":"publish","type":"post","link":"https:\/\/oncubanews.com\/en\/sports\/boxing\/changes-in-countries-to-participate-in-v-world-series-of-boxing\/","title":{"rendered":"Changes in countries to participate in V World Series of Boxing"},"content":{"rendered":"<p>The International Boxing Association (AIBA) continues making headlines and correcting details in search of making its main event, the World Series, an event followed by many, full of entertainment and competitiveness. When the news is still fresh on the election of three exponents of the Cuban School as part of the best of this 2014, another informative headline regarding the Domadores comes to our sports page.<\/p>\n<p>Germany, that in the edition number four did not get to any positive dividends, was replaced by a universal power of this discipline which will make of group A lot more cumbersome. The new team is England, owner of a rich history in the art of fists from the early twentieth century.<\/p>\n<p>Its call raises the cache of the tournament at the expense of the Germans, who did little in the ring and left much to be desired. Also strengthens the segment of the Cubans, who already knew the presence of Russia, Algeria, China, Ukraine, Morocco and Mexico.<\/p>\n<p>Records show that in the Olympic Games in London in 1908 Albert Oldman won the gold medal in the heavyweight division, or Sir Henry Cooper, British ex-boxer, British champion, European and Commonwealth. A man who once fought with the promising Cassius Clay \u2013 he had not yet changed the name- and another against &#8220;Muhammad Ali&#8221;. Both wins were for the legendary African-American.<\/p>\n<p>Later in time, very few do not remember the great fight of the boy at the time, Amir Khan before the great favorite of 60 kg in Athens &#8217;04, Mario Kindelan from Holguin. A demonstration that clearly dictated his chances, which showed in the fight scheduled months later as his farewell to the amateur level and in the professional sphere today. Today, Khan is perhaps the most hyped British boxer along David Haye with the latter defeated on two occasions by Odlanier Solis in his time as an amateur.<\/p>\n<p>Also the registration of Puerto Rico ratified as part of a group B where already were runner-up Azerbaijan, Kazakhstan, Italy, Argentina, Poland, United States and Venezuela.<\/p>\n<p>The Domadores, who like beasts minimized each of its rivals, now have another good challenger to jeopardize the maxim &#8220;hit and don\u2019t get hit&#8221; fully enforced in this contest as rookies, which found in our team a solid participant, if you stick to the tradition, the current level and the interest shown by the managers of the island and no wonder, the record scares: 63 wins and only 18 defeats. The numbers, at the best reggaeton style, show themselves.<\/p>\n<p>The V World Series start in the first month of 2015 and runs through June, and has the main incentive giving direct tickets for the Olympic Games in Rio de Janeiro&#8217;16. According to the program previously broadcast, Cubans receive on January 16 Morocco in format C-1 divisions (49, 56, 64, 75 and 91 kilos).<\/p>\n<p>According to AIBA, in this new version from Latin America will compete today\u00b4s monarchs, \u201cC\u00f3ndores\u201d from Argentina, \u201cGuerreros\u201d from Mexico, and the newcomers \u201cHuracanes\u201d from Puerto Rico and \u201cCaciques\u201d from Venezuela. The latter and the team from China, according to unofficial information known are the two teams so far Cuba has given its approval for the recruitment of fighters into their ranks. Morocco, like the first time, is also interested in summoning some exponents of the national boxing franchise. The exact specifics on this issue will have to wait.<\/p>\n","protected":false},"excerpt":{"rendered":"<p>The International Boxing Association (AIBA) continues making headlines and correcting details in search of making its main event, the World Series, an event followed by many, full of entertainment and competitiveness. When the news is still fresh on the election of three exponents of the Cuban School as part of the best of this 2014, [&hellip;]<\/p>\n","protected":false},"author":3126,"featured_media":37799,"comment_status":"open","ping_status":"closed","sticky":false,"template":"","format":"standard","meta":{"_acf_changed":false,"footnotes":""},"categories":[13927],"tags":[],"ppma_author":[33771,8443],"class_list":["post-37866","post","type-post","status-publish","format-standard","has-post-thumbnail","hentry","category-boxing"],"acf":[],"yoast_head":"<!-- This site is optimized with the Yoast SEO plugin v27.3 - https:\/\/yoast.com\/product\/yoast-seo-wordpress\/ -->\n<title>Changes in countries to participate in V World Series of Boxing | OnCubaNews English<\/title>\n<meta name=\"robots\" content=\"index, follow, max-snippet:-1, max-image-preview:large, max-video-preview:-1\" \/>\n<link rel=\"canonical\" href=\"https:\/\/oncubanews.com\/en\/sports\/boxing\/changes-in-countries-to-participate-in-v-world-series-of-boxing\/\" \/>\n<meta property=\"og:locale\" content=\"en_US\" \/>\n<meta property=\"og:type\" content=\"article\" \/>\n<meta property=\"og:title\" content=\"Changes in countries to participate in V World Series of Boxing | OnCubaNews English\" \/>\n<meta property=\"og:description\" content=\"The International Boxing Association (AIBA) continues making headlines and correcting details in search of making its main event, the World Series, an event followed by many, full of entertainment and competitiveness. When the news is still fresh on the election of three exponents of the Cuban School as part of the best of this 2014, [&hellip;]\" \/>\n<meta property=\"og:url\" content=\"https:\/\/oncubanews.com\/en\/sports\/boxing\/changes-in-countries-to-participate-in-v-world-series-of-boxing\/\" \/>\n<meta property=\"og:site_name\" content=\"OnCubaNews English\" \/>\n<meta property=\"article:published_time\" content=\"2014-11-14T11:00:53+00:00\" \/>\n<meta property=\"article:modified_time\" content=\"2014-11-14T21:39:13+00:00\" \/>\n<meta property=\"og:image\" content=\"https:\/\/oncubanews.com\/en\/wp-content\/uploads\/2014\/11\/domadores.jpg\" \/>\n\t<meta property=\"og:image:width\" content=\"755\" \/>\n\t<meta property=\"og:image:height\" content=\"426\" \/>\n\t<meta property=\"og:image:type\" content=\"image\/jpeg\" \/>\n<meta name=\"author\" content=\"Jhonah D\u00edaz Gonz\u00e1lez, jhonah\" \/>\n<meta name=\"twitter:card\" content=\"summary_large_image\" \/>\n<meta name=\"twitter:label1\" content=\"Written by\" \/>\n\t<meta name=\"twitter:data1\" content=\"Jhonah D\u00edaz Gonz\u00e1lez\" \/>\n\t<meta name=\"twitter:label2\" content=\"Est. reading time\" \/>\n\t<meta name=\"twitter:data2\" content=\"3 minutes\" \/>\n<script type=\"application\/ld+json\" class=\"yoast-schema-graph\">{\"@context\":\"https:\\\/\\\/schema.org\",\"@graph\":[{\"@type\":\"Article\",\"@id\":\"https:\\\/\\\/oncubanews.com\\\/en\\\/sports\\\/boxing\\\/changes-in-countries-to-participate-in-v-world-series-of-boxing\\\/#article\",\"isPartOf\":{\"@id\":\"https:\\\/\\\/oncubanews.com\\\/en\\\/sports\\\/boxing\\\/changes-in-countries-to-participate-in-v-world-series-of-boxing\\\/\"},\"author\":{\"name\":\"Jhonah D\u00edaz Gonz\u00e1lez\",\"@id\":\"https:\\\/\\\/oncubanews.com\\\/en\\\/#\\\/schema\\\/person\\\/e5490b0c603465940a224c40e4070dd0\"},\"headline\":\"Changes in countries to participate in V World Series of Boxing\",\"datePublished\":\"2014-11-14T11:00:53+00:00\",\"dateModified\":\"2014-11-14T21:39:13+00:00\",\"mainEntityOfPage\":{\"@id\":\"https:\\\/\\\/oncubanews.com\\\/en\\\/sports\\\/boxing\\\/changes-in-countries-to-participate-in-v-world-series-of-boxing\\\/\"},\"wordCount\":564,\"commentCount\":0,\"image\":{\"@id\":\"https:\\\/\\\/oncubanews.com\\\/en\\\/sports\\\/boxing\\\/changes-in-countries-to-participate-in-v-world-series-of-boxing\\\/#primaryimage\"},\"thumbnailUrl\":\"https:\\\/\\\/oncubanews.com\\\/en\\\/wp-content\\\/uploads\\\/2014\\\/11\\\/domadores.jpg\",\"articleSection\":[\"Boxing\"],\"inLanguage\":\"en-US\",\"potentialAction\":[{\"@type\":\"CommentAction\",\"name\":\"Comment\",\"target\":[\"https:\\\/\\\/oncubanews.com\\\/en\\\/sports\\\/boxing\\\/changes-in-countries-to-participate-in-v-world-series-of-boxing\\\/#respond\"]}],\"copyrightYear\":\"2014\",\"copyrightHolder\":{\"@id\":\"https:\\\/\\\/oncubanews.com\\\/en\\\/#organization\"}},{\"@type\":\"WebPage\",\"@id\":\"https:\\\/\\\/oncubanews.com\\\/en\\\/sports\\\/boxing\\\/changes-in-countries-to-participate-in-v-world-series-of-boxing\\\/\",\"url\":\"https:\\\/\\\/oncubanews.com\\\/en\\\/sports\\\/boxing\\\/changes-in-countries-to-participate-in-v-world-series-of-boxing\\\/\",\"name\":\"Changes in countries to participate in V World Series of Boxing | OnCubaNews English\",\"isPartOf\":{\"@id\":\"https:\\\/\\\/oncubanews.com\\\/en\\\/#website\"},\"primaryImageOfPage\":{\"@id\":\"https:\\\/\\\/oncubanews.com\\\/en\\\/sports\\\/boxing\\\/changes-in-countries-to-participate-in-v-world-series-of-boxing\\\/#primaryimage\"},\"image\":{\"@id\":\"https:\\\/\\\/oncubanews.com\\\/en\\\/sports\\\/boxing\\\/changes-in-countries-to-participate-in-v-world-series-of-boxing\\\/#primaryimage\"},\"thumbnailUrl\":\"https:\\\/\\\/oncubanews.com\\\/en\\\/wp-content\\\/uploads\\\/2014\\\/11\\\/domadores.jpg\",\"datePublished\":\"2014-11-14T11:00:53+00:00\",\"dateModified\":\"2014-11-14T21:39:13+00:00\",\"author\":{\"@id\":\"https:\\\/\\\/oncubanews.com\\\/en\\\/#\\\/schema\\\/person\\\/e5490b0c603465940a224c40e4070dd0\"},\"breadcrumb\":{\"@id\":\"https:\\\/\\\/oncubanews.com\\\/en\\\/sports\\\/boxing\\\/changes-in-countries-to-participate-in-v-world-series-of-boxing\\\/#breadcrumb\"},\"inLanguage\":\"en-US\",\"potentialAction\":[{\"@type\":\"ReadAction\",\"target\":[\"https:\\\/\\\/oncubanews.com\\\/en\\\/sports\\\/boxing\\\/changes-in-countries-to-participate-in-v-world-series-of-boxing\\\/\"]}]},{\"@type\":\"ImageObject\",\"inLanguage\":\"en-US\",\"@id\":\"https:\\\/\\\/oncubanews.com\\\/en\\\/sports\\\/boxing\\\/changes-in-countries-to-participate-in-v-world-series-of-boxing\\\/#primaryimage\",\"url\":\"https:\\\/\\\/oncubanews.com\\\/en\\\/wp-content\\\/uploads\\\/2014\\\/11\\\/domadores.jpg\",\"contentUrl\":\"https:\\\/\\\/oncubanews.com\\\/en\\\/wp-content\\\/uploads\\\/2014\\\/11\\\/domadores.jpg\",\"width\":755,\"height\":426},{\"@type\":\"BreadcrumbList\",\"@id\":\"https:\\\/\\\/oncubanews.com\\\/en\\\/sports\\\/boxing\\\/changes-in-countries-to-participate-in-v-world-series-of-boxing\\\/#breadcrumb\",\"itemListElement\":[{\"@type\":\"ListItem\",\"position\":1,\"name\":\"Portada\",\"item\":\"https:\\\/\\\/oncubanews.com\\\/en\\\/\"},{\"@type\":\"ListItem\",\"position\":2,\"name\":\"Changes in countries to participate in V World Series of Boxing\"}]},{\"@type\":\"WebSite\",\"@id\":\"https:\\\/\\\/oncubanews.com\\\/en\\\/#website\",\"url\":\"https:\\\/\\\/oncubanews.com\\\/en\\\/\",\"name\":\"OnCubaNews English\",\"description\":\"Revista sobre Cuba\",\"potentialAction\":[{\"@type\":\"SearchAction\",\"target\":{\"@type\":\"EntryPoint\",\"urlTemplate\":\"https:\\\/\\\/oncubanews.com\\\/en\\\/?s={search_term_string}\"},\"query-input\":{\"@type\":\"PropertyValueSpecification\",\"valueRequired\":true,\"valueName\":\"search_term_string\"}}],\"inLanguage\":\"en-US\"},{\"@type\":\"Person\",\"@id\":\"https:\\\/\\\/oncubanews.com\\\/en\\\/#\\\/schema\\\/person\\\/e5490b0c603465940a224c40e4070dd0\",\"name\":\"Jhonah D\u00edaz Gonz\u00e1lez\",\"image\":{\"@type\":\"ImageObject\",\"inLanguage\":\"en-US\",\"@id\":\"https:\\\/\\\/oncubanews.com\\\/wp-content\\\/uploads\\\/2016\\\/02\\\/Jhonah-D\u00edaz-Gonz\u00e1lez_avatar_1455988547-96x96.jpgdcca2b43322872d17ff0354107ab0873\",\"url\":\"https:\\\/\\\/oncubanews.com\\\/wp-content\\\/uploads\\\/2016\\\/02\\\/Jhonah-D\u00edaz-Gonz\u00e1lez_avatar_1455988547-96x96.jpg\",\"contentUrl\":\"https:\\\/\\\/oncubanews.com\\\/wp-content\\\/uploads\\\/2016\\\/02\\\/Jhonah-D\u00edaz-Gonz\u00e1lez_avatar_1455988547-96x96.jpg\",\"caption\":\"Jhonah D\u00edaz Gonz\u00e1lez\"},\"url\":\"https:\\\/\\\/oncubanews.com\\\/en\\\/author\\\/jhonah\\\/\"}]}<\/script>\n<!-- \/ Yoast SEO plugin. -->","yoast_head_json":{"title":"Changes in countries to participate in V World Series of Boxing | OnCubaNews English","robots":{"index":"index","follow":"follow","max-snippet":"max-snippet:-1","max-image-preview":"max-image-preview:large","max-video-preview":"max-video-preview:-1"},"canonical":"https:\/\/oncubanews.com\/en\/sports\/boxing\/changes-in-countries-to-participate-in-v-world-series-of-boxing\/","og_locale":"en_US","og_type":"article","og_title":"Changes in countries to participate in V World Series of Boxing | OnCubaNews English","og_description":"The International Boxing Association (AIBA) continues making headlines and correcting details in search of making its main event, the World Series, an event followed by many, full of entertainment and competitiveness. When the news is still fresh on the election of three exponents of the Cuban School as part of the best of this 2014, [&hellip;]","og_url":"https:\/\/oncubanews.com\/en\/sports\/boxing\/changes-in-countries-to-participate-in-v-world-series-of-boxing\/","og_site_name":"OnCubaNews English","article_published_time":"2014-11-14T11:00:53+00:00","article_modified_time":"2014-11-14T21:39:13+00:00","og_image":[{"width":755,"height":426,"url":"https:\/\/oncubanews.com\/en\/wp-content\/uploads\/2014\/11\/domadores.jpg","type":"image\/jpeg"}],"author":"Jhonah D\u00edaz Gonz\u00e1lez, jhonah","twitter_card":"summary_large_image","twitter_misc":{"Written by":"Jhonah D\u00edaz Gonz\u00e1lez","Est. reading time":"3 minutes"},"schema":{"@context":"https:\/\/schema.org","@graph":[{"@type":"Article","@id":"https:\/\/oncubanews.com\/en\/sports\/boxing\/changes-in-countries-to-participate-in-v-world-series-of-boxing\/#article","isPartOf":{"@id":"https:\/\/oncubanews.com\/en\/sports\/boxing\/changes-in-countries-to-participate-in-v-world-series-of-boxing\/"},"author":{"name":"Jhonah D\u00edaz Gonz\u00e1lez","@id":"https:\/\/oncubanews.com\/en\/#\/schema\/person\/e5490b0c603465940a224c40e4070dd0"},"headline":"Changes in countries to participate in V World Series of Boxing","datePublished":"2014-11-14T11:00:53+00:00","dateModified":"2014-11-14T21:39:13+00:00","mainEntityOfPage":{"@id":"https:\/\/oncubanews.com\/en\/sports\/boxing\/changes-in-countries-to-participate-in-v-world-series-of-boxing\/"},"wordCount":564,"commentCount":0,"image":{"@id":"https:\/\/oncubanews.com\/en\/sports\/boxing\/changes-in-countries-to-participate-in-v-world-series-of-boxing\/#primaryimage"},"thumbnailUrl":"https:\/\/oncubanews.com\/en\/wp-content\/uploads\/2014\/11\/domadores.jpg","articleSection":["Boxing"],"inLanguage":"en-US","potentialAction":[{"@type":"CommentAction","name":"Comment","target":["https:\/\/oncubanews.com\/en\/sports\/boxing\/changes-in-countries-to-participate-in-v-world-series-of-boxing\/#respond"]}],"copyrightYear":"2014","copyrightHolder":{"@id":"https:\/\/oncubanews.com\/en\/#organization"}},{"@type":"WebPage","@id":"https:\/\/oncubanews.com\/en\/sports\/boxing\/changes-in-countries-to-participate-in-v-world-series-of-boxing\/","url":"https:\/\/oncubanews.com\/en\/sports\/boxing\/changes-in-countries-to-participate-in-v-world-series-of-boxing\/","name":"Changes in countries to participate in V World Series of Boxing | OnCubaNews English","isPartOf":{"@id":"https:\/\/oncubanews.com\/en\/#website"},"primaryImageOfPage":{"@id":"https:\/\/oncubanews.com\/en\/sports\/boxing\/changes-in-countries-to-participate-in-v-world-series-of-boxing\/#primaryimage"},"image":{"@id":"https:\/\/oncubanews.com\/en\/sports\/boxing\/changes-in-countries-to-participate-in-v-world-series-of-boxing\/#primaryimage"},"thumbnailUrl":"https:\/\/oncubanews.com\/en\/wp-content\/uploads\/2014\/11\/domadores.jpg","datePublished":"2014-11-14T11:00:53+00:00","dateModified":"2014-11-14T21:39:13+00:00","author":{"@id":"https:\/\/oncubanews.com\/en\/#\/schema\/person\/e5490b0c603465940a224c40e4070dd0"},"breadcrumb":{"@id":"https:\/\/oncubanews.com\/en\/sports\/boxing\/changes-in-countries-to-participate-in-v-world-series-of-boxing\/#breadcrumb"},"inLanguage":"en-US","potentialAction":[{"@type":"ReadAction","target":["https:\/\/oncubanews.com\/en\/sports\/boxing\/changes-in-countries-to-participate-in-v-world-series-of-boxing\/"]}]},{"@type":"ImageObject","inLanguage":"en-US","@id":"https:\/\/oncubanews.com\/en\/sports\/boxing\/changes-in-countries-to-participate-in-v-world-series-of-boxing\/#primaryimage","url":"https:\/\/oncubanews.com\/en\/wp-content\/uploads\/2014\/11\/domadores.jpg","contentUrl":"https:\/\/oncubanews.com\/en\/wp-content\/uploads\/2014\/11\/domadores.jpg","width":755,"height":426},{"@type":"BreadcrumbList","@id":"https:\/\/oncubanews.com\/en\/sports\/boxing\/changes-in-countries-to-participate-in-v-world-series-of-boxing\/#breadcrumb","itemListElement":[{"@type":"ListItem","position":1,"name":"Portada","item":"https:\/\/oncubanews.com\/en\/"},{"@type":"ListItem","position":2,"name":"Changes in countries to participate in V World Series of Boxing"}]},{"@type":"WebSite","@id":"https:\/\/oncubanews.com\/en\/#website","url":"https:\/\/oncubanews.com\/en\/","name":"OnCubaNews English","description":"Revista sobre Cuba","potentialAction":[{"@type":"SearchAction","target":{"@type":"EntryPoint","urlTemplate":"https:\/\/oncubanews.com\/en\/?s={search_term_string}"},"query-input":{"@type":"PropertyValueSpecification","valueRequired":true,"valueName":"search_term_string"}}],"inLanguage":"en-US"},{"@type":"Person","@id":"https:\/\/oncubanews.com\/en\/#\/schema\/person\/e5490b0c603465940a224c40e4070dd0","name":"Jhonah D\u00edaz Gonz\u00e1lez","image":{"@type":"ImageObject","inLanguage":"en-US","@id":"https:\/\/oncubanews.com\/wp-content\/uploads\/2016\/02\/Jhonah-D\u00edaz-Gonz\u00e1lez_avatar_1455988547-96x96.jpgdcca2b43322872d17ff0354107ab0873","url":"https:\/\/oncubanews.com\/wp-content\/uploads\/2016\/02\/Jhonah-D\u00edaz-Gonz\u00e1lez_avatar_1455988547-96x96.jpg","contentUrl":"https:\/\/oncubanews.com\/wp-content\/uploads\/2016\/02\/Jhonah-D\u00edaz-Gonz\u00e1lez_avatar_1455988547-96x96.jpg","caption":"Jhonah D\u00edaz Gonz\u00e1lez"},"url":"https:\/\/oncubanews.com\/en\/author\/jhonah\/"}]}},"authors":[{"term_id":33771,"user_id":3126,"is_guest":0,"slug":"jhonah","display_name":"Jhonah D\u00edaz Gonz\u00e1lez","avatar_url":"https:\/\/oncubanews.com\/wp-content\/uploads\/2016\/02\/Jhonah-D\u00edaz-Gonz\u00e1lez_avatar_1455988547-96x96.jpg","0":null,"1":"","2":"","3":"","4":"","5":"","6":"","7":"","8":""},{"term_id":8443,"user_id":0,"is_guest":1,"slug":"cap-jhonah","display_name":"jhonah","avatar_url":"https:\/\/secure.gravatar.com\/avatar\/?s=96&r=g","0":null,"1":"","2":"","3":"","4":"","5":"","6":"","7":"","8":""}],"_links":{"self":[{"href":"https:\/\/oncubanews.com\/en\/wp-json\/wp\/v2\/posts\/37866","targetHints":{"allow":["GET"]}}],"collection":[{"href":"https:\/\/oncubanews.com\/en\/wp-json\/wp\/v2\/posts"}],"about":[{"href":"https:\/\/oncubanews.com\/en\/wp-json\/wp\/v2\/types\/post"}],"author":[{"embeddable":true,"href":"https:\/\/oncubanews.com\/en\/wp-json\/wp\/v2\/users\/3126"}],"replies":[{"embeddable":true,"href":"https:\/\/oncubanews.com\/en\/wp-json\/wp\/v2\/comments?post=37866"}],"version-history":[{"count":0,"href":"https:\/\/oncubanews.com\/en\/wp-json\/wp\/v2\/posts\/37866\/revisions"}],"wp:featuredmedia":[{"embeddable":true,"href":"https:\/\/oncubanews.com\/en\/wp-json\/wp\/v2\/media\/37799"}],"wp:attachment":[{"href":"https:\/\/oncubanews.com\/en\/wp-json\/wp\/v2\/media?parent=37866"}],"wp:term":[{"taxonomy":"category","embeddable":true,"href":"https:\/\/oncubanews.com\/en\/wp-json\/wp\/v2\/categories?post=37866"},{"taxonomy":"post_tag","embeddable":true,"href":"https:\/\/oncubanews.com\/en\/wp-json\/wp\/v2\/tags?post=37866"},{"taxonomy":"author","embeddable":true,"href":"https:\/\/oncubanews.com\/en\/wp-json\/wp\/v2\/ppma_author?post=37866"}],"curies":[{"name":"wp","href":"https:\/\/api.w.org\/{rel}","templated":true}]}}