
{"id":38664,"date":"2014-11-28T06:00:23","date_gmt":"2014-11-28T11:00:23","guid":{"rendered":"http:\/\/oncubamagazine.com\/?p=38664"},"modified":"2014-11-29T10:29:32","modified_gmt":"2014-11-29T15:29:32","slug":"rent-and-the-musical-theater-in-cuba","status":"publish","type":"post","link":"https:\/\/oncubanews.com\/en\/culture\/rent-and-the-musical-theater-in-cuba\/","title":{"rendered":"Rent and the musical theater in Cuba"},"content":{"rendered":"<p>It seemed that in the 1980&#8217;s the group Teatro Musical of Havana and Hector Quintero would perpetuate a genre and a tradition rooted since the Republic with Alhambra Theater. After years of silence, the corner of Consulado and Virtudes Streets is still choked with debris and thirst of applause that once shook the lunettes. Since the cease of the presentations of this company in the early 1990s, many years would pass for the Cuban stage to dream of rescuing a genre that, at most, had performed some plays on the stage -very far to be considered musicals &#8211; by Jos\u00e9 Milian, Ra\u00fal Mart\u00edn, Carlos Diaz and Nelson Dorr, among other directors.<\/p>\n<p>An apparent &#8216;back to musical &#8220;, starring the group Mephisto Theatre, led by the late Tony Diaz, put in Cuban stages frank imitations of Broadway blockbusters, conditioned by the budget of the National Council for the Performing Arts, the translation of parliaments and songs into Spanish and some other elements introduced in the plot to bring it closer to the national audience. Despite this, the audience applauded standing, for months, shows like Cabaret, Chicago, Cats and Grease, the latter two featuring children and directed by Alejandro Milian. If the genre was being rescued or not in Cuba is a divided opinion. Some theatrists recognize them as performances of musical theater, but not strictly Cuban.<\/p>\n<p>Most of the theater directors reject the possibility of venturing into musical productions because they are very expensive, but in addition finding currently actors able to dance, act and sing at the same time is more complicated than it seems. There is no training institution, no workshops or courses regularly in this field. And the &#8220;initiative&#8221; by the Amphitheater of Havana, under the direction of Alfonso Menendez, congregating in stage opera singers and dancers who in addition dub the songs, let us say it so clearly, is not musical theater.<\/p>\n<p>In this context, the foundation Nederlander Worldwide Entertainment wanted to bring to Cuba nothing less than the musical Rent, and with it, the return of Broadway to our country, after half a century.<\/p>\n<p>The play, written by Jonathan Larson, is based on the opera La boh\u00e8me, and tells the story of a group of young artists in the 1990s, love, AIDS and New York . Fifteen Cuban actors will participate in this staging, which will be premiered next December 24th at Havana\u00b4s Bertolt Brecht Theater, and will be directed by Andy Lord Jr., who will be part of the cast of this Broadway show.<\/p>\n<p>Rent will also feature choreography by Marcus Paul James, musical direction by Emmanuel Schvartzman, sound design by Michael Catalan, and costume design by Angela Wendt, all from the original production of the play, well recognized names in New Yorkers scenarios.<\/p>\n<p>The show will remain in theaters during the months of January, February and March, 2015, but it remains to be seen what its impact will be, not only in public, but in our theatrists in general. Rent is the opportunity to enjoy one of the greatest Broadway shows of recent times, and although it is not the genuine proof of our musical theater, it could well be a lesson learned, awareness of the need to stimulate in Cuba the production of this genre with its own characteristics, to pay homage to the vernacular tradition of a quintessential theatrical and musical country.<\/p>\n","protected":false},"excerpt":{"rendered":"<p>It seemed that in the 1980&#8217;s the group Teatro Musical of Havana and Hector Quintero would perpetuate a genre and a tradition rooted since the Republic with Alhambra Theater. After years of silence, the corner of Consulado and Virtudes Streets is still choked with debris and thirst of applause that once shook the lunettes. Since [&hellip;]<\/p>\n","protected":false},"author":3065,"featured_media":38625,"comment_status":"open","ping_status":"closed","sticky":false,"template":"","format":"standard","meta":{"_acf_changed":false,"footnotes":""},"categories":[33],"tags":[10548,10547,10546],"ppma_author":[33721,7013],"class_list":["post-38664","post","type-post","status-publish","format-standard","has-post-thumbnail","hentry","category-culture","tag-broadway","tag-musical-theater","tag-rent"],"acf":[],"yoast_head":"<!-- This site is optimized with the Yoast SEO plugin v27.3 - https:\/\/yoast.com\/product\/yoast-seo-wordpress\/ -->\n<title>Rent and the musical theater in Cuba | OnCubaNews English<\/title>\n<meta name=\"robots\" content=\"index, follow, max-snippet:-1, max-image-preview:large, max-video-preview:-1\" \/>\n<link rel=\"canonical\" href=\"https:\/\/oncubanews.com\/en\/culture\/rent-and-the-musical-theater-in-cuba\/\" \/>\n<meta property=\"og:locale\" content=\"en_US\" \/>\n<meta property=\"og:type\" content=\"article\" \/>\n<meta property=\"og:title\" content=\"Rent and the musical theater in Cuba | OnCubaNews English\" \/>\n<meta property=\"og:description\" content=\"It seemed that in the 1980&#8217;s the group Teatro Musical of Havana and Hector Quintero would perpetuate a genre and a tradition rooted since the Republic with Alhambra Theater. After years of silence, the corner of Consulado and Virtudes Streets is still choked with debris and thirst of applause that once shook the lunettes. Since [&hellip;]\" \/>\n<meta property=\"og:url\" content=\"https:\/\/oncubanews.com\/en\/culture\/rent-and-the-musical-theater-in-cuba\/\" \/>\n<meta property=\"og:site_name\" content=\"OnCubaNews English\" \/>\n<meta property=\"article:published_time\" content=\"2014-11-28T11:00:23+00:00\" \/>\n<meta property=\"article:modified_time\" content=\"2014-11-29T15:29:32+00:00\" \/>\n<meta property=\"og:image\" content=\"https:\/\/oncubanews.com\/en\/wp-content\/uploads\/2014\/11\/musical_rent.jpg\" \/>\n\t<meta property=\"og:image:width\" content=\"768\" \/>\n\t<meta property=\"og:image:height\" content=\"512\" \/>\n\t<meta property=\"og:image:type\" content=\"image\/jpeg\" \/>\n<meta name=\"author\" content=\"Diana Ferreiro, diana\" \/>\n<meta name=\"twitter:card\" content=\"summary_large_image\" \/>\n<meta name=\"twitter:label1\" content=\"Written by\" \/>\n\t<meta name=\"twitter:data1\" content=\"Diana Ferreiro\" \/>\n\t<meta name=\"twitter:label2\" content=\"Est. reading time\" \/>\n\t<meta name=\"twitter:data2\" content=\"3 minutes\" \/>\n<script type=\"application\/ld+json\" class=\"yoast-schema-graph\">{\"@context\":\"https:\\\/\\\/schema.org\",\"@graph\":[{\"@type\":\"Article\",\"@id\":\"https:\\\/\\\/oncubanews.com\\\/en\\\/culture\\\/rent-and-the-musical-theater-in-cuba\\\/#article\",\"isPartOf\":{\"@id\":\"https:\\\/\\\/oncubanews.com\\\/en\\\/culture\\\/rent-and-the-musical-theater-in-cuba\\\/\"},\"author\":{\"name\":\"Diana Ferreiro\",\"@id\":\"https:\\\/\\\/oncubanews.com\\\/en\\\/#\\\/schema\\\/person\\\/ae86fb9a025c081e8273ffaf6ff6d956\"},\"headline\":\"Rent and the musical theater in Cuba\",\"datePublished\":\"2014-11-28T11:00:23+00:00\",\"dateModified\":\"2014-11-29T15:29:32+00:00\",\"mainEntityOfPage\":{\"@id\":\"https:\\\/\\\/oncubanews.com\\\/en\\\/culture\\\/rent-and-the-musical-theater-in-cuba\\\/\"},\"wordCount\":568,\"commentCount\":0,\"image\":{\"@id\":\"https:\\\/\\\/oncubanews.com\\\/en\\\/culture\\\/rent-and-the-musical-theater-in-cuba\\\/#primaryimage\"},\"thumbnailUrl\":\"https:\\\/\\\/oncubanews.com\\\/en\\\/wp-content\\\/uploads\\\/2014\\\/11\\\/musical_rent.jpg\",\"keywords\":[\"Broadway\",\"musical theater\",\"Rent\"],\"articleSection\":[\"Culture\"],\"inLanguage\":\"en-US\",\"potentialAction\":[{\"@type\":\"CommentAction\",\"name\":\"Comment\",\"target\":[\"https:\\\/\\\/oncubanews.com\\\/en\\\/culture\\\/rent-and-the-musical-theater-in-cuba\\\/#respond\"]}],\"copyrightYear\":\"2014\",\"copyrightHolder\":{\"@id\":\"https:\\\/\\\/oncubanews.com\\\/en\\\/#organization\"}},{\"@type\":\"WebPage\",\"@id\":\"https:\\\/\\\/oncubanews.com\\\/en\\\/culture\\\/rent-and-the-musical-theater-in-cuba\\\/\",\"url\":\"https:\\\/\\\/oncubanews.com\\\/en\\\/culture\\\/rent-and-the-musical-theater-in-cuba\\\/\",\"name\":\"Rent and the musical theater in Cuba | OnCubaNews English\",\"isPartOf\":{\"@id\":\"https:\\\/\\\/oncubanews.com\\\/en\\\/#website\"},\"primaryImageOfPage\":{\"@id\":\"https:\\\/\\\/oncubanews.com\\\/en\\\/culture\\\/rent-and-the-musical-theater-in-cuba\\\/#primaryimage\"},\"image\":{\"@id\":\"https:\\\/\\\/oncubanews.com\\\/en\\\/culture\\\/rent-and-the-musical-theater-in-cuba\\\/#primaryimage\"},\"thumbnailUrl\":\"https:\\\/\\\/oncubanews.com\\\/en\\\/wp-content\\\/uploads\\\/2014\\\/11\\\/musical_rent.jpg\",\"datePublished\":\"2014-11-28T11:00:23+00:00\",\"dateModified\":\"2014-11-29T15:29:32+00:00\",\"author\":{\"@id\":\"https:\\\/\\\/oncubanews.com\\\/en\\\/#\\\/schema\\\/person\\\/ae86fb9a025c081e8273ffaf6ff6d956\"},\"breadcrumb\":{\"@id\":\"https:\\\/\\\/oncubanews.com\\\/en\\\/culture\\\/rent-and-the-musical-theater-in-cuba\\\/#breadcrumb\"},\"inLanguage\":\"en-US\",\"potentialAction\":[{\"@type\":\"ReadAction\",\"target\":[\"https:\\\/\\\/oncubanews.com\\\/en\\\/culture\\\/rent-and-the-musical-theater-in-cuba\\\/\"]}]},{\"@type\":\"ImageObject\",\"inLanguage\":\"en-US\",\"@id\":\"https:\\\/\\\/oncubanews.com\\\/en\\\/culture\\\/rent-and-the-musical-theater-in-cuba\\\/#primaryimage\",\"url\":\"https:\\\/\\\/oncubanews.com\\\/en\\\/wp-content\\\/uploads\\\/2014\\\/11\\\/musical_rent.jpg\",\"contentUrl\":\"https:\\\/\\\/oncubanews.com\\\/en\\\/wp-content\\\/uploads\\\/2014\\\/11\\\/musical_rent.jpg\",\"width\":768,\"height\":512},{\"@type\":\"BreadcrumbList\",\"@id\":\"https:\\\/\\\/oncubanews.com\\\/en\\\/culture\\\/rent-and-the-musical-theater-in-cuba\\\/#breadcrumb\",\"itemListElement\":[{\"@type\":\"ListItem\",\"position\":1,\"name\":\"Portada\",\"item\":\"https:\\\/\\\/oncubanews.com\\\/en\\\/\"},{\"@type\":\"ListItem\",\"position\":2,\"name\":\"Rent and the musical theater in Cuba\"}]},{\"@type\":\"WebSite\",\"@id\":\"https:\\\/\\\/oncubanews.com\\\/en\\\/#website\",\"url\":\"https:\\\/\\\/oncubanews.com\\\/en\\\/\",\"name\":\"OnCubaNews English\",\"description\":\"Revista sobre Cuba\",\"potentialAction\":[{\"@type\":\"SearchAction\",\"target\":{\"@type\":\"EntryPoint\",\"urlTemplate\":\"https:\\\/\\\/oncubanews.com\\\/en\\\/?s={search_term_string}\"},\"query-input\":{\"@type\":\"PropertyValueSpecification\",\"valueRequired\":true,\"valueName\":\"search_term_string\"}}],\"inLanguage\":\"en-US\"},{\"@type\":\"Person\",\"@id\":\"https:\\\/\\\/oncubanews.com\\\/en\\\/#\\\/schema\\\/person\\\/ae86fb9a025c081e8273ffaf6ff6d956\",\"name\":\"Diana Ferreiro\",\"image\":{\"@type\":\"ImageObject\",\"inLanguage\":\"en-US\",\"@id\":\"http:\\\/\\\/www.oncubanews.com\\\/wp-content\\\/uploads\\\/2014\\\/03\\\/Diana-Ferreiro_avatar_1395416218-96x96.jpg1dc30e1eb432a4622fb2565c9e4be365\",\"url\":\"http:\\\/\\\/www.oncubanews.com\\\/wp-content\\\/uploads\\\/2014\\\/03\\\/Diana-Ferreiro_avatar_1395416218-96x96.jpg\",\"contentUrl\":\"http:\\\/\\\/www.oncubanews.com\\\/wp-content\\\/uploads\\\/2014\\\/03\\\/Diana-Ferreiro_avatar_1395416218-96x96.jpg\",\"caption\":\"Diana Ferreiro\"},\"description\":\"Hasta hace poco estudiaba periodismo, habitaba el onceno piso de una beca en el Vedado, me despertaba con el mar en las pupilas y amaba a un pu\u00f1ado de poetas intrascendentes. Ahora vienen por m\u00ed, dir\u00eda Brecht, pero es demasiado tarde.\",\"url\":\"https:\\\/\\\/oncubanews.com\\\/en\\\/author\\\/diana\\\/\"}]}<\/script>\n<!-- \/ Yoast SEO plugin. -->","yoast_head_json":{"title":"Rent and the musical theater in Cuba | OnCubaNews English","robots":{"index":"index","follow":"follow","max-snippet":"max-snippet:-1","max-image-preview":"max-image-preview:large","max-video-preview":"max-video-preview:-1"},"canonical":"https:\/\/oncubanews.com\/en\/culture\/rent-and-the-musical-theater-in-cuba\/","og_locale":"en_US","og_type":"article","og_title":"Rent and the musical theater in Cuba | OnCubaNews English","og_description":"It seemed that in the 1980&#8217;s the group Teatro Musical of Havana and Hector Quintero would perpetuate a genre and a tradition rooted since the Republic with Alhambra Theater. After years of silence, the corner of Consulado and Virtudes Streets is still choked with debris and thirst of applause that once shook the lunettes. Since [&hellip;]","og_url":"https:\/\/oncubanews.com\/en\/culture\/rent-and-the-musical-theater-in-cuba\/","og_site_name":"OnCubaNews English","article_published_time":"2014-11-28T11:00:23+00:00","article_modified_time":"2014-11-29T15:29:32+00:00","og_image":[{"width":768,"height":512,"url":"https:\/\/oncubanews.com\/en\/wp-content\/uploads\/2014\/11\/musical_rent.jpg","type":"image\/jpeg"}],"author":"Diana Ferreiro, diana","twitter_card":"summary_large_image","twitter_misc":{"Written by":"Diana Ferreiro","Est. reading time":"3 minutes"},"schema":{"@context":"https:\/\/schema.org","@graph":[{"@type":"Article","@id":"https:\/\/oncubanews.com\/en\/culture\/rent-and-the-musical-theater-in-cuba\/#article","isPartOf":{"@id":"https:\/\/oncubanews.com\/en\/culture\/rent-and-the-musical-theater-in-cuba\/"},"author":{"name":"Diana Ferreiro","@id":"https:\/\/oncubanews.com\/en\/#\/schema\/person\/ae86fb9a025c081e8273ffaf6ff6d956"},"headline":"Rent and the musical theater in Cuba","datePublished":"2014-11-28T11:00:23+00:00","dateModified":"2014-11-29T15:29:32+00:00","mainEntityOfPage":{"@id":"https:\/\/oncubanews.com\/en\/culture\/rent-and-the-musical-theater-in-cuba\/"},"wordCount":568,"commentCount":0,"image":{"@id":"https:\/\/oncubanews.com\/en\/culture\/rent-and-the-musical-theater-in-cuba\/#primaryimage"},"thumbnailUrl":"https:\/\/oncubanews.com\/en\/wp-content\/uploads\/2014\/11\/musical_rent.jpg","keywords":["Broadway","musical theater","Rent"],"articleSection":["Culture"],"inLanguage":"en-US","potentialAction":[{"@type":"CommentAction","name":"Comment","target":["https:\/\/oncubanews.com\/en\/culture\/rent-and-the-musical-theater-in-cuba\/#respond"]}],"copyrightYear":"2014","copyrightHolder":{"@id":"https:\/\/oncubanews.com\/en\/#organization"}},{"@type":"WebPage","@id":"https:\/\/oncubanews.com\/en\/culture\/rent-and-the-musical-theater-in-cuba\/","url":"https:\/\/oncubanews.com\/en\/culture\/rent-and-the-musical-theater-in-cuba\/","name":"Rent and the musical theater in Cuba | OnCubaNews English","isPartOf":{"@id":"https:\/\/oncubanews.com\/en\/#website"},"primaryImageOfPage":{"@id":"https:\/\/oncubanews.com\/en\/culture\/rent-and-the-musical-theater-in-cuba\/#primaryimage"},"image":{"@id":"https:\/\/oncubanews.com\/en\/culture\/rent-and-the-musical-theater-in-cuba\/#primaryimage"},"thumbnailUrl":"https:\/\/oncubanews.com\/en\/wp-content\/uploads\/2014\/11\/musical_rent.jpg","datePublished":"2014-11-28T11:00:23+00:00","dateModified":"2014-11-29T15:29:32+00:00","author":{"@id":"https:\/\/oncubanews.com\/en\/#\/schema\/person\/ae86fb9a025c081e8273ffaf6ff6d956"},"breadcrumb":{"@id":"https:\/\/oncubanews.com\/en\/culture\/rent-and-the-musical-theater-in-cuba\/#breadcrumb"},"inLanguage":"en-US","potentialAction":[{"@type":"ReadAction","target":["https:\/\/oncubanews.com\/en\/culture\/rent-and-the-musical-theater-in-cuba\/"]}]},{"@type":"ImageObject","inLanguage":"en-US","@id":"https:\/\/oncubanews.com\/en\/culture\/rent-and-the-musical-theater-in-cuba\/#primaryimage","url":"https:\/\/oncubanews.com\/en\/wp-content\/uploads\/2014\/11\/musical_rent.jpg","contentUrl":"https:\/\/oncubanews.com\/en\/wp-content\/uploads\/2014\/11\/musical_rent.jpg","width":768,"height":512},{"@type":"BreadcrumbList","@id":"https:\/\/oncubanews.com\/en\/culture\/rent-and-the-musical-theater-in-cuba\/#breadcrumb","itemListElement":[{"@type":"ListItem","position":1,"name":"Portada","item":"https:\/\/oncubanews.com\/en\/"},{"@type":"ListItem","position":2,"name":"Rent and the musical theater in Cuba"}]},{"@type":"WebSite","@id":"https:\/\/oncubanews.com\/en\/#website","url":"https:\/\/oncubanews.com\/en\/","name":"OnCubaNews English","description":"Revista sobre Cuba","potentialAction":[{"@type":"SearchAction","target":{"@type":"EntryPoint","urlTemplate":"https:\/\/oncubanews.com\/en\/?s={search_term_string}"},"query-input":{"@type":"PropertyValueSpecification","valueRequired":true,"valueName":"search_term_string"}}],"inLanguage":"en-US"},{"@type":"Person","@id":"https:\/\/oncubanews.com\/en\/#\/schema\/person\/ae86fb9a025c081e8273ffaf6ff6d956","name":"Diana Ferreiro","image":{"@type":"ImageObject","inLanguage":"en-US","@id":"http:\/\/www.oncubanews.com\/wp-content\/uploads\/2014\/03\/Diana-Ferreiro_avatar_1395416218-96x96.jpg1dc30e1eb432a4622fb2565c9e4be365","url":"http:\/\/www.oncubanews.com\/wp-content\/uploads\/2014\/03\/Diana-Ferreiro_avatar_1395416218-96x96.jpg","contentUrl":"http:\/\/www.oncubanews.com\/wp-content\/uploads\/2014\/03\/Diana-Ferreiro_avatar_1395416218-96x96.jpg","caption":"Diana Ferreiro"},"description":"Hasta hace poco estudiaba periodismo, habitaba el onceno piso de una beca en el Vedado, me despertaba con el mar en las pupilas y amaba a un pu\u00f1ado de poetas intrascendentes. Ahora vienen por m\u00ed, dir\u00eda Brecht, pero es demasiado tarde.","url":"https:\/\/oncubanews.com\/en\/author\/diana\/"}]}},"authors":[{"term_id":33721,"user_id":3065,"is_guest":0,"slug":"diana","display_name":"Diana Ferreiro","avatar_url":"http:\/\/www.oncubanews.com\/wp-content\/uploads\/2014\/03\/Diana-Ferreiro_avatar_1395416218-96x96.jpg","0":null,"1":"","2":"","3":"","4":"","5":"","6":"","7":"","8":""},{"term_id":7013,"user_id":0,"is_guest":1,"slug":"cap-diana","display_name":"diana","avatar_url":"https:\/\/secure.gravatar.com\/avatar\/?s=96&r=g","0":null,"1":"","2":"","3":"","4":"","5":"","6":"","7":"","8":""}],"_links":{"self":[{"href":"https:\/\/oncubanews.com\/en\/wp-json\/wp\/v2\/posts\/38664","targetHints":{"allow":["GET"]}}],"collection":[{"href":"https:\/\/oncubanews.com\/en\/wp-json\/wp\/v2\/posts"}],"about":[{"href":"https:\/\/oncubanews.com\/en\/wp-json\/wp\/v2\/types\/post"}],"author":[{"embeddable":true,"href":"https:\/\/oncubanews.com\/en\/wp-json\/wp\/v2\/users\/3065"}],"replies":[{"embeddable":true,"href":"https:\/\/oncubanews.com\/en\/wp-json\/wp\/v2\/comments?post=38664"}],"version-history":[{"count":0,"href":"https:\/\/oncubanews.com\/en\/wp-json\/wp\/v2\/posts\/38664\/revisions"}],"wp:featuredmedia":[{"embeddable":true,"href":"https:\/\/oncubanews.com\/en\/wp-json\/wp\/v2\/media\/38625"}],"wp:attachment":[{"href":"https:\/\/oncubanews.com\/en\/wp-json\/wp\/v2\/media?parent=38664"}],"wp:term":[{"taxonomy":"category","embeddable":true,"href":"https:\/\/oncubanews.com\/en\/wp-json\/wp\/v2\/categories?post=38664"},{"taxonomy":"post_tag","embeddable":true,"href":"https:\/\/oncubanews.com\/en\/wp-json\/wp\/v2\/tags?post=38664"},{"taxonomy":"author","embeddable":true,"href":"https:\/\/oncubanews.com\/en\/wp-json\/wp\/v2\/ppma_author?post=38664"}],"curies":[{"name":"wp","href":"https:\/\/api.w.org\/{rel}","templated":true}]}}