
{"id":39719,"date":"2014-12-22T16:49:25","date_gmt":"2014-12-22T21:49:25","guid":{"rendered":"http:\/\/oncubamagazine.com\/?p=39719"},"modified":"2014-12-22T16:49:25","modified_gmt":"2014-12-22T21:49:25","slug":"obama-accepts-a-cuban-cigar","status":"publish","type":"post","link":"https:\/\/oncubanews.com\/en\/cuba-usa\/obama-accepts-a-cuban-cigar\/","title":{"rendered":"Obama accepts a Cuban cigar"},"content":{"rendered":"<p>Roberta Jacobson warned State Department correspondents that American citizens still could not buy Cuban products, when a reporter asked if they could now legally buy and take to America some cigars or anything else from the largest island in the Caribbean.<\/p>\n<p>The deputy Secretary of State for Western Hemisphere repeated twice &#8220;no&#8221; and proceeded to give a long explanation about how long it would take for everything announced by President Barack Obama at noon that Wednesday, December 17, to take effect.<\/p>\n<p>Jacobson never imagined that a few hours later, right in the White House, one of the people invited to a reception by the day of Hanukkah (Hebrew Christmas) extend to the President of the United States one of the convicted Cuban cigars, which Obama took smiling , and said &#8220;Nice!&#8221; and brought it to his nose to smell its aroma.<\/p>\n<p>An 8-second video showing the moment was shared by the Facebook page of ABC World News Tonight with David Muir, the first space to interview the president after announcing the change of direction regarding Cuba.<\/p>\n<p>The Treasury Department still prohibits the importation into the United States of Cuban cigars. &#8220;The import of these Cuban goods is prohibited if they are directly purchased by the importer or offered to the importer as a gift&#8221;.<\/p>\n<p>The Office of Foreign Assets Control (OFAC) reported that it will implement the changes in the Treasury through amendments to its regulations in the Cuban Assets Control. The Ministry of Foreign Affairs of Cuba accused on more than one occasion that institution to hunt the accounts and transactions of his country in foreign banks<\/p>\n<p>&#8220;OFAC expects to issue its regulatory changes in the coming weeks. None of the announced changes will take effect until new regulations are published, &#8220;says the Treasury Department on its website dedicated to the sanctions against Cuba.<\/p>\n<p>The Commerce Department will do the same with the Export Administration Regulations. Both the Secretary of Commerce, Penny Pritzker, and Treasury Secretary Jack Lew, signed along the Secretary of State John Kerry an article entitled &#8220;The new policy of President Obama with Cuba looks forward, not backward,&#8221; which explains some measures of the White House as &#8220;authorizing US official to expand travel, remittances and bilateral trade. &#8220;<\/p>\n","protected":false},"excerpt":{"rendered":"<p>Roberta Jacobson warned State Department correspondents that American citizens still could not buy Cuban products, when a reporter asked if they could now legally buy and take to America some cigars or anything else from the largest island in the Caribbean. The deputy Secretary of State for Western Hemisphere repeated twice &#8220;no&#8221; and proceeded to [&hellip;]<\/p>\n","protected":false},"author":3001,"featured_media":39698,"comment_status":"open","ping_status":"closed","sticky":false,"template":"","format":"standard","meta":{"_acf_changed":false,"footnotes":""},"categories":[13944],"tags":[],"ppma_author":[33707,6938],"class_list":["post-39719","post","type-post","status-publish","format-standard","has-post-thumbnail","hentry","category-cuba-usa"],"acf":[],"yoast_head":"<!-- This site is optimized with the Yoast SEO plugin v27.3 - https:\/\/yoast.com\/product\/yoast-seo-wordpress\/ -->\n<title>Obama accepts a Cuban cigar | OnCubaNews English<\/title>\n<meta name=\"robots\" content=\"index, follow, max-snippet:-1, max-image-preview:large, max-video-preview:-1\" \/>\n<link rel=\"canonical\" href=\"https:\/\/oncubanews.com\/en\/cuba-usa\/obama-accepts-a-cuban-cigar\/\" \/>\n<meta property=\"og:locale\" content=\"en_US\" \/>\n<meta property=\"og:type\" content=\"article\" \/>\n<meta property=\"og:title\" content=\"Obama accepts a Cuban cigar | OnCubaNews English\" \/>\n<meta property=\"og:description\" content=\"Roberta Jacobson warned State Department correspondents that American citizens still could not buy Cuban products, when a reporter asked if they could now legally buy and take to America some cigars or anything else from the largest island in the Caribbean. The deputy Secretary of State for Western Hemisphere repeated twice &#8220;no&#8221; and proceeded to [&hellip;]\" \/>\n<meta property=\"og:url\" content=\"https:\/\/oncubanews.com\/en\/cuba-usa\/obama-accepts-a-cuban-cigar\/\" \/>\n<meta property=\"og:site_name\" content=\"OnCubaNews English\" \/>\n<meta property=\"article:author\" content=\"https:\/\/www.facebook.com\/ortizhaber\" \/>\n<meta property=\"article:published_time\" content=\"2014-12-22T21:49:25+00:00\" \/>\n<meta property=\"og:image\" content=\"https:\/\/oncubanews.com\/en\/wp-content\/uploads\/2014\/12\/obama-con-tabaco-cubano.jpg\" \/>\n\t<meta property=\"og:image:width\" content=\"755\" \/>\n\t<meta property=\"og:image:height\" content=\"491\" \/>\n\t<meta property=\"og:image:type\" content=\"image\/jpeg\" \/>\n<meta name=\"author\" content=\"Javier Ortiz, javier\" \/>\n<meta name=\"twitter:card\" content=\"summary_large_image\" \/>\n<meta name=\"twitter:label1\" content=\"Written by\" \/>\n\t<meta name=\"twitter:data1\" content=\"Javier Ortiz\" \/>\n\t<meta name=\"twitter:label2\" content=\"Est. reading time\" \/>\n\t<meta name=\"twitter:data2\" content=\"2 minutes\" \/>\n<script type=\"application\/ld+json\" class=\"yoast-schema-graph\">{\"@context\":\"https:\\\/\\\/schema.org\",\"@graph\":[{\"@type\":\"Article\",\"@id\":\"https:\\\/\\\/oncubanews.com\\\/en\\\/cuba-usa\\\/obama-accepts-a-cuban-cigar\\\/#article\",\"isPartOf\":{\"@id\":\"https:\\\/\\\/oncubanews.com\\\/en\\\/cuba-usa\\\/obama-accepts-a-cuban-cigar\\\/\"},\"author\":{\"name\":\"Javier Ortiz\",\"@id\":\"https:\\\/\\\/oncubanews.com\\\/en\\\/#\\\/schema\\\/person\\\/e0c7aa6ecc8b83eaf4166e8afc293799\"},\"headline\":\"Obama accepts a Cuban cigar\",\"datePublished\":\"2014-12-22T21:49:25+00:00\",\"mainEntityOfPage\":{\"@id\":\"https:\\\/\\\/oncubanews.com\\\/en\\\/cuba-usa\\\/obama-accepts-a-cuban-cigar\\\/\"},\"wordCount\":374,\"commentCount\":0,\"image\":{\"@id\":\"https:\\\/\\\/oncubanews.com\\\/en\\\/cuba-usa\\\/obama-accepts-a-cuban-cigar\\\/#primaryimage\"},\"thumbnailUrl\":\"https:\\\/\\\/oncubanews.com\\\/en\\\/wp-content\\\/uploads\\\/2014\\\/12\\\/obama-con-tabaco-cubano.jpg\",\"articleSection\":[\"Cuba-USA\"],\"inLanguage\":\"en-US\",\"potentialAction\":[{\"@type\":\"CommentAction\",\"name\":\"Comment\",\"target\":[\"https:\\\/\\\/oncubanews.com\\\/en\\\/cuba-usa\\\/obama-accepts-a-cuban-cigar\\\/#respond\"]}],\"copyrightYear\":\"2014\",\"copyrightHolder\":{\"@id\":\"https:\\\/\\\/oncubanews.com\\\/en\\\/#organization\"}},{\"@type\":\"WebPage\",\"@id\":\"https:\\\/\\\/oncubanews.com\\\/en\\\/cuba-usa\\\/obama-accepts-a-cuban-cigar\\\/\",\"url\":\"https:\\\/\\\/oncubanews.com\\\/en\\\/cuba-usa\\\/obama-accepts-a-cuban-cigar\\\/\",\"name\":\"Obama accepts a Cuban cigar | OnCubaNews English\",\"isPartOf\":{\"@id\":\"https:\\\/\\\/oncubanews.com\\\/en\\\/#website\"},\"primaryImageOfPage\":{\"@id\":\"https:\\\/\\\/oncubanews.com\\\/en\\\/cuba-usa\\\/obama-accepts-a-cuban-cigar\\\/#primaryimage\"},\"image\":{\"@id\":\"https:\\\/\\\/oncubanews.com\\\/en\\\/cuba-usa\\\/obama-accepts-a-cuban-cigar\\\/#primaryimage\"},\"thumbnailUrl\":\"https:\\\/\\\/oncubanews.com\\\/en\\\/wp-content\\\/uploads\\\/2014\\\/12\\\/obama-con-tabaco-cubano.jpg\",\"datePublished\":\"2014-12-22T21:49:25+00:00\",\"author\":{\"@id\":\"https:\\\/\\\/oncubanews.com\\\/en\\\/#\\\/schema\\\/person\\\/e0c7aa6ecc8b83eaf4166e8afc293799\"},\"breadcrumb\":{\"@id\":\"https:\\\/\\\/oncubanews.com\\\/en\\\/cuba-usa\\\/obama-accepts-a-cuban-cigar\\\/#breadcrumb\"},\"inLanguage\":\"en-US\",\"potentialAction\":[{\"@type\":\"ReadAction\",\"target\":[\"https:\\\/\\\/oncubanews.com\\\/en\\\/cuba-usa\\\/obama-accepts-a-cuban-cigar\\\/\"]}]},{\"@type\":\"ImageObject\",\"inLanguage\":\"en-US\",\"@id\":\"https:\\\/\\\/oncubanews.com\\\/en\\\/cuba-usa\\\/obama-accepts-a-cuban-cigar\\\/#primaryimage\",\"url\":\"https:\\\/\\\/oncubanews.com\\\/en\\\/wp-content\\\/uploads\\\/2014\\\/12\\\/obama-con-tabaco-cubano.jpg\",\"contentUrl\":\"https:\\\/\\\/oncubanews.com\\\/en\\\/wp-content\\\/uploads\\\/2014\\\/12\\\/obama-con-tabaco-cubano.jpg\",\"width\":755,\"height\":491,\"caption\":\"Barack Obama\"},{\"@type\":\"BreadcrumbList\",\"@id\":\"https:\\\/\\\/oncubanews.com\\\/en\\\/cuba-usa\\\/obama-accepts-a-cuban-cigar\\\/#breadcrumb\",\"itemListElement\":[{\"@type\":\"ListItem\",\"position\":1,\"name\":\"Portada\",\"item\":\"https:\\\/\\\/oncubanews.com\\\/en\\\/\"},{\"@type\":\"ListItem\",\"position\":2,\"name\":\"Obama accepts a Cuban cigar\"}]},{\"@type\":\"WebSite\",\"@id\":\"https:\\\/\\\/oncubanews.com\\\/en\\\/#website\",\"url\":\"https:\\\/\\\/oncubanews.com\\\/en\\\/\",\"name\":\"OnCubaNews English\",\"description\":\"Revista sobre Cuba\",\"potentialAction\":[{\"@type\":\"SearchAction\",\"target\":{\"@type\":\"EntryPoint\",\"urlTemplate\":\"https:\\\/\\\/oncubanews.com\\\/en\\\/?s={search_term_string}\"},\"query-input\":{\"@type\":\"PropertyValueSpecification\",\"valueRequired\":true,\"valueName\":\"search_term_string\"}}],\"inLanguage\":\"en-US\"},{\"@type\":\"Person\",\"@id\":\"https:\\\/\\\/oncubanews.com\\\/en\\\/#\\\/schema\\\/person\\\/e0c7aa6ecc8b83eaf4166e8afc293799\",\"name\":\"Javier Ortiz\",\"image\":{\"@type\":\"ImageObject\",\"inLanguage\":\"en-US\",\"@id\":\"https:\\\/\\\/oncubanews.com\\\/wp-content\\\/uploads\\\/2016\\\/04\\\/Javier-Ortiz_avatar_1459615975-96x96.jpgb12ed3beadd854b9837ff45ab13c73bb\",\"url\":\"https:\\\/\\\/oncubanews.com\\\/wp-content\\\/uploads\\\/2016\\\/04\\\/Javier-Ortiz_avatar_1459615975-96x96.jpg\",\"contentUrl\":\"https:\\\/\\\/oncubanews.com\\\/wp-content\\\/uploads\\\/2016\\\/04\\\/Javier-Ortiz_avatar_1459615975-96x96.jpg\",\"caption\":\"Javier Ortiz\"},\"description\":\"Periodista de la Televisi\u00f3n Cubana, vecino del Vedado habanero y guitarrista por cuenta propia (y sin licencia). Escribe para sitios en Internet desde los 14 y se hizo Licenciado en Periodismo diez a\u00f1os despu\u00e9s. Se pasa el d\u00eda tecleando sobre m\u00fasica, pol\u00edtica y econom\u00eda.\",\"sameAs\":[\"https:\\\/\\\/www.facebook.com\\\/ortizhaber\"],\"url\":\"https:\\\/\\\/oncubanews.com\\\/en\\\/author\\\/javier\\\/\"}]}<\/script>\n<!-- \/ Yoast SEO plugin. -->","yoast_head_json":{"title":"Obama accepts a Cuban cigar | OnCubaNews English","robots":{"index":"index","follow":"follow","max-snippet":"max-snippet:-1","max-image-preview":"max-image-preview:large","max-video-preview":"max-video-preview:-1"},"canonical":"https:\/\/oncubanews.com\/en\/cuba-usa\/obama-accepts-a-cuban-cigar\/","og_locale":"en_US","og_type":"article","og_title":"Obama accepts a Cuban cigar | OnCubaNews English","og_description":"Roberta Jacobson warned State Department correspondents that American citizens still could not buy Cuban products, when a reporter asked if they could now legally buy and take to America some cigars or anything else from the largest island in the Caribbean. The deputy Secretary of State for Western Hemisphere repeated twice &#8220;no&#8221; and proceeded to [&hellip;]","og_url":"https:\/\/oncubanews.com\/en\/cuba-usa\/obama-accepts-a-cuban-cigar\/","og_site_name":"OnCubaNews English","article_author":"https:\/\/www.facebook.com\/ortizhaber","article_published_time":"2014-12-22T21:49:25+00:00","og_image":[{"width":755,"height":491,"url":"https:\/\/oncubanews.com\/en\/wp-content\/uploads\/2014\/12\/obama-con-tabaco-cubano.jpg","type":"image\/jpeg"}],"author":"Javier Ortiz, javier","twitter_card":"summary_large_image","twitter_misc":{"Written by":"Javier Ortiz","Est. reading time":"2 minutes"},"schema":{"@context":"https:\/\/schema.org","@graph":[{"@type":"Article","@id":"https:\/\/oncubanews.com\/en\/cuba-usa\/obama-accepts-a-cuban-cigar\/#article","isPartOf":{"@id":"https:\/\/oncubanews.com\/en\/cuba-usa\/obama-accepts-a-cuban-cigar\/"},"author":{"name":"Javier Ortiz","@id":"https:\/\/oncubanews.com\/en\/#\/schema\/person\/e0c7aa6ecc8b83eaf4166e8afc293799"},"headline":"Obama accepts a Cuban cigar","datePublished":"2014-12-22T21:49:25+00:00","mainEntityOfPage":{"@id":"https:\/\/oncubanews.com\/en\/cuba-usa\/obama-accepts-a-cuban-cigar\/"},"wordCount":374,"commentCount":0,"image":{"@id":"https:\/\/oncubanews.com\/en\/cuba-usa\/obama-accepts-a-cuban-cigar\/#primaryimage"},"thumbnailUrl":"https:\/\/oncubanews.com\/en\/wp-content\/uploads\/2014\/12\/obama-con-tabaco-cubano.jpg","articleSection":["Cuba-USA"],"inLanguage":"en-US","potentialAction":[{"@type":"CommentAction","name":"Comment","target":["https:\/\/oncubanews.com\/en\/cuba-usa\/obama-accepts-a-cuban-cigar\/#respond"]}],"copyrightYear":"2014","copyrightHolder":{"@id":"https:\/\/oncubanews.com\/en\/#organization"}},{"@type":"WebPage","@id":"https:\/\/oncubanews.com\/en\/cuba-usa\/obama-accepts-a-cuban-cigar\/","url":"https:\/\/oncubanews.com\/en\/cuba-usa\/obama-accepts-a-cuban-cigar\/","name":"Obama accepts a Cuban cigar | OnCubaNews English","isPartOf":{"@id":"https:\/\/oncubanews.com\/en\/#website"},"primaryImageOfPage":{"@id":"https:\/\/oncubanews.com\/en\/cuba-usa\/obama-accepts-a-cuban-cigar\/#primaryimage"},"image":{"@id":"https:\/\/oncubanews.com\/en\/cuba-usa\/obama-accepts-a-cuban-cigar\/#primaryimage"},"thumbnailUrl":"https:\/\/oncubanews.com\/en\/wp-content\/uploads\/2014\/12\/obama-con-tabaco-cubano.jpg","datePublished":"2014-12-22T21:49:25+00:00","author":{"@id":"https:\/\/oncubanews.com\/en\/#\/schema\/person\/e0c7aa6ecc8b83eaf4166e8afc293799"},"breadcrumb":{"@id":"https:\/\/oncubanews.com\/en\/cuba-usa\/obama-accepts-a-cuban-cigar\/#breadcrumb"},"inLanguage":"en-US","potentialAction":[{"@type":"ReadAction","target":["https:\/\/oncubanews.com\/en\/cuba-usa\/obama-accepts-a-cuban-cigar\/"]}]},{"@type":"ImageObject","inLanguage":"en-US","@id":"https:\/\/oncubanews.com\/en\/cuba-usa\/obama-accepts-a-cuban-cigar\/#primaryimage","url":"https:\/\/oncubanews.com\/en\/wp-content\/uploads\/2014\/12\/obama-con-tabaco-cubano.jpg","contentUrl":"https:\/\/oncubanews.com\/en\/wp-content\/uploads\/2014\/12\/obama-con-tabaco-cubano.jpg","width":755,"height":491,"caption":"Barack Obama"},{"@type":"BreadcrumbList","@id":"https:\/\/oncubanews.com\/en\/cuba-usa\/obama-accepts-a-cuban-cigar\/#breadcrumb","itemListElement":[{"@type":"ListItem","position":1,"name":"Portada","item":"https:\/\/oncubanews.com\/en\/"},{"@type":"ListItem","position":2,"name":"Obama accepts a Cuban cigar"}]},{"@type":"WebSite","@id":"https:\/\/oncubanews.com\/en\/#website","url":"https:\/\/oncubanews.com\/en\/","name":"OnCubaNews English","description":"Revista sobre Cuba","potentialAction":[{"@type":"SearchAction","target":{"@type":"EntryPoint","urlTemplate":"https:\/\/oncubanews.com\/en\/?s={search_term_string}"},"query-input":{"@type":"PropertyValueSpecification","valueRequired":true,"valueName":"search_term_string"}}],"inLanguage":"en-US"},{"@type":"Person","@id":"https:\/\/oncubanews.com\/en\/#\/schema\/person\/e0c7aa6ecc8b83eaf4166e8afc293799","name":"Javier Ortiz","image":{"@type":"ImageObject","inLanguage":"en-US","@id":"https:\/\/oncubanews.com\/wp-content\/uploads\/2016\/04\/Javier-Ortiz_avatar_1459615975-96x96.jpgb12ed3beadd854b9837ff45ab13c73bb","url":"https:\/\/oncubanews.com\/wp-content\/uploads\/2016\/04\/Javier-Ortiz_avatar_1459615975-96x96.jpg","contentUrl":"https:\/\/oncubanews.com\/wp-content\/uploads\/2016\/04\/Javier-Ortiz_avatar_1459615975-96x96.jpg","caption":"Javier Ortiz"},"description":"Periodista de la Televisi\u00f3n Cubana, vecino del Vedado habanero y guitarrista por cuenta propia (y sin licencia). Escribe para sitios en Internet desde los 14 y se hizo Licenciado en Periodismo diez a\u00f1os despu\u00e9s. Se pasa el d\u00eda tecleando sobre m\u00fasica, pol\u00edtica y econom\u00eda.","sameAs":["https:\/\/www.facebook.com\/ortizhaber"],"url":"https:\/\/oncubanews.com\/en\/author\/javier\/"}]}},"authors":[{"term_id":33707,"user_id":3001,"is_guest":0,"slug":"javier","display_name":"Javier Ortiz","avatar_url":"https:\/\/oncubanews.com\/wp-content\/uploads\/2016\/04\/Javier-Ortiz_avatar_1459615975-96x96.jpg","0":null,"1":"","2":"","3":"","4":"","5":"","6":"","7":"","8":""},{"term_id":6938,"user_id":0,"is_guest":1,"slug":"cap-javier","display_name":"javier","avatar_url":"https:\/\/secure.gravatar.com\/avatar\/?s=96&r=g","0":null,"1":"","2":"","3":"","4":"","5":"","6":"","7":"","8":""}],"_links":{"self":[{"href":"https:\/\/oncubanews.com\/en\/wp-json\/wp\/v2\/posts\/39719","targetHints":{"allow":["GET"]}}],"collection":[{"href":"https:\/\/oncubanews.com\/en\/wp-json\/wp\/v2\/posts"}],"about":[{"href":"https:\/\/oncubanews.com\/en\/wp-json\/wp\/v2\/types\/post"}],"author":[{"embeddable":true,"href":"https:\/\/oncubanews.com\/en\/wp-json\/wp\/v2\/users\/3001"}],"replies":[{"embeddable":true,"href":"https:\/\/oncubanews.com\/en\/wp-json\/wp\/v2\/comments?post=39719"}],"version-history":[{"count":0,"href":"https:\/\/oncubanews.com\/en\/wp-json\/wp\/v2\/posts\/39719\/revisions"}],"wp:featuredmedia":[{"embeddable":true,"href":"https:\/\/oncubanews.com\/en\/wp-json\/wp\/v2\/media\/39698"}],"wp:attachment":[{"href":"https:\/\/oncubanews.com\/en\/wp-json\/wp\/v2\/media?parent=39719"}],"wp:term":[{"taxonomy":"category","embeddable":true,"href":"https:\/\/oncubanews.com\/en\/wp-json\/wp\/v2\/categories?post=39719"},{"taxonomy":"post_tag","embeddable":true,"href":"https:\/\/oncubanews.com\/en\/wp-json\/wp\/v2\/tags?post=39719"},{"taxonomy":"author","embeddable":true,"href":"https:\/\/oncubanews.com\/en\/wp-json\/wp\/v2\/ppma_author?post=39719"}],"curies":[{"name":"wp","href":"https:\/\/api.w.org\/{rel}","templated":true}]}}