
{"id":39730,"date":"2014-12-22T17:42:53","date_gmt":"2014-12-22T22:42:53","guid":{"rendered":"http:\/\/oncubamagazine.com\/?p=39730"},"modified":"2014-12-22T17:42:53","modified_gmt":"2014-12-22T22:42:53","slug":"cuba-yes-yankees","status":"publish","type":"post","link":"https:\/\/oncubanews.com\/en\/cuba-usa\/cuba-yes-yankees\/","title":{"rendered":"Cuba yes! Yankees &#8230;?"},"content":{"rendered":"<p>This week I open a parenthesis to talk about what everyone talks about. My tales of Belize can wait seven days. The news obviously has rocked the country. Few, very rarely, the National Television News has information so overwhelming. Maybe I should talk about the poor role played by national media in covering the event, at least in the early stages, but the truth is that now I do not want to talk about journalism in Cuba.<\/p>\n<p>Already I have done it in this column and generated a debate which now I do not feel prepared to address. A Cuban friend who lives in Canada told me, &#8220;for now enjoy the news, we&#8217;ll have time to get into a fight later for what it actually represents.&#8221; You are absolutely right. Let us rejoice as most Cubans in Cuba (almost all, there are some, you know who, who are very upset and feel deeply betrayed by Obama, someone came to say only good thing about this deal is that Cuba freed Alan Gross); we trust that this will mark a new path, a new era, a hand, an opportunity to fulfill the dreams of many people, etc, etc, etc &#8230; Let&#8217;s trust, but to me, frankly, I don\u2019t have it very clear.<\/p>\n<p>Of course I&#8217;m glad that Obama has made this decision, I applaud he reached the agreement talking personally with Raul Castro, I think for people to understand each other they have to at least stop attacking each other, and I know that the measures have a strong impact in the field of international relations, specifically in our region. But excuse me if I do not look too optimistic in the immediate effects on the life of \u00a8regular\u00a8 citizens.<\/p>\n<p>Some, those with close family and friends, with money- in the United States will benefit from the increased volume of remittances. But then to think that in a few weeks we will be eating McDonalds in Havana goes a long way. And let me also say that if McDonalds arriving soon there will be much cheaper than the burgers that now sell coffee shops that accept foreign currency. The blockade (or embargo, to avoid disturbing potential readers) is still there. Some believe that it will fall tomorrow; I say that remains to be seen.<\/p>\n<p>Clearly, the country will have more financial facilities, and more Americans will come to spend their dollars here &#8230; but for serious, mutually beneficial investment, will have to wait a while. (And one more time for those investments to translate into benefits for people). I&#8217;ll tell you one thing that maybe it has been said many times but it never hurts to remember: the main Cuban problems must be solved in Cuba.<\/p>\n<p>I want to believe that we have reserves and potential to do so. I say more: the much-bandied issue of the need for greater empowerment of the people, must be, first and ultimately the responsibility of the people. No one is coming to do it for us. OK: let\u00b4s debate, discuss, negotiate in diplomatic forums and protocol environments, it does not hurt; but the debate, the most important discussion we have to promote it internally. I am almost convinced that dialogue with the United States is not going to move a lot of chips of the routine domino Cubans are living in Cuba. Well, let&#8217;s see where the bulls move. I am very sorry that my father is dead. He would have loved to witness this. Once, amid slogans on a march for May Day, he said: &#8220;You see that one day we will make peace with the United States, it will be sooner or later, and the pioneers who now sing it of Cuba yes!, Yankees no! They will have to sing Cuba yes, Yankees too! &#8220;. You are exaggerating, I said then. For now it is best not to call the Americans Yankees, we know they do not like it one bit. Pardon me and long live the unbreakable friendship between the peoples of Cuba and the United States!<\/p>\n","protected":false},"excerpt":{"rendered":"<p>This week I open a parenthesis to talk about what everyone talks about. My tales of Belize can wait seven days. The news obviously has rocked the country. Few, very rarely, the National Television News has information so overwhelming. Maybe I should talk about the poor role played by national media in covering the event, [&hellip;]<\/p>\n","protected":false},"author":2446,"featured_media":39710,"comment_status":"open","ping_status":"closed","sticky":false,"template":"","format":"standard","meta":{"_acf_changed":false,"footnotes":""},"categories":[13944],"tags":[],"ppma_author":[33671,7433],"class_list":["post-39730","post","type-post","status-publish","format-standard","has-post-thumbnail","hentry","category-cuba-usa"],"acf":[],"yoast_head":"<!-- This site is optimized with the Yoast SEO plugin v27.3 - https:\/\/yoast.com\/product\/yoast-seo-wordpress\/ -->\n<title>Cuba yes! Yankees ...? | OnCubaNews English<\/title>\n<meta name=\"robots\" content=\"index, follow, max-snippet:-1, max-image-preview:large, max-video-preview:-1\" \/>\n<link rel=\"canonical\" href=\"https:\/\/oncubanews.com\/en\/cuba-usa\/cuba-yes-yankees\/\" \/>\n<meta property=\"og:locale\" content=\"en_US\" \/>\n<meta property=\"og:type\" content=\"article\" \/>\n<meta property=\"og:title\" content=\"Cuba yes! Yankees ...? | OnCubaNews English\" \/>\n<meta property=\"og:description\" content=\"This week I open a parenthesis to talk about what everyone talks about. My tales of Belize can wait seven days. The news obviously has rocked the country. Few, very rarely, the National Television News has information so overwhelming. Maybe I should talk about the poor role played by national media in covering the event, [&hellip;]\" \/>\n<meta property=\"og:url\" content=\"https:\/\/oncubanews.com\/en\/cuba-usa\/cuba-yes-yankees\/\" \/>\n<meta property=\"og:site_name\" content=\"OnCubaNews English\" \/>\n<meta property=\"article:author\" content=\"https:\/\/www.facebook.com\/yurisnorido.ruizcabrera\" \/>\n<meta property=\"article:published_time\" content=\"2014-12-22T22:42:53+00:00\" \/>\n<meta property=\"og:image\" content=\"https:\/\/oncubanews.com\/en\/wp-content\/uploads\/2014\/12\/columna-oncuba-eeuu.jpg\" \/>\n\t<meta property=\"og:image:width\" content=\"755\" \/>\n\t<meta property=\"og:image:height\" content=\"490\" \/>\n\t<meta property=\"og:image:type\" content=\"image\/jpeg\" \/>\n<meta name=\"author\" content=\"Yuris N\u00f3rido, Yuris\" \/>\n<meta name=\"twitter:card\" content=\"summary_large_image\" \/>\n<meta name=\"twitter:label1\" content=\"Written by\" \/>\n\t<meta name=\"twitter:data1\" content=\"Yuris N\u00f3rido\" \/>\n\t<meta name=\"twitter:label2\" content=\"Est. reading time\" \/>\n\t<meta name=\"twitter:data2\" content=\"3 minutes\" \/>\n<script type=\"application\/ld+json\" class=\"yoast-schema-graph\">{\"@context\":\"https:\\\/\\\/schema.org\",\"@graph\":[{\"@type\":\"Article\",\"@id\":\"https:\\\/\\\/oncubanews.com\\\/en\\\/cuba-usa\\\/cuba-yes-yankees\\\/#article\",\"isPartOf\":{\"@id\":\"https:\\\/\\\/oncubanews.com\\\/en\\\/cuba-usa\\\/cuba-yes-yankees\\\/\"},\"author\":{\"name\":\"Yuris N\u00f3rido\",\"@id\":\"https:\\\/\\\/oncubanews.com\\\/en\\\/#\\\/schema\\\/person\\\/fe703afeb708b2874c3773e922e78255\"},\"headline\":\"Cuba yes! Yankees &#8230;?\",\"datePublished\":\"2014-12-22T22:42:53+00:00\",\"mainEntityOfPage\":{\"@id\":\"https:\\\/\\\/oncubanews.com\\\/en\\\/cuba-usa\\\/cuba-yes-yankees\\\/\"},\"wordCount\":678,\"commentCount\":2,\"image\":{\"@id\":\"https:\\\/\\\/oncubanews.com\\\/en\\\/cuba-usa\\\/cuba-yes-yankees\\\/#primaryimage\"},\"thumbnailUrl\":\"https:\\\/\\\/oncubanews.com\\\/en\\\/wp-content\\\/uploads\\\/2014\\\/12\\\/columna-oncuba-eeuu.jpg\",\"articleSection\":[\"Cuba-USA\"],\"inLanguage\":\"en-US\",\"potentialAction\":[{\"@type\":\"CommentAction\",\"name\":\"Comment\",\"target\":[\"https:\\\/\\\/oncubanews.com\\\/en\\\/cuba-usa\\\/cuba-yes-yankees\\\/#respond\"]}],\"copyrightYear\":\"2014\",\"copyrightHolder\":{\"@id\":\"https:\\\/\\\/oncubanews.com\\\/en\\\/#organization\"}},{\"@type\":\"WebPage\",\"@id\":\"https:\\\/\\\/oncubanews.com\\\/en\\\/cuba-usa\\\/cuba-yes-yankees\\\/\",\"url\":\"https:\\\/\\\/oncubanews.com\\\/en\\\/cuba-usa\\\/cuba-yes-yankees\\\/\",\"name\":\"Cuba yes! Yankees ...? | OnCubaNews English\",\"isPartOf\":{\"@id\":\"https:\\\/\\\/oncubanews.com\\\/en\\\/#website\"},\"primaryImageOfPage\":{\"@id\":\"https:\\\/\\\/oncubanews.com\\\/en\\\/cuba-usa\\\/cuba-yes-yankees\\\/#primaryimage\"},\"image\":{\"@id\":\"https:\\\/\\\/oncubanews.com\\\/en\\\/cuba-usa\\\/cuba-yes-yankees\\\/#primaryimage\"},\"thumbnailUrl\":\"https:\\\/\\\/oncubanews.com\\\/en\\\/wp-content\\\/uploads\\\/2014\\\/12\\\/columna-oncuba-eeuu.jpg\",\"datePublished\":\"2014-12-22T22:42:53+00:00\",\"author\":{\"@id\":\"https:\\\/\\\/oncubanews.com\\\/en\\\/#\\\/schema\\\/person\\\/fe703afeb708b2874c3773e922e78255\"},\"breadcrumb\":{\"@id\":\"https:\\\/\\\/oncubanews.com\\\/en\\\/cuba-usa\\\/cuba-yes-yankees\\\/#breadcrumb\"},\"inLanguage\":\"en-US\",\"potentialAction\":[{\"@type\":\"ReadAction\",\"target\":[\"https:\\\/\\\/oncubanews.com\\\/en\\\/cuba-usa\\\/cuba-yes-yankees\\\/\"]}]},{\"@type\":\"ImageObject\",\"inLanguage\":\"en-US\",\"@id\":\"https:\\\/\\\/oncubanews.com\\\/en\\\/cuba-usa\\\/cuba-yes-yankees\\\/#primaryimage\",\"url\":\"https:\\\/\\\/oncubanews.com\\\/en\\\/wp-content\\\/uploads\\\/2014\\\/12\\\/columna-oncuba-eeuu.jpg\",\"contentUrl\":\"https:\\\/\\\/oncubanews.com\\\/en\\\/wp-content\\\/uploads\\\/2014\\\/12\\\/columna-oncuba-eeuu.jpg\",\"width\":755,\"height\":490,\"caption\":\"En un balc\u00f3n de La Habana, a partir de una fotograf\u00eda de la agencia AP.\"},{\"@type\":\"BreadcrumbList\",\"@id\":\"https:\\\/\\\/oncubanews.com\\\/en\\\/cuba-usa\\\/cuba-yes-yankees\\\/#breadcrumb\",\"itemListElement\":[{\"@type\":\"ListItem\",\"position\":1,\"name\":\"Portada\",\"item\":\"https:\\\/\\\/oncubanews.com\\\/en\\\/\"},{\"@type\":\"ListItem\",\"position\":2,\"name\":\"Cuba yes! Yankees &#8230;?\"}]},{\"@type\":\"WebSite\",\"@id\":\"https:\\\/\\\/oncubanews.com\\\/en\\\/#website\",\"url\":\"https:\\\/\\\/oncubanews.com\\\/en\\\/\",\"name\":\"OnCubaNews English\",\"description\":\"Revista sobre Cuba\",\"potentialAction\":[{\"@type\":\"SearchAction\",\"target\":{\"@type\":\"EntryPoint\",\"urlTemplate\":\"https:\\\/\\\/oncubanews.com\\\/en\\\/?s={search_term_string}\"},\"query-input\":{\"@type\":\"PropertyValueSpecification\",\"valueRequired\":true,\"valueName\":\"search_term_string\"}}],\"inLanguage\":\"en-US\"},{\"@type\":\"Person\",\"@id\":\"https:\\\/\\\/oncubanews.com\\\/en\\\/#\\\/schema\\\/person\\\/fe703afeb708b2874c3773e922e78255\",\"name\":\"Yuris N\u00f3rido\",\"image\":{\"@type\":\"ImageObject\",\"inLanguage\":\"en-US\",\"@id\":\"https:\\\/\\\/oncubanews.com\\\/wp-content\\\/uploads\\\/2014\\\/05\\\/Yuris-N\u00f3rido_avatar_1401216348-96x96.jpgd3447a8ac93443618222d7a50d5dfcf8\",\"url\":\"https:\\\/\\\/oncubanews.com\\\/wp-content\\\/uploads\\\/2014\\\/05\\\/Yuris-N\u00f3rido_avatar_1401216348-96x96.jpg\",\"contentUrl\":\"https:\\\/\\\/oncubanews.com\\\/wp-content\\\/uploads\\\/2014\\\/05\\\/Yuris-N\u00f3rido_avatar_1401216348-96x96.jpg\",\"caption\":\"Yuris N\u00f3rido\"},\"description\":\"Periodista, fot\u00f3grafo, \\\"narrador de historias\\\". Va por la vida mirando y escuchando, con una curiosidad casi infantil, para despu\u00e9s contarlo todo en cr\u00f3nicas muy personales, que a algunos pueden parecerles exageradas (y es probable que tengan raz\u00f3n). Dice que la memoria es mitad realidad y mitad pura invenci\u00f3n.\",\"sameAs\":[\"https:\\\/\\\/www.facebook.com\\\/yurisnorido.ruizcabrera\"],\"url\":\"https:\\\/\\\/oncubanews.com\\\/en\\\/author\\\/yuris\\\/\"}]}<\/script>\n<!-- \/ Yoast SEO plugin. -->","yoast_head_json":{"title":"Cuba yes! Yankees ...? | OnCubaNews English","robots":{"index":"index","follow":"follow","max-snippet":"max-snippet:-1","max-image-preview":"max-image-preview:large","max-video-preview":"max-video-preview:-1"},"canonical":"https:\/\/oncubanews.com\/en\/cuba-usa\/cuba-yes-yankees\/","og_locale":"en_US","og_type":"article","og_title":"Cuba yes! Yankees ...? | OnCubaNews English","og_description":"This week I open a parenthesis to talk about what everyone talks about. My tales of Belize can wait seven days. The news obviously has rocked the country. Few, very rarely, the National Television News has information so overwhelming. Maybe I should talk about the poor role played by national media in covering the event, [&hellip;]","og_url":"https:\/\/oncubanews.com\/en\/cuba-usa\/cuba-yes-yankees\/","og_site_name":"OnCubaNews English","article_author":"https:\/\/www.facebook.com\/yurisnorido.ruizcabrera","article_published_time":"2014-12-22T22:42:53+00:00","og_image":[{"width":755,"height":490,"url":"https:\/\/oncubanews.com\/en\/wp-content\/uploads\/2014\/12\/columna-oncuba-eeuu.jpg","type":"image\/jpeg"}],"author":"Yuris N\u00f3rido, Yuris","twitter_card":"summary_large_image","twitter_misc":{"Written by":"Yuris N\u00f3rido","Est. reading time":"3 minutes"},"schema":{"@context":"https:\/\/schema.org","@graph":[{"@type":"Article","@id":"https:\/\/oncubanews.com\/en\/cuba-usa\/cuba-yes-yankees\/#article","isPartOf":{"@id":"https:\/\/oncubanews.com\/en\/cuba-usa\/cuba-yes-yankees\/"},"author":{"name":"Yuris N\u00f3rido","@id":"https:\/\/oncubanews.com\/en\/#\/schema\/person\/fe703afeb708b2874c3773e922e78255"},"headline":"Cuba yes! Yankees &#8230;?","datePublished":"2014-12-22T22:42:53+00:00","mainEntityOfPage":{"@id":"https:\/\/oncubanews.com\/en\/cuba-usa\/cuba-yes-yankees\/"},"wordCount":678,"commentCount":2,"image":{"@id":"https:\/\/oncubanews.com\/en\/cuba-usa\/cuba-yes-yankees\/#primaryimage"},"thumbnailUrl":"https:\/\/oncubanews.com\/en\/wp-content\/uploads\/2014\/12\/columna-oncuba-eeuu.jpg","articleSection":["Cuba-USA"],"inLanguage":"en-US","potentialAction":[{"@type":"CommentAction","name":"Comment","target":["https:\/\/oncubanews.com\/en\/cuba-usa\/cuba-yes-yankees\/#respond"]}],"copyrightYear":"2014","copyrightHolder":{"@id":"https:\/\/oncubanews.com\/en\/#organization"}},{"@type":"WebPage","@id":"https:\/\/oncubanews.com\/en\/cuba-usa\/cuba-yes-yankees\/","url":"https:\/\/oncubanews.com\/en\/cuba-usa\/cuba-yes-yankees\/","name":"Cuba yes! Yankees ...? | OnCubaNews English","isPartOf":{"@id":"https:\/\/oncubanews.com\/en\/#website"},"primaryImageOfPage":{"@id":"https:\/\/oncubanews.com\/en\/cuba-usa\/cuba-yes-yankees\/#primaryimage"},"image":{"@id":"https:\/\/oncubanews.com\/en\/cuba-usa\/cuba-yes-yankees\/#primaryimage"},"thumbnailUrl":"https:\/\/oncubanews.com\/en\/wp-content\/uploads\/2014\/12\/columna-oncuba-eeuu.jpg","datePublished":"2014-12-22T22:42:53+00:00","author":{"@id":"https:\/\/oncubanews.com\/en\/#\/schema\/person\/fe703afeb708b2874c3773e922e78255"},"breadcrumb":{"@id":"https:\/\/oncubanews.com\/en\/cuba-usa\/cuba-yes-yankees\/#breadcrumb"},"inLanguage":"en-US","potentialAction":[{"@type":"ReadAction","target":["https:\/\/oncubanews.com\/en\/cuba-usa\/cuba-yes-yankees\/"]}]},{"@type":"ImageObject","inLanguage":"en-US","@id":"https:\/\/oncubanews.com\/en\/cuba-usa\/cuba-yes-yankees\/#primaryimage","url":"https:\/\/oncubanews.com\/en\/wp-content\/uploads\/2014\/12\/columna-oncuba-eeuu.jpg","contentUrl":"https:\/\/oncubanews.com\/en\/wp-content\/uploads\/2014\/12\/columna-oncuba-eeuu.jpg","width":755,"height":490,"caption":"En un balc\u00f3n de La Habana, a partir de una fotograf\u00eda de la agencia AP."},{"@type":"BreadcrumbList","@id":"https:\/\/oncubanews.com\/en\/cuba-usa\/cuba-yes-yankees\/#breadcrumb","itemListElement":[{"@type":"ListItem","position":1,"name":"Portada","item":"https:\/\/oncubanews.com\/en\/"},{"@type":"ListItem","position":2,"name":"Cuba yes! Yankees &#8230;?"}]},{"@type":"WebSite","@id":"https:\/\/oncubanews.com\/en\/#website","url":"https:\/\/oncubanews.com\/en\/","name":"OnCubaNews English","description":"Revista sobre Cuba","potentialAction":[{"@type":"SearchAction","target":{"@type":"EntryPoint","urlTemplate":"https:\/\/oncubanews.com\/en\/?s={search_term_string}"},"query-input":{"@type":"PropertyValueSpecification","valueRequired":true,"valueName":"search_term_string"}}],"inLanguage":"en-US"},{"@type":"Person","@id":"https:\/\/oncubanews.com\/en\/#\/schema\/person\/fe703afeb708b2874c3773e922e78255","name":"Yuris N\u00f3rido","image":{"@type":"ImageObject","inLanguage":"en-US","@id":"https:\/\/oncubanews.com\/wp-content\/uploads\/2014\/05\/Yuris-N\u00f3rido_avatar_1401216348-96x96.jpgd3447a8ac93443618222d7a50d5dfcf8","url":"https:\/\/oncubanews.com\/wp-content\/uploads\/2014\/05\/Yuris-N\u00f3rido_avatar_1401216348-96x96.jpg","contentUrl":"https:\/\/oncubanews.com\/wp-content\/uploads\/2014\/05\/Yuris-N\u00f3rido_avatar_1401216348-96x96.jpg","caption":"Yuris N\u00f3rido"},"description":"Periodista, fot\u00f3grafo, \"narrador de historias\". Va por la vida mirando y escuchando, con una curiosidad casi infantil, para despu\u00e9s contarlo todo en cr\u00f3nicas muy personales, que a algunos pueden parecerles exageradas (y es probable que tengan raz\u00f3n). Dice que la memoria es mitad realidad y mitad pura invenci\u00f3n.","sameAs":["https:\/\/www.facebook.com\/yurisnorido.ruizcabrera"],"url":"https:\/\/oncubanews.com\/en\/author\/yuris\/"}]}},"authors":[{"term_id":33671,"user_id":2446,"is_guest":0,"slug":"yuris","display_name":"Yuris N\u00f3rido","avatar_url":"https:\/\/oncubanews.com\/wp-content\/uploads\/2014\/05\/Yuris-N\u00f3rido_avatar_1401216348-96x96.jpg","0":null,"1":"","2":"","3":"","4":"","5":"","6":"","7":"","8":""},{"term_id":7433,"user_id":0,"is_guest":1,"slug":"cap-yuris","display_name":"Yuris","avatar_url":"https:\/\/secure.gravatar.com\/avatar\/?s=96&r=g","0":null,"1":"","2":"","3":"","4":"","5":"","6":"","7":"","8":""}],"_links":{"self":[{"href":"https:\/\/oncubanews.com\/en\/wp-json\/wp\/v2\/posts\/39730","targetHints":{"allow":["GET"]}}],"collection":[{"href":"https:\/\/oncubanews.com\/en\/wp-json\/wp\/v2\/posts"}],"about":[{"href":"https:\/\/oncubanews.com\/en\/wp-json\/wp\/v2\/types\/post"}],"author":[{"embeddable":true,"href":"https:\/\/oncubanews.com\/en\/wp-json\/wp\/v2\/users\/2446"}],"replies":[{"embeddable":true,"href":"https:\/\/oncubanews.com\/en\/wp-json\/wp\/v2\/comments?post=39730"}],"version-history":[{"count":0,"href":"https:\/\/oncubanews.com\/en\/wp-json\/wp\/v2\/posts\/39730\/revisions"}],"wp:featuredmedia":[{"embeddable":true,"href":"https:\/\/oncubanews.com\/en\/wp-json\/wp\/v2\/media\/39710"}],"wp:attachment":[{"href":"https:\/\/oncubanews.com\/en\/wp-json\/wp\/v2\/media?parent=39730"}],"wp:term":[{"taxonomy":"category","embeddable":true,"href":"https:\/\/oncubanews.com\/en\/wp-json\/wp\/v2\/categories?post=39730"},{"taxonomy":"post_tag","embeddable":true,"href":"https:\/\/oncubanews.com\/en\/wp-json\/wp\/v2\/tags?post=39730"},{"taxonomy":"author","embeddable":true,"href":"https:\/\/oncubanews.com\/en\/wp-json\/wp\/v2\/ppma_author?post=39730"}],"curies":[{"name":"wp","href":"https:\/\/api.w.org\/{rel}","templated":true}]}}