
{"id":39783,"date":"2014-12-23T16:20:16","date_gmt":"2014-12-23T21:20:16","guid":{"rendered":"http:\/\/oncubamagazine.com\/?p=39783"},"modified":"2014-12-23T16:20:16","modified_gmt":"2014-12-23T21:20:16","slug":"french-tourism-will-triple-its-presence-in-varadero","status":"publish","type":"post","link":"https:\/\/oncubanews.com\/en\/cuba\/economy\/tourism-in-cuba\/french-tourism-will-triple-its-presence-in-varadero\/","title":{"rendered":"French tourism will triple its presence in Varadero"},"content":{"rendered":"<p>The Transat France Group, one of the largest emitters of tourists to the island, opens today in Matanzas the first Francophone club Lookea in Cuba, said in a press release the Ministry of Tourism (Tourism).<\/p>\n<p>Located in the Meli\u00e1 Peninsula Hotel, located in the Hicacos Peninsula, 20 minutes from downtown Varadero, the club will have water parks, sports (beach volleyball, canoeing, catamaran, golf, among other ), fitness and dance sessions.<\/p>\n<p>Six nights in all-inclusive status in this center Five Star can be booked at the price of 1099 Euros per person in double room and includes discounts.<\/p>\n<p>The service includes excursions to nearby cities like Trinidad, Cienfuegos, Santa Clara, Havana and also the Guama Tourist Complex, on the Zapata Swamp. That will increase considerably percent occupancy hotel, with 581 rooms, total capacity of about 1,300 customers and is aimed at families, weddings, honeymoons and incentive groups.<\/p>\n<p>The hotel chain Meli\u00e1 Hotels International and Gaviota SA Tourism Group support this new tourism project focused on the leader destination for sun and beach in Cuba.<\/p>\n<p>There will be, to boost visitor arrivals, direct flights from Paris to Varadero, weekly by the company XL Airways with 250 seats each Monday from late December 2014 until the last days of May 2015.<\/p>\n<p>According to specialists from the Meli\u00e1 Peninsula \u2013reported Cuban News Agency- the French market will almost triple its presence in Varadero this season 2014-2015, and since January is fully booked in exclusive contract with the Club Lookea.<\/p>\n<p>Looking to have a greater flow of French-speaking tourists to Cuba, this week also began operations the Canadian tour operator Canjet Vacations. The flights depart from Toronto to Varadero, Jardines del Rey, Santa Clara and Holguin with a total of 13 weekly frequencies.<br \/>\nThat represents nearly 50 percent of flights of Canjet Vacations to the Caribbean, since they see Cuba as a tourist destination especially given the imminent start of the high season in this country.<\/p>\n<p>Canada stands out above the rest of the countries of origin of tourists to Cuba. So far in 2014 were 940,000 tourists of this nationality who have chosen Cuba for holidays, followed by 530,000 Europeans and 800,000 from around the world, says the newspaper ABC.<\/p>\n","protected":false},"excerpt":{"rendered":"<p>The Transat France Group, one of the largest emitters of tourists to the island, opens today in Matanzas the first Francophone club Lookea in Cuba, said in a press release the Ministry of Tourism (Tourism). Located in the Meli\u00e1 Peninsula Hotel, located in the Hicacos Peninsula, 20 minutes from downtown Varadero, the club will have [&hellip;]<\/p>\n","protected":false},"author":1115,"featured_media":39735,"comment_status":"open","ping_status":"closed","sticky":false,"template":"","format":"standard","meta":{"_acf_changed":false,"footnotes":""},"categories":[13907],"tags":[],"ppma_author":[33556,6945],"class_list":["post-39783","post","type-post","status-publish","format-standard","has-post-thumbnail","hentry","category-tourism-in-cuba"],"acf":[],"yoast_head":"<!-- This site is optimized with the Yoast SEO plugin v27.3 - https:\/\/yoast.com\/product\/yoast-seo-wordpress\/ -->\n<title>French tourism will triple its presence in Varadero | OnCubaNews English<\/title>\n<meta name=\"robots\" content=\"index, follow, max-snippet:-1, max-image-preview:large, max-video-preview:-1\" \/>\n<link rel=\"canonical\" href=\"https:\/\/oncubanews.com\/en\/cuba\/economy\/tourism-in-cuba\/french-tourism-will-triple-its-presence-in-varadero\/\" \/>\n<meta property=\"og:locale\" content=\"en_US\" \/>\n<meta property=\"og:type\" content=\"article\" \/>\n<meta property=\"og:title\" content=\"French tourism will triple its presence in Varadero | OnCubaNews English\" \/>\n<meta property=\"og:description\" content=\"The Transat France Group, one of the largest emitters of tourists to the island, opens today in Matanzas the first Francophone club Lookea in Cuba, said in a press release the Ministry of Tourism (Tourism). Located in the Meli\u00e1 Peninsula Hotel, located in the Hicacos Peninsula, 20 minutes from downtown Varadero, the club will have [&hellip;]\" \/>\n<meta property=\"og:url\" content=\"https:\/\/oncubanews.com\/en\/cuba\/economy\/tourism-in-cuba\/french-tourism-will-triple-its-presence-in-varadero\/\" \/>\n<meta property=\"og:site_name\" content=\"OnCubaNews English\" \/>\n<meta property=\"article:author\" content=\"https:\/\/www.facebook.com\/yisell.rodriguezmilan\" \/>\n<meta property=\"article:published_time\" content=\"2014-12-23T21:20:16+00:00\" \/>\n<meta property=\"og:image\" content=\"https:\/\/oncubanews.com\/en\/wp-content\/uploads\/2014\/12\/playa-1.jpg\" \/>\n\t<meta property=\"og:image:width\" content=\"933\" \/>\n\t<meta property=\"og:image:height\" content=\"525\" \/>\n\t<meta property=\"og:image:type\" content=\"image\/jpeg\" \/>\n<meta name=\"author\" content=\"Yisell Rodr\u00edguez Mil\u00e1n, yisell\" \/>\n<meta name=\"twitter:card\" content=\"summary_large_image\" \/>\n<meta name=\"twitter:label1\" content=\"Written by\" \/>\n\t<meta name=\"twitter:data1\" content=\"Yisell Rodr\u00edguez Mil\u00e1n\" \/>\n\t<meta name=\"twitter:label2\" content=\"Est. reading time\" \/>\n\t<meta name=\"twitter:data2\" content=\"2 minutes\" \/>\n<script type=\"application\/ld+json\" class=\"yoast-schema-graph\">{\"@context\":\"https:\\\/\\\/schema.org\",\"@graph\":[{\"@type\":\"Article\",\"@id\":\"https:\\\/\\\/oncubanews.com\\\/en\\\/cuba\\\/economy\\\/tourism-in-cuba\\\/french-tourism-will-triple-its-presence-in-varadero\\\/#article\",\"isPartOf\":{\"@id\":\"https:\\\/\\\/oncubanews.com\\\/en\\\/cuba\\\/economy\\\/tourism-in-cuba\\\/french-tourism-will-triple-its-presence-in-varadero\\\/\"},\"author\":{\"name\":\"Yisell Rodr\u00edguez Mil\u00e1n\",\"@id\":\"https:\\\/\\\/oncubanews.com\\\/en\\\/#\\\/schema\\\/person\\\/cb7ad349afb9a60a3b9f4cfa2fed341a\"},\"headline\":\"French tourism will triple its presence in Varadero\",\"datePublished\":\"2014-12-23T21:20:16+00:00\",\"mainEntityOfPage\":{\"@id\":\"https:\\\/\\\/oncubanews.com\\\/en\\\/cuba\\\/economy\\\/tourism-in-cuba\\\/french-tourism-will-triple-its-presence-in-varadero\\\/\"},\"wordCount\":360,\"commentCount\":0,\"image\":{\"@id\":\"https:\\\/\\\/oncubanews.com\\\/en\\\/cuba\\\/economy\\\/tourism-in-cuba\\\/french-tourism-will-triple-its-presence-in-varadero\\\/#primaryimage\"},\"thumbnailUrl\":\"https:\\\/\\\/oncubanews.com\\\/en\\\/wp-content\\\/uploads\\\/2014\\\/12\\\/playa-1.jpg\",\"articleSection\":[\"Tourism in Cuba\"],\"inLanguage\":\"en-US\",\"potentialAction\":[{\"@type\":\"CommentAction\",\"name\":\"Comment\",\"target\":[\"https:\\\/\\\/oncubanews.com\\\/en\\\/cuba\\\/economy\\\/tourism-in-cuba\\\/french-tourism-will-triple-its-presence-in-varadero\\\/#respond\"]}],\"copyrightYear\":\"2014\",\"copyrightHolder\":{\"@id\":\"https:\\\/\\\/oncubanews.com\\\/en\\\/#organization\"}},{\"@type\":\"WebPage\",\"@id\":\"https:\\\/\\\/oncubanews.com\\\/en\\\/cuba\\\/economy\\\/tourism-in-cuba\\\/french-tourism-will-triple-its-presence-in-varadero\\\/\",\"url\":\"https:\\\/\\\/oncubanews.com\\\/en\\\/cuba\\\/economy\\\/tourism-in-cuba\\\/french-tourism-will-triple-its-presence-in-varadero\\\/\",\"name\":\"French tourism will triple its presence in Varadero | OnCubaNews English\",\"isPartOf\":{\"@id\":\"https:\\\/\\\/oncubanews.com\\\/en\\\/#website\"},\"primaryImageOfPage\":{\"@id\":\"https:\\\/\\\/oncubanews.com\\\/en\\\/cuba\\\/economy\\\/tourism-in-cuba\\\/french-tourism-will-triple-its-presence-in-varadero\\\/#primaryimage\"},\"image\":{\"@id\":\"https:\\\/\\\/oncubanews.com\\\/en\\\/cuba\\\/economy\\\/tourism-in-cuba\\\/french-tourism-will-triple-its-presence-in-varadero\\\/#primaryimage\"},\"thumbnailUrl\":\"https:\\\/\\\/oncubanews.com\\\/en\\\/wp-content\\\/uploads\\\/2014\\\/12\\\/playa-1.jpg\",\"datePublished\":\"2014-12-23T21:20:16+00:00\",\"author\":{\"@id\":\"https:\\\/\\\/oncubanews.com\\\/en\\\/#\\\/schema\\\/person\\\/cb7ad349afb9a60a3b9f4cfa2fed341a\"},\"breadcrumb\":{\"@id\":\"https:\\\/\\\/oncubanews.com\\\/en\\\/cuba\\\/economy\\\/tourism-in-cuba\\\/french-tourism-will-triple-its-presence-in-varadero\\\/#breadcrumb\"},\"inLanguage\":\"en-US\",\"potentialAction\":[{\"@type\":\"ReadAction\",\"target\":[\"https:\\\/\\\/oncubanews.com\\\/en\\\/cuba\\\/economy\\\/tourism-in-cuba\\\/french-tourism-will-triple-its-presence-in-varadero\\\/\"]}]},{\"@type\":\"ImageObject\",\"inLanguage\":\"en-US\",\"@id\":\"https:\\\/\\\/oncubanews.com\\\/en\\\/cuba\\\/economy\\\/tourism-in-cuba\\\/french-tourism-will-triple-its-presence-in-varadero\\\/#primaryimage\",\"url\":\"https:\\\/\\\/oncubanews.com\\\/en\\\/wp-content\\\/uploads\\\/2014\\\/12\\\/playa-1.jpg\",\"contentUrl\":\"https:\\\/\\\/oncubanews.com\\\/en\\\/wp-content\\\/uploads\\\/2014\\\/12\\\/playa-1.jpg\",\"width\":933,\"height\":525},{\"@type\":\"BreadcrumbList\",\"@id\":\"https:\\\/\\\/oncubanews.com\\\/en\\\/cuba\\\/economy\\\/tourism-in-cuba\\\/french-tourism-will-triple-its-presence-in-varadero\\\/#breadcrumb\",\"itemListElement\":[{\"@type\":\"ListItem\",\"position\":1,\"name\":\"Portada\",\"item\":\"https:\\\/\\\/oncubanews.com\\\/en\\\/\"},{\"@type\":\"ListItem\",\"position\":2,\"name\":\"French tourism will triple its presence in Varadero\"}]},{\"@type\":\"WebSite\",\"@id\":\"https:\\\/\\\/oncubanews.com\\\/en\\\/#website\",\"url\":\"https:\\\/\\\/oncubanews.com\\\/en\\\/\",\"name\":\"OnCubaNews English\",\"description\":\"Revista sobre Cuba\",\"potentialAction\":[{\"@type\":\"SearchAction\",\"target\":{\"@type\":\"EntryPoint\",\"urlTemplate\":\"https:\\\/\\\/oncubanews.com\\\/en\\\/?s={search_term_string}\"},\"query-input\":{\"@type\":\"PropertyValueSpecification\",\"valueRequired\":true,\"valueName\":\"search_term_string\"}}],\"inLanguage\":\"en-US\"},{\"@type\":\"Person\",\"@id\":\"https:\\\/\\\/oncubanews.com\\\/en\\\/#\\\/schema\\\/person\\\/cb7ad349afb9a60a3b9f4cfa2fed341a\",\"name\":\"Yisell Rodr\u00edguez Mil\u00e1n\",\"image\":{\"@type\":\"ImageObject\",\"inLanguage\":\"en-US\",\"@id\":\"http:\\\/\\\/www.oncubanews.com\\\/wp-content\\\/uploads\\\/2013\\\/10\\\/Yisell-Rodr\u00edguez-Mil\u00e1n_avatar_1382976707-96x96.jpg491726f12ffc997ca66ca0a11e66a5fd\",\"url\":\"http:\\\/\\\/www.oncubanews.com\\\/wp-content\\\/uploads\\\/2013\\\/10\\\/Yisell-Rodr\u00edguez-Mil\u00e1n_avatar_1382976707-96x96.jpg\",\"contentUrl\":\"http:\\\/\\\/www.oncubanews.com\\\/wp-content\\\/uploads\\\/2013\\\/10\\\/Yisell-Rodr\u00edguez-Mil\u00e1n_avatar_1382976707-96x96.jpg\",\"caption\":\"Yisell Rodr\u00edguez Mil\u00e1n\"},\"description\":\"Periodista, bloguera por pasi\u00f3n, so\u00f1adora empedernina, guantanamera como la canci\u00f3n y cubana porque le toc\u00f3. Anda a la caza de historias, de gente incre\u00edble que corra tras las utop\u00edas.\",\"sameAs\":[\"https:\\\/\\\/www.facebook.com\\\/yisell.rodriguezmilan\"],\"url\":\"https:\\\/\\\/oncubanews.com\\\/en\\\/author\\\/yisell\\\/\"}]}<\/script>\n<!-- \/ Yoast SEO plugin. -->","yoast_head_json":{"title":"French tourism will triple its presence in Varadero | OnCubaNews English","robots":{"index":"index","follow":"follow","max-snippet":"max-snippet:-1","max-image-preview":"max-image-preview:large","max-video-preview":"max-video-preview:-1"},"canonical":"https:\/\/oncubanews.com\/en\/cuba\/economy\/tourism-in-cuba\/french-tourism-will-triple-its-presence-in-varadero\/","og_locale":"en_US","og_type":"article","og_title":"French tourism will triple its presence in Varadero | OnCubaNews English","og_description":"The Transat France Group, one of the largest emitters of tourists to the island, opens today in Matanzas the first Francophone club Lookea in Cuba, said in a press release the Ministry of Tourism (Tourism). Located in the Meli\u00e1 Peninsula Hotel, located in the Hicacos Peninsula, 20 minutes from downtown Varadero, the club will have [&hellip;]","og_url":"https:\/\/oncubanews.com\/en\/cuba\/economy\/tourism-in-cuba\/french-tourism-will-triple-its-presence-in-varadero\/","og_site_name":"OnCubaNews English","article_author":"https:\/\/www.facebook.com\/yisell.rodriguezmilan","article_published_time":"2014-12-23T21:20:16+00:00","og_image":[{"width":933,"height":525,"url":"https:\/\/oncubanews.com\/en\/wp-content\/uploads\/2014\/12\/playa-1.jpg","type":"image\/jpeg"}],"author":"Yisell Rodr\u00edguez Mil\u00e1n, yisell","twitter_card":"summary_large_image","twitter_misc":{"Written by":"Yisell Rodr\u00edguez Mil\u00e1n","Est. reading time":"2 minutes"},"schema":{"@context":"https:\/\/schema.org","@graph":[{"@type":"Article","@id":"https:\/\/oncubanews.com\/en\/cuba\/economy\/tourism-in-cuba\/french-tourism-will-triple-its-presence-in-varadero\/#article","isPartOf":{"@id":"https:\/\/oncubanews.com\/en\/cuba\/economy\/tourism-in-cuba\/french-tourism-will-triple-its-presence-in-varadero\/"},"author":{"name":"Yisell Rodr\u00edguez Mil\u00e1n","@id":"https:\/\/oncubanews.com\/en\/#\/schema\/person\/cb7ad349afb9a60a3b9f4cfa2fed341a"},"headline":"French tourism will triple its presence in Varadero","datePublished":"2014-12-23T21:20:16+00:00","mainEntityOfPage":{"@id":"https:\/\/oncubanews.com\/en\/cuba\/economy\/tourism-in-cuba\/french-tourism-will-triple-its-presence-in-varadero\/"},"wordCount":360,"commentCount":0,"image":{"@id":"https:\/\/oncubanews.com\/en\/cuba\/economy\/tourism-in-cuba\/french-tourism-will-triple-its-presence-in-varadero\/#primaryimage"},"thumbnailUrl":"https:\/\/oncubanews.com\/en\/wp-content\/uploads\/2014\/12\/playa-1.jpg","articleSection":["Tourism in Cuba"],"inLanguage":"en-US","potentialAction":[{"@type":"CommentAction","name":"Comment","target":["https:\/\/oncubanews.com\/en\/cuba\/economy\/tourism-in-cuba\/french-tourism-will-triple-its-presence-in-varadero\/#respond"]}],"copyrightYear":"2014","copyrightHolder":{"@id":"https:\/\/oncubanews.com\/en\/#organization"}},{"@type":"WebPage","@id":"https:\/\/oncubanews.com\/en\/cuba\/economy\/tourism-in-cuba\/french-tourism-will-triple-its-presence-in-varadero\/","url":"https:\/\/oncubanews.com\/en\/cuba\/economy\/tourism-in-cuba\/french-tourism-will-triple-its-presence-in-varadero\/","name":"French tourism will triple its presence in Varadero | OnCubaNews English","isPartOf":{"@id":"https:\/\/oncubanews.com\/en\/#website"},"primaryImageOfPage":{"@id":"https:\/\/oncubanews.com\/en\/cuba\/economy\/tourism-in-cuba\/french-tourism-will-triple-its-presence-in-varadero\/#primaryimage"},"image":{"@id":"https:\/\/oncubanews.com\/en\/cuba\/economy\/tourism-in-cuba\/french-tourism-will-triple-its-presence-in-varadero\/#primaryimage"},"thumbnailUrl":"https:\/\/oncubanews.com\/en\/wp-content\/uploads\/2014\/12\/playa-1.jpg","datePublished":"2014-12-23T21:20:16+00:00","author":{"@id":"https:\/\/oncubanews.com\/en\/#\/schema\/person\/cb7ad349afb9a60a3b9f4cfa2fed341a"},"breadcrumb":{"@id":"https:\/\/oncubanews.com\/en\/cuba\/economy\/tourism-in-cuba\/french-tourism-will-triple-its-presence-in-varadero\/#breadcrumb"},"inLanguage":"en-US","potentialAction":[{"@type":"ReadAction","target":["https:\/\/oncubanews.com\/en\/cuba\/economy\/tourism-in-cuba\/french-tourism-will-triple-its-presence-in-varadero\/"]}]},{"@type":"ImageObject","inLanguage":"en-US","@id":"https:\/\/oncubanews.com\/en\/cuba\/economy\/tourism-in-cuba\/french-tourism-will-triple-its-presence-in-varadero\/#primaryimage","url":"https:\/\/oncubanews.com\/en\/wp-content\/uploads\/2014\/12\/playa-1.jpg","contentUrl":"https:\/\/oncubanews.com\/en\/wp-content\/uploads\/2014\/12\/playa-1.jpg","width":933,"height":525},{"@type":"BreadcrumbList","@id":"https:\/\/oncubanews.com\/en\/cuba\/economy\/tourism-in-cuba\/french-tourism-will-triple-its-presence-in-varadero\/#breadcrumb","itemListElement":[{"@type":"ListItem","position":1,"name":"Portada","item":"https:\/\/oncubanews.com\/en\/"},{"@type":"ListItem","position":2,"name":"French tourism will triple its presence in Varadero"}]},{"@type":"WebSite","@id":"https:\/\/oncubanews.com\/en\/#website","url":"https:\/\/oncubanews.com\/en\/","name":"OnCubaNews English","description":"Revista sobre Cuba","potentialAction":[{"@type":"SearchAction","target":{"@type":"EntryPoint","urlTemplate":"https:\/\/oncubanews.com\/en\/?s={search_term_string}"},"query-input":{"@type":"PropertyValueSpecification","valueRequired":true,"valueName":"search_term_string"}}],"inLanguage":"en-US"},{"@type":"Person","@id":"https:\/\/oncubanews.com\/en\/#\/schema\/person\/cb7ad349afb9a60a3b9f4cfa2fed341a","name":"Yisell Rodr\u00edguez Mil\u00e1n","image":{"@type":"ImageObject","inLanguage":"en-US","@id":"http:\/\/www.oncubanews.com\/wp-content\/uploads\/2013\/10\/Yisell-Rodr\u00edguez-Mil\u00e1n_avatar_1382976707-96x96.jpg491726f12ffc997ca66ca0a11e66a5fd","url":"http:\/\/www.oncubanews.com\/wp-content\/uploads\/2013\/10\/Yisell-Rodr\u00edguez-Mil\u00e1n_avatar_1382976707-96x96.jpg","contentUrl":"http:\/\/www.oncubanews.com\/wp-content\/uploads\/2013\/10\/Yisell-Rodr\u00edguez-Mil\u00e1n_avatar_1382976707-96x96.jpg","caption":"Yisell Rodr\u00edguez Mil\u00e1n"},"description":"Periodista, bloguera por pasi\u00f3n, so\u00f1adora empedernina, guantanamera como la canci\u00f3n y cubana porque le toc\u00f3. Anda a la caza de historias, de gente incre\u00edble que corra tras las utop\u00edas.","sameAs":["https:\/\/www.facebook.com\/yisell.rodriguezmilan"],"url":"https:\/\/oncubanews.com\/en\/author\/yisell\/"}]}},"authors":[{"term_id":33556,"user_id":1115,"is_guest":0,"slug":"yisell","display_name":"Yisell Rodr\u00edguez Mil\u00e1n","avatar_url":"http:\/\/www.oncubanews.com\/wp-content\/uploads\/2013\/10\/Yisell-Rodr\u00edguez-Mil\u00e1n_avatar_1382976707-96x96.jpg","0":null,"1":"","2":"","3":"","4":"","5":"","6":"","7":"","8":""},{"term_id":6945,"user_id":0,"is_guest":1,"slug":"cap-yisell","display_name":"yisell","avatar_url":"https:\/\/secure.gravatar.com\/avatar\/?s=96&r=g","0":null,"1":"","2":"","3":"","4":"","5":"","6":"","7":"","8":""}],"_links":{"self":[{"href":"https:\/\/oncubanews.com\/en\/wp-json\/wp\/v2\/posts\/39783","targetHints":{"allow":["GET"]}}],"collection":[{"href":"https:\/\/oncubanews.com\/en\/wp-json\/wp\/v2\/posts"}],"about":[{"href":"https:\/\/oncubanews.com\/en\/wp-json\/wp\/v2\/types\/post"}],"author":[{"embeddable":true,"href":"https:\/\/oncubanews.com\/en\/wp-json\/wp\/v2\/users\/1115"}],"replies":[{"embeddable":true,"href":"https:\/\/oncubanews.com\/en\/wp-json\/wp\/v2\/comments?post=39783"}],"version-history":[{"count":0,"href":"https:\/\/oncubanews.com\/en\/wp-json\/wp\/v2\/posts\/39783\/revisions"}],"wp:featuredmedia":[{"embeddable":true,"href":"https:\/\/oncubanews.com\/en\/wp-json\/wp\/v2\/media\/39735"}],"wp:attachment":[{"href":"https:\/\/oncubanews.com\/en\/wp-json\/wp\/v2\/media?parent=39783"}],"wp:term":[{"taxonomy":"category","embeddable":true,"href":"https:\/\/oncubanews.com\/en\/wp-json\/wp\/v2\/categories?post=39783"},{"taxonomy":"post_tag","embeddable":true,"href":"https:\/\/oncubanews.com\/en\/wp-json\/wp\/v2\/tags?post=39783"},{"taxonomy":"author","embeddable":true,"href":"https:\/\/oncubanews.com\/en\/wp-json\/wp\/v2\/ppma_author?post=39783"}],"curies":[{"name":"wp","href":"https:\/\/api.w.org\/{rel}","templated":true}]}}