
{"id":41855,"date":"2015-02-09T06:19:52","date_gmt":"2015-02-09T11:19:52","guid":{"rendered":"http:\/\/oncubamagazine.com\/?p=41855"},"modified":"2015-02-10T12:26:31","modified_gmt":"2015-02-10T17:26:31","slug":"mom-left-in-peace-says-son-of-celina-gonzalez","status":"publish","type":"post","link":"https:\/\/oncubanews.com\/en\/culture\/music-culture\/mom-left-in-peace-says-son-of-celina-gonzalez\/","title":{"rendered":"Mom left in peace, says son of Celina Gonz\u00e1lez"},"content":{"rendered":"<p>This morning the top floor of the Calzada and K funeral parlor seemed too empty to the importance of the deceased: when I learnt that they will hold a vigil for Celina Gonz\u00e1lez in the hall reserved to important dead, I assumed there would be no room for a soul, between intimate mourners, artists, reporters and fans of the Queen of Punto Cubano &#8230;<\/p>\n<p>But it was not like that, or at least at the time I was there, just were three journalists, and about thirty people, including relatives and friends. I assumed that their brothers in faith had already met the funeral rituals of their religion, or maybe then more people came. In his chapel, a picture of Celina and Reutilio Dom\u00ednguez crowned the imposing coffin, between respective floral crowns sent by Fidel and Raul Castro.<\/p>\n<p>I spoke with Barbaro Reutilio Dominguez Gonzalez, son of one of the most popular couples in Cuba arts, and he shared with OnCuba some considerations about his famous mother, whose death last February 4, at 85 years of age, shocked those of us that knew her music and enjoyed her singing.<\/p>\n<p>&#8220;It is an irreparable pain, but we were expecting it for a while. In late August doctors predicted she had days to live, but mom fought until last Wednesday. She died at 10: 25 am. I repeat, we were expecting it, but it&#8217;s hard to deal with it, &#8220;he confessed.<\/p>\n<p>Asked how her last days were, Barbaro said his mother died peacefully. &#8220;Mommy left in peace. I think she was a happy woman, did and achieved what she always wanted. she lived to the fullest, &#8220;he said.<\/p>\n<p>Regarding the legacy of the author of hymns like A Santa Barbara and Yo Soy El Punto Cubano, his son said Celina traveled extensively, and took the Cuban music to the most incredible places, and was praised by unsuspected public, such as Japanese. &#8220;I asked Mommy how it was that the Japanese understood and danced with her montunos, and she laughed and told me, &#8216;Well, I do not know &#8230; but they dance!&#8221; he says.<\/p>\n<p>According to Barbaro Reutilio if the Guajira is known in the world is thanks to his mother, who defended with her talent, her voice and charisma a genre in its marginalized in his opinion, sometimes overlooked despite summarizing the quintessence of roots and spirituality of Cubans. &#8220;Mommy dominated country music with ease, defended it and took it around the world. She had Cuba in her heart, &#8220;he said.<\/p>\n","protected":false},"excerpt":{"rendered":"<p>This morning the top floor of the Calzada and K funeral parlor seemed too empty to the importance of the deceased: when I learnt that they will hold a vigil for Celina Gonz\u00e1lez in the hall reserved to important dead, I assumed there would be no room for a soul, between intimate mourners, artists, reporters [&hellip;]<\/p>\n","protected":false},"author":1726,"featured_media":41733,"comment_status":"open","ping_status":"closed","sticky":false,"template":"","format":"standard","meta":{"_acf_changed":false,"footnotes":""},"categories":[13923],"tags":[],"ppma_author":[33630,6898],"class_list":["post-41855","post","type-post","status-publish","format-standard","has-post-thumbnail","hentry","category-music-culture"],"acf":[],"yoast_head":"<!-- This site is optimized with the Yoast SEO plugin v27.3 - https:\/\/yoast.com\/product\/yoast-seo-wordpress\/ -->\n<title>Mom left in peace, says son of Celina Gonz\u00e1lez | OnCubaNews English<\/title>\n<meta name=\"robots\" content=\"index, follow, max-snippet:-1, max-image-preview:large, max-video-preview:-1\" \/>\n<link rel=\"canonical\" href=\"https:\/\/oncubanews.com\/en\/culture\/music-culture\/mom-left-in-peace-says-son-of-celina-gonzalez\/\" \/>\n<meta property=\"og:locale\" content=\"en_US\" \/>\n<meta property=\"og:type\" content=\"article\" \/>\n<meta property=\"og:title\" content=\"Mom left in peace, says son of Celina Gonz\u00e1lez | OnCubaNews English\" \/>\n<meta property=\"og:description\" content=\"This morning the top floor of the Calzada and K funeral parlor seemed too empty to the importance of the deceased: when I learnt that they will hold a vigil for Celina Gonz\u00e1lez in the hall reserved to important dead, I assumed there would be no room for a soul, between intimate mourners, artists, reporters [&hellip;]\" \/>\n<meta property=\"og:url\" content=\"https:\/\/oncubanews.com\/en\/culture\/music-culture\/mom-left-in-peace-says-son-of-celina-gonzalez\/\" \/>\n<meta property=\"og:site_name\" content=\"OnCubaNews English\" \/>\n<meta property=\"article:published_time\" content=\"2015-02-09T11:19:52+00:00\" \/>\n<meta property=\"article:modified_time\" content=\"2015-02-10T17:26:31+00:00\" \/>\n<meta property=\"og:image\" content=\"https:\/\/oncubanews.com\/en\/wp-content\/uploads\/2015\/02\/image_content_22687861_20150204180009.jpg\" \/>\n\t<meta property=\"og:image:width\" content=\"580\" \/>\n\t<meta property=\"og:image:height\" content=\"365\" \/>\n\t<meta property=\"og:image:type\" content=\"image\/jpeg\" \/>\n<meta name=\"author\" content=\"Charly Morales Valido, charly\" \/>\n<meta name=\"twitter:card\" content=\"summary_large_image\" \/>\n<meta name=\"twitter:label1\" content=\"Written by\" \/>\n\t<meta name=\"twitter:data1\" content=\"Charly Morales Valido\" \/>\n\t<meta name=\"twitter:label2\" content=\"Est. reading time\" \/>\n\t<meta name=\"twitter:data2\" content=\"2 minutes\" \/>\n<script type=\"application\/ld+json\" class=\"yoast-schema-graph\">{\"@context\":\"https:\\\/\\\/schema.org\",\"@graph\":[{\"@type\":\"Article\",\"@id\":\"https:\\\/\\\/oncubanews.com\\\/en\\\/culture\\\/music-culture\\\/mom-left-in-peace-says-son-of-celina-gonzalez\\\/#article\",\"isPartOf\":{\"@id\":\"https:\\\/\\\/oncubanews.com\\\/en\\\/culture\\\/music-culture\\\/mom-left-in-peace-says-son-of-celina-gonzalez\\\/\"},\"author\":{\"name\":\"Charly Morales Valido\",\"@id\":\"https:\\\/\\\/oncubanews.com\\\/en\\\/#\\\/schema\\\/person\\\/aa4427b2ff2047b72ffbf623eaed0d3d\"},\"headline\":\"Mom left in peace, says son of Celina Gonz\u00e1lez\",\"datePublished\":\"2015-02-09T11:19:52+00:00\",\"dateModified\":\"2015-02-10T17:26:31+00:00\",\"mainEntityOfPage\":{\"@id\":\"https:\\\/\\\/oncubanews.com\\\/en\\\/culture\\\/music-culture\\\/mom-left-in-peace-says-son-of-celina-gonzalez\\\/\"},\"wordCount\":424,\"commentCount\":1,\"image\":{\"@id\":\"https:\\\/\\\/oncubanews.com\\\/en\\\/culture\\\/music-culture\\\/mom-left-in-peace-says-son-of-celina-gonzalez\\\/#primaryimage\"},\"thumbnailUrl\":\"https:\\\/\\\/oncubanews.com\\\/en\\\/wp-content\\\/uploads\\\/2015\\\/02\\\/image_content_22687861_20150204180009.jpg\",\"articleSection\":[\"Music\"],\"inLanguage\":\"en-US\",\"potentialAction\":[{\"@type\":\"CommentAction\",\"name\":\"Comment\",\"target\":[\"https:\\\/\\\/oncubanews.com\\\/en\\\/culture\\\/music-culture\\\/mom-left-in-peace-says-son-of-celina-gonzalez\\\/#respond\"]}],\"copyrightYear\":\"2015\",\"copyrightHolder\":{\"@id\":\"https:\\\/\\\/oncubanews.com\\\/en\\\/#organization\"}},{\"@type\":\"WebPage\",\"@id\":\"https:\\\/\\\/oncubanews.com\\\/en\\\/culture\\\/music-culture\\\/mom-left-in-peace-says-son-of-celina-gonzalez\\\/\",\"url\":\"https:\\\/\\\/oncubanews.com\\\/en\\\/culture\\\/music-culture\\\/mom-left-in-peace-says-son-of-celina-gonzalez\\\/\",\"name\":\"Mom left in peace, says son of Celina Gonz\u00e1lez | OnCubaNews English\",\"isPartOf\":{\"@id\":\"https:\\\/\\\/oncubanews.com\\\/en\\\/#website\"},\"primaryImageOfPage\":{\"@id\":\"https:\\\/\\\/oncubanews.com\\\/en\\\/culture\\\/music-culture\\\/mom-left-in-peace-says-son-of-celina-gonzalez\\\/#primaryimage\"},\"image\":{\"@id\":\"https:\\\/\\\/oncubanews.com\\\/en\\\/culture\\\/music-culture\\\/mom-left-in-peace-says-son-of-celina-gonzalez\\\/#primaryimage\"},\"thumbnailUrl\":\"https:\\\/\\\/oncubanews.com\\\/en\\\/wp-content\\\/uploads\\\/2015\\\/02\\\/image_content_22687861_20150204180009.jpg\",\"datePublished\":\"2015-02-09T11:19:52+00:00\",\"dateModified\":\"2015-02-10T17:26:31+00:00\",\"author\":{\"@id\":\"https:\\\/\\\/oncubanews.com\\\/en\\\/#\\\/schema\\\/person\\\/aa4427b2ff2047b72ffbf623eaed0d3d\"},\"breadcrumb\":{\"@id\":\"https:\\\/\\\/oncubanews.com\\\/en\\\/culture\\\/music-culture\\\/mom-left-in-peace-says-son-of-celina-gonzalez\\\/#breadcrumb\"},\"inLanguage\":\"en-US\",\"potentialAction\":[{\"@type\":\"ReadAction\",\"target\":[\"https:\\\/\\\/oncubanews.com\\\/en\\\/culture\\\/music-culture\\\/mom-left-in-peace-says-son-of-celina-gonzalez\\\/\"]}]},{\"@type\":\"ImageObject\",\"inLanguage\":\"en-US\",\"@id\":\"https:\\\/\\\/oncubanews.com\\\/en\\\/culture\\\/music-culture\\\/mom-left-in-peace-says-son-of-celina-gonzalez\\\/#primaryimage\",\"url\":\"https:\\\/\\\/oncubanews.com\\\/en\\\/wp-content\\\/uploads\\\/2015\\\/02\\\/image_content_22687861_20150204180009.jpg\",\"contentUrl\":\"https:\\\/\\\/oncubanews.com\\\/en\\\/wp-content\\\/uploads\\\/2015\\\/02\\\/image_content_22687861_20150204180009.jpg\",\"width\":580,\"height\":365},{\"@type\":\"BreadcrumbList\",\"@id\":\"https:\\\/\\\/oncubanews.com\\\/en\\\/culture\\\/music-culture\\\/mom-left-in-peace-says-son-of-celina-gonzalez\\\/#breadcrumb\",\"itemListElement\":[{\"@type\":\"ListItem\",\"position\":1,\"name\":\"Portada\",\"item\":\"https:\\\/\\\/oncubanews.com\\\/en\\\/\"},{\"@type\":\"ListItem\",\"position\":2,\"name\":\"Mom left in peace, says son of Celina Gonz\u00e1lez\"}]},{\"@type\":\"WebSite\",\"@id\":\"https:\\\/\\\/oncubanews.com\\\/en\\\/#website\",\"url\":\"https:\\\/\\\/oncubanews.com\\\/en\\\/\",\"name\":\"OnCubaNews English\",\"description\":\"Revista sobre Cuba\",\"potentialAction\":[{\"@type\":\"SearchAction\",\"target\":{\"@type\":\"EntryPoint\",\"urlTemplate\":\"https:\\\/\\\/oncubanews.com\\\/en\\\/?s={search_term_string}\"},\"query-input\":{\"@type\":\"PropertyValueSpecification\",\"valueRequired\":true,\"valueName\":\"search_term_string\"}}],\"inLanguage\":\"en-US\"},{\"@type\":\"Person\",\"@id\":\"https:\\\/\\\/oncubanews.com\\\/en\\\/#\\\/schema\\\/person\\\/aa4427b2ff2047b72ffbf623eaed0d3d\",\"name\":\"Charly Morales Valido\",\"image\":{\"@type\":\"ImageObject\",\"inLanguage\":\"en-US\",\"@id\":\"https:\\\/\\\/oncubanews.com\\\/wp-content\\\/uploads\\\/2014\\\/05\\\/Charly-Morales-Valido_avatar_1401216291-96x96.jpg2d33a7e761a82ae63d41f72b56effd3d\",\"url\":\"https:\\\/\\\/oncubanews.com\\\/wp-content\\\/uploads\\\/2014\\\/05\\\/Charly-Morales-Valido_avatar_1401216291-96x96.jpg\",\"contentUrl\":\"https:\\\/\\\/oncubanews.com\\\/wp-content\\\/uploads\\\/2014\\\/05\\\/Charly-Morales-Valido_avatar_1401216291-96x96.jpg\",\"caption\":\"Charly Morales Valido\"},\"description\":\"Mientras los dem\u00e1s ni\u00f1os quer\u00edan ser cosmonautas, m\u00e9dicos o peloteros, Charly so\u00f1aba con ser periodista. Ahora de \u201cgrande\u201d quiere ser de todo menos eso, pero sospecho que es el maldito periodista que lleva en vena, que quiere saber de todo para de todo escribir\u2026 Se cree m\u00e1s honesto que objetivo: no cree en la objetividad, porque la objetividad tampoco cree en \u00e9l.\",\"url\":\"https:\\\/\\\/oncubanews.com\\\/en\\\/author\\\/charly\\\/\"}]}<\/script>\n<!-- \/ Yoast SEO plugin. -->","yoast_head_json":{"title":"Mom left in peace, says son of Celina Gonz\u00e1lez | OnCubaNews English","robots":{"index":"index","follow":"follow","max-snippet":"max-snippet:-1","max-image-preview":"max-image-preview:large","max-video-preview":"max-video-preview:-1"},"canonical":"https:\/\/oncubanews.com\/en\/culture\/music-culture\/mom-left-in-peace-says-son-of-celina-gonzalez\/","og_locale":"en_US","og_type":"article","og_title":"Mom left in peace, says son of Celina Gonz\u00e1lez | OnCubaNews English","og_description":"This morning the top floor of the Calzada and K funeral parlor seemed too empty to the importance of the deceased: when I learnt that they will hold a vigil for Celina Gonz\u00e1lez in the hall reserved to important dead, I assumed there would be no room for a soul, between intimate mourners, artists, reporters [&hellip;]","og_url":"https:\/\/oncubanews.com\/en\/culture\/music-culture\/mom-left-in-peace-says-son-of-celina-gonzalez\/","og_site_name":"OnCubaNews English","article_published_time":"2015-02-09T11:19:52+00:00","article_modified_time":"2015-02-10T17:26:31+00:00","og_image":[{"width":580,"height":365,"url":"https:\/\/oncubanews.com\/en\/wp-content\/uploads\/2015\/02\/image_content_22687861_20150204180009.jpg","type":"image\/jpeg"}],"author":"Charly Morales Valido, charly","twitter_card":"summary_large_image","twitter_misc":{"Written by":"Charly Morales Valido","Est. reading time":"2 minutes"},"schema":{"@context":"https:\/\/schema.org","@graph":[{"@type":"Article","@id":"https:\/\/oncubanews.com\/en\/culture\/music-culture\/mom-left-in-peace-says-son-of-celina-gonzalez\/#article","isPartOf":{"@id":"https:\/\/oncubanews.com\/en\/culture\/music-culture\/mom-left-in-peace-says-son-of-celina-gonzalez\/"},"author":{"name":"Charly Morales Valido","@id":"https:\/\/oncubanews.com\/en\/#\/schema\/person\/aa4427b2ff2047b72ffbf623eaed0d3d"},"headline":"Mom left in peace, says son of Celina Gonz\u00e1lez","datePublished":"2015-02-09T11:19:52+00:00","dateModified":"2015-02-10T17:26:31+00:00","mainEntityOfPage":{"@id":"https:\/\/oncubanews.com\/en\/culture\/music-culture\/mom-left-in-peace-says-son-of-celina-gonzalez\/"},"wordCount":424,"commentCount":1,"image":{"@id":"https:\/\/oncubanews.com\/en\/culture\/music-culture\/mom-left-in-peace-says-son-of-celina-gonzalez\/#primaryimage"},"thumbnailUrl":"https:\/\/oncubanews.com\/en\/wp-content\/uploads\/2015\/02\/image_content_22687861_20150204180009.jpg","articleSection":["Music"],"inLanguage":"en-US","potentialAction":[{"@type":"CommentAction","name":"Comment","target":["https:\/\/oncubanews.com\/en\/culture\/music-culture\/mom-left-in-peace-says-son-of-celina-gonzalez\/#respond"]}],"copyrightYear":"2015","copyrightHolder":{"@id":"https:\/\/oncubanews.com\/en\/#organization"}},{"@type":"WebPage","@id":"https:\/\/oncubanews.com\/en\/culture\/music-culture\/mom-left-in-peace-says-son-of-celina-gonzalez\/","url":"https:\/\/oncubanews.com\/en\/culture\/music-culture\/mom-left-in-peace-says-son-of-celina-gonzalez\/","name":"Mom left in peace, says son of Celina Gonz\u00e1lez | OnCubaNews English","isPartOf":{"@id":"https:\/\/oncubanews.com\/en\/#website"},"primaryImageOfPage":{"@id":"https:\/\/oncubanews.com\/en\/culture\/music-culture\/mom-left-in-peace-says-son-of-celina-gonzalez\/#primaryimage"},"image":{"@id":"https:\/\/oncubanews.com\/en\/culture\/music-culture\/mom-left-in-peace-says-son-of-celina-gonzalez\/#primaryimage"},"thumbnailUrl":"https:\/\/oncubanews.com\/en\/wp-content\/uploads\/2015\/02\/image_content_22687861_20150204180009.jpg","datePublished":"2015-02-09T11:19:52+00:00","dateModified":"2015-02-10T17:26:31+00:00","author":{"@id":"https:\/\/oncubanews.com\/en\/#\/schema\/person\/aa4427b2ff2047b72ffbf623eaed0d3d"},"breadcrumb":{"@id":"https:\/\/oncubanews.com\/en\/culture\/music-culture\/mom-left-in-peace-says-son-of-celina-gonzalez\/#breadcrumb"},"inLanguage":"en-US","potentialAction":[{"@type":"ReadAction","target":["https:\/\/oncubanews.com\/en\/culture\/music-culture\/mom-left-in-peace-says-son-of-celina-gonzalez\/"]}]},{"@type":"ImageObject","inLanguage":"en-US","@id":"https:\/\/oncubanews.com\/en\/culture\/music-culture\/mom-left-in-peace-says-son-of-celina-gonzalez\/#primaryimage","url":"https:\/\/oncubanews.com\/en\/wp-content\/uploads\/2015\/02\/image_content_22687861_20150204180009.jpg","contentUrl":"https:\/\/oncubanews.com\/en\/wp-content\/uploads\/2015\/02\/image_content_22687861_20150204180009.jpg","width":580,"height":365},{"@type":"BreadcrumbList","@id":"https:\/\/oncubanews.com\/en\/culture\/music-culture\/mom-left-in-peace-says-son-of-celina-gonzalez\/#breadcrumb","itemListElement":[{"@type":"ListItem","position":1,"name":"Portada","item":"https:\/\/oncubanews.com\/en\/"},{"@type":"ListItem","position":2,"name":"Mom left in peace, says son of Celina Gonz\u00e1lez"}]},{"@type":"WebSite","@id":"https:\/\/oncubanews.com\/en\/#website","url":"https:\/\/oncubanews.com\/en\/","name":"OnCubaNews English","description":"Revista sobre Cuba","potentialAction":[{"@type":"SearchAction","target":{"@type":"EntryPoint","urlTemplate":"https:\/\/oncubanews.com\/en\/?s={search_term_string}"},"query-input":{"@type":"PropertyValueSpecification","valueRequired":true,"valueName":"search_term_string"}}],"inLanguage":"en-US"},{"@type":"Person","@id":"https:\/\/oncubanews.com\/en\/#\/schema\/person\/aa4427b2ff2047b72ffbf623eaed0d3d","name":"Charly Morales Valido","image":{"@type":"ImageObject","inLanguage":"en-US","@id":"https:\/\/oncubanews.com\/wp-content\/uploads\/2014\/05\/Charly-Morales-Valido_avatar_1401216291-96x96.jpg2d33a7e761a82ae63d41f72b56effd3d","url":"https:\/\/oncubanews.com\/wp-content\/uploads\/2014\/05\/Charly-Morales-Valido_avatar_1401216291-96x96.jpg","contentUrl":"https:\/\/oncubanews.com\/wp-content\/uploads\/2014\/05\/Charly-Morales-Valido_avatar_1401216291-96x96.jpg","caption":"Charly Morales Valido"},"description":"Mientras los dem\u00e1s ni\u00f1os quer\u00edan ser cosmonautas, m\u00e9dicos o peloteros, Charly so\u00f1aba con ser periodista. Ahora de \u201cgrande\u201d quiere ser de todo menos eso, pero sospecho que es el maldito periodista que lleva en vena, que quiere saber de todo para de todo escribir\u2026 Se cree m\u00e1s honesto que objetivo: no cree en la objetividad, porque la objetividad tampoco cree en \u00e9l.","url":"https:\/\/oncubanews.com\/en\/author\/charly\/"}]}},"authors":[{"term_id":33630,"user_id":1726,"is_guest":0,"slug":"charly","display_name":"Charly Morales Valido","avatar_url":"https:\/\/oncubanews.com\/wp-content\/uploads\/2014\/05\/Charly-Morales-Valido_avatar_1401216291-96x96.jpg","0":null,"1":"","2":"","3":"","4":"","5":"","6":"","7":"","8":""},{"term_id":6898,"user_id":0,"is_guest":1,"slug":"cap-charly","display_name":"charly","avatar_url":"https:\/\/secure.gravatar.com\/avatar\/?s=96&r=g","0":null,"1":"","2":"","3":"","4":"","5":"","6":"","7":"","8":""}],"_links":{"self":[{"href":"https:\/\/oncubanews.com\/en\/wp-json\/wp\/v2\/posts\/41855","targetHints":{"allow":["GET"]}}],"collection":[{"href":"https:\/\/oncubanews.com\/en\/wp-json\/wp\/v2\/posts"}],"about":[{"href":"https:\/\/oncubanews.com\/en\/wp-json\/wp\/v2\/types\/post"}],"author":[{"embeddable":true,"href":"https:\/\/oncubanews.com\/en\/wp-json\/wp\/v2\/users\/1726"}],"replies":[{"embeddable":true,"href":"https:\/\/oncubanews.com\/en\/wp-json\/wp\/v2\/comments?post=41855"}],"version-history":[{"count":0,"href":"https:\/\/oncubanews.com\/en\/wp-json\/wp\/v2\/posts\/41855\/revisions"}],"wp:featuredmedia":[{"embeddable":true,"href":"https:\/\/oncubanews.com\/en\/wp-json\/wp\/v2\/media\/41733"}],"wp:attachment":[{"href":"https:\/\/oncubanews.com\/en\/wp-json\/wp\/v2\/media?parent=41855"}],"wp:term":[{"taxonomy":"category","embeddable":true,"href":"https:\/\/oncubanews.com\/en\/wp-json\/wp\/v2\/categories?post=41855"},{"taxonomy":"post_tag","embeddable":true,"href":"https:\/\/oncubanews.com\/en\/wp-json\/wp\/v2\/tags?post=41855"},{"taxonomy":"author","embeddable":true,"href":"https:\/\/oncubanews.com\/en\/wp-json\/wp\/v2\/ppma_author?post=41855"}],"curies":[{"name":"wp","href":"https:\/\/api.w.org\/{rel}","templated":true}]}}