
{"id":43065,"date":"2015-02-21T10:58:40","date_gmt":"2015-02-21T15:58:40","guid":{"rendered":"http:\/\/oncubamagazine.com\/?p=43065"},"modified":"2015-03-03T13:37:32","modified_gmt":"2015-03-03T18:37:32","slug":"cuban-underwater-world-in-photo-competition","status":"publish","type":"post","link":"https:\/\/oncubanews.com\/en\/cuba\/economy\/tourism-in-cuba\/cuban-underwater-world-in-photo-competition\/","title":{"rendered":"Cuban underwater world in photo competition"},"content":{"rendered":"<p>Between June 8 and 13, 2015 the V edition of the Meeting of Underwater Photography IMASUB will take place, contest that returns to its usual venue of the International Diving Center (IBC) Mar\u00eda la Gorda in Guanahacabibes Peninsula in the westernmost Cuba&#8217;s point<\/p>\n<p>During the call launched on Wednesday February 18 by the travel agency Gaviota Tours, event organizer, it was possible to know that the current version is expected to impose record number of participants, with close to fifty registered photographers, explained Frank Pais Oltuski, vice president of marketing of the tourist group.<\/p>\n<figure id=\"attachment_43070\" aria-describedby=\"caption-attachment-43070\" style=\"width: 300px\" class=\"wp-caption alignright\"><img loading=\"lazy\" decoding=\"async\" class=\"size-full wp-image-43070\" src=\"https:\/\/oncubanews.com\/wp-content\/uploads\/2015\/03\/fotograf\u00eda-submarina-\u00a9-Jos\u00e9-A.-Ca\u00f1ibano-Hercilla-3er-premio-AMBIENTE-CON-MODELO1.jpg\" alt=\"Jos\u00e9 A. Ca\u00f1ibano Hercilla, 3rd prize Enviroment with Model\" width=\"300\" height=\"452\" srcset=\"https:\/\/oncubanews.com\/en\/wp-content\/uploads\/2015\/03\/fotograf\u00eda-submarina-\u00a9-Jos\u00e9-A.-Ca\u00f1ibano-Hercilla-3er-premio-AMBIENTE-CON-MODELO1.jpg 300w, https:\/\/oncubanews.com\/en\/wp-content\/uploads\/2015\/03\/fotograf\u00eda-submarina-\u00a9-Jos\u00e9-A.-Ca\u00f1ibano-Hercilla-3er-premio-AMBIENTE-CON-MODELO1-199x300.jpg 199w\" sizes=\"auto, (max-width: 300px) 100vw, 300px\" \/><figcaption id=\"caption-attachment-43070\" class=\"wp-caption-text\">Jos\u00e9 A. Ca\u00f1ibano Hercilla, 3rd prize Enviroment with Model<\/figcaption><\/figure>\n<p>For 2015 there are planned four categories of competition: wildlife, environment, environment with model and macro. First three places will be awarded in each of the specialties and a Grand Prix for the highest accumulator artist, who besides the trophy will get a stay of three nights for two in Maria la Gorda at half price with five dives.<\/p>\n<p>With regard to housing conditions and existing infrastructure, Diosmides Garcia, Commercial Specialist and Public Relations CIB, said that &#8220;today it is conducting a process of capital restauration of some facilities to have about 103 rooms available in the center &#8220;.<\/p>\n<p>Mar\u00eda la Gorda has about 50 dive sites and is considered one of the top dive sites in the Caribbean by the beauty of the underwater environment and its crystalline waters, aspects that make perfect setting for this type of events.<\/p>\n<p>This time, the organizers expect a total of six dives as part of the event. A first one exploratory and that would help photographers to choose the areas they would prefer to start work; then another four in the morning on June 10 and 11, which will eligible for the contest images; and a final optional immersion.<\/p>\n<p>On expectations for this new IMASUB, Oltuski told <strong>OnCuba<\/strong> that &#8220;this is the consolidation of an event that has been growing in number of participants per year. It is not just artistic event of photography, as those who attend it then become the main promoters of the natural goodness of Cuba for this practice. Overall it&#8217;s a great excuse for a meeting of friends, nature lovers and diving &#8220;.<\/p>\n<p>Historically United States is one of the usual countries in IMASUB, a situation that may be repeated this year. For now, Oltuski recognizes that 2015 has started well for tourism in Cuba, &#8220;since it started high season the group is growing 10{bb302c39ef77509544c7d3ea992cb94710211e0fa5985a4a3940706d9b0380de} compared to the previous year, although we cannot say that the US tourism whatever it increased incidence have it yet. &#8221;<\/p>\n<p>However, the same official ensures that, if travel between the two countries is normalized, this may change. &#8220;In the Caribbean our main competitors are Riviera Maya-Cancun and Puerto Rico-Dominican. There, 33{bb302c39ef77509544c7d3ea992cb94710211e0fa5985a4a3940706d9b0380de} of the tourists are Americans and Cuba could become a destination of choice for them, &#8220;he said.<\/p>\n<figure id=\"attachment_43071\" aria-describedby=\"caption-attachment-43071\" style=\"width: 755px\" class=\"wp-caption aligncenter\"><img loading=\"lazy\" decoding=\"async\" class=\"size-full wp-image-43071\" src=\"https:\/\/oncubanews.com\/wp-content\/uploads\/2015\/03\/fotograf\u00eda-submarina-\u00a9-Jos\u00e9-A.-Ca\u00f1ibano-Hercilla-Menci\u00f3n-FAUNA.jpg\" alt=\"Mention Fauna \/ Photo: Jos\u00e9 A. Ca\u00f1ibano Hercilla\" width=\"755\" height=\"501\" srcset=\"https:\/\/oncubanews.com\/en\/wp-content\/uploads\/2015\/03\/fotograf\u00eda-submarina-\u00a9-Jos\u00e9-A.-Ca\u00f1ibano-Hercilla-Menci\u00f3n-FAUNA.jpg 755w, https:\/\/oncubanews.com\/en\/wp-content\/uploads\/2015\/03\/fotograf\u00eda-submarina-\u00a9-Jos\u00e9-A.-Ca\u00f1ibano-Hercilla-Menci\u00f3n-FAUNA-750x498.jpg 750w, https:\/\/oncubanews.com\/en\/wp-content\/uploads\/2015\/03\/fotograf\u00eda-submarina-\u00a9-Jos\u00e9-A.-Ca\u00f1ibano-Hercilla-Menci\u00f3n-FAUNA-300x199.jpg 300w\" sizes=\"auto, (max-width: 755px) 100vw, 755px\" \/><figcaption id=\"caption-attachment-43071\" class=\"wp-caption-text\">Mention Fauna \/ Photo: Jos\u00e9 A. Ca\u00f1ibano Hercilla<\/figcaption><\/figure>\n<figure id=\"attachment_43072\" aria-describedby=\"caption-attachment-43072\" style=\"width: 755px\" class=\"wp-caption aligncenter\"><img loading=\"lazy\" decoding=\"async\" class=\"size-full wp-image-43072\" src=\"https:\/\/oncubanews.com\/wp-content\/uploads\/2015\/03\/fotograf\u00eda-submarina-\u00a9-Eli\u00e1n-L\u00f3pez-Cabrera-3er-premio-FAUNA1.jpg\" alt=\"3rd Prize Fauna \/ Photo: Elian Lopez Cabrera\" width=\"755\" height=\"1007\" srcset=\"https:\/\/oncubanews.com\/en\/wp-content\/uploads\/2015\/03\/fotograf\u00eda-submarina-\u00a9-Eli\u00e1n-L\u00f3pez-Cabrera-3er-premio-FAUNA1.jpg 755w, https:\/\/oncubanews.com\/en\/wp-content\/uploads\/2015\/03\/fotograf\u00eda-submarina-\u00a9-Eli\u00e1n-L\u00f3pez-Cabrera-3er-premio-FAUNA1-225x300.jpg 225w, https:\/\/oncubanews.com\/en\/wp-content\/uploads\/2015\/03\/fotograf\u00eda-submarina-\u00a9-Eli\u00e1n-L\u00f3pez-Cabrera-3er-premio-FAUNA1-750x1000.jpg 750w\" sizes=\"auto, (max-width: 755px) 100vw, 755px\" \/><figcaption id=\"caption-attachment-43072\" class=\"wp-caption-text\">3rd Prize Fauna \/ Photo: Elian Lopez Cabrera<\/figcaption><\/figure>\n<figure id=\"attachment_43073\" aria-describedby=\"caption-attachment-43073\" style=\"width: 755px\" class=\"wp-caption aligncenter\"><img loading=\"lazy\" decoding=\"async\" class=\"size-full wp-image-43073\" src=\"https:\/\/oncubanews.com\/wp-content\/uploads\/2015\/03\/fotograf\u00eda-submarina\u00a9-Alfredo-Contreras-Guiti\u00e1n-Menci\u00f3n-FAUNA1.jpg\" alt=\"Mention Fauna \/ Photo: Alfredo Contreras Guiti\u00e1n\" width=\"755\" height=\"566\" srcset=\"https:\/\/oncubanews.com\/en\/wp-content\/uploads\/2015\/03\/fotograf\u00eda-submarina\u00a9-Alfredo-Contreras-Guiti\u00e1n-Menci\u00f3n-FAUNA1.jpg 755w, https:\/\/oncubanews.com\/en\/wp-content\/uploads\/2015\/03\/fotograf\u00eda-submarina\u00a9-Alfredo-Contreras-Guiti\u00e1n-Menci\u00f3n-FAUNA1-300x225.jpg 300w, https:\/\/oncubanews.com\/en\/wp-content\/uploads\/2015\/03\/fotograf\u00eda-submarina\u00a9-Alfredo-Contreras-Guiti\u00e1n-Menci\u00f3n-FAUNA1-750x562.jpg 750w\" sizes=\"auto, (max-width: 755px) 100vw, 755px\" \/><figcaption id=\"caption-attachment-43073\" class=\"wp-caption-text\">Mention Fauna \/ Photo: Alfredo Contreras Guiti\u00e1n<\/figcaption><\/figure>\n<figure id=\"attachment_43078\" aria-describedby=\"caption-attachment-43078\" style=\"width: 755px\" class=\"wp-caption aligncenter\"><a href=\"https:\/\/oncubanews.com\/wp-content\/uploads\/2015\/03\/fotograf\u00eda-submarina-\u00a9-Manuel-Rodr\u00edguez-Gonz\u00e1lez-1er-premio-FAUNA1.jpg\"><img loading=\"lazy\" decoding=\"async\" class=\"size-full wp-image-43078\" src=\"https:\/\/oncubanews.com\/wp-content\/uploads\/2015\/03\/fotograf\u00eda-submarina-\u00a9-Manuel-Rodr\u00edguez-Gonz\u00e1lez-1er-premio-FAUNA1.jpg\" alt=\"1st prize Fauna \/ Photo: Manuel Rodr\u00edguez Gonz\u00e1lez\" width=\"755\" height=\"566\" srcset=\"https:\/\/oncubanews.com\/en\/wp-content\/uploads\/2015\/03\/fotograf\u00eda-submarina-\u00a9-Manuel-Rodr\u00edguez-Gonz\u00e1lez-1er-premio-FAUNA1.jpg 755w, https:\/\/oncubanews.com\/en\/wp-content\/uploads\/2015\/03\/fotograf\u00eda-submarina-\u00a9-Manuel-Rodr\u00edguez-Gonz\u00e1lez-1er-premio-FAUNA1-300x225.jpg 300w, https:\/\/oncubanews.com\/en\/wp-content\/uploads\/2015\/03\/fotograf\u00eda-submarina-\u00a9-Manuel-Rodr\u00edguez-Gonz\u00e1lez-1er-premio-FAUNA1-750x562.jpg 750w\" sizes=\"auto, (max-width: 755px) 100vw, 755px\" \/><\/a><figcaption id=\"caption-attachment-43078\" class=\"wp-caption-text\">1st prize Fauna \/ Photo: Manuel Rodr\u00edguez Gonz\u00e1lez<\/figcaption><\/figure>\n<figure id=\"attachment_43079\" aria-describedby=\"caption-attachment-43079\" style=\"width: 755px\" class=\"wp-caption aligncenter\"><a href=\"https:\/\/oncubanews.com\/wp-content\/uploads\/2015\/03\/fotograf\u00eda-submarina-\u00a9-Daniel-P\u00e9rez-Hern\u00e1ndez-3er-premio-AMBIENTE11.jpg\"><img loading=\"lazy\" decoding=\"async\" class=\"size-full wp-image-43079\" src=\"https:\/\/oncubanews.com\/wp-content\/uploads\/2015\/03\/fotograf\u00eda-submarina-\u00a9-Daniel-P\u00e9rez-Hern\u00e1ndez-3er-premio-AMBIENTE11.jpg\" alt=\"3rd Enviroment \/ Photo Award: Daniel P\u00e9rez Hern\u00e1ndez\" width=\"755\" height=\"566\" srcset=\"https:\/\/oncubanews.com\/en\/wp-content\/uploads\/2015\/03\/fotograf\u00eda-submarina-\u00a9-Daniel-P\u00e9rez-Hern\u00e1ndez-3er-premio-AMBIENTE11.jpg 755w, https:\/\/oncubanews.com\/en\/wp-content\/uploads\/2015\/03\/fotograf\u00eda-submarina-\u00a9-Daniel-P\u00e9rez-Hern\u00e1ndez-3er-premio-AMBIENTE11-300x225.jpg 300w, https:\/\/oncubanews.com\/en\/wp-content\/uploads\/2015\/03\/fotograf\u00eda-submarina-\u00a9-Daniel-P\u00e9rez-Hern\u00e1ndez-3er-premio-AMBIENTE11-750x562.jpg 750w\" sizes=\"auto, (max-width: 755px) 100vw, 755px\" \/><\/a><figcaption id=\"caption-attachment-43079\" class=\"wp-caption-text\">3rd Enviroment \/ Photo Award: Daniel P\u00e9rez Hern\u00e1ndez<\/figcaption><\/figure>\n<p>&nbsp;<\/p>\n","protected":false},"excerpt":{"rendered":"<p>Between June 8 and 13, 2015 the V edition of the Meeting of Underwater Photography IMASUB will take place, contest that returns to its usual venue of the International Diving Center (IBC) Mar\u00eda la Gorda in Guanahacabibes Peninsula in the westernmost Cuba&#8217;s point During the call launched on Wednesday February 18 by the travel agency [&hellip;]<\/p>\n","protected":false},"author":3061,"featured_media":43069,"comment_status":"open","ping_status":"closed","sticky":false,"template":"","format":"standard","meta":{"_acf_changed":false,"footnotes":""},"categories":[13907],"tags":[],"ppma_author":[33717,7299],"class_list":["post-43065","post","type-post","status-publish","format-standard","has-post-thumbnail","hentry","category-tourism-in-cuba"],"acf":[],"yoast_head":"<!-- This site is optimized with the Yoast SEO plugin v27.3 - https:\/\/yoast.com\/product\/yoast-seo-wordpress\/ -->\n<title>Cuban underwater world in photo competition | OnCubaNews English<\/title>\n<meta name=\"robots\" content=\"index, follow, max-snippet:-1, max-image-preview:large, max-video-preview:-1\" \/>\n<link rel=\"canonical\" href=\"https:\/\/oncubanews.com\/en\/cuba\/economy\/tourism-in-cuba\/cuban-underwater-world-in-photo-competition\/\" \/>\n<meta property=\"og:locale\" content=\"en_US\" \/>\n<meta property=\"og:type\" content=\"article\" \/>\n<meta property=\"og:title\" content=\"Cuban underwater world in photo competition | OnCubaNews English\" \/>\n<meta property=\"og:description\" content=\"Between June 8 and 13, 2015 the V edition of the Meeting of Underwater Photography IMASUB will take place, contest that returns to its usual venue of the International Diving Center (IBC) Mar\u00eda la Gorda in Guanahacabibes Peninsula in the westernmost Cuba&#8217;s point During the call launched on Wednesday February 18 by the travel agency [&hellip;]\" \/>\n<meta property=\"og:url\" content=\"https:\/\/oncubanews.com\/en\/cuba\/economy\/tourism-in-cuba\/cuban-underwater-world-in-photo-competition\/\" \/>\n<meta property=\"og:site_name\" content=\"OnCubaNews English\" \/>\n<meta property=\"article:published_time\" content=\"2015-02-21T15:58:40+00:00\" \/>\n<meta property=\"article:modified_time\" content=\"2015-03-03T18:37:32+00:00\" \/>\n<meta property=\"og:image\" content=\"https:\/\/oncubanews.com\/en\/wp-content\/uploads\/2015\/03\/fotograf\u00eda-submarina-\u00a9-Manuel-P.-Carmenate-Mart\u00ednez-Menci\u00f3n-AMBIENTE-CON-MODELO-755x490.jpg\" \/>\n\t<meta property=\"og:image:width\" content=\"755\" \/>\n\t<meta property=\"og:image:height\" content=\"490\" \/>\n\t<meta property=\"og:image:type\" content=\"image\/jpeg\" \/>\n<meta name=\"author\" content=\"Julio Batista, batista\" \/>\n<meta name=\"twitter:card\" content=\"summary_large_image\" \/>\n<meta name=\"twitter:label1\" content=\"Written by\" \/>\n\t<meta name=\"twitter:data1\" content=\"Julio Batista\" \/>\n\t<meta name=\"twitter:label2\" content=\"Est. reading time\" \/>\n\t<meta name=\"twitter:data2\" content=\"3 minutes\" \/>\n<script type=\"application\/ld+json\" class=\"yoast-schema-graph\">{\"@context\":\"https:\\\/\\\/schema.org\",\"@graph\":[{\"@type\":\"Article\",\"@id\":\"https:\\\/\\\/oncubanews.com\\\/en\\\/cuba\\\/economy\\\/tourism-in-cuba\\\/cuban-underwater-world-in-photo-competition\\\/#article\",\"isPartOf\":{\"@id\":\"https:\\\/\\\/oncubanews.com\\\/en\\\/cuba\\\/economy\\\/tourism-in-cuba\\\/cuban-underwater-world-in-photo-competition\\\/\"},\"author\":{\"name\":\"Julio Batista\",\"@id\":\"https:\\\/\\\/oncubanews.com\\\/en\\\/#\\\/schema\\\/person\\\/451a30d4f67fef4e97aa5f7e3b7c2ed5\"},\"headline\":\"Cuban underwater world in photo competition\",\"datePublished\":\"2015-02-21T15:58:40+00:00\",\"dateModified\":\"2015-03-03T18:37:32+00:00\",\"mainEntityOfPage\":{\"@id\":\"https:\\\/\\\/oncubanews.com\\\/en\\\/cuba\\\/economy\\\/tourism-in-cuba\\\/cuban-underwater-world-in-photo-competition\\\/\"},\"wordCount\":585,\"commentCount\":0,\"image\":{\"@id\":\"https:\\\/\\\/oncubanews.com\\\/en\\\/cuba\\\/economy\\\/tourism-in-cuba\\\/cuban-underwater-world-in-photo-competition\\\/#primaryimage\"},\"thumbnailUrl\":\"https:\\\/\\\/oncubanews.com\\\/en\\\/wp-content\\\/uploads\\\/2015\\\/03\\\/fotograf\u00eda-submarina-\u00a9-Manuel-P.-Carmenate-Mart\u00ednez-Menci\u00f3n-AMBIENTE-CON-MODELO-755x490.jpg\",\"articleSection\":[\"Tourism in Cuba\"],\"inLanguage\":\"en-US\",\"potentialAction\":[{\"@type\":\"CommentAction\",\"name\":\"Comment\",\"target\":[\"https:\\\/\\\/oncubanews.com\\\/en\\\/cuba\\\/economy\\\/tourism-in-cuba\\\/cuban-underwater-world-in-photo-competition\\\/#respond\"]}],\"copyrightYear\":\"2015\",\"copyrightHolder\":{\"@id\":\"https:\\\/\\\/oncubanews.com\\\/en\\\/#organization\"}},{\"@type\":\"WebPage\",\"@id\":\"https:\\\/\\\/oncubanews.com\\\/en\\\/cuba\\\/economy\\\/tourism-in-cuba\\\/cuban-underwater-world-in-photo-competition\\\/\",\"url\":\"https:\\\/\\\/oncubanews.com\\\/en\\\/cuba\\\/economy\\\/tourism-in-cuba\\\/cuban-underwater-world-in-photo-competition\\\/\",\"name\":\"Cuban underwater world in photo competition | OnCubaNews English\",\"isPartOf\":{\"@id\":\"https:\\\/\\\/oncubanews.com\\\/en\\\/#website\"},\"primaryImageOfPage\":{\"@id\":\"https:\\\/\\\/oncubanews.com\\\/en\\\/cuba\\\/economy\\\/tourism-in-cuba\\\/cuban-underwater-world-in-photo-competition\\\/#primaryimage\"},\"image\":{\"@id\":\"https:\\\/\\\/oncubanews.com\\\/en\\\/cuba\\\/economy\\\/tourism-in-cuba\\\/cuban-underwater-world-in-photo-competition\\\/#primaryimage\"},\"thumbnailUrl\":\"https:\\\/\\\/oncubanews.com\\\/en\\\/wp-content\\\/uploads\\\/2015\\\/03\\\/fotograf\u00eda-submarina-\u00a9-Manuel-P.-Carmenate-Mart\u00ednez-Menci\u00f3n-AMBIENTE-CON-MODELO-755x490.jpg\",\"datePublished\":\"2015-02-21T15:58:40+00:00\",\"dateModified\":\"2015-03-03T18:37:32+00:00\",\"author\":{\"@id\":\"https:\\\/\\\/oncubanews.com\\\/en\\\/#\\\/schema\\\/person\\\/451a30d4f67fef4e97aa5f7e3b7c2ed5\"},\"breadcrumb\":{\"@id\":\"https:\\\/\\\/oncubanews.com\\\/en\\\/cuba\\\/economy\\\/tourism-in-cuba\\\/cuban-underwater-world-in-photo-competition\\\/#breadcrumb\"},\"inLanguage\":\"en-US\",\"potentialAction\":[{\"@type\":\"ReadAction\",\"target\":[\"https:\\\/\\\/oncubanews.com\\\/en\\\/cuba\\\/economy\\\/tourism-in-cuba\\\/cuban-underwater-world-in-photo-competition\\\/\"]}]},{\"@type\":\"ImageObject\",\"inLanguage\":\"en-US\",\"@id\":\"https:\\\/\\\/oncubanews.com\\\/en\\\/cuba\\\/economy\\\/tourism-in-cuba\\\/cuban-underwater-world-in-photo-competition\\\/#primaryimage\",\"url\":\"https:\\\/\\\/oncubanews.com\\\/en\\\/wp-content\\\/uploads\\\/2015\\\/03\\\/fotograf\u00eda-submarina-\u00a9-Manuel-P.-Carmenate-Mart\u00ednez-Menci\u00f3n-AMBIENTE-CON-MODELO-755x490.jpg\",\"contentUrl\":\"https:\\\/\\\/oncubanews.com\\\/en\\\/wp-content\\\/uploads\\\/2015\\\/03\\\/fotograf\u00eda-submarina-\u00a9-Manuel-P.-Carmenate-Mart\u00ednez-Menci\u00f3n-AMBIENTE-CON-MODELO-755x490.jpg\",\"width\":755,\"height\":490,\"caption\":\"Mention Environment with model \\\/ Photo: Manuel P. Mart\u00ednez Carmenate\"},{\"@type\":\"BreadcrumbList\",\"@id\":\"https:\\\/\\\/oncubanews.com\\\/en\\\/cuba\\\/economy\\\/tourism-in-cuba\\\/cuban-underwater-world-in-photo-competition\\\/#breadcrumb\",\"itemListElement\":[{\"@type\":\"ListItem\",\"position\":1,\"name\":\"Portada\",\"item\":\"https:\\\/\\\/oncubanews.com\\\/en\\\/\"},{\"@type\":\"ListItem\",\"position\":2,\"name\":\"Cuban underwater world in photo competition\"}]},{\"@type\":\"WebSite\",\"@id\":\"https:\\\/\\\/oncubanews.com\\\/en\\\/#website\",\"url\":\"https:\\\/\\\/oncubanews.com\\\/en\\\/\",\"name\":\"OnCubaNews English\",\"description\":\"Revista sobre Cuba\",\"potentialAction\":[{\"@type\":\"SearchAction\",\"target\":{\"@type\":\"EntryPoint\",\"urlTemplate\":\"https:\\\/\\\/oncubanews.com\\\/en\\\/?s={search_term_string}\"},\"query-input\":{\"@type\":\"PropertyValueSpecification\",\"valueRequired\":true,\"valueName\":\"search_term_string\"}}],\"inLanguage\":\"en-US\"},{\"@type\":\"Person\",\"@id\":\"https:\\\/\\\/oncubanews.com\\\/en\\\/#\\\/schema\\\/person\\\/451a30d4f67fef4e97aa5f7e3b7c2ed5\",\"name\":\"Julio Batista\",\"image\":{\"@type\":\"ImageObject\",\"inLanguage\":\"en-US\",\"@id\":\"http:\\\/\\\/www.oncubanews.com\\\/wp-content\\\/uploads\\\/2013\\\/10\\\/Julio-Batista_avatar_1381785762-96x96.jpgc95fbcb923f765ac34bb1f74cfd50655\",\"url\":\"http:\\\/\\\/www.oncubanews.com\\\/wp-content\\\/uploads\\\/2013\\\/10\\\/Julio-Batista_avatar_1381785762-96x96.jpg\",\"contentUrl\":\"http:\\\/\\\/www.oncubanews.com\\\/wp-content\\\/uploads\\\/2013\\\/10\\\/Julio-Batista_avatar_1381785762-96x96.jpg\",\"caption\":\"Julio Batista\"},\"description\":\"Ante todo cubano, luego periodista. Inquieto, pol\u00e9mico y sin medias tintas. Consecuente con sus ideas hasta el final. Vive para contar historias, al fin y al cabo, la vida \u2014o eso que llamamos vida\u2014 no es m\u00e1s que una historia que escribimos cada d\u00eda.\",\"url\":\"https:\\\/\\\/oncubanews.com\\\/en\\\/author\\\/batista\\\/\"}]}<\/script>\n<!-- \/ Yoast SEO plugin. -->","yoast_head_json":{"title":"Cuban underwater world in photo competition | OnCubaNews English","robots":{"index":"index","follow":"follow","max-snippet":"max-snippet:-1","max-image-preview":"max-image-preview:large","max-video-preview":"max-video-preview:-1"},"canonical":"https:\/\/oncubanews.com\/en\/cuba\/economy\/tourism-in-cuba\/cuban-underwater-world-in-photo-competition\/","og_locale":"en_US","og_type":"article","og_title":"Cuban underwater world in photo competition | OnCubaNews English","og_description":"Between June 8 and 13, 2015 the V edition of the Meeting of Underwater Photography IMASUB will take place, contest that returns to its usual venue of the International Diving Center (IBC) Mar\u00eda la Gorda in Guanahacabibes Peninsula in the westernmost Cuba&#8217;s point During the call launched on Wednesday February 18 by the travel agency [&hellip;]","og_url":"https:\/\/oncubanews.com\/en\/cuba\/economy\/tourism-in-cuba\/cuban-underwater-world-in-photo-competition\/","og_site_name":"OnCubaNews English","article_published_time":"2015-02-21T15:58:40+00:00","article_modified_time":"2015-03-03T18:37:32+00:00","og_image":[{"width":755,"height":490,"url":"https:\/\/oncubanews.com\/en\/wp-content\/uploads\/2015\/03\/fotograf\u00eda-submarina-\u00a9-Manuel-P.-Carmenate-Mart\u00ednez-Menci\u00f3n-AMBIENTE-CON-MODELO-755x490.jpg","type":"image\/jpeg"}],"author":"Julio Batista, batista","twitter_card":"summary_large_image","twitter_misc":{"Written by":"Julio Batista","Est. reading time":"3 minutes"},"schema":{"@context":"https:\/\/schema.org","@graph":[{"@type":"Article","@id":"https:\/\/oncubanews.com\/en\/cuba\/economy\/tourism-in-cuba\/cuban-underwater-world-in-photo-competition\/#article","isPartOf":{"@id":"https:\/\/oncubanews.com\/en\/cuba\/economy\/tourism-in-cuba\/cuban-underwater-world-in-photo-competition\/"},"author":{"name":"Julio Batista","@id":"https:\/\/oncubanews.com\/en\/#\/schema\/person\/451a30d4f67fef4e97aa5f7e3b7c2ed5"},"headline":"Cuban underwater world in photo competition","datePublished":"2015-02-21T15:58:40+00:00","dateModified":"2015-03-03T18:37:32+00:00","mainEntityOfPage":{"@id":"https:\/\/oncubanews.com\/en\/cuba\/economy\/tourism-in-cuba\/cuban-underwater-world-in-photo-competition\/"},"wordCount":585,"commentCount":0,"image":{"@id":"https:\/\/oncubanews.com\/en\/cuba\/economy\/tourism-in-cuba\/cuban-underwater-world-in-photo-competition\/#primaryimage"},"thumbnailUrl":"https:\/\/oncubanews.com\/en\/wp-content\/uploads\/2015\/03\/fotograf\u00eda-submarina-\u00a9-Manuel-P.-Carmenate-Mart\u00ednez-Menci\u00f3n-AMBIENTE-CON-MODELO-755x490.jpg","articleSection":["Tourism in Cuba"],"inLanguage":"en-US","potentialAction":[{"@type":"CommentAction","name":"Comment","target":["https:\/\/oncubanews.com\/en\/cuba\/economy\/tourism-in-cuba\/cuban-underwater-world-in-photo-competition\/#respond"]}],"copyrightYear":"2015","copyrightHolder":{"@id":"https:\/\/oncubanews.com\/en\/#organization"}},{"@type":"WebPage","@id":"https:\/\/oncubanews.com\/en\/cuba\/economy\/tourism-in-cuba\/cuban-underwater-world-in-photo-competition\/","url":"https:\/\/oncubanews.com\/en\/cuba\/economy\/tourism-in-cuba\/cuban-underwater-world-in-photo-competition\/","name":"Cuban underwater world in photo competition | OnCubaNews English","isPartOf":{"@id":"https:\/\/oncubanews.com\/en\/#website"},"primaryImageOfPage":{"@id":"https:\/\/oncubanews.com\/en\/cuba\/economy\/tourism-in-cuba\/cuban-underwater-world-in-photo-competition\/#primaryimage"},"image":{"@id":"https:\/\/oncubanews.com\/en\/cuba\/economy\/tourism-in-cuba\/cuban-underwater-world-in-photo-competition\/#primaryimage"},"thumbnailUrl":"https:\/\/oncubanews.com\/en\/wp-content\/uploads\/2015\/03\/fotograf\u00eda-submarina-\u00a9-Manuel-P.-Carmenate-Mart\u00ednez-Menci\u00f3n-AMBIENTE-CON-MODELO-755x490.jpg","datePublished":"2015-02-21T15:58:40+00:00","dateModified":"2015-03-03T18:37:32+00:00","author":{"@id":"https:\/\/oncubanews.com\/en\/#\/schema\/person\/451a30d4f67fef4e97aa5f7e3b7c2ed5"},"breadcrumb":{"@id":"https:\/\/oncubanews.com\/en\/cuba\/economy\/tourism-in-cuba\/cuban-underwater-world-in-photo-competition\/#breadcrumb"},"inLanguage":"en-US","potentialAction":[{"@type":"ReadAction","target":["https:\/\/oncubanews.com\/en\/cuba\/economy\/tourism-in-cuba\/cuban-underwater-world-in-photo-competition\/"]}]},{"@type":"ImageObject","inLanguage":"en-US","@id":"https:\/\/oncubanews.com\/en\/cuba\/economy\/tourism-in-cuba\/cuban-underwater-world-in-photo-competition\/#primaryimage","url":"https:\/\/oncubanews.com\/en\/wp-content\/uploads\/2015\/03\/fotograf\u00eda-submarina-\u00a9-Manuel-P.-Carmenate-Mart\u00ednez-Menci\u00f3n-AMBIENTE-CON-MODELO-755x490.jpg","contentUrl":"https:\/\/oncubanews.com\/en\/wp-content\/uploads\/2015\/03\/fotograf\u00eda-submarina-\u00a9-Manuel-P.-Carmenate-Mart\u00ednez-Menci\u00f3n-AMBIENTE-CON-MODELO-755x490.jpg","width":755,"height":490,"caption":"Mention Environment with model \/ Photo: Manuel P. Mart\u00ednez Carmenate"},{"@type":"BreadcrumbList","@id":"https:\/\/oncubanews.com\/en\/cuba\/economy\/tourism-in-cuba\/cuban-underwater-world-in-photo-competition\/#breadcrumb","itemListElement":[{"@type":"ListItem","position":1,"name":"Portada","item":"https:\/\/oncubanews.com\/en\/"},{"@type":"ListItem","position":2,"name":"Cuban underwater world in photo competition"}]},{"@type":"WebSite","@id":"https:\/\/oncubanews.com\/en\/#website","url":"https:\/\/oncubanews.com\/en\/","name":"OnCubaNews English","description":"Revista sobre Cuba","potentialAction":[{"@type":"SearchAction","target":{"@type":"EntryPoint","urlTemplate":"https:\/\/oncubanews.com\/en\/?s={search_term_string}"},"query-input":{"@type":"PropertyValueSpecification","valueRequired":true,"valueName":"search_term_string"}}],"inLanguage":"en-US"},{"@type":"Person","@id":"https:\/\/oncubanews.com\/en\/#\/schema\/person\/451a30d4f67fef4e97aa5f7e3b7c2ed5","name":"Julio Batista","image":{"@type":"ImageObject","inLanguage":"en-US","@id":"http:\/\/www.oncubanews.com\/wp-content\/uploads\/2013\/10\/Julio-Batista_avatar_1381785762-96x96.jpgc95fbcb923f765ac34bb1f74cfd50655","url":"http:\/\/www.oncubanews.com\/wp-content\/uploads\/2013\/10\/Julio-Batista_avatar_1381785762-96x96.jpg","contentUrl":"http:\/\/www.oncubanews.com\/wp-content\/uploads\/2013\/10\/Julio-Batista_avatar_1381785762-96x96.jpg","caption":"Julio Batista"},"description":"Ante todo cubano, luego periodista. Inquieto, pol\u00e9mico y sin medias tintas. Consecuente con sus ideas hasta el final. Vive para contar historias, al fin y al cabo, la vida \u2014o eso que llamamos vida\u2014 no es m\u00e1s que una historia que escribimos cada d\u00eda.","url":"https:\/\/oncubanews.com\/en\/author\/batista\/"}]}},"authors":[{"term_id":33717,"user_id":3061,"is_guest":0,"slug":"batista","display_name":"Julio Batista","avatar_url":"http:\/\/www.oncubanews.com\/wp-content\/uploads\/2013\/10\/Julio-Batista_avatar_1381785762-96x96.jpg","0":null,"1":"","2":"","3":"","4":"","5":"","6":"","7":"","8":""},{"term_id":7299,"user_id":0,"is_guest":1,"slug":"cap-batista","display_name":"batista","avatar_url":"https:\/\/secure.gravatar.com\/avatar\/?s=96&r=g","0":null,"1":"","2":"","3":"","4":"","5":"","6":"","7":"","8":""}],"_links":{"self":[{"href":"https:\/\/oncubanews.com\/en\/wp-json\/wp\/v2\/posts\/43065","targetHints":{"allow":["GET"]}}],"collection":[{"href":"https:\/\/oncubanews.com\/en\/wp-json\/wp\/v2\/posts"}],"about":[{"href":"https:\/\/oncubanews.com\/en\/wp-json\/wp\/v2\/types\/post"}],"author":[{"embeddable":true,"href":"https:\/\/oncubanews.com\/en\/wp-json\/wp\/v2\/users\/3061"}],"replies":[{"embeddable":true,"href":"https:\/\/oncubanews.com\/en\/wp-json\/wp\/v2\/comments?post=43065"}],"version-history":[{"count":0,"href":"https:\/\/oncubanews.com\/en\/wp-json\/wp\/v2\/posts\/43065\/revisions"}],"wp:featuredmedia":[{"embeddable":true,"href":"https:\/\/oncubanews.com\/en\/wp-json\/wp\/v2\/media\/43069"}],"wp:attachment":[{"href":"https:\/\/oncubanews.com\/en\/wp-json\/wp\/v2\/media?parent=43065"}],"wp:term":[{"taxonomy":"category","embeddable":true,"href":"https:\/\/oncubanews.com\/en\/wp-json\/wp\/v2\/categories?post=43065"},{"taxonomy":"post_tag","embeddable":true,"href":"https:\/\/oncubanews.com\/en\/wp-json\/wp\/v2\/tags?post=43065"},{"taxonomy":"author","embeddable":true,"href":"https:\/\/oncubanews.com\/en\/wp-json\/wp\/v2\/ppma_author?post=43065"}],"curies":[{"name":"wp","href":"https:\/\/api.w.org\/{rel}","templated":true}]}}