
{"id":60142,"date":"2015-12-22T07:37:05","date_gmt":"2015-12-22T12:37:05","guid":{"rendered":"http:\/\/oncubamagazine.com\/?p=60142"},"modified":"2015-12-22T07:37:05","modified_gmt":"2015-12-22T12:37:05","slug":"birds-eye-view-of-cuba","status":"publish","type":"post","link":"https:\/\/oncubanews.com\/en\/styles-trends\/technologies-of-communication-and-media\/birds-eye-view-of-cuba\/","title":{"rendered":"Bird&#8217;s-eye view of Cuba"},"content":{"rendered":"<p>There are no skycrrapers in Cuba, and tall buildings do not abound either. But in almost every city there are a few high places from where beautiful bird&#8217;s-eye views can be captured. <strong>OnCuba<\/strong> climbed some of them to bring these amazing landscapes to you.<\/p>\n<p>&nbsp;<\/p>\n<p>&nbsp;<\/p>\n<p>&nbsp;<\/p>\n","protected":false},"excerpt":{"rendered":"<p>There are no skycrrapers in Cuba, and tall buildings do not abound either. But in almost every city there are a few high places from where beautiful bird&#8217;s-eye views can be captured. OnCuba climbed some of them to bring these amazing landscapes to you. &nbsp; &nbsp; &nbsp;<\/p>\n","protected":false},"author":3240,"featured_media":60149,"comment_status":"open","ping_status":"closed","sticky":false,"template":"","format":"standard","meta":{"_acf_changed":false,"footnotes":""},"categories":[13930],"tags":[],"ppma_author":[33857,11585],"class_list":["post-60142","post","type-post","status-publish","format-standard","has-post-thumbnail","hentry","category-technologies-of-communication-and-media"],"acf":[],"yoast_head":"<!-- This site is optimized with the Yoast SEO plugin v27.3 - https:\/\/yoast.com\/product\/yoast-seo-wordpress\/ -->\n<title>Bird&#039;s-eye view of Cuba | OnCubaNews English<\/title>\n<meta name=\"robots\" content=\"index, follow, max-snippet:-1, max-image-preview:large, max-video-preview:-1\" \/>\n<link rel=\"canonical\" href=\"https:\/\/oncubanews.com\/en\/styles-trends\/technologies-of-communication-and-media\/birds-eye-view-of-cuba\/\" \/>\n<meta property=\"og:locale\" content=\"en_US\" \/>\n<meta property=\"og:type\" content=\"article\" \/>\n<meta property=\"og:title\" content=\"Bird&#039;s-eye view of Cuba | OnCubaNews English\" \/>\n<meta property=\"og:description\" content=\"There are no skycrrapers in Cuba, and tall buildings do not abound either. But in almost every city there are a few high places from where beautiful bird&#8217;s-eye views can be captured. OnCuba climbed some of them to bring these amazing landscapes to you. &nbsp; &nbsp; &nbsp;\" \/>\n<meta property=\"og:url\" content=\"https:\/\/oncubanews.com\/en\/styles-trends\/technologies-of-communication-and-media\/birds-eye-view-of-cuba\/\" \/>\n<meta property=\"og:site_name\" content=\"OnCubaNews English\" \/>\n<meta property=\"article:published_time\" content=\"2015-12-22T12:37:05+00:00\" \/>\n<meta property=\"og:image\" content=\"https:\/\/oncubanews.com\/en\/wp-content\/uploads\/2015\/12\/trinidad-yvg-11.jpg\" \/>\n\t<meta property=\"og:image:width\" content=\"755\" \/>\n\t<meta property=\"og:image:height\" content=\"490\" \/>\n\t<meta property=\"og:image:type\" content=\"image\/jpeg\" \/>\n<meta name=\"author\" content=\"Yariel Vald\u00e9s Gonz\u00e1lez, Yariel Valdes Gonzalez\" \/>\n<meta name=\"twitter:card\" content=\"summary_large_image\" \/>\n<meta name=\"twitter:label1\" content=\"Written by\" \/>\n\t<meta name=\"twitter:data1\" content=\"Yariel Vald\u00e9s Gonz\u00e1lez\" \/>\n<script type=\"application\/ld+json\" class=\"yoast-schema-graph\">{\"@context\":\"https:\\\/\\\/schema.org\",\"@graph\":[{\"@type\":\"Article\",\"@id\":\"https:\\\/\\\/oncubanews.com\\\/en\\\/styles-trends\\\/technologies-of-communication-and-media\\\/birds-eye-view-of-cuba\\\/#article\",\"isPartOf\":{\"@id\":\"https:\\\/\\\/oncubanews.com\\\/en\\\/styles-trends\\\/technologies-of-communication-and-media\\\/birds-eye-view-of-cuba\\\/\"},\"author\":{\"name\":\"Yariel Vald\u00e9s Gonz\u00e1lez\",\"@id\":\"https:\\\/\\\/oncubanews.com\\\/en\\\/#\\\/schema\\\/person\\\/2f445227d82407709762954a7a878e54\"},\"headline\":\"Bird&#8217;s-eye view of Cuba\",\"datePublished\":\"2015-12-22T12:37:05+00:00\",\"mainEntityOfPage\":{\"@id\":\"https:\\\/\\\/oncubanews.com\\\/en\\\/styles-trends\\\/technologies-of-communication-and-media\\\/birds-eye-view-of-cuba\\\/\"},\"wordCount\":51,\"commentCount\":0,\"image\":{\"@id\":\"https:\\\/\\\/oncubanews.com\\\/en\\\/styles-trends\\\/technologies-of-communication-and-media\\\/birds-eye-view-of-cuba\\\/#primaryimage\"},\"thumbnailUrl\":\"https:\\\/\\\/oncubanews.com\\\/en\\\/wp-content\\\/uploads\\\/2015\\\/12\\\/trinidad-yvg-11.jpg\",\"articleSection\":[\"Technologies of Communication and Media\"],\"inLanguage\":\"en-US\",\"potentialAction\":[{\"@type\":\"CommentAction\",\"name\":\"Comment\",\"target\":[\"https:\\\/\\\/oncubanews.com\\\/en\\\/styles-trends\\\/technologies-of-communication-and-media\\\/birds-eye-view-of-cuba\\\/#respond\"]}],\"copyrightYear\":\"2015\",\"copyrightHolder\":{\"@id\":\"https:\\\/\\\/oncubanews.com\\\/en\\\/#organization\"}},{\"@type\":\"WebPage\",\"@id\":\"https:\\\/\\\/oncubanews.com\\\/en\\\/styles-trends\\\/technologies-of-communication-and-media\\\/birds-eye-view-of-cuba\\\/\",\"url\":\"https:\\\/\\\/oncubanews.com\\\/en\\\/styles-trends\\\/technologies-of-communication-and-media\\\/birds-eye-view-of-cuba\\\/\",\"name\":\"Bird's-eye view of Cuba | OnCubaNews English\",\"isPartOf\":{\"@id\":\"https:\\\/\\\/oncubanews.com\\\/en\\\/#website\"},\"primaryImageOfPage\":{\"@id\":\"https:\\\/\\\/oncubanews.com\\\/en\\\/styles-trends\\\/technologies-of-communication-and-media\\\/birds-eye-view-of-cuba\\\/#primaryimage\"},\"image\":{\"@id\":\"https:\\\/\\\/oncubanews.com\\\/en\\\/styles-trends\\\/technologies-of-communication-and-media\\\/birds-eye-view-of-cuba\\\/#primaryimage\"},\"thumbnailUrl\":\"https:\\\/\\\/oncubanews.com\\\/en\\\/wp-content\\\/uploads\\\/2015\\\/12\\\/trinidad-yvg-11.jpg\",\"datePublished\":\"2015-12-22T12:37:05+00:00\",\"author\":{\"@id\":\"https:\\\/\\\/oncubanews.com\\\/en\\\/#\\\/schema\\\/person\\\/2f445227d82407709762954a7a878e54\"},\"breadcrumb\":{\"@id\":\"https:\\\/\\\/oncubanews.com\\\/en\\\/styles-trends\\\/technologies-of-communication-and-media\\\/birds-eye-view-of-cuba\\\/#breadcrumb\"},\"inLanguage\":\"en-US\",\"potentialAction\":[{\"@type\":\"ReadAction\",\"target\":[\"https:\\\/\\\/oncubanews.com\\\/en\\\/styles-trends\\\/technologies-of-communication-and-media\\\/birds-eye-view-of-cuba\\\/\"]}]},{\"@type\":\"ImageObject\",\"inLanguage\":\"en-US\",\"@id\":\"https:\\\/\\\/oncubanews.com\\\/en\\\/styles-trends\\\/technologies-of-communication-and-media\\\/birds-eye-view-of-cuba\\\/#primaryimage\",\"url\":\"https:\\\/\\\/oncubanews.com\\\/en\\\/wp-content\\\/uploads\\\/2015\\\/12\\\/trinidad-yvg-11.jpg\",\"contentUrl\":\"https:\\\/\\\/oncubanews.com\\\/en\\\/wp-content\\\/uploads\\\/2015\\\/12\\\/trinidad-yvg-11.jpg\",\"width\":755,\"height\":490,\"caption\":\"Trinidad \\\/ Photo: Yariel Vald\u00e9s\"},{\"@type\":\"BreadcrumbList\",\"@id\":\"https:\\\/\\\/oncubanews.com\\\/en\\\/styles-trends\\\/technologies-of-communication-and-media\\\/birds-eye-view-of-cuba\\\/#breadcrumb\",\"itemListElement\":[{\"@type\":\"ListItem\",\"position\":1,\"name\":\"Portada\",\"item\":\"https:\\\/\\\/oncubanews.com\\\/en\\\/\"},{\"@type\":\"ListItem\",\"position\":2,\"name\":\"Bird&#8217;s-eye view of Cuba\"}]},{\"@type\":\"WebSite\",\"@id\":\"https:\\\/\\\/oncubanews.com\\\/en\\\/#website\",\"url\":\"https:\\\/\\\/oncubanews.com\\\/en\\\/\",\"name\":\"OnCubaNews English\",\"description\":\"Revista sobre Cuba\",\"potentialAction\":[{\"@type\":\"SearchAction\",\"target\":{\"@type\":\"EntryPoint\",\"urlTemplate\":\"https:\\\/\\\/oncubanews.com\\\/en\\\/?s={search_term_string}\"},\"query-input\":{\"@type\":\"PropertyValueSpecification\",\"valueRequired\":true,\"valueName\":\"search_term_string\"}}],\"inLanguage\":\"en-US\"},{\"@type\":\"Person\",\"@id\":\"https:\\\/\\\/oncubanews.com\\\/en\\\/#\\\/schema\\\/person\\\/2f445227d82407709762954a7a878e54\",\"name\":\"Yariel Vald\u00e9s Gonz\u00e1lez\",\"image\":{\"@type\":\"ImageObject\",\"inLanguage\":\"en-US\",\"@id\":\"https:\\\/\\\/oncubanews.com\\\/wp-content\\\/uploads\\\/2016\\\/02\\\/Yariel-Vald\u00e9s-Gonz\u00e1lez_avatar_1454605305-96x96.jpg91fedd10c985db886e205cd74e076e2a\",\"url\":\"https:\\\/\\\/oncubanews.com\\\/wp-content\\\/uploads\\\/2016\\\/02\\\/Yariel-Vald\u00e9s-Gonz\u00e1lez_avatar_1454605305-96x96.jpg\",\"contentUrl\":\"https:\\\/\\\/oncubanews.com\\\/wp-content\\\/uploads\\\/2016\\\/02\\\/Yariel-Vald\u00e9s-Gonz\u00e1lez_avatar_1454605305-96x96.jpg\",\"caption\":\"Yariel Vald\u00e9s Gonz\u00e1lez\"},\"url\":\"https:\\\/\\\/oncubanews.com\\\/en\\\/author\\\/yariel-valdes-gonzalez\\\/\"}]}<\/script>\n<!-- \/ Yoast SEO plugin. -->","yoast_head_json":{"title":"Bird's-eye view of Cuba | OnCubaNews English","robots":{"index":"index","follow":"follow","max-snippet":"max-snippet:-1","max-image-preview":"max-image-preview:large","max-video-preview":"max-video-preview:-1"},"canonical":"https:\/\/oncubanews.com\/en\/styles-trends\/technologies-of-communication-and-media\/birds-eye-view-of-cuba\/","og_locale":"en_US","og_type":"article","og_title":"Bird's-eye view of Cuba | OnCubaNews English","og_description":"There are no skycrrapers in Cuba, and tall buildings do not abound either. But in almost every city there are a few high places from where beautiful bird&#8217;s-eye views can be captured. OnCuba climbed some of them to bring these amazing landscapes to you. &nbsp; &nbsp; &nbsp;","og_url":"https:\/\/oncubanews.com\/en\/styles-trends\/technologies-of-communication-and-media\/birds-eye-view-of-cuba\/","og_site_name":"OnCubaNews English","article_published_time":"2015-12-22T12:37:05+00:00","og_image":[{"width":755,"height":490,"url":"https:\/\/oncubanews.com\/en\/wp-content\/uploads\/2015\/12\/trinidad-yvg-11.jpg","type":"image\/jpeg"}],"author":"Yariel Vald\u00e9s Gonz\u00e1lez, Yariel Valdes Gonzalez","twitter_card":"summary_large_image","twitter_misc":{"Written by":"Yariel Vald\u00e9s Gonz\u00e1lez"},"schema":{"@context":"https:\/\/schema.org","@graph":[{"@type":"Article","@id":"https:\/\/oncubanews.com\/en\/styles-trends\/technologies-of-communication-and-media\/birds-eye-view-of-cuba\/#article","isPartOf":{"@id":"https:\/\/oncubanews.com\/en\/styles-trends\/technologies-of-communication-and-media\/birds-eye-view-of-cuba\/"},"author":{"name":"Yariel Vald\u00e9s Gonz\u00e1lez","@id":"https:\/\/oncubanews.com\/en\/#\/schema\/person\/2f445227d82407709762954a7a878e54"},"headline":"Bird&#8217;s-eye view of Cuba","datePublished":"2015-12-22T12:37:05+00:00","mainEntityOfPage":{"@id":"https:\/\/oncubanews.com\/en\/styles-trends\/technologies-of-communication-and-media\/birds-eye-view-of-cuba\/"},"wordCount":51,"commentCount":0,"image":{"@id":"https:\/\/oncubanews.com\/en\/styles-trends\/technologies-of-communication-and-media\/birds-eye-view-of-cuba\/#primaryimage"},"thumbnailUrl":"https:\/\/oncubanews.com\/en\/wp-content\/uploads\/2015\/12\/trinidad-yvg-11.jpg","articleSection":["Technologies of Communication and Media"],"inLanguage":"en-US","potentialAction":[{"@type":"CommentAction","name":"Comment","target":["https:\/\/oncubanews.com\/en\/styles-trends\/technologies-of-communication-and-media\/birds-eye-view-of-cuba\/#respond"]}],"copyrightYear":"2015","copyrightHolder":{"@id":"https:\/\/oncubanews.com\/en\/#organization"}},{"@type":"WebPage","@id":"https:\/\/oncubanews.com\/en\/styles-trends\/technologies-of-communication-and-media\/birds-eye-view-of-cuba\/","url":"https:\/\/oncubanews.com\/en\/styles-trends\/technologies-of-communication-and-media\/birds-eye-view-of-cuba\/","name":"Bird's-eye view of Cuba | OnCubaNews English","isPartOf":{"@id":"https:\/\/oncubanews.com\/en\/#website"},"primaryImageOfPage":{"@id":"https:\/\/oncubanews.com\/en\/styles-trends\/technologies-of-communication-and-media\/birds-eye-view-of-cuba\/#primaryimage"},"image":{"@id":"https:\/\/oncubanews.com\/en\/styles-trends\/technologies-of-communication-and-media\/birds-eye-view-of-cuba\/#primaryimage"},"thumbnailUrl":"https:\/\/oncubanews.com\/en\/wp-content\/uploads\/2015\/12\/trinidad-yvg-11.jpg","datePublished":"2015-12-22T12:37:05+00:00","author":{"@id":"https:\/\/oncubanews.com\/en\/#\/schema\/person\/2f445227d82407709762954a7a878e54"},"breadcrumb":{"@id":"https:\/\/oncubanews.com\/en\/styles-trends\/technologies-of-communication-and-media\/birds-eye-view-of-cuba\/#breadcrumb"},"inLanguage":"en-US","potentialAction":[{"@type":"ReadAction","target":["https:\/\/oncubanews.com\/en\/styles-trends\/technologies-of-communication-and-media\/birds-eye-view-of-cuba\/"]}]},{"@type":"ImageObject","inLanguage":"en-US","@id":"https:\/\/oncubanews.com\/en\/styles-trends\/technologies-of-communication-and-media\/birds-eye-view-of-cuba\/#primaryimage","url":"https:\/\/oncubanews.com\/en\/wp-content\/uploads\/2015\/12\/trinidad-yvg-11.jpg","contentUrl":"https:\/\/oncubanews.com\/en\/wp-content\/uploads\/2015\/12\/trinidad-yvg-11.jpg","width":755,"height":490,"caption":"Trinidad \/ Photo: Yariel Vald\u00e9s"},{"@type":"BreadcrumbList","@id":"https:\/\/oncubanews.com\/en\/styles-trends\/technologies-of-communication-and-media\/birds-eye-view-of-cuba\/#breadcrumb","itemListElement":[{"@type":"ListItem","position":1,"name":"Portada","item":"https:\/\/oncubanews.com\/en\/"},{"@type":"ListItem","position":2,"name":"Bird&#8217;s-eye view of Cuba"}]},{"@type":"WebSite","@id":"https:\/\/oncubanews.com\/en\/#website","url":"https:\/\/oncubanews.com\/en\/","name":"OnCubaNews English","description":"Revista sobre Cuba","potentialAction":[{"@type":"SearchAction","target":{"@type":"EntryPoint","urlTemplate":"https:\/\/oncubanews.com\/en\/?s={search_term_string}"},"query-input":{"@type":"PropertyValueSpecification","valueRequired":true,"valueName":"search_term_string"}}],"inLanguage":"en-US"},{"@type":"Person","@id":"https:\/\/oncubanews.com\/en\/#\/schema\/person\/2f445227d82407709762954a7a878e54","name":"Yariel Vald\u00e9s Gonz\u00e1lez","image":{"@type":"ImageObject","inLanguage":"en-US","@id":"https:\/\/oncubanews.com\/wp-content\/uploads\/2016\/02\/Yariel-Vald\u00e9s-Gonz\u00e1lez_avatar_1454605305-96x96.jpg91fedd10c985db886e205cd74e076e2a","url":"https:\/\/oncubanews.com\/wp-content\/uploads\/2016\/02\/Yariel-Vald\u00e9s-Gonz\u00e1lez_avatar_1454605305-96x96.jpg","contentUrl":"https:\/\/oncubanews.com\/wp-content\/uploads\/2016\/02\/Yariel-Vald\u00e9s-Gonz\u00e1lez_avatar_1454605305-96x96.jpg","caption":"Yariel Vald\u00e9s Gonz\u00e1lez"},"url":"https:\/\/oncubanews.com\/en\/author\/yariel-valdes-gonzalez\/"}]}},"authors":[{"term_id":33857,"user_id":3240,"is_guest":0,"slug":"yariel-valdes-gonzalez","display_name":"Yariel Vald\u00e9s Gonz\u00e1lez","avatar_url":"https:\/\/oncubanews.com\/wp-content\/uploads\/2016\/02\/Yariel-Vald\u00e9s-Gonz\u00e1lez_avatar_1454605305-96x96.jpg","0":null,"1":"","2":"","3":"","4":"","5":"","6":"","7":"","8":""},{"term_id":11585,"user_id":0,"is_guest":1,"slug":"cap-yariel-valdes-gonzalez","display_name":"Yariel Valdes Gonzalez","avatar_url":"https:\/\/secure.gravatar.com\/avatar\/?s=96&r=g","0":null,"1":"","2":"","3":"","4":"","5":"","6":"","7":"","8":""}],"_links":{"self":[{"href":"https:\/\/oncubanews.com\/en\/wp-json\/wp\/v2\/posts\/60142","targetHints":{"allow":["GET"]}}],"collection":[{"href":"https:\/\/oncubanews.com\/en\/wp-json\/wp\/v2\/posts"}],"about":[{"href":"https:\/\/oncubanews.com\/en\/wp-json\/wp\/v2\/types\/post"}],"author":[{"embeddable":true,"href":"https:\/\/oncubanews.com\/en\/wp-json\/wp\/v2\/users\/3240"}],"replies":[{"embeddable":true,"href":"https:\/\/oncubanews.com\/en\/wp-json\/wp\/v2\/comments?post=60142"}],"version-history":[{"count":0,"href":"https:\/\/oncubanews.com\/en\/wp-json\/wp\/v2\/posts\/60142\/revisions"}],"wp:featuredmedia":[{"embeddable":true,"href":"https:\/\/oncubanews.com\/en\/wp-json\/wp\/v2\/media\/60149"}],"wp:attachment":[{"href":"https:\/\/oncubanews.com\/en\/wp-json\/wp\/v2\/media?parent=60142"}],"wp:term":[{"taxonomy":"category","embeddable":true,"href":"https:\/\/oncubanews.com\/en\/wp-json\/wp\/v2\/categories?post=60142"},{"taxonomy":"post_tag","embeddable":true,"href":"https:\/\/oncubanews.com\/en\/wp-json\/wp\/v2\/tags?post=60142"},{"taxonomy":"author","embeddable":true,"href":"https:\/\/oncubanews.com\/en\/wp-json\/wp\/v2\/ppma_author?post=60142"}],"curies":[{"name":"wp","href":"https:\/\/api.w.org\/{rel}","templated":true}]}}