
{"id":62089,"date":"2016-01-25T09:54:02","date_gmt":"2016-01-25T14:54:02","guid":{"rendered":"http:\/\/oncubamagazine.com\/?p=62089"},"modified":"2016-01-25T09:54:02","modified_gmt":"2016-01-25T14:54:02","slug":"forgotten-jewish-cemetery-camajuani-jews-cuba","status":"publish","type":"post","link":"https:\/\/oncubanews.com\/en\/culture\/visual-arts\/forgotten-jewish-cemetery-camajuani-jews-cuba\/","title":{"rendered":"A forgotten Jewish cemetery in Camajuan\u00ed"},"content":{"rendered":"<p>In Camajuan\u00ed, like in almost all towns in Cuba, after the immense sign with the cement letters that announce the name of the municipality, the while walls of the cemetery appear and, further on, the narrow string of houses that line both sides of the Central Highway.<\/p>\n<p>However, in this town some 25 kilometres from Santa Clara, alongside the typical scenery a Jewish cemetery should be added to the description, one of the first of its kind that has existed in centre of the country since the second decade of the 20th.<\/p>\n<p>A score of tombs battered by the years stick out of the ground as evidence of the Jewish presence in the region. The dates inscribed into the marble show that this site was used for barely a decade. Only the vegetation is determined to encroach on the area.<\/p>\n<p>According to the president of the Jewish community in Villa Clara, David Tacher, in this land of valleys and carnivals there was also a small synagogue where Jews from nearby towns also congregated. Around 300 of them formed the established community here in the first half of the twentieth century.<\/p>\n<p>Few people know the real history of this site and those who lie here. Many even call it the \u201cTurkish cemetery\u201d. That\u2019s explained by the presence in Cuba of Sephardic Jews originating from Turkey, the north of Africa and other regions where they took refuge when they were expelled from Spain during the time of the Inquisition.<\/p>\n<p>For the Jewish community guaranteeing its continuity is central. That&#8217;s why these small settlements generally comprised a synagogue for religious services, a school to educate their children, and a cemetery to give the members of the community a burial in accordance with Hebrew rituals.<\/p>\n","protected":false},"excerpt":{"rendered":"<p>In Camajuan\u00ed, like in almost all towns in Cuba, after the immense sign with the cement letters that announce the name of the municipality, the while walls of the cemetery appear and, further on, the narrow string of houses that line both sides of the Central Highway. However, in this town some 25 kilometres from [&hellip;]<\/p>\n","protected":false},"author":3313,"featured_media":62090,"comment_status":"open","ping_status":"closed","sticky":false,"template":"","format":"standard","meta":{"_acf_changed":false,"footnotes":""},"categories":[13919],"tags":[],"ppma_author":[33889,12369],"class_list":["post-62089","post","type-post","status-publish","format-standard","has-post-thumbnail","hentry","category-visual-arts"],"acf":[],"yoast_head":"<!-- This site is optimized with the Yoast SEO plugin v27.3 - https:\/\/yoast.com\/product\/yoast-seo-wordpress\/ -->\n<title>A forgotten Jewish cemetery in Camajuan\u00ed | OnCubaNews English<\/title>\n<meta name=\"robots\" content=\"index, follow, max-snippet:-1, max-image-preview:large, max-video-preview:-1\" \/>\n<link rel=\"canonical\" href=\"https:\/\/oncubanews.com\/en\/culture\/visual-arts\/forgotten-jewish-cemetery-camajuani-jews-cuba\/\" \/>\n<meta property=\"og:locale\" content=\"en_US\" \/>\n<meta property=\"og:type\" content=\"article\" \/>\n<meta property=\"og:title\" content=\"A forgotten Jewish cemetery in Camajuan\u00ed | OnCubaNews English\" \/>\n<meta property=\"og:description\" content=\"In Camajuan\u00ed, like in almost all towns in Cuba, after the immense sign with the cement letters that announce the name of the municipality, the while walls of the cemetery appear and, further on, the narrow string of houses that line both sides of the Central Highway. However, in this town some 25 kilometres from [&hellip;]\" \/>\n<meta property=\"og:url\" content=\"https:\/\/oncubanews.com\/en\/culture\/visual-arts\/forgotten-jewish-cemetery-camajuani-jews-cuba\/\" \/>\n<meta property=\"og:site_name\" content=\"OnCubaNews English\" \/>\n<meta property=\"article:published_time\" content=\"2016-01-25T14:54:02+00:00\" \/>\n<meta property=\"og:image\" content=\"https:\/\/oncubanews.com\/en\/wp-content\/uploads\/2016\/01\/Cementerio-Jud\u00edo-111.jpg\" \/>\n\t<meta property=\"og:image:width\" content=\"755\" \/>\n\t<meta property=\"og:image:height\" content=\"490\" \/>\n\t<meta property=\"og:image:type\" content=\"image\/jpeg\" \/>\n<meta name=\"author\" content=\"Daily P\u00e9rez Guill\u00e9n, daily\" \/>\n<meta name=\"twitter:card\" content=\"summary_large_image\" \/>\n<meta name=\"twitter:label1\" content=\"Written by\" \/>\n\t<meta name=\"twitter:data1\" content=\"Daily P\u00e9rez Guill\u00e9n\" \/>\n\t<meta name=\"twitter:label2\" content=\"Est. reading time\" \/>\n\t<meta name=\"twitter:data2\" content=\"1 minute\" \/>\n<script type=\"application\/ld+json\" class=\"yoast-schema-graph\">{\"@context\":\"https:\\\/\\\/schema.org\",\"@graph\":[{\"@type\":\"Article\",\"@id\":\"https:\\\/\\\/oncubanews.com\\\/en\\\/culture\\\/visual-arts\\\/forgotten-jewish-cemetery-camajuani-jews-cuba\\\/#article\",\"isPartOf\":{\"@id\":\"https:\\\/\\\/oncubanews.com\\\/en\\\/culture\\\/visual-arts\\\/forgotten-jewish-cemetery-camajuani-jews-cuba\\\/\"},\"author\":{\"name\":\"Daily P\u00e9rez Guill\u00e9n\",\"@id\":\"https:\\\/\\\/oncubanews.com\\\/en\\\/#\\\/schema\\\/person\\\/3932012c5940d5398b06126b790cea7a\"},\"headline\":\"A forgotten Jewish cemetery in Camajuan\u00ed\",\"datePublished\":\"2016-01-25T14:54:02+00:00\",\"mainEntityOfPage\":{\"@id\":\"https:\\\/\\\/oncubanews.com\\\/en\\\/culture\\\/visual-arts\\\/forgotten-jewish-cemetery-camajuani-jews-cuba\\\/\"},\"wordCount\":296,\"commentCount\":0,\"image\":{\"@id\":\"https:\\\/\\\/oncubanews.com\\\/en\\\/culture\\\/visual-arts\\\/forgotten-jewish-cemetery-camajuani-jews-cuba\\\/#primaryimage\"},\"thumbnailUrl\":\"https:\\\/\\\/oncubanews.com\\\/en\\\/wp-content\\\/uploads\\\/2016\\\/01\\\/Cementerio-Jud\u00edo-111.jpg\",\"articleSection\":[\"Visual arts\"],\"inLanguage\":\"en-US\",\"potentialAction\":[{\"@type\":\"CommentAction\",\"name\":\"Comment\",\"target\":[\"https:\\\/\\\/oncubanews.com\\\/en\\\/culture\\\/visual-arts\\\/forgotten-jewish-cemetery-camajuani-jews-cuba\\\/#respond\"]}],\"copyrightYear\":\"2016\",\"copyrightHolder\":{\"@id\":\"https:\\\/\\\/oncubanews.com\\\/en\\\/#organization\"}},{\"@type\":\"WebPage\",\"@id\":\"https:\\\/\\\/oncubanews.com\\\/en\\\/culture\\\/visual-arts\\\/forgotten-jewish-cemetery-camajuani-jews-cuba\\\/\",\"url\":\"https:\\\/\\\/oncubanews.com\\\/en\\\/culture\\\/visual-arts\\\/forgotten-jewish-cemetery-camajuani-jews-cuba\\\/\",\"name\":\"A forgotten Jewish cemetery in Camajuan\u00ed | OnCubaNews English\",\"isPartOf\":{\"@id\":\"https:\\\/\\\/oncubanews.com\\\/en\\\/#website\"},\"primaryImageOfPage\":{\"@id\":\"https:\\\/\\\/oncubanews.com\\\/en\\\/culture\\\/visual-arts\\\/forgotten-jewish-cemetery-camajuani-jews-cuba\\\/#primaryimage\"},\"image\":{\"@id\":\"https:\\\/\\\/oncubanews.com\\\/en\\\/culture\\\/visual-arts\\\/forgotten-jewish-cemetery-camajuani-jews-cuba\\\/#primaryimage\"},\"thumbnailUrl\":\"https:\\\/\\\/oncubanews.com\\\/en\\\/wp-content\\\/uploads\\\/2016\\\/01\\\/Cementerio-Jud\u00edo-111.jpg\",\"datePublished\":\"2016-01-25T14:54:02+00:00\",\"author\":{\"@id\":\"https:\\\/\\\/oncubanews.com\\\/en\\\/#\\\/schema\\\/person\\\/3932012c5940d5398b06126b790cea7a\"},\"breadcrumb\":{\"@id\":\"https:\\\/\\\/oncubanews.com\\\/en\\\/culture\\\/visual-arts\\\/forgotten-jewish-cemetery-camajuani-jews-cuba\\\/#breadcrumb\"},\"inLanguage\":\"en-US\",\"potentialAction\":[{\"@type\":\"ReadAction\",\"target\":[\"https:\\\/\\\/oncubanews.com\\\/en\\\/culture\\\/visual-arts\\\/forgotten-jewish-cemetery-camajuani-jews-cuba\\\/\"]}]},{\"@type\":\"ImageObject\",\"inLanguage\":\"en-US\",\"@id\":\"https:\\\/\\\/oncubanews.com\\\/en\\\/culture\\\/visual-arts\\\/forgotten-jewish-cemetery-camajuani-jews-cuba\\\/#primaryimage\",\"url\":\"https:\\\/\\\/oncubanews.com\\\/en\\\/wp-content\\\/uploads\\\/2016\\\/01\\\/Cementerio-Jud\u00edo-111.jpg\",\"contentUrl\":\"https:\\\/\\\/oncubanews.com\\\/en\\\/wp-content\\\/uploads\\\/2016\\\/01\\\/Cementerio-Jud\u00edo-111.jpg\",\"width\":755,\"height\":490,\"caption\":\"Foto: Daily P\u00e9rez Guill\u00e9n\"},{\"@type\":\"BreadcrumbList\",\"@id\":\"https:\\\/\\\/oncubanews.com\\\/en\\\/culture\\\/visual-arts\\\/forgotten-jewish-cemetery-camajuani-jews-cuba\\\/#breadcrumb\",\"itemListElement\":[{\"@type\":\"ListItem\",\"position\":1,\"name\":\"Portada\",\"item\":\"https:\\\/\\\/oncubanews.com\\\/en\\\/\"},{\"@type\":\"ListItem\",\"position\":2,\"name\":\"A forgotten Jewish cemetery in Camajuan\u00ed\"}]},{\"@type\":\"WebSite\",\"@id\":\"https:\\\/\\\/oncubanews.com\\\/en\\\/#website\",\"url\":\"https:\\\/\\\/oncubanews.com\\\/en\\\/\",\"name\":\"OnCubaNews English\",\"description\":\"Revista sobre Cuba\",\"potentialAction\":[{\"@type\":\"SearchAction\",\"target\":{\"@type\":\"EntryPoint\",\"urlTemplate\":\"https:\\\/\\\/oncubanews.com\\\/en\\\/?s={search_term_string}\"},\"query-input\":{\"@type\":\"PropertyValueSpecification\",\"valueRequired\":true,\"valueName\":\"search_term_string\"}}],\"inLanguage\":\"en-US\"},{\"@type\":\"Person\",\"@id\":\"https:\\\/\\\/oncubanews.com\\\/en\\\/#\\\/schema\\\/person\\\/3932012c5940d5398b06126b790cea7a\",\"name\":\"Daily P\u00e9rez Guill\u00e9n\",\"image\":{\"@type\":\"ImageObject\",\"inLanguage\":\"en-US\",\"@id\":\"https:\\\/\\\/secure.gravatar.com\\\/avatar\\\/02d031bf449e8b5998ac400cd8d1e859aa82b88aa14b66baaf11a0b5bbfc1783?s=96&r=g18fe128d538dd4ad446680bca495ec21\",\"url\":\"https:\\\/\\\/secure.gravatar.com\\\/avatar\\\/02d031bf449e8b5998ac400cd8d1e859aa82b88aa14b66baaf11a0b5bbfc1783?s=96&r=g\",\"contentUrl\":\"https:\\\/\\\/secure.gravatar.com\\\/avatar\\\/02d031bf449e8b5998ac400cd8d1e859aa82b88aa14b66baaf11a0b5bbfc1783?s=96&r=g\",\"caption\":\"Daily P\u00e9rez Guill\u00e9n\"},\"url\":\"https:\\\/\\\/oncubanews.com\\\/en\\\/author\\\/daily\\\/\"}]}<\/script>\n<!-- \/ Yoast SEO plugin. -->","yoast_head_json":{"title":"A forgotten Jewish cemetery in Camajuan\u00ed | OnCubaNews English","robots":{"index":"index","follow":"follow","max-snippet":"max-snippet:-1","max-image-preview":"max-image-preview:large","max-video-preview":"max-video-preview:-1"},"canonical":"https:\/\/oncubanews.com\/en\/culture\/visual-arts\/forgotten-jewish-cemetery-camajuani-jews-cuba\/","og_locale":"en_US","og_type":"article","og_title":"A forgotten Jewish cemetery in Camajuan\u00ed | OnCubaNews English","og_description":"In Camajuan\u00ed, like in almost all towns in Cuba, after the immense sign with the cement letters that announce the name of the municipality, the while walls of the cemetery appear and, further on, the narrow string of houses that line both sides of the Central Highway. However, in this town some 25 kilometres from [&hellip;]","og_url":"https:\/\/oncubanews.com\/en\/culture\/visual-arts\/forgotten-jewish-cemetery-camajuani-jews-cuba\/","og_site_name":"OnCubaNews English","article_published_time":"2016-01-25T14:54:02+00:00","og_image":[{"width":755,"height":490,"url":"https:\/\/oncubanews.com\/en\/wp-content\/uploads\/2016\/01\/Cementerio-Jud\u00edo-111.jpg","type":"image\/jpeg"}],"author":"Daily P\u00e9rez Guill\u00e9n, daily","twitter_card":"summary_large_image","twitter_misc":{"Written by":"Daily P\u00e9rez Guill\u00e9n","Est. reading time":"1 minute"},"schema":{"@context":"https:\/\/schema.org","@graph":[{"@type":"Article","@id":"https:\/\/oncubanews.com\/en\/culture\/visual-arts\/forgotten-jewish-cemetery-camajuani-jews-cuba\/#article","isPartOf":{"@id":"https:\/\/oncubanews.com\/en\/culture\/visual-arts\/forgotten-jewish-cemetery-camajuani-jews-cuba\/"},"author":{"name":"Daily P\u00e9rez Guill\u00e9n","@id":"https:\/\/oncubanews.com\/en\/#\/schema\/person\/3932012c5940d5398b06126b790cea7a"},"headline":"A forgotten Jewish cemetery in Camajuan\u00ed","datePublished":"2016-01-25T14:54:02+00:00","mainEntityOfPage":{"@id":"https:\/\/oncubanews.com\/en\/culture\/visual-arts\/forgotten-jewish-cemetery-camajuani-jews-cuba\/"},"wordCount":296,"commentCount":0,"image":{"@id":"https:\/\/oncubanews.com\/en\/culture\/visual-arts\/forgotten-jewish-cemetery-camajuani-jews-cuba\/#primaryimage"},"thumbnailUrl":"https:\/\/oncubanews.com\/en\/wp-content\/uploads\/2016\/01\/Cementerio-Jud\u00edo-111.jpg","articleSection":["Visual arts"],"inLanguage":"en-US","potentialAction":[{"@type":"CommentAction","name":"Comment","target":["https:\/\/oncubanews.com\/en\/culture\/visual-arts\/forgotten-jewish-cemetery-camajuani-jews-cuba\/#respond"]}],"copyrightYear":"2016","copyrightHolder":{"@id":"https:\/\/oncubanews.com\/en\/#organization"}},{"@type":"WebPage","@id":"https:\/\/oncubanews.com\/en\/culture\/visual-arts\/forgotten-jewish-cemetery-camajuani-jews-cuba\/","url":"https:\/\/oncubanews.com\/en\/culture\/visual-arts\/forgotten-jewish-cemetery-camajuani-jews-cuba\/","name":"A forgotten Jewish cemetery in Camajuan\u00ed | OnCubaNews English","isPartOf":{"@id":"https:\/\/oncubanews.com\/en\/#website"},"primaryImageOfPage":{"@id":"https:\/\/oncubanews.com\/en\/culture\/visual-arts\/forgotten-jewish-cemetery-camajuani-jews-cuba\/#primaryimage"},"image":{"@id":"https:\/\/oncubanews.com\/en\/culture\/visual-arts\/forgotten-jewish-cemetery-camajuani-jews-cuba\/#primaryimage"},"thumbnailUrl":"https:\/\/oncubanews.com\/en\/wp-content\/uploads\/2016\/01\/Cementerio-Jud\u00edo-111.jpg","datePublished":"2016-01-25T14:54:02+00:00","author":{"@id":"https:\/\/oncubanews.com\/en\/#\/schema\/person\/3932012c5940d5398b06126b790cea7a"},"breadcrumb":{"@id":"https:\/\/oncubanews.com\/en\/culture\/visual-arts\/forgotten-jewish-cemetery-camajuani-jews-cuba\/#breadcrumb"},"inLanguage":"en-US","potentialAction":[{"@type":"ReadAction","target":["https:\/\/oncubanews.com\/en\/culture\/visual-arts\/forgotten-jewish-cemetery-camajuani-jews-cuba\/"]}]},{"@type":"ImageObject","inLanguage":"en-US","@id":"https:\/\/oncubanews.com\/en\/culture\/visual-arts\/forgotten-jewish-cemetery-camajuani-jews-cuba\/#primaryimage","url":"https:\/\/oncubanews.com\/en\/wp-content\/uploads\/2016\/01\/Cementerio-Jud\u00edo-111.jpg","contentUrl":"https:\/\/oncubanews.com\/en\/wp-content\/uploads\/2016\/01\/Cementerio-Jud\u00edo-111.jpg","width":755,"height":490,"caption":"Foto: Daily P\u00e9rez Guill\u00e9n"},{"@type":"BreadcrumbList","@id":"https:\/\/oncubanews.com\/en\/culture\/visual-arts\/forgotten-jewish-cemetery-camajuani-jews-cuba\/#breadcrumb","itemListElement":[{"@type":"ListItem","position":1,"name":"Portada","item":"https:\/\/oncubanews.com\/en\/"},{"@type":"ListItem","position":2,"name":"A forgotten Jewish cemetery in Camajuan\u00ed"}]},{"@type":"WebSite","@id":"https:\/\/oncubanews.com\/en\/#website","url":"https:\/\/oncubanews.com\/en\/","name":"OnCubaNews English","description":"Revista sobre Cuba","potentialAction":[{"@type":"SearchAction","target":{"@type":"EntryPoint","urlTemplate":"https:\/\/oncubanews.com\/en\/?s={search_term_string}"},"query-input":{"@type":"PropertyValueSpecification","valueRequired":true,"valueName":"search_term_string"}}],"inLanguage":"en-US"},{"@type":"Person","@id":"https:\/\/oncubanews.com\/en\/#\/schema\/person\/3932012c5940d5398b06126b790cea7a","name":"Daily P\u00e9rez Guill\u00e9n","image":{"@type":"ImageObject","inLanguage":"en-US","@id":"https:\/\/secure.gravatar.com\/avatar\/02d031bf449e8b5998ac400cd8d1e859aa82b88aa14b66baaf11a0b5bbfc1783?s=96&r=g18fe128d538dd4ad446680bca495ec21","url":"https:\/\/secure.gravatar.com\/avatar\/02d031bf449e8b5998ac400cd8d1e859aa82b88aa14b66baaf11a0b5bbfc1783?s=96&r=g","contentUrl":"https:\/\/secure.gravatar.com\/avatar\/02d031bf449e8b5998ac400cd8d1e859aa82b88aa14b66baaf11a0b5bbfc1783?s=96&r=g","caption":"Daily P\u00e9rez Guill\u00e9n"},"url":"https:\/\/oncubanews.com\/en\/author\/daily\/"}]}},"authors":[{"term_id":33889,"user_id":3313,"is_guest":0,"slug":"daily","display_name":"Daily P\u00e9rez Guill\u00e9n","avatar_url":"https:\/\/secure.gravatar.com\/avatar\/02d031bf449e8b5998ac400cd8d1e859aa82b88aa14b66baaf11a0b5bbfc1783?s=96&r=g","0":null,"1":"","2":"","3":"","4":"","5":"","6":"","7":"","8":""},{"term_id":12369,"user_id":0,"is_guest":1,"slug":"cap-daily","display_name":"daily","avatar_url":"https:\/\/secure.gravatar.com\/avatar\/?s=96&r=g","0":null,"1":"","2":"","3":"","4":"","5":"","6":"","7":"","8":""}],"_links":{"self":[{"href":"https:\/\/oncubanews.com\/en\/wp-json\/wp\/v2\/posts\/62089","targetHints":{"allow":["GET"]}}],"collection":[{"href":"https:\/\/oncubanews.com\/en\/wp-json\/wp\/v2\/posts"}],"about":[{"href":"https:\/\/oncubanews.com\/en\/wp-json\/wp\/v2\/types\/post"}],"author":[{"embeddable":true,"href":"https:\/\/oncubanews.com\/en\/wp-json\/wp\/v2\/users\/3313"}],"replies":[{"embeddable":true,"href":"https:\/\/oncubanews.com\/en\/wp-json\/wp\/v2\/comments?post=62089"}],"version-history":[{"count":0,"href":"https:\/\/oncubanews.com\/en\/wp-json\/wp\/v2\/posts\/62089\/revisions"}],"wp:featuredmedia":[{"embeddable":true,"href":"https:\/\/oncubanews.com\/en\/wp-json\/wp\/v2\/media\/62090"}],"wp:attachment":[{"href":"https:\/\/oncubanews.com\/en\/wp-json\/wp\/v2\/media?parent=62089"}],"wp:term":[{"taxonomy":"category","embeddable":true,"href":"https:\/\/oncubanews.com\/en\/wp-json\/wp\/v2\/categories?post=62089"},{"taxonomy":"post_tag","embeddable":true,"href":"https:\/\/oncubanews.com\/en\/wp-json\/wp\/v2\/tags?post=62089"},{"taxonomy":"author","embeddable":true,"href":"https:\/\/oncubanews.com\/en\/wp-json\/wp\/v2\/ppma_author?post=62089"}],"curies":[{"name":"wp","href":"https:\/\/api.w.org\/{rel}","templated":true}]}}