
{"id":86121,"date":"2017-02-06T06:00:03","date_gmt":"2017-02-06T11:00:03","guid":{"rendered":"http:\/\/oncubamagazine.com\/?p=86121"},"modified":"2017-02-06T09:37:19","modified_gmt":"2017-02-06T14:37:19","slug":"twenty-years-of-locura-azul","status":"publish","type":"post","link":"https:\/\/oncubanews.com\/en\/culture\/music-culture\/twenty-years-of-locura-azul\/","title":{"rendered":"Twenty years of \u201cLocura Azul\u201d"},"content":{"rendered":"<p>B\u00e1rbaro Mar\u00edn, N\u00e9stor Jim\u00e9nez, Luis Alberto Garc\u00eda and Sirio Soto are Los Zafiros of the Cuban film. Four very young actors seated at a bar talk about the group being formed and about what to name it. \u00a0Thinking about precious stones the name zafiro (sapphire) comes up and thus the quartet was baptized. It is <em>Zafiros, locura azul<\/em>, in 1997.<\/p>\n<p>The film was premiered that year at the 19th Havana International New Latin American Film Festival and won the popularity prize. It is still today one of the greatest box office hits of Cuban cinema.<\/p>\n<p>\u201cIt was a very expected film because Los Zafiros have left a very great imprint in popular memory; in the 1960s they had been one of the great landmarks of Cuban music. When Manuel Herrera assumed the film he revived for many the myth of Los Zafiros, but he also replaced another, because the actors who gave life to the quartet went on to also form part of a legend,\u201d journalist and critic Pedro de la Hoz explains.<\/p>\n<p><em>Zafiros, locura azul<\/em> is celebrating its 20 years and a part of the film\u2019s team met this Monday in the Union of Writers and Artists of Cuba (UNEAC) to pay tribute to the work. N\u00e9stor Jim\u00e9nez, El Chino of the group in the film by Manuel Herrera, told there about the importance of that character, for he is still recognized in the street:<\/p>\n<p>\u201cAt times one doesn\u2019t have the concept or the dimension of what one does, but with Los Zafiros something special happened. Not very frequently can I speak of a project carried out with so much love and that in the end left that sensation that we did something good, like a legacy. Art, if it does not move, has no sense and <em>Zafiros<\/em> moved. <em>Zafiros<\/em> transcends, it remains, it is there.\u201d<\/p>\n<figure id=\"attachment_86127\" aria-describedby=\"caption-attachment-86127\" style=\"width: 755px\" class=\"wp-caption aligncenter\"><a href=\"https:\/\/oncubanews.com\/wp-content\/uploads\/2017\/02\/unnamed-1-1.jpg\"><img loading=\"lazy\" decoding=\"async\" class=\"size-full wp-image-86127\" src=\"https:\/\/oncubanews.com\/wp-content\/uploads\/2017\/02\/unnamed-1-1.jpg\" alt=\"Tribute in UNEAC for the 20 years of the film Zafiros, locura azul, by Manuel Herrera. Photo: Regino Sosa.\" width=\"755\" height=\"490\" \/><\/a><figcaption id=\"caption-attachment-86127\" class=\"wp-caption-text\">Tribute in UNEAC for the 20 years of the film Zafiros, locura azul, by Manuel Herrera. Photo: Regino Sosa.<\/figcaption><\/figure>\n<p>The Cuban Platters emerged in 1961 in the barrio of Cayo Hueso, inspired by many of those famous vocalists from the 1950s. Accompanied by a guitarist, the vocal quartet rapidly became a sweeping phenomenon of Cuban music. Everything they recorded soon became a hit, no matter if it was a bossa nova, a calypso or a bolero.<\/p>\n<p>\u201cDirecting <em>Zafiros\u2026<\/em>for me was a veritable honor, because I used to listen to a lot of U.S. music in those programs they put on the radio in Santa Clara and when we separated from the United States there was a void that was filled later with Los Zarifos in a very genuine way,\u201d says filmmaker Manuel Herrera.<\/p>\n<p>\u201cThe year 1997,\u201d he adds, \u201cwas a very difficult period for the country. There was great existential anguish and I thought that a film that people would enjoy and could mitigate the tensions was necessary. We made it with this purpose. It has been said that the film makes concessions to marketing, but I don\u2019t care very much about that. I was ready to make it because I was seeking that my contemporaries have a moment to relax and I believed that was also my mission as an artist.\u201d<\/p>\n<figure id=\"attachment_86128\" aria-describedby=\"caption-attachment-86128\" style=\"width: 755px\" class=\"wp-caption aligncenter\"><a href=\"https:\/\/oncubanews.com\/wp-content\/uploads\/2017\/02\/unnamed-2-1.jpg\"><img loading=\"lazy\" decoding=\"async\" class=\"size-full wp-image-86128\" src=\"https:\/\/oncubanews.com\/wp-content\/uploads\/2017\/02\/unnamed-2-1.jpg\" alt=\"Manuel Herrera, director of the film Zafiros, locura azul. Photo: Regino Sosa.\" width=\"755\" height=\"490\" \/><\/a><figcaption id=\"caption-attachment-86128\" class=\"wp-caption-text\">Manuel Herrera, director of the film Zafiros, locura azul. Photo: Regino Sosa.<\/figcaption><\/figure>\n<p>Speaking of the context in which the film was made, Herrera thanked the contribution of the film\u2019s producer, Hugo Cancio, according to his words \u201cthe principal promoter of the film, a person who wanted to make it under very difficult conditions. At that time it was very complicated to sustain a dialogue between the two countries, but Hugo and his team knew how to get around all the obstacles. I also thank him for the freedom he gave me to make it.\u201d<\/p>\n<p>The music and the choreography are two primordial aspects of a film of this type, which is why Manuel highlights in this sense the work of Magda Rosa Galb\u00e1n and Juan Antonio Leyva, present in the tribute for the two decade of <em>Zafiros, locura azul<\/em>, whose script was by Ra\u00fal Mac\u00edas and Miguel Cancio (member of the vocal group), photography by Ra\u00fal Rodr\u00edguez and production by Manuel Iglesias.<\/p>\n<p>\u201cI had to make major changes because the film was conceived as a vignette of musical numbers and we had to reformulate all that to build a story. I became aware then that a great injustice had been made with Los Zafiros: they were no longer listened to, so I decided to recover them for our people and I believe we achieved it. They are there and they can no longer be removed,\u201d said the filmmaker.<\/p>\n<p>In a subsequent documentary, <em>Los Zafiros, m\u00fasica desde el borde del tiempo<\/em>, directed by U.S. filmmaker Lorenzo DeStefano, Miguel Cancio, who emigrated to Miami in 1993, tells of the disintegration of Los Zafiros, which with the same speed that they were a hit, started descending until their official dissolution in 1975.<\/p>\n<p>The only two survivors of the group at that time, Miguel Cancio and Manuel Galb\u00e1n, were reunited in Havana in 2001 for DeStefano\u2019s film. There they remember the other three Zafiros who had died; they join their voices once again in \u201cCuando yo la conoc\u00ed,\u201d they are moved\u2026.<\/p>\n<p>Ignacio Elejalde had died at 37 victim of a cerebral hemorrhage; Leoncio Morua (Kike) died of cirrhosis of the liver two years later; and Elio Hern\u00e1ndez (El Chino), after losing his eyesight and speech because of alcohol addiction, died in 1995 at the age of 56.<\/p>\n<h3><strong>The \u201cnew\u201d Zafiros<\/strong><\/h3>\n<p>The group was always accompanied by their guitarist, an aspect that differentiated them from the rest of the vocal groups from that time. Photo: Regino Sosa.<\/p>\n<p>Now a new group led by Jorge Echevarr\u00eda defends their name and their music, continuing the tradition of the legendary quartet from the 1960s.<\/p>\n<p>During a recent visit to the United States by the new Zafiros, Miguel Cancio sent them a message after assessing their musical work:<\/p>\n<p>\u201cYou sound great, you remind me of my brothers and you can still do better. In addition to congratulating you I want to remind you that Zafiros means unity, sacrifice and a desire to give the best of yourselves. We were a legend that the public made us, we don\u2019t know how well the people loved us and still loves us. None of you has the same surname but when integrating that group you are baptized with the surname of Zafiros, as I use to say to my comrades. We were, are and will continue being Zafiros, thanks to the public and you who continue keeping alive that legend.\u201d<\/p>\n<div class=\"jeg_video_container jeg_video_content\"><iframe loading=\"lazy\" title=\"Los Zafiros - Music From The Edge Of Time Trailer\" width=\"500\" height=\"375\" src=\"https:\/\/www.youtube.com\/embed\/PkAb0X5mPKg?feature=oembed\" frameborder=\"0\" allow=\"accelerometer; autoplay; clipboard-write; encrypted-media; gyroscope; picture-in-picture; web-share\" referrerpolicy=\"strict-origin-when-cross-origin\" allowfullscreen><\/iframe><\/div>\n<p>&nbsp;<\/p>\n","protected":false},"excerpt":{"rendered":"<p>B\u00e1rbaro Mar\u00edn, N\u00e9stor Jim\u00e9nez, Luis Alberto Garc\u00eda and Sirio Soto are Los Zafiros of the Cuban film. Four very young actors seated at a bar talk about the group being formed and about what to name it. \u00a0Thinking about precious stones the name zafiro (sapphire) comes up and thus the quartet was baptized. It is [&hellip;]<\/p>\n","protected":false},"author":3107,"featured_media":86130,"comment_status":"open","ping_status":"closed","sticky":false,"template":"","format":"standard","meta":{"_acf_changed":false,"footnotes":""},"categories":[13923],"tags":[],"ppma_author":[33773,7764],"class_list":["post-86121","post","type-post","status-publish","format-standard","has-post-thumbnail","hentry","category-music-culture"],"acf":[],"yoast_head":"<!-- This site is optimized with the Yoast SEO plugin v27.3 - https:\/\/yoast.com\/product\/yoast-seo-wordpress\/ -->\n<title>Twenty years of \u201cLocura Azul\u201d | OnCubaNews English<\/title>\n<meta name=\"robots\" content=\"index, follow, max-snippet:-1, max-image-preview:large, max-video-preview:-1\" \/>\n<link rel=\"canonical\" href=\"https:\/\/oncubanews.com\/en\/culture\/music-culture\/twenty-years-of-locura-azul\/\" \/>\n<meta property=\"og:locale\" content=\"en_US\" \/>\n<meta property=\"og:type\" content=\"article\" \/>\n<meta property=\"og:title\" content=\"Twenty years of \u201cLocura Azul\u201d | OnCubaNews English\" \/>\n<meta property=\"og:description\" content=\"B\u00e1rbaro Mar\u00edn, N\u00e9stor Jim\u00e9nez, Luis Alberto Garc\u00eda and Sirio Soto are Los Zafiros of the Cuban film. Four very young actors seated at a bar talk about the group being formed and about what to name it. \u00a0Thinking about precious stones the name zafiro (sapphire) comes up and thus the quartet was baptized. It is [&hellip;]\" \/>\n<meta property=\"og:url\" content=\"https:\/\/oncubanews.com\/en\/culture\/music-culture\/twenty-years-of-locura-azul\/\" \/>\n<meta property=\"og:site_name\" content=\"OnCubaNews English\" \/>\n<meta property=\"article:published_time\" content=\"2017-02-06T11:00:03+00:00\" \/>\n<meta property=\"article:modified_time\" content=\"2017-02-06T14:37:19+00:00\" \/>\n<meta property=\"og:image\" content=\"https:\/\/oncubanews.com\/en\/wp-content\/uploads\/2017\/02\/Los-Zafiros-1-1-755x490-1.jpg\" \/>\n\t<meta property=\"og:image:width\" content=\"755\" \/>\n\t<meta property=\"og:image:height\" content=\"490\" \/>\n\t<meta property=\"og:image:type\" content=\"image\/jpeg\" \/>\n<meta name=\"author\" content=\"Leyda Machado, leyda.machado\" \/>\n<meta name=\"twitter:card\" content=\"summary_large_image\" \/>\n<meta name=\"twitter:label1\" content=\"Written by\" \/>\n\t<meta name=\"twitter:data1\" content=\"Leyda Machado\" \/>\n\t<meta name=\"twitter:label2\" content=\"Est. reading time\" \/>\n\t<meta name=\"twitter:data2\" content=\"6 minutes\" \/>\n<script type=\"application\/ld+json\" class=\"yoast-schema-graph\">{\"@context\":\"https:\\\/\\\/schema.org\",\"@graph\":[{\"@type\":\"Article\",\"@id\":\"https:\\\/\\\/oncubanews.com\\\/en\\\/culture\\\/music-culture\\\/twenty-years-of-locura-azul\\\/#article\",\"isPartOf\":{\"@id\":\"https:\\\/\\\/oncubanews.com\\\/en\\\/culture\\\/music-culture\\\/twenty-years-of-locura-azul\\\/\"},\"author\":{\"name\":\"Leyda Machado\",\"@id\":\"https:\\\/\\\/oncubanews.com\\\/en\\\/#\\\/schema\\\/person\\\/4ed2ff55862c6f61bdb80492c44ffabf\"},\"headline\":\"Twenty years of \u201cLocura Azul\u201d\",\"datePublished\":\"2017-02-06T11:00:03+00:00\",\"dateModified\":\"2017-02-06T14:37:19+00:00\",\"mainEntityOfPage\":{\"@id\":\"https:\\\/\\\/oncubanews.com\\\/en\\\/culture\\\/music-culture\\\/twenty-years-of-locura-azul\\\/\"},\"wordCount\":1140,\"commentCount\":0,\"image\":{\"@id\":\"https:\\\/\\\/oncubanews.com\\\/en\\\/culture\\\/music-culture\\\/twenty-years-of-locura-azul\\\/#primaryimage\"},\"thumbnailUrl\":\"https:\\\/\\\/oncubanews.com\\\/en\\\/wp-content\\\/uploads\\\/2017\\\/02\\\/Los-Zafiros-1-1-755x490-1.jpg\",\"articleSection\":[\"Music\"],\"inLanguage\":\"en-US\",\"potentialAction\":[{\"@type\":\"CommentAction\",\"name\":\"Comment\",\"target\":[\"https:\\\/\\\/oncubanews.com\\\/en\\\/culture\\\/music-culture\\\/twenty-years-of-locura-azul\\\/#respond\"]}],\"copyrightYear\":\"2017\",\"copyrightHolder\":{\"@id\":\"https:\\\/\\\/oncubanews.com\\\/en\\\/#organization\"}},{\"@type\":\"WebPage\",\"@id\":\"https:\\\/\\\/oncubanews.com\\\/en\\\/culture\\\/music-culture\\\/twenty-years-of-locura-azul\\\/\",\"url\":\"https:\\\/\\\/oncubanews.com\\\/en\\\/culture\\\/music-culture\\\/twenty-years-of-locura-azul\\\/\",\"name\":\"Twenty years of \u201cLocura Azul\u201d | OnCubaNews English\",\"isPartOf\":{\"@id\":\"https:\\\/\\\/oncubanews.com\\\/en\\\/#website\"},\"primaryImageOfPage\":{\"@id\":\"https:\\\/\\\/oncubanews.com\\\/en\\\/culture\\\/music-culture\\\/twenty-years-of-locura-azul\\\/#primaryimage\"},\"image\":{\"@id\":\"https:\\\/\\\/oncubanews.com\\\/en\\\/culture\\\/music-culture\\\/twenty-years-of-locura-azul\\\/#primaryimage\"},\"thumbnailUrl\":\"https:\\\/\\\/oncubanews.com\\\/en\\\/wp-content\\\/uploads\\\/2017\\\/02\\\/Los-Zafiros-1-1-755x490-1.jpg\",\"datePublished\":\"2017-02-06T11:00:03+00:00\",\"dateModified\":\"2017-02-06T14:37:19+00:00\",\"author\":{\"@id\":\"https:\\\/\\\/oncubanews.com\\\/en\\\/#\\\/schema\\\/person\\\/4ed2ff55862c6f61bdb80492c44ffabf\"},\"breadcrumb\":{\"@id\":\"https:\\\/\\\/oncubanews.com\\\/en\\\/culture\\\/music-culture\\\/twenty-years-of-locura-azul\\\/#breadcrumb\"},\"inLanguage\":\"en-US\",\"potentialAction\":[{\"@type\":\"ReadAction\",\"target\":[\"https:\\\/\\\/oncubanews.com\\\/en\\\/culture\\\/music-culture\\\/twenty-years-of-locura-azul\\\/\"]}]},{\"@type\":\"ImageObject\",\"inLanguage\":\"en-US\",\"@id\":\"https:\\\/\\\/oncubanews.com\\\/en\\\/culture\\\/music-culture\\\/twenty-years-of-locura-azul\\\/#primaryimage\",\"url\":\"https:\\\/\\\/oncubanews.com\\\/en\\\/wp-content\\\/uploads\\\/2017\\\/02\\\/Los-Zafiros-1-1-755x490-1.jpg\",\"contentUrl\":\"https:\\\/\\\/oncubanews.com\\\/en\\\/wp-content\\\/uploads\\\/2017\\\/02\\\/Los-Zafiros-1-1-755x490-1.jpg\",\"width\":755,\"height\":490},{\"@type\":\"BreadcrumbList\",\"@id\":\"https:\\\/\\\/oncubanews.com\\\/en\\\/culture\\\/music-culture\\\/twenty-years-of-locura-azul\\\/#breadcrumb\",\"itemListElement\":[{\"@type\":\"ListItem\",\"position\":1,\"name\":\"Portada\",\"item\":\"https:\\\/\\\/oncubanews.com\\\/en\\\/\"},{\"@type\":\"ListItem\",\"position\":2,\"name\":\"Twenty years of \u201cLocura Azul\u201d\"}]},{\"@type\":\"WebSite\",\"@id\":\"https:\\\/\\\/oncubanews.com\\\/en\\\/#website\",\"url\":\"https:\\\/\\\/oncubanews.com\\\/en\\\/\",\"name\":\"OnCubaNews English\",\"description\":\"Revista sobre Cuba\",\"potentialAction\":[{\"@type\":\"SearchAction\",\"target\":{\"@type\":\"EntryPoint\",\"urlTemplate\":\"https:\\\/\\\/oncubanews.com\\\/en\\\/?s={search_term_string}\"},\"query-input\":{\"@type\":\"PropertyValueSpecification\",\"valueRequired\":true,\"valueName\":\"search_term_string\"}}],\"inLanguage\":\"en-US\"},{\"@type\":\"Person\",\"@id\":\"https:\\\/\\\/oncubanews.com\\\/en\\\/#\\\/schema\\\/person\\\/4ed2ff55862c6f61bdb80492c44ffabf\",\"name\":\"Leyda Machado\",\"image\":{\"@type\":\"ImageObject\",\"inLanguage\":\"en-US\",\"@id\":\"https:\\\/\\\/oncubanews.com\\\/wp-content\\\/uploads\\\/2014\\\/09\\\/Leyda-Machado_avatar_1410212738-96x96.jpgbc355193b98fc91a50ffccb85b1dc0b9\",\"url\":\"https:\\\/\\\/oncubanews.com\\\/wp-content\\\/uploads\\\/2014\\\/09\\\/Leyda-Machado_avatar_1410212738-96x96.jpg\",\"contentUrl\":\"https:\\\/\\\/oncubanews.com\\\/wp-content\\\/uploads\\\/2014\\\/09\\\/Leyda-Machado_avatar_1410212738-96x96.jpg\",\"caption\":\"Leyda Machado\"},\"url\":\"https:\\\/\\\/oncubanews.com\\\/en\\\/author\\\/leyda-machado\\\/\"}]}<\/script>\n<!-- \/ Yoast SEO plugin. -->","yoast_head_json":{"title":"Twenty years of \u201cLocura Azul\u201d | OnCubaNews English","robots":{"index":"index","follow":"follow","max-snippet":"max-snippet:-1","max-image-preview":"max-image-preview:large","max-video-preview":"max-video-preview:-1"},"canonical":"https:\/\/oncubanews.com\/en\/culture\/music-culture\/twenty-years-of-locura-azul\/","og_locale":"en_US","og_type":"article","og_title":"Twenty years of \u201cLocura Azul\u201d | OnCubaNews English","og_description":"B\u00e1rbaro Mar\u00edn, N\u00e9stor Jim\u00e9nez, Luis Alberto Garc\u00eda and Sirio Soto are Los Zafiros of the Cuban film. Four very young actors seated at a bar talk about the group being formed and about what to name it. \u00a0Thinking about precious stones the name zafiro (sapphire) comes up and thus the quartet was baptized. It is [&hellip;]","og_url":"https:\/\/oncubanews.com\/en\/culture\/music-culture\/twenty-years-of-locura-azul\/","og_site_name":"OnCubaNews English","article_published_time":"2017-02-06T11:00:03+00:00","article_modified_time":"2017-02-06T14:37:19+00:00","og_image":[{"width":755,"height":490,"url":"https:\/\/oncubanews.com\/en\/wp-content\/uploads\/2017\/02\/Los-Zafiros-1-1-755x490-1.jpg","type":"image\/jpeg"}],"author":"Leyda Machado, leyda.machado","twitter_card":"summary_large_image","twitter_misc":{"Written by":"Leyda Machado","Est. reading time":"6 minutes"},"schema":{"@context":"https:\/\/schema.org","@graph":[{"@type":"Article","@id":"https:\/\/oncubanews.com\/en\/culture\/music-culture\/twenty-years-of-locura-azul\/#article","isPartOf":{"@id":"https:\/\/oncubanews.com\/en\/culture\/music-culture\/twenty-years-of-locura-azul\/"},"author":{"name":"Leyda Machado","@id":"https:\/\/oncubanews.com\/en\/#\/schema\/person\/4ed2ff55862c6f61bdb80492c44ffabf"},"headline":"Twenty years of \u201cLocura Azul\u201d","datePublished":"2017-02-06T11:00:03+00:00","dateModified":"2017-02-06T14:37:19+00:00","mainEntityOfPage":{"@id":"https:\/\/oncubanews.com\/en\/culture\/music-culture\/twenty-years-of-locura-azul\/"},"wordCount":1140,"commentCount":0,"image":{"@id":"https:\/\/oncubanews.com\/en\/culture\/music-culture\/twenty-years-of-locura-azul\/#primaryimage"},"thumbnailUrl":"https:\/\/oncubanews.com\/en\/wp-content\/uploads\/2017\/02\/Los-Zafiros-1-1-755x490-1.jpg","articleSection":["Music"],"inLanguage":"en-US","potentialAction":[{"@type":"CommentAction","name":"Comment","target":["https:\/\/oncubanews.com\/en\/culture\/music-culture\/twenty-years-of-locura-azul\/#respond"]}],"copyrightYear":"2017","copyrightHolder":{"@id":"https:\/\/oncubanews.com\/en\/#organization"}},{"@type":"WebPage","@id":"https:\/\/oncubanews.com\/en\/culture\/music-culture\/twenty-years-of-locura-azul\/","url":"https:\/\/oncubanews.com\/en\/culture\/music-culture\/twenty-years-of-locura-azul\/","name":"Twenty years of \u201cLocura Azul\u201d | OnCubaNews English","isPartOf":{"@id":"https:\/\/oncubanews.com\/en\/#website"},"primaryImageOfPage":{"@id":"https:\/\/oncubanews.com\/en\/culture\/music-culture\/twenty-years-of-locura-azul\/#primaryimage"},"image":{"@id":"https:\/\/oncubanews.com\/en\/culture\/music-culture\/twenty-years-of-locura-azul\/#primaryimage"},"thumbnailUrl":"https:\/\/oncubanews.com\/en\/wp-content\/uploads\/2017\/02\/Los-Zafiros-1-1-755x490-1.jpg","datePublished":"2017-02-06T11:00:03+00:00","dateModified":"2017-02-06T14:37:19+00:00","author":{"@id":"https:\/\/oncubanews.com\/en\/#\/schema\/person\/4ed2ff55862c6f61bdb80492c44ffabf"},"breadcrumb":{"@id":"https:\/\/oncubanews.com\/en\/culture\/music-culture\/twenty-years-of-locura-azul\/#breadcrumb"},"inLanguage":"en-US","potentialAction":[{"@type":"ReadAction","target":["https:\/\/oncubanews.com\/en\/culture\/music-culture\/twenty-years-of-locura-azul\/"]}]},{"@type":"ImageObject","inLanguage":"en-US","@id":"https:\/\/oncubanews.com\/en\/culture\/music-culture\/twenty-years-of-locura-azul\/#primaryimage","url":"https:\/\/oncubanews.com\/en\/wp-content\/uploads\/2017\/02\/Los-Zafiros-1-1-755x490-1.jpg","contentUrl":"https:\/\/oncubanews.com\/en\/wp-content\/uploads\/2017\/02\/Los-Zafiros-1-1-755x490-1.jpg","width":755,"height":490},{"@type":"BreadcrumbList","@id":"https:\/\/oncubanews.com\/en\/culture\/music-culture\/twenty-years-of-locura-azul\/#breadcrumb","itemListElement":[{"@type":"ListItem","position":1,"name":"Portada","item":"https:\/\/oncubanews.com\/en\/"},{"@type":"ListItem","position":2,"name":"Twenty years of \u201cLocura Azul\u201d"}]},{"@type":"WebSite","@id":"https:\/\/oncubanews.com\/en\/#website","url":"https:\/\/oncubanews.com\/en\/","name":"OnCubaNews English","description":"Revista sobre Cuba","potentialAction":[{"@type":"SearchAction","target":{"@type":"EntryPoint","urlTemplate":"https:\/\/oncubanews.com\/en\/?s={search_term_string}"},"query-input":{"@type":"PropertyValueSpecification","valueRequired":true,"valueName":"search_term_string"}}],"inLanguage":"en-US"},{"@type":"Person","@id":"https:\/\/oncubanews.com\/en\/#\/schema\/person\/4ed2ff55862c6f61bdb80492c44ffabf","name":"Leyda Machado","image":{"@type":"ImageObject","inLanguage":"en-US","@id":"https:\/\/oncubanews.com\/wp-content\/uploads\/2014\/09\/Leyda-Machado_avatar_1410212738-96x96.jpgbc355193b98fc91a50ffccb85b1dc0b9","url":"https:\/\/oncubanews.com\/wp-content\/uploads\/2014\/09\/Leyda-Machado_avatar_1410212738-96x96.jpg","contentUrl":"https:\/\/oncubanews.com\/wp-content\/uploads\/2014\/09\/Leyda-Machado_avatar_1410212738-96x96.jpg","caption":"Leyda Machado"},"url":"https:\/\/oncubanews.com\/en\/author\/leyda-machado\/"}]}},"authors":[{"term_id":33773,"user_id":3107,"is_guest":0,"slug":"leyda-machado","display_name":"Leyda Machado","avatar_url":"https:\/\/oncubanews.com\/wp-content\/uploads\/2014\/09\/Leyda-Machado_avatar_1410212738-96x96.jpg","0":null,"1":"","2":"","3":"","4":"","5":"","6":"","7":"","8":""},{"term_id":7764,"user_id":0,"is_guest":1,"slug":"cap-leyda-machado","display_name":"leyda.machado","avatar_url":"https:\/\/secure.gravatar.com\/avatar\/?s=96&r=g","0":null,"1":"","2":"","3":"","4":"","5":"","6":"","7":"","8":""}],"_links":{"self":[{"href":"https:\/\/oncubanews.com\/en\/wp-json\/wp\/v2\/posts\/86121","targetHints":{"allow":["GET"]}}],"collection":[{"href":"https:\/\/oncubanews.com\/en\/wp-json\/wp\/v2\/posts"}],"about":[{"href":"https:\/\/oncubanews.com\/en\/wp-json\/wp\/v2\/types\/post"}],"author":[{"embeddable":true,"href":"https:\/\/oncubanews.com\/en\/wp-json\/wp\/v2\/users\/3107"}],"replies":[{"embeddable":true,"href":"https:\/\/oncubanews.com\/en\/wp-json\/wp\/v2\/comments?post=86121"}],"version-history":[{"count":0,"href":"https:\/\/oncubanews.com\/en\/wp-json\/wp\/v2\/posts\/86121\/revisions"}],"wp:featuredmedia":[{"embeddable":true,"href":"https:\/\/oncubanews.com\/en\/wp-json\/wp\/v2\/media\/86130"}],"wp:attachment":[{"href":"https:\/\/oncubanews.com\/en\/wp-json\/wp\/v2\/media?parent=86121"}],"wp:term":[{"taxonomy":"category","embeddable":true,"href":"https:\/\/oncubanews.com\/en\/wp-json\/wp\/v2\/categories?post=86121"},{"taxonomy":"post_tag","embeddable":true,"href":"https:\/\/oncubanews.com\/en\/wp-json\/wp\/v2\/tags?post=86121"},{"taxonomy":"author","embeddable":true,"href":"https:\/\/oncubanews.com\/en\/wp-json\/wp\/v2\/ppma_author?post=86121"}],"curies":[{"name":"wp","href":"https:\/\/api.w.org\/{rel}","templated":true}]}}