
{"id":86814,"date":"2017-02-14T13:00:34","date_gmt":"2017-02-14T18:00:34","guid":{"rendered":"http:\/\/oncubamagazine.com\/?p=86814"},"modified":"2017-02-14T13:57:46","modified_gmt":"2017-02-14T18:57:46","slug":"frank-del-rio-the-cruise-man","status":"publish","type":"post","link":"https:\/\/oncubanews.com\/en\/cuba\/economy\/cuban-economy\/frank-del-rio-the-cruise-man\/","title":{"rendered":"Frank del R\u00edo, the Cruise Man"},"content":{"rendered":"<p>Barely a year ago, Frank del R\u00edo returned to Havana, which he had left on August 22, 1961 and which he had never again visited. The seven-year-old boy\u2019s memory had recorded many things and they started leaping up, one after the other, when touching Havana soil.<\/p>\n<p>The hospital where he had been born and which he had revisited sometimes when sick, his Lawton home on 957 San Francisco, between 19 and 20 streets, an address he knows by heart. The N\u00e1utico Club, Guanabo beach, Jalisco Park, the Malec\u00f3n seaside drive and its car races, his first school\u2026. It\u2019s hard to believe that he could have kept so many memories for more than 50 years, but the details and his eyes when speaking of them leaves no room for doubt.<\/p>\n<p>He has already come back three times since he traveled to Cuba in 2015: \u201cCuba hasn\u2019t developed as it should have for several reasons, among them the blockade, therefore so many things were the same as I had left them, and others were in a bad state. I looked at everything, to see which buildings could be rescued, what can be returned to its glory. Havana continues having a special charm.\u201d<\/p>\n<p>His parents spoke a lot to him about Cuba. His father worked as an accountant for Coca-Cola and his mother was a secretary in a laundry business on the Manzana de G\u00f3mez, but they never again visited Havana. \u201cI\u2019m apolitical, it wasn\u2019t because of that\u2026what happened, happened, and one should let it go. My father, who passed away in May 2016, always wanted to go but the truth is I don\u2019t actually know why we never returned.\u201d<\/p>\n<p>Frank del R\u00edo arrived in the United States and went to live in Connecticut with his parents and when he was 16 they decided to move to Miami. On the first day of high school he sat beside a girl, it seemed as if that empty seat has been set aside for him by fate, because he\u2019s still at her side: they\u2019ve been together for 40 years; she is his wife and the mother of his two children.<\/p>\n<figure id=\"attachment_86827\" aria-describedby=\"caption-attachment-86827\" style=\"width: 800px\" class=\"wp-caption aligncenter\"><a href=\"https:\/\/oncubanews.com\/wp-content\/uploads\/2017\/02\/CUBA-1.jpg\"><img loading=\"lazy\" decoding=\"async\" class=\"size-full wp-image-86827\" src=\"https:\/\/oncubanews.com\/wp-content\/uploads\/2017\/02\/CUBA-1.jpg\" alt=\"Foto: Tim Rubacky\" width=\"800\" height=\"488\" \/><\/a><figcaption id=\"caption-attachment-86827\" class=\"wp-caption-text\">Foto: Tim Rubacky<\/figcaption><\/figure>\n<p><strong>How is it that a Cuban who arrived in the United States at the age of seven has become the CEO (president and executive director) of one of the world\u2019s most famous cruise companies?<\/strong><\/p>\n<p>With a bit of effort and a lot of luck\u2026. The years I spent in Connecticut gave me the spirit to work hard. At that time there was a great deal of discrimination, I was the only one who spoke Spanish, it was very strange for them. I had a lot of fights with other boys because they bullied me for being a Latino. I learned; each experience is useful. I was always competitive, I demonstrated it during my time as an athlete, I got to be the sixth fastest runner of the half mile in the United States, I\u2019ve always been competitive, I\u2019ve always worked hard, I\u2019m not the best in anything, but I compete. My parents used to tell me\u2026\u201cyou\u2019re not better than others and others aren\u2019t better than you.\u201d<\/p>\n<p>I graduated as a public accountant, like my father. I worked in a Fort Lauderdale cruise company that went bankrupt. It\u2019s when those negative things happen that you really learn. That affected me greatly, I spent almost two years out of work, luckily my wife had a job, if not we would have starved to death. I had the opportunity through the French government and French banks that had financed some of that company\u2019s ships to start a cruise company with three small ships. I didn\u2019t have a cent to my name, I mortgaged the house, I used everything I owned on the business and I sought investors and we started Oceania Cruises in January 2003. Three months later the U.S. invasion of Iraq took place, the economy dropped, but we took the risk and competed with other big companies that had many ships. With Carnival that had 100 ships, with Royal that had 50, with Norwegian that had 15\u2026and I with one, but the following year I had two, and on the other three\u2026and that\u2019s how we started growing.<\/p>\n<div id='gallery-1' class='gallery galleryid-86814 gallery-columns-3 gallery-size-large'><figure class='gallery-item'>\n\t\t\t<div class='gallery-icon landscape'>\n\t\t\t\t<a href='https:\/\/oncubanews.com\/en\/wp-content\/uploads\/2017\/02\/Oceania-2-1.jpg'><img loading=\"lazy\" decoding=\"async\" width=\"700\" height=\"486\" src=\"https:\/\/oncubanews.com\/en\/wp-content\/uploads\/2017\/02\/Oceania-2-1.jpg\" class=\"attachment-large size-large\" alt=\"\" \/><\/a>\n\t\t\t<\/div><\/figure><figure class='gallery-item'>\n\t\t\t<div class='gallery-icon landscape'>\n\t\t\t\t<a href='https:\/\/oncubanews.com\/en\/wp-content\/uploads\/2017\/02\/Oceania-3-2.jpg'><img loading=\"lazy\" decoding=\"async\" width=\"700\" height=\"477\" src=\"https:\/\/oncubanews.com\/en\/wp-content\/uploads\/2017\/02\/Oceania-3-2.jpg\" class=\"attachment-large size-large\" alt=\"\" \/><\/a>\n\t\t\t<\/div><\/figure><figure class='gallery-item'>\n\t\t\t<div class='gallery-icon landscape'>\n\t\t\t\t<a href='https:\/\/oncubanews.com\/en\/wp-content\/uploads\/2017\/02\/Oceania-6-1.jpg'><img loading=\"lazy\" decoding=\"async\" width=\"900\" height=\"584\" src=\"https:\/\/oncubanews.com\/en\/wp-content\/uploads\/2017\/02\/Oceania-6-1.jpg\" class=\"attachment-large size-large\" alt=\"\" \/><\/a>\n\t\t\t<\/div><\/figure>\n\t\t<\/div>\n\n<p>In 2007 a very large company from New York (Apollo Management) found out about us, they wanted to enter the cruise business and they bought 58{bb302c39ef77509544c7d3ea992cb94710211e0fa5985a4a3940706d9b0380de} of the company for 850 million dollars. At present they are principal shareholders of the company, although my group and I kept part of the shares. In 2008 we bought Regent Seven Seas, the world\u2019s most luxurious ship company. We created the holding Prestige Cruises and managed Oceania and Regent for six years. In 2014, we sold Prestige to Norwegian for 3.3 billion dollars. I had turned 60, I thought I was going to retire because Norwegian had its CEO, but it was only for three weeks. The chairman of Norwegian\u2019s Board asked me to be the CEO of the three companies, I asked him to give two hours to convince Marcia, my wife. I love this job, so I returned. Also for my team and for the person who asked me, who was the same one who in 2007 changed my life.<\/p>\n<p>I remember that moment nine years ago when the purchase of the shares of Oceania Cruises went through. At that time my daughter, who had married, lived with us because we didn\u2019t have money to have another house. Everybody was saving to get a small house for her. My two sons worked with us. When they gave us that check, our life completely changed. That night, my children went out to celebrate, my wife and I ordered a pizza and we celebrated in bed with my 15-month-old grandson Dominique, watching TV.<\/p>\n<p><strong>At the close of 2016 Norwegian signed an agreement to travel to Cuba, in what does this consist? How will the operation be?<\/strong><\/p>\n<p>We\u2019re very happy because the Cuban government approved our three brands; it\u2019s the only company that has all its brands approved. The agreement is until May 31, 2017, we are waiting for the new authorization that, according to what I was told, should be given by the end of January.<\/p>\n<p>We started in March with the first three trips of Oceania; I was very happy that it was with this brand because it was the one I founded. We\u2019re going to arrive with the <em>Marina<\/em> (1,250 passengers), the first we had built for us. In March we will have three Oceania trips that will call in Havana with a two-day and one-night overnight, or sea, stay in the port of Havana.<\/p>\n<p>In April we will have two Regent Seven Seas Mariner cruises (700 passenger ultra-luxury), and in May we will start with five Norwegian Sky cruises, each one for four days. They leave from Miami on a Monday, on Tuesday and Wednesday they will be in Havana, on Thursday on Norwegian\u2019s private island in the Bahamas and on Friday morning they return to Havana.<\/p>\n<p>We have presented a very wide-ranging proposal to Cuba to continue with the Norwegian Sky cruises the rest of the year, each week; Oceania with small ships and with others to go around Cuba. We want Havana for two nights, Cienfuegos, Santiago de Cuba and another in Cuba\u2019s northeastern coast. And many other cruises, for example, when they go from Miami to Los Angeles, instead of going to Key West or Cozumel, that they make a stop in Havana. We proposed some 86 ships from January 1, 2017 to May 31, 2018.<\/p>\n<figure id=\"attachment_86828\" aria-describedby=\"caption-attachment-86828\" style=\"width: 900px\" class=\"wp-caption aligncenter\"><a href=\"https:\/\/oncubanews.com\/wp-content\/uploads\/2017\/02\/Frank-del-R\u00edo2-1.jpg\"><img loading=\"lazy\" decoding=\"async\" class=\"size-full wp-image-86828\" src=\"https:\/\/oncubanews.com\/wp-content\/uploads\/2017\/02\/Frank-del-R\u00edo2-1.jpg\" alt=\"Photos: Osbel Concepci\u00f3n\" width=\"900\" height=\"584\" \/><\/a><figcaption id=\"caption-attachment-86828\" class=\"wp-caption-text\">Photos: Osbel Concepci\u00f3n<\/figcaption><\/figure>\n<p><strong>This company calls in the principal cities of the world, Norwegian has 510 destinations, what does it represent to incorporate Cuba\u2019s cities?<\/strong><\/p>\n<p>It represents an opportunity to diversify the itineraries. The Caribbean represents 45{bb302c39ef77509544c7d3ea992cb94710211e0fa5985a4a3940706d9b0380de} of all Norwegian cruises, a similar number for Carnival and the same number for Royal; because the Caribbean is a nearby destination which can be visited the entire year. Thus, having such a dynamic destination as Cuba\u2026just imagine, the majority of the places in the Caribbean have a single place to visit, Cuba is much more. Havana deserves three days, including Pinar del R\u00edo and Varadero. You have Trinidad, Cienfuegos, Santiago, the cays. Cuba is an amazing country, with nine declared World Heritage Sites by UNESCO. It has mountains, valleys, rivers, lakes, big cities, French, African, Spanish, Russian culture\u2026all that has to be enjoyed and developed. It is a great opportunity; even if I were Polish instead of Cuban\u2026I would continue thinking it\u2019s a great opportunity, the place to develop for the cruise industry. Cuba is perfect\u2026only 200 miles from Miami, 200 miles from Fort Lauderdale, 300 miles from Tampa\u2026it is a long and narrow island, perfect for cruises.<\/p>\n<p><strong>What impact could Cuba\u2019s opening to this industry have for the rest of the Caribbean?<\/strong><\/p>\n<p>The majority of the itineraries that leave from Miami, from Fort Lauderdale and from Tampa, which go to the Caribbean, have to sail the first day in the high seas, have to make an overnight stay in some place, that\u2019s why I believe that instead of being detrimental it will help the rest of the Caribbean. Because they will be in Havana the first day, without sailing too much. Before the distance was greater, to reach Haiti or Mexico. I don\u2019t believe it will be detrimental for the rest of the Caribbean, on the contrary, the cruises to the Caribbean will be greatly enriched with Cuba\u2019s incorporation, and the ships will continue calling in the rest of the ports.<\/p>\n<p><strong>Norwegian\u2019s tourism is high standard, is Cuba prepared for this?<\/strong><\/p>\n<p>Havana is not as developed as it could be, or how it will be in the future, but neither is it as backward as some could think. We go to 510 destinations around the world, Cuba is not the 511th in terms of quality or infrastructure or attractions; I would say that Cuba is at least in the first 20{bb302c39ef77509544c7d3ea992cb94710211e0fa5985a4a3940706d9b0380de}.<\/p>\n<p>Right now there are three cruise terminals in the bay of Havana, two are in a bad state, we want to help to rebuild them, we are requesting a special license from OFAC to be able to do so and the Cuban government wants to work with us in this sense. Only one is working now, the Sierra Maestra terminal, in which only two ships can dock and the capacity is not sufficient. Plus the fact that the Havana Tunnel was built in the 1950s, so it doesn\u2019t have sufficient depth for large-size ships and this generates a limitation for the 2,000 passenger ships; today they can be of 4,000 or 5,000 passengers. Resolving the problem of the Havana Tunnel to make it deeper can take years and a lot of money, that\u2019s why it is important that the other two terminals can function, because, even if they are ships with a smaller capacity, there could be more at the same time, a total of six if the three terminals would be functioning. In addition, the U.S. people are greatly interested in visiting Cuba, and perhaps it is not as convenient as other ports, but neither is it among the worst and I\u2019m sure it will be a very positive experience for them. The ones I have seen in Havana have always looked fascinated.<\/p>\n<div id='gallery-2' class='gallery galleryid-86814 gallery-columns-2 gallery-size-large'><figure class='gallery-item'>\n\t\t\t<div class='gallery-icon landscape'>\n\t\t\t\t<a href='https:\/\/oncubanews.com\/en\/wp-content\/uploads\/2017\/02\/Oceania-5-1.jpg'><img loading=\"lazy\" decoding=\"async\" width=\"900\" height=\"584\" src=\"https:\/\/oncubanews.com\/en\/wp-content\/uploads\/2017\/02\/Oceania-5-1.jpg\" class=\"attachment-large size-large\" alt=\"\" \/><\/a>\n\t\t\t<\/div><\/figure><figure class='gallery-item'>\n\t\t\t<div class='gallery-icon landscape'>\n\t\t\t\t<a href='https:\/\/oncubanews.com\/en\/wp-content\/uploads\/2017\/02\/Oceania-4-1.jpg'><img loading=\"lazy\" decoding=\"async\" width=\"700\" height=\"466\" src=\"https:\/\/oncubanews.com\/en\/wp-content\/uploads\/2017\/02\/Oceania-4-1.jpg\" class=\"attachment-large size-large\" alt=\"\" \/><\/a>\n\t\t\t<\/div><\/figure>\n\t\t<\/div>\n\n<p><strong>Cruise tourism implies a great amount of persons at the same time in the same place, how does Norwegian manage these operations for a real cultural exchange to take place and at the same protect the place being visited?<\/strong><\/p>\n<p>Our clients are generally elderly, educated people interested in culture, in getting to know the place. We will do the same thing in Havana as we do when our ships get to Florence, Rome, Venice, Saint Petersburg, Istanbul, Shanghai. Our clients are more interested in having a cultural exchange than in enjoying the beaches, for example. The museums, the streets, Old Havana, the new UNESCO sites, I believe Cuba is well-prepared to impress these tourists, who are not just about sun and beach or daiquiris. Cuba is the pearl of the Antilles and has a great deal of cultural aspects to offer. Just in Havana we are going to have 17 tours, we don\u2019t want to take 2,000 persons to the same place because then the quality of that experience won\u2019t be good. Cuba has a formidable history to show, it has a particular charm.<\/p>\n<p><strong>For Norwegian it is very important to place travelers in contact with the culture of the place they visit, and I know they put special emphasis on gastronomy, how will this be with Cuba?<\/strong><\/p>\n<p>Especially with Oceania and Regent, one of the most important parts of the cruise is gastronomy. We have kitchens especially to teach guests how to cook and for them it is part of the wealth of the cruise.<\/p>\n<p>One of the things we want, so clients can better experience Cuban culture, is that when the ship is in Cuba the chefs be Cuban; that during the overnight stay Cuban chefs cook Cuban food. That Cuban music is played, that the permanent crew be Cuban: doctors, bartenders, salesclerks\u2026that increases the mutual benefit because it generates job posts in Cuba and for the clients their experience with Cuban culture increases, the trip is enriched.<\/p>\n<p>Nowadays the majority of the crews are Filipino, or from countries in Eastern Europe, the musicians are Rumanian\u2026I don\u2019t know why, but it\u2019s like that. That\u2019s why we have asked for permission to be able to achieve this.<\/p>\n<p><strong>What will this experience leave for the Cubans and the U.S. people?<\/strong><\/p>\n<p>I believe the Cubans will be happy. The Cuban people have nothing against the U.S. people, and vice versa. From what I have seen, I have asked hundreds of people from the U.S. and they are very enthusiastic about visiting Cuba. I believe it will be something positive for commerce, for the economy, and for the U.S. people it is a very attractive place and they will be very respectful clients.<\/p>\n<p>Our ships go to Russia, China, Vietnam, Saudi Arabia\u2026to places where there are more conflicts between both governments and they are successful trips.<\/p>\n<div id='gallery-3' class='gallery galleryid-86814 gallery-columns-3 gallery-size-large'><figure class='gallery-item'>\n\t\t\t<div class='gallery-icon landscape'>\n\t\t\t\t<a href='https:\/\/oncubanews.com\/en\/wp-content\/uploads\/2017\/02\/Oceania-8-1.jpg'><img loading=\"lazy\" decoding=\"async\" width=\"800\" height=\"520\" src=\"https:\/\/oncubanews.com\/en\/wp-content\/uploads\/2017\/02\/Oceania-8-1.jpg\" class=\"attachment-large size-large\" alt=\"\" \/><\/a>\n\t\t\t<\/div><\/figure><figure class='gallery-item'>\n\t\t\t<div class='gallery-icon landscape'>\n\t\t\t\t<a href='https:\/\/oncubanews.com\/en\/wp-content\/uploads\/2017\/02\/oceania-cocina-1.jpg'><img loading=\"lazy\" decoding=\"async\" width=\"900\" height=\"585\" src=\"https:\/\/oncubanews.com\/en\/wp-content\/uploads\/2017\/02\/oceania-cocina-1.jpg\" class=\"attachment-large size-large\" alt=\"\" \/><\/a>\n\t\t\t<\/div><\/figure><figure class='gallery-item'>\n\t\t\t<div class='gallery-icon landscape'>\n\t\t\t\t<a href='https:\/\/oncubanews.com\/en\/wp-content\/uploads\/2017\/02\/Oceania-3-1-1.jpg'><img loading=\"lazy\" decoding=\"async\" width=\"800\" height=\"519\" src=\"https:\/\/oncubanews.com\/en\/wp-content\/uploads\/2017\/02\/Oceania-3-1-1.jpg\" class=\"attachment-large size-large\" alt=\"\" \/><\/a>\n\t\t\t<\/div><\/figure>\n\t\t<\/div>\n\n<p><strong>What has been your experience in terms of business with Cuba?<\/strong><\/p>\n<p>It hasn\u2019t been complicated, it perhaps has taken a bit longer than what we are used to in the United States, but I find that the officials with whom I have met have been intelligent, well-educated, professional. Cuba has some bureaucracy that has to be respected; I suppose with time that will start adapting.<\/p>\n<p><strong>The agreements with Cuba were signed a few days after the electoral victory of Donald Trump and many fear that the recently elected U.S. president will revert the agreements signed between the government of Barack Obama and Havana. Therefore, why sign with such a high risk? What do you expect will happen?<\/strong><\/p>\n<p>You can\u2019t say no to the opportunity. If I had been allowed to enter a single time, I would have taken advantage of it. What Trump will do is not known, but he hasn\u2019t gotten to where he is by being stupid, he isn\u2019t stupid. He\u2019s a billionaire, successful in business, he has gotten to be president of the United States, and I believe his ideology is making business deals. And Cuba wants to do business, the Cuban government doesn\u2019t want the United States to get involved in its domestic policy, it wants to do business. What is missing is that the embargo be lifted to do business, and I believe there\u2019s a great opportunity, in my opinion, for 2018. In 2017 other more domestic things will be at the top of his agenda, but in 2018 he will still have a Republican Congress, in Cuba there will surely be more changes; Ra\u00fal Castro ends his mandate and one of the Helms-Burton Act\u2019s requisites is precisely that there be no Castros in power in Cuba. Thus I think that that in 2018 something positive could happen\u2026and that\u2019s what I expect.<\/p>\n<p><strong>From five years onwards\u2026.<\/strong><\/p>\n<p>It depends on the infrastructure. The U.S. demand is much greater than the capacity Cuba has right now. Any day here in Miami there are up to seven or eight ships, if possible; those seven or eight ships are in Cuba the following day, but it depends on the port infrastructure\u2026only that. Cuba has the highways, the buses, the drivers, the guides, the nine UNESCO sites, what\u2019s missing is a place to park the ships. We are also thinking about being able to anchor, there are many places that do it, I would say that out of 30 or 40{bb302c39ef77509544c7d3ea992cb94710211e0fa5985a4a3940706d9b0380de} of the places where we go ships are anchored, there are no ports, no terminals; the Cuban government is considering that alternative.<\/p>\n<p>Norwegian Cruise Line Holdings Ltd. Is one of the world\u2019s largest cruise companies, it manages the Norwegian Cruise Line, Oceania Cruises and Regent Seven Seas Cruises brands. With several office buildings, thousands of employees, its ships visit 510 ports worldwide. One man heads all that and in his office in Miami you are welcomed by two photos of Havana and some works of art by Cuban artists. For Frank del R\u00edo the United States represents \u201cgreatness.\u201d And Cuba? I ask him. \u201cCuba is my home.\u201d<\/p>\n<p>\u201cI like to collect Cuban visual works of art. Wifredo Lam, Amelia Pel\u00e1ez, V\u00edctor Manuel, Carlos Enr\u00edquez, Abela, Cundo Berm\u00fadez.\u201d<\/p>\n<p>\u201cMy family is Cuban, my wife, my children are married to Cubans\u2026if you ask my grandchildren what they are\u2026they\u2019ll say: Cuban.\u201d<\/p>\n<p>\u201cMy wife and I decorate the ships; we like to choose the rugs, the furniture, the decorations. I personally choose each work of art for each one of the ships.\u201d<\/p>\n<p>\u201cWhen I\u2019m not working I like to\u2026read magazines, newspapers, I enjoy being around my four grandchildren.\u201d<\/p>\n<p>\u201cI love Cuban food, if it were for me I would eat it every day.\u201d<\/p>\n<figure id=\"attachment_86826\" aria-describedby=\"caption-attachment-86826\" style=\"width: 900px\" class=\"wp-caption aligncenter\"><a href=\"https:\/\/oncubanews.com\/wp-content\/uploads\/2017\/02\/Del-R\u00edo-despacho-1.jpg\"><img loading=\"lazy\" decoding=\"async\" class=\"size-full wp-image-86826\" src=\"https:\/\/oncubanews.com\/wp-content\/uploads\/2017\/02\/Del-R\u00edo-despacho-1.jpg\" alt=\"Photos: Osbel Concepci\u00f3n\" width=\"900\" height=\"584\" \/><\/a><figcaption id=\"caption-attachment-86826\" class=\"wp-caption-text\">Photos: Osbel Concepci\u00f3n<\/figcaption><\/figure>\n<h3><strong>Nine Cuban UNESCO World Heritage Sites<\/strong><\/h3>\n<p>Old Havana and its system of fortifications, in Havana<\/p>\n<p>Trinidad and the Valle de los Ingenios, in Sancti Sp\u00edritus<\/p>\n<p>San Pedro de la Roca Castle, in Santiago de Cuba<\/p>\n<p>Desembarco del Granma National Park<\/p>\n<p>Vi\u00f1ales Valley, in Pinar del R\u00edo<\/p>\n<p>Archaeological landscape of the first coffee plantations, in Santiago de Cuba and Guant\u00e1namo<\/p>\n<p>Alejandro de Humboldt National Park, in Guant\u00e1namo and Holgu\u00edn<\/p>\n<p>Urban Historic Center of Cienfuegos<\/p>\n<p>Historic Center of Camag\u00fcey<\/p>\n","protected":false},"excerpt":{"rendered":"<p>Barely a year ago, Frank del R\u00edo returned to Havana, which he had left on August 22, 1961 and which he had never again visited. The seven-year-old boy\u2019s memory had recorded many things and they started leaping up, one after the other, when touching Havana soil. The hospital where he had been born and which [&hellip;]<\/p>\n","protected":false},"author":102,"featured_media":86829,"comment_status":"open","ping_status":"closed","sticky":false,"template":"","format":"standard","meta":{"_acf_changed":false,"footnotes":""},"categories":[13904],"tags":[],"ppma_author":[33570,7667],"class_list":["post-86814","post","type-post","status-publish","format-standard","has-post-thumbnail","hentry","category-cuban-economy"],"acf":[],"yoast_head":"<!-- This site is optimized with the Yoast SEO plugin v27.3 - https:\/\/yoast.com\/product\/yoast-seo-wordpress\/ -->\n<title>Frank del R\u00edo, the Cruise Man | OnCubaNews English<\/title>\n<meta name=\"robots\" content=\"index, follow, max-snippet:-1, max-image-preview:large, max-video-preview:-1\" \/>\n<link rel=\"canonical\" href=\"https:\/\/oncubanews.com\/en\/cuba\/economy\/cuban-economy\/frank-del-rio-the-cruise-man\/\" \/>\n<meta property=\"og:locale\" content=\"en_US\" \/>\n<meta property=\"og:type\" content=\"article\" \/>\n<meta property=\"og:title\" content=\"Frank del R\u00edo, the Cruise Man | OnCubaNews English\" \/>\n<meta property=\"og:description\" content=\"Barely a year ago, Frank del R\u00edo returned to Havana, which he had left on August 22, 1961 and which he had never again visited. The seven-year-old boy\u2019s memory had recorded many things and they started leaping up, one after the other, when touching Havana soil. The hospital where he had been born and which [&hellip;]\" \/>\n<meta property=\"og:url\" content=\"https:\/\/oncubanews.com\/en\/cuba\/economy\/cuban-economy\/frank-del-rio-the-cruise-man\/\" \/>\n<meta property=\"og:site_name\" content=\"OnCubaNews English\" \/>\n<meta property=\"article:published_time\" content=\"2017-02-14T18:00:34+00:00\" \/>\n<meta property=\"article:modified_time\" content=\"2017-02-14T18:57:46+00:00\" \/>\n<meta property=\"og:image\" content=\"https:\/\/oncubanews.com\/en\/wp-content\/uploads\/2017\/02\/Frank-del-R\u00edo-755x490-1.jpg\" \/>\n\t<meta property=\"og:image:width\" content=\"755\" \/>\n\t<meta property=\"og:image:height\" content=\"490\" \/>\n\t<meta property=\"og:image:type\" content=\"image\/jpeg\" \/>\n<meta name=\"author\" content=\"Tahimi Arboleya, tahimi-arboleya\" \/>\n<meta name=\"twitter:card\" content=\"summary_large_image\" \/>\n<meta name=\"twitter:label1\" content=\"Written by\" \/>\n\t<meta name=\"twitter:data1\" content=\"Tahimi Arboleya\" \/>\n\t<meta name=\"twitter:label2\" content=\"Est. reading time\" \/>\n\t<meta name=\"twitter:data2\" content=\"16 minutes\" \/>\n<script type=\"application\/ld+json\" class=\"yoast-schema-graph\">{\"@context\":\"https:\\\/\\\/schema.org\",\"@graph\":[{\"@type\":\"Article\",\"@id\":\"https:\\\/\\\/oncubanews.com\\\/en\\\/cuba\\\/economy\\\/cuban-economy\\\/frank-del-rio-the-cruise-man\\\/#article\",\"isPartOf\":{\"@id\":\"https:\\\/\\\/oncubanews.com\\\/en\\\/cuba\\\/economy\\\/cuban-economy\\\/frank-del-rio-the-cruise-man\\\/\"},\"author\":{\"name\":\"Tahimi Arboleya\",\"@id\":\"https:\\\/\\\/oncubanews.com\\\/en\\\/#\\\/schema\\\/person\\\/ee7b6175f12d35db2950313e8708bc6d\"},\"headline\":\"Frank del R\u00edo, the Cruise Man\",\"datePublished\":\"2017-02-14T18:00:34+00:00\",\"dateModified\":\"2017-02-14T18:57:46+00:00\",\"mainEntityOfPage\":{\"@id\":\"https:\\\/\\\/oncubanews.com\\\/en\\\/cuba\\\/economy\\\/cuban-economy\\\/frank-del-rio-the-cruise-man\\\/\"},\"wordCount\":3213,\"commentCount\":0,\"image\":{\"@id\":\"https:\\\/\\\/oncubanews.com\\\/en\\\/cuba\\\/economy\\\/cuban-economy\\\/frank-del-rio-the-cruise-man\\\/#primaryimage\"},\"thumbnailUrl\":\"https:\\\/\\\/oncubanews.com\\\/en\\\/wp-content\\\/uploads\\\/2017\\\/02\\\/Frank-del-R\u00edo-755x490-1.jpg\",\"articleSection\":[\"Cuban Economy\"],\"inLanguage\":\"en-US\",\"potentialAction\":[{\"@type\":\"CommentAction\",\"name\":\"Comment\",\"target\":[\"https:\\\/\\\/oncubanews.com\\\/en\\\/cuba\\\/economy\\\/cuban-economy\\\/frank-del-rio-the-cruise-man\\\/#respond\"]}],\"copyrightYear\":\"2017\",\"copyrightHolder\":{\"@id\":\"https:\\\/\\\/oncubanews.com\\\/en\\\/#organization\"}},{\"@type\":\"WebPage\",\"@id\":\"https:\\\/\\\/oncubanews.com\\\/en\\\/cuba\\\/economy\\\/cuban-economy\\\/frank-del-rio-the-cruise-man\\\/\",\"url\":\"https:\\\/\\\/oncubanews.com\\\/en\\\/cuba\\\/economy\\\/cuban-economy\\\/frank-del-rio-the-cruise-man\\\/\",\"name\":\"Frank del R\u00edo, the Cruise Man | OnCubaNews English\",\"isPartOf\":{\"@id\":\"https:\\\/\\\/oncubanews.com\\\/en\\\/#website\"},\"primaryImageOfPage\":{\"@id\":\"https:\\\/\\\/oncubanews.com\\\/en\\\/cuba\\\/economy\\\/cuban-economy\\\/frank-del-rio-the-cruise-man\\\/#primaryimage\"},\"image\":{\"@id\":\"https:\\\/\\\/oncubanews.com\\\/en\\\/cuba\\\/economy\\\/cuban-economy\\\/frank-del-rio-the-cruise-man\\\/#primaryimage\"},\"thumbnailUrl\":\"https:\\\/\\\/oncubanews.com\\\/en\\\/wp-content\\\/uploads\\\/2017\\\/02\\\/Frank-del-R\u00edo-755x490-1.jpg\",\"datePublished\":\"2017-02-14T18:00:34+00:00\",\"dateModified\":\"2017-02-14T18:57:46+00:00\",\"author\":{\"@id\":\"https:\\\/\\\/oncubanews.com\\\/en\\\/#\\\/schema\\\/person\\\/ee7b6175f12d35db2950313e8708bc6d\"},\"breadcrumb\":{\"@id\":\"https:\\\/\\\/oncubanews.com\\\/en\\\/cuba\\\/economy\\\/cuban-economy\\\/frank-del-rio-the-cruise-man\\\/#breadcrumb\"},\"inLanguage\":\"en-US\",\"potentialAction\":[{\"@type\":\"ReadAction\",\"target\":[\"https:\\\/\\\/oncubanews.com\\\/en\\\/cuba\\\/economy\\\/cuban-economy\\\/frank-del-rio-the-cruise-man\\\/\"]}]},{\"@type\":\"ImageObject\",\"inLanguage\":\"en-US\",\"@id\":\"https:\\\/\\\/oncubanews.com\\\/en\\\/cuba\\\/economy\\\/cuban-economy\\\/frank-del-rio-the-cruise-man\\\/#primaryimage\",\"url\":\"https:\\\/\\\/oncubanews.com\\\/en\\\/wp-content\\\/uploads\\\/2017\\\/02\\\/Frank-del-R\u00edo-755x490-1.jpg\",\"contentUrl\":\"https:\\\/\\\/oncubanews.com\\\/en\\\/wp-content\\\/uploads\\\/2017\\\/02\\\/Frank-del-R\u00edo-755x490-1.jpg\",\"width\":755,\"height\":490,\"caption\":\"CEO of Norwegian Cruises. Photos: Osbel Concepci\u00f3n\"},{\"@type\":\"BreadcrumbList\",\"@id\":\"https:\\\/\\\/oncubanews.com\\\/en\\\/cuba\\\/economy\\\/cuban-economy\\\/frank-del-rio-the-cruise-man\\\/#breadcrumb\",\"itemListElement\":[{\"@type\":\"ListItem\",\"position\":1,\"name\":\"Portada\",\"item\":\"https:\\\/\\\/oncubanews.com\\\/en\\\/\"},{\"@type\":\"ListItem\",\"position\":2,\"name\":\"Frank del R\u00edo, the Cruise Man\"}]},{\"@type\":\"WebSite\",\"@id\":\"https:\\\/\\\/oncubanews.com\\\/en\\\/#website\",\"url\":\"https:\\\/\\\/oncubanews.com\\\/en\\\/\",\"name\":\"OnCubaNews English\",\"description\":\"Revista sobre Cuba\",\"potentialAction\":[{\"@type\":\"SearchAction\",\"target\":{\"@type\":\"EntryPoint\",\"urlTemplate\":\"https:\\\/\\\/oncubanews.com\\\/en\\\/?s={search_term_string}\"},\"query-input\":{\"@type\":\"PropertyValueSpecification\",\"valueRequired\":true,\"valueName\":\"search_term_string\"}}],\"inLanguage\":\"en-US\"},{\"@type\":\"Person\",\"@id\":\"https:\\\/\\\/oncubanews.com\\\/en\\\/#\\\/schema\\\/person\\\/ee7b6175f12d35db2950313e8708bc6d\",\"name\":\"Tahimi Arboleya\",\"image\":{\"@type\":\"ImageObject\",\"inLanguage\":\"en-US\",\"@id\":\"https:\\\/\\\/oncubanews.com\\\/wp-content\\\/uploads\\\/2015\\\/09\\\/Tahimi-Arboleya_avatar_1443653411-96x96.jpg4ca44cdfa9382904416c539a655f9593\",\"url\":\"https:\\\/\\\/oncubanews.com\\\/wp-content\\\/uploads\\\/2015\\\/09\\\/Tahimi-Arboleya_avatar_1443653411-96x96.jpg\",\"contentUrl\":\"https:\\\/\\\/oncubanews.com\\\/wp-content\\\/uploads\\\/2015\\\/09\\\/Tahimi-Arboleya_avatar_1443653411-96x96.jpg\",\"caption\":\"Tahimi Arboleya\"},\"description\":\"Licenciada en Microbiolog\u00eda, Universidad de La Habana. M\u00e1ster en Comunicaci\u00f3n.\",\"url\":\"https:\\\/\\\/oncubanews.com\\\/en\\\/author\\\/tahimiarboleya\\\/\"}]}<\/script>\n<!-- \/ Yoast SEO plugin. -->","yoast_head_json":{"title":"Frank del R\u00edo, the Cruise Man | OnCubaNews English","robots":{"index":"index","follow":"follow","max-snippet":"max-snippet:-1","max-image-preview":"max-image-preview:large","max-video-preview":"max-video-preview:-1"},"canonical":"https:\/\/oncubanews.com\/en\/cuba\/economy\/cuban-economy\/frank-del-rio-the-cruise-man\/","og_locale":"en_US","og_type":"article","og_title":"Frank del R\u00edo, the Cruise Man | OnCubaNews English","og_description":"Barely a year ago, Frank del R\u00edo returned to Havana, which he had left on August 22, 1961 and which he had never again visited. The seven-year-old boy\u2019s memory had recorded many things and they started leaping up, one after the other, when touching Havana soil. The hospital where he had been born and which [&hellip;]","og_url":"https:\/\/oncubanews.com\/en\/cuba\/economy\/cuban-economy\/frank-del-rio-the-cruise-man\/","og_site_name":"OnCubaNews English","article_published_time":"2017-02-14T18:00:34+00:00","article_modified_time":"2017-02-14T18:57:46+00:00","og_image":[{"width":755,"height":490,"url":"https:\/\/oncubanews.com\/en\/wp-content\/uploads\/2017\/02\/Frank-del-R\u00edo-755x490-1.jpg","type":"image\/jpeg"}],"author":"Tahimi Arboleya, tahimi-arboleya","twitter_card":"summary_large_image","twitter_misc":{"Written by":"Tahimi Arboleya","Est. reading time":"16 minutes"},"schema":{"@context":"https:\/\/schema.org","@graph":[{"@type":"Article","@id":"https:\/\/oncubanews.com\/en\/cuba\/economy\/cuban-economy\/frank-del-rio-the-cruise-man\/#article","isPartOf":{"@id":"https:\/\/oncubanews.com\/en\/cuba\/economy\/cuban-economy\/frank-del-rio-the-cruise-man\/"},"author":{"name":"Tahimi Arboleya","@id":"https:\/\/oncubanews.com\/en\/#\/schema\/person\/ee7b6175f12d35db2950313e8708bc6d"},"headline":"Frank del R\u00edo, the Cruise Man","datePublished":"2017-02-14T18:00:34+00:00","dateModified":"2017-02-14T18:57:46+00:00","mainEntityOfPage":{"@id":"https:\/\/oncubanews.com\/en\/cuba\/economy\/cuban-economy\/frank-del-rio-the-cruise-man\/"},"wordCount":3213,"commentCount":0,"image":{"@id":"https:\/\/oncubanews.com\/en\/cuba\/economy\/cuban-economy\/frank-del-rio-the-cruise-man\/#primaryimage"},"thumbnailUrl":"https:\/\/oncubanews.com\/en\/wp-content\/uploads\/2017\/02\/Frank-del-R\u00edo-755x490-1.jpg","articleSection":["Cuban Economy"],"inLanguage":"en-US","potentialAction":[{"@type":"CommentAction","name":"Comment","target":["https:\/\/oncubanews.com\/en\/cuba\/economy\/cuban-economy\/frank-del-rio-the-cruise-man\/#respond"]}],"copyrightYear":"2017","copyrightHolder":{"@id":"https:\/\/oncubanews.com\/en\/#organization"}},{"@type":"WebPage","@id":"https:\/\/oncubanews.com\/en\/cuba\/economy\/cuban-economy\/frank-del-rio-the-cruise-man\/","url":"https:\/\/oncubanews.com\/en\/cuba\/economy\/cuban-economy\/frank-del-rio-the-cruise-man\/","name":"Frank del R\u00edo, the Cruise Man | OnCubaNews English","isPartOf":{"@id":"https:\/\/oncubanews.com\/en\/#website"},"primaryImageOfPage":{"@id":"https:\/\/oncubanews.com\/en\/cuba\/economy\/cuban-economy\/frank-del-rio-the-cruise-man\/#primaryimage"},"image":{"@id":"https:\/\/oncubanews.com\/en\/cuba\/economy\/cuban-economy\/frank-del-rio-the-cruise-man\/#primaryimage"},"thumbnailUrl":"https:\/\/oncubanews.com\/en\/wp-content\/uploads\/2017\/02\/Frank-del-R\u00edo-755x490-1.jpg","datePublished":"2017-02-14T18:00:34+00:00","dateModified":"2017-02-14T18:57:46+00:00","author":{"@id":"https:\/\/oncubanews.com\/en\/#\/schema\/person\/ee7b6175f12d35db2950313e8708bc6d"},"breadcrumb":{"@id":"https:\/\/oncubanews.com\/en\/cuba\/economy\/cuban-economy\/frank-del-rio-the-cruise-man\/#breadcrumb"},"inLanguage":"en-US","potentialAction":[{"@type":"ReadAction","target":["https:\/\/oncubanews.com\/en\/cuba\/economy\/cuban-economy\/frank-del-rio-the-cruise-man\/"]}]},{"@type":"ImageObject","inLanguage":"en-US","@id":"https:\/\/oncubanews.com\/en\/cuba\/economy\/cuban-economy\/frank-del-rio-the-cruise-man\/#primaryimage","url":"https:\/\/oncubanews.com\/en\/wp-content\/uploads\/2017\/02\/Frank-del-R\u00edo-755x490-1.jpg","contentUrl":"https:\/\/oncubanews.com\/en\/wp-content\/uploads\/2017\/02\/Frank-del-R\u00edo-755x490-1.jpg","width":755,"height":490,"caption":"CEO of Norwegian Cruises. Photos: Osbel Concepci\u00f3n"},{"@type":"BreadcrumbList","@id":"https:\/\/oncubanews.com\/en\/cuba\/economy\/cuban-economy\/frank-del-rio-the-cruise-man\/#breadcrumb","itemListElement":[{"@type":"ListItem","position":1,"name":"Portada","item":"https:\/\/oncubanews.com\/en\/"},{"@type":"ListItem","position":2,"name":"Frank del R\u00edo, the Cruise Man"}]},{"@type":"WebSite","@id":"https:\/\/oncubanews.com\/en\/#website","url":"https:\/\/oncubanews.com\/en\/","name":"OnCubaNews English","description":"Revista sobre Cuba","potentialAction":[{"@type":"SearchAction","target":{"@type":"EntryPoint","urlTemplate":"https:\/\/oncubanews.com\/en\/?s={search_term_string}"},"query-input":{"@type":"PropertyValueSpecification","valueRequired":true,"valueName":"search_term_string"}}],"inLanguage":"en-US"},{"@type":"Person","@id":"https:\/\/oncubanews.com\/en\/#\/schema\/person\/ee7b6175f12d35db2950313e8708bc6d","name":"Tahimi Arboleya","image":{"@type":"ImageObject","inLanguage":"en-US","@id":"https:\/\/oncubanews.com\/wp-content\/uploads\/2015\/09\/Tahimi-Arboleya_avatar_1443653411-96x96.jpg4ca44cdfa9382904416c539a655f9593","url":"https:\/\/oncubanews.com\/wp-content\/uploads\/2015\/09\/Tahimi-Arboleya_avatar_1443653411-96x96.jpg","contentUrl":"https:\/\/oncubanews.com\/wp-content\/uploads\/2015\/09\/Tahimi-Arboleya_avatar_1443653411-96x96.jpg","caption":"Tahimi Arboleya"},"description":"Licenciada en Microbiolog\u00eda, Universidad de La Habana. M\u00e1ster en Comunicaci\u00f3n.","url":"https:\/\/oncubanews.com\/en\/author\/tahimiarboleya\/"}]}},"authors":[{"term_id":33570,"user_id":102,"is_guest":0,"slug":"tahimiarboleya","display_name":"Tahimi Arboleya","avatar_url":"https:\/\/oncubanews.com\/wp-content\/uploads\/2015\/09\/Tahimi-Arboleya_avatar_1443653411-96x96.jpg","0":null,"1":"","2":"","3":"","4":"","5":"","6":"","7":"","8":""},{"term_id":7667,"user_id":0,"is_guest":1,"slug":"cap-tahimi-arboleya","display_name":"tahimi-arboleya","avatar_url":"https:\/\/secure.gravatar.com\/avatar\/?s=96&r=g","0":null,"1":"","2":"","3":"","4":"","5":"","6":"","7":"","8":""}],"_links":{"self":[{"href":"https:\/\/oncubanews.com\/en\/wp-json\/wp\/v2\/posts\/86814","targetHints":{"allow":["GET"]}}],"collection":[{"href":"https:\/\/oncubanews.com\/en\/wp-json\/wp\/v2\/posts"}],"about":[{"href":"https:\/\/oncubanews.com\/en\/wp-json\/wp\/v2\/types\/post"}],"author":[{"embeddable":true,"href":"https:\/\/oncubanews.com\/en\/wp-json\/wp\/v2\/users\/102"}],"replies":[{"embeddable":true,"href":"https:\/\/oncubanews.com\/en\/wp-json\/wp\/v2\/comments?post=86814"}],"version-history":[{"count":0,"href":"https:\/\/oncubanews.com\/en\/wp-json\/wp\/v2\/posts\/86814\/revisions"}],"wp:featuredmedia":[{"embeddable":true,"href":"https:\/\/oncubanews.com\/en\/wp-json\/wp\/v2\/media\/86829"}],"wp:attachment":[{"href":"https:\/\/oncubanews.com\/en\/wp-json\/wp\/v2\/media?parent=86814"}],"wp:term":[{"taxonomy":"category","embeddable":true,"href":"https:\/\/oncubanews.com\/en\/wp-json\/wp\/v2\/categories?post=86814"},{"taxonomy":"post_tag","embeddable":true,"href":"https:\/\/oncubanews.com\/en\/wp-json\/wp\/v2\/tags?post=86814"},{"taxonomy":"author","embeddable":true,"href":"https:\/\/oncubanews.com\/en\/wp-json\/wp\/v2\/ppma_author?post=86814"}],"curies":[{"name":"wp","href":"https:\/\/api.w.org\/{rel}","templated":true}]}}