
{"id":87146,"date":"2017-02-18T06:00:18","date_gmt":"2017-02-18T11:00:18","guid":{"rendered":"http:\/\/oncubamagazine.com\/?p=87146"},"modified":"2018-10-02T22:17:02","modified_gmt":"2018-10-03T02:17:02","slug":"vestiphobia-cuba-fashion-extravaganza","status":"publish","type":"post","link":"https:\/\/oncubanews.com\/en\/culture\/vestiphobia-cuba-fashion-extravaganza\/","title":{"rendered":"Vestiphobia Cuba, a fashion extravaganza"},"content":{"rendered":"<p>F\u00e1brica de Arte Cubano (FAC) will dress up this February as Vestiphobia, a fine and experimental New York vision of fashion that has come to collaborate with Cuban artists in the creation of alternative clothes that question the so-called ready-to-wear line that has invaded the world.<\/p>\n<p>The initiative is being boosted by three New York creators: Willard Morgan, Uta Bekaia and Steve Fagin under the wings of Ideal Glass.<\/p>\n<p>Morgan, creator of the Ideal Glass Gallery, has a long relationship with Cuba. The U.S. artist has participated in events like the Jazz Plaza Festival and the International New Latin American Film Festival, and is a founding member of the No-Budget Gibara Film Festival.<\/p>\n<figure id=\"attachment_87212\" aria-describedby=\"caption-attachment-87212\" style=\"width: 1376px\" class=\"wp-caption aligncenter\"><a href=\"https:\/\/oncubanews.com\/wp-content\/uploads\/2017\/02\/Suggestion1.jpg\"><img loading=\"lazy\" decoding=\"async\" width=\"1376\" height=\"654\" class=\"size-full wp-image-87212\" src=\"https:\/\/oncubanews.com\/wp-content\/uploads\/2017\/02\/Suggestion1.jpg\" alt=\"Photo: Vestiphobia.org\" \/><\/a><figcaption id=\"caption-attachment-87212\" class=\"wp-caption-text\">Photo: Vestiphobia.org<\/figcaption><\/figure>\n<p>In essence, the Morgan-Bekaia-Fagin trio landed in Havana with a four-act extravaganza show that \u201csurgically cuts pieces from dance, performance, sculptural wardrobe, cinema and music\u201d and in which clothes will be the star.<\/p>\n<p>According to its organizers, Vestiphobia focuses on that contradictory nature of dressing not only as a need but also as \u201ca luxury, a shield and even a weapon.\u201d The show combines experimental fashion, video art, music, dance and autobiographical narrative to entertain and enrich our understanding of clothes throughout time.<\/p>\n<p>Grettel Carbo, the producer of Vestiphobia, began this collaboration with F\u00e1brica de Arte Cubano taking in account the conditions of this artistic, varied, open and totally dynamic space with access to a local and international public mainly interested in music and visual art.<\/p>\n<figure id=\"attachment_87209\" aria-describedby=\"caption-attachment-87209\" style=\"width: 1500px\" class=\"wp-caption aligncenter\"><a href=\"https:\/\/oncubanews.com\/wp-content\/uploads\/2017\/02\/150501_0151.jpg\"><img loading=\"lazy\" decoding=\"async\" width=\"1500\" height=\"999\" class=\"size-full wp-image-87209\" src=\"https:\/\/oncubanews.com\/wp-content\/uploads\/2017\/02\/150501_0151.jpg\" alt=\"Photo: Vestiphobia.org\" \/><\/a><figcaption id=\"caption-attachment-87209\" class=\"wp-caption-text\">Photo: Vestiphobia.org<\/figcaption><\/figure>\n<p>Thus, from February 13 to 22, always from noon to 5:00 p.m., FAC will be the rehearsal place for Vestiphobia with the cast and technical team from Cuba and New York. The public will have access starting February 19 to see the entire process of the show.<\/p>\n<p>The show will be performed in the Section 3 of the installation from February 23 to 26. Clothes by young Cuban designers, by art director and designer Uta Bekaia and designer Margarita Mileva, both from New York, can be appreciated there. The pieces will be made in the sculptural wardrobe workshop of the Galer\u00eda Taller Gorria, located in Old Havana, in a workshop totally open to the public between February 13 and 22.<\/p>\n<p>But Vestiphobia will be much more. Those who approach the project will also enjoy an exhibit of documentaries, video art and biographical films, curated by producers Berta Jottar and Willard Morgan. These materials explore fashion from its manufacturing line to its poetic and cultural meaning.<\/p>\n<figure id=\"attachment_87211\" aria-describedby=\"caption-attachment-87211\" style=\"width: 1500px\" class=\"wp-caption aligncenter\"><a href=\"https:\/\/oncubanews.com\/wp-content\/uploads\/2017\/02\/PhotobyErikaSzostak-2904.jpg\"><img loading=\"lazy\" decoding=\"async\" width=\"1500\" height=\"1000\" class=\"size-full wp-image-87211\" src=\"https:\/\/oncubanews.com\/wp-content\/uploads\/2017\/02\/PhotobyErikaSzostak-2904.jpg\" alt=\"Photo: Vestiphobia.org\" \/><\/a><figcaption id=\"caption-attachment-87211\" class=\"wp-caption-text\">Photo: Vestiphobia.org<\/figcaption><\/figure>\n","protected":false},"excerpt":{"rendered":"<p>F\u00e1brica de Arte Cubano (FAC) will dress up this February as Vestiphobia, a fine and experimental New York vision of fashion that has come to collaborate with Cuban artists in the creation of alternative clothes that question the so-called ready-to-wear line that has invaded the world. The initiative is being boosted by three New York [&hellip;]<\/p>\n","protected":false},"author":2280,"featured_media":87210,"comment_status":"open","ping_status":"closed","sticky":false,"template":"","format":"standard","meta":{"_acf_changed":false,"footnotes":""},"categories":[33],"tags":[],"ppma_author":[33656,7357],"class_list":["post-87146","post","type-post","status-publish","format-standard","has-post-thumbnail","hentry","category-culture"],"acf":[],"yoast_head":"<!-- This site is optimized with the Yoast SEO plugin v27.3 - https:\/\/yoast.com\/product\/yoast-seo-wordpress\/ -->\n<title>Vestiphobia Cuba, a fashion extravaganza | OnCubaNews English<\/title>\n<meta name=\"robots\" content=\"index, follow, max-snippet:-1, max-image-preview:large, max-video-preview:-1\" \/>\n<link rel=\"canonical\" href=\"https:\/\/oncubanews.com\/en\/culture\/vestiphobia-cuba-fashion-extravaganza\/\" \/>\n<meta property=\"og:locale\" content=\"en_US\" \/>\n<meta property=\"og:type\" content=\"article\" \/>\n<meta property=\"og:title\" content=\"Vestiphobia Cuba, a fashion extravaganza | OnCubaNews English\" \/>\n<meta property=\"og:description\" content=\"F\u00e1brica de Arte Cubano (FAC) will dress up this February as Vestiphobia, a fine and experimental New York vision of fashion that has come to collaborate with Cuban artists in the creation of alternative clothes that question the so-called ready-to-wear line that has invaded the world. The initiative is being boosted by three New York [&hellip;]\" \/>\n<meta property=\"og:url\" content=\"https:\/\/oncubanews.com\/en\/culture\/vestiphobia-cuba-fashion-extravaganza\/\" \/>\n<meta property=\"og:site_name\" content=\"OnCubaNews English\" \/>\n<meta property=\"article:author\" content=\"https:\/\/www.facebook.com\/yelanysh\" \/>\n<meta property=\"article:published_time\" content=\"2017-02-18T11:00:18+00:00\" \/>\n<meta property=\"article:modified_time\" content=\"2018-10-03T02:17:02+00:00\" \/>\n<meta property=\"og:image\" content=\"https:\/\/oncubanews.com\/en\/wp-content\/uploads\/2017\/02\/12803051_10153891392243911_386247168926005262_n.jpg\" \/>\n\t<meta property=\"og:image:width\" content=\"960\" \/>\n\t<meta property=\"og:image:height\" content=\"673\" \/>\n\t<meta property=\"og:image:type\" content=\"image\/jpeg\" \/>\n<meta name=\"author\" content=\"Yelanys Hern\u00e1ndez Fust\u00e9, synaley\" \/>\n<meta name=\"twitter:card\" content=\"summary_large_image\" \/>\n<meta name=\"twitter:creator\" content=\"@yelanys\" \/>\n<meta name=\"twitter:label1\" content=\"Written by\" \/>\n\t<meta name=\"twitter:data1\" content=\"Yelanys Hern\u00e1ndez Fust\u00e9\" \/>\n\t<meta name=\"twitter:label2\" content=\"Est. reading time\" \/>\n\t<meta name=\"twitter:data2\" content=\"2 minutes\" \/>\n<script type=\"application\/ld+json\" class=\"yoast-schema-graph\">{\"@context\":\"https:\\\/\\\/schema.org\",\"@graph\":[{\"@type\":\"Article\",\"@id\":\"https:\\\/\\\/oncubanews.com\\\/en\\\/culture\\\/vestiphobia-cuba-fashion-extravaganza\\\/#article\",\"isPartOf\":{\"@id\":\"https:\\\/\\\/oncubanews.com\\\/en\\\/culture\\\/vestiphobia-cuba-fashion-extravaganza\\\/\"},\"author\":{\"name\":\"Yelanys Hern\u00e1ndez Fust\u00e9\",\"@id\":\"https:\\\/\\\/oncubanews.com\\\/en\\\/#\\\/schema\\\/person\\\/b3fcaebe740e30272b7e3b06a51a2561\"},\"headline\":\"Vestiphobia Cuba, a fashion extravaganza\",\"datePublished\":\"2017-02-18T11:00:18+00:00\",\"dateModified\":\"2018-10-03T02:17:02+00:00\",\"mainEntityOfPage\":{\"@id\":\"https:\\\/\\\/oncubanews.com\\\/en\\\/culture\\\/vestiphobia-cuba-fashion-extravaganza\\\/\"},\"wordCount\":435,\"commentCount\":0,\"image\":{\"@id\":\"https:\\\/\\\/oncubanews.com\\\/en\\\/culture\\\/vestiphobia-cuba-fashion-extravaganza\\\/#primaryimage\"},\"thumbnailUrl\":\"https:\\\/\\\/oncubanews.com\\\/en\\\/wp-content\\\/uploads\\\/2017\\\/02\\\/12803051_10153891392243911_386247168926005262_n.jpg\",\"articleSection\":[\"Culture\"],\"inLanguage\":\"en-US\",\"potentialAction\":[{\"@type\":\"CommentAction\",\"name\":\"Comment\",\"target\":[\"https:\\\/\\\/oncubanews.com\\\/en\\\/culture\\\/vestiphobia-cuba-fashion-extravaganza\\\/#respond\"]}],\"copyrightYear\":\"2017\",\"copyrightHolder\":{\"@id\":\"https:\\\/\\\/oncubanews.com\\\/en\\\/#organization\"}},{\"@type\":\"WebPage\",\"@id\":\"https:\\\/\\\/oncubanews.com\\\/en\\\/culture\\\/vestiphobia-cuba-fashion-extravaganza\\\/\",\"url\":\"https:\\\/\\\/oncubanews.com\\\/en\\\/culture\\\/vestiphobia-cuba-fashion-extravaganza\\\/\",\"name\":\"Vestiphobia Cuba, a fashion extravaganza | OnCubaNews English\",\"isPartOf\":{\"@id\":\"https:\\\/\\\/oncubanews.com\\\/en\\\/#website\"},\"primaryImageOfPage\":{\"@id\":\"https:\\\/\\\/oncubanews.com\\\/en\\\/culture\\\/vestiphobia-cuba-fashion-extravaganza\\\/#primaryimage\"},\"image\":{\"@id\":\"https:\\\/\\\/oncubanews.com\\\/en\\\/culture\\\/vestiphobia-cuba-fashion-extravaganza\\\/#primaryimage\"},\"thumbnailUrl\":\"https:\\\/\\\/oncubanews.com\\\/en\\\/wp-content\\\/uploads\\\/2017\\\/02\\\/12803051_10153891392243911_386247168926005262_n.jpg\",\"datePublished\":\"2017-02-18T11:00:18+00:00\",\"dateModified\":\"2018-10-03T02:17:02+00:00\",\"author\":{\"@id\":\"https:\\\/\\\/oncubanews.com\\\/en\\\/#\\\/schema\\\/person\\\/b3fcaebe740e30272b7e3b06a51a2561\"},\"breadcrumb\":{\"@id\":\"https:\\\/\\\/oncubanews.com\\\/en\\\/culture\\\/vestiphobia-cuba-fashion-extravaganza\\\/#breadcrumb\"},\"inLanguage\":\"en-US\",\"potentialAction\":[{\"@type\":\"ReadAction\",\"target\":[\"https:\\\/\\\/oncubanews.com\\\/en\\\/culture\\\/vestiphobia-cuba-fashion-extravaganza\\\/\"]}]},{\"@type\":\"ImageObject\",\"inLanguage\":\"en-US\",\"@id\":\"https:\\\/\\\/oncubanews.com\\\/en\\\/culture\\\/vestiphobia-cuba-fashion-extravaganza\\\/#primaryimage\",\"url\":\"https:\\\/\\\/oncubanews.com\\\/en\\\/wp-content\\\/uploads\\\/2017\\\/02\\\/12803051_10153891392243911_386247168926005262_n.jpg\",\"contentUrl\":\"https:\\\/\\\/oncubanews.com\\\/en\\\/wp-content\\\/uploads\\\/2017\\\/02\\\/12803051_10153891392243911_386247168926005262_n.jpg\",\"width\":960,\"height\":673,\"caption\":\"Photo: Vestiphobia.org\"},{\"@type\":\"BreadcrumbList\",\"@id\":\"https:\\\/\\\/oncubanews.com\\\/en\\\/culture\\\/vestiphobia-cuba-fashion-extravaganza\\\/#breadcrumb\",\"itemListElement\":[{\"@type\":\"ListItem\",\"position\":1,\"name\":\"Portada\",\"item\":\"https:\\\/\\\/oncubanews.com\\\/en\\\/\"},{\"@type\":\"ListItem\",\"position\":2,\"name\":\"Vestiphobia Cuba, a fashion extravaganza\"}]},{\"@type\":\"WebSite\",\"@id\":\"https:\\\/\\\/oncubanews.com\\\/en\\\/#website\",\"url\":\"https:\\\/\\\/oncubanews.com\\\/en\\\/\",\"name\":\"OnCubaNews English\",\"description\":\"Revista sobre Cuba\",\"potentialAction\":[{\"@type\":\"SearchAction\",\"target\":{\"@type\":\"EntryPoint\",\"urlTemplate\":\"https:\\\/\\\/oncubanews.com\\\/en\\\/?s={search_term_string}\"},\"query-input\":{\"@type\":\"PropertyValueSpecification\",\"valueRequired\":true,\"valueName\":\"search_term_string\"}}],\"inLanguage\":\"en-US\"},{\"@type\":\"Person\",\"@id\":\"https:\\\/\\\/oncubanews.com\\\/en\\\/#\\\/schema\\\/person\\\/b3fcaebe740e30272b7e3b06a51a2561\",\"name\":\"Yelanys Hern\u00e1ndez Fust\u00e9\",\"image\":{\"@type\":\"ImageObject\",\"inLanguage\":\"en-US\",\"@id\":\"https:\\\/\\\/oncubanews.com\\\/wp-content\\\/uploads\\\/2016\\\/09\\\/Yelanys-Hern\u00e1ndez-Fust\u00e9_avatar_1475109559-96x96.jpgde2c2e44ab9425e4019a34c65771d2e7\",\"url\":\"https:\\\/\\\/oncubanews.com\\\/wp-content\\\/uploads\\\/2016\\\/09\\\/Yelanys-Hern\u00e1ndez-Fust\u00e9_avatar_1475109559-96x96.jpg\",\"contentUrl\":\"https:\\\/\\\/oncubanews.com\\\/wp-content\\\/uploads\\\/2016\\\/09\\\/Yelanys-Hern\u00e1ndez-Fust\u00e9_avatar_1475109559-96x96.jpg\",\"caption\":\"Yelanys Hern\u00e1ndez Fust\u00e9\"},\"sameAs\":[\"https:\\\/\\\/www.facebook.com\\\/yelanysh\",\"https:\\\/\\\/x.com\\\/@yelanys\"],\"url\":\"https:\\\/\\\/oncubanews.com\\\/en\\\/author\\\/synaley\\\/\"}]}<\/script>\n<!-- \/ Yoast SEO plugin. -->","yoast_head_json":{"title":"Vestiphobia Cuba, a fashion extravaganza | OnCubaNews English","robots":{"index":"index","follow":"follow","max-snippet":"max-snippet:-1","max-image-preview":"max-image-preview:large","max-video-preview":"max-video-preview:-1"},"canonical":"https:\/\/oncubanews.com\/en\/culture\/vestiphobia-cuba-fashion-extravaganza\/","og_locale":"en_US","og_type":"article","og_title":"Vestiphobia Cuba, a fashion extravaganza | OnCubaNews English","og_description":"F\u00e1brica de Arte Cubano (FAC) will dress up this February as Vestiphobia, a fine and experimental New York vision of fashion that has come to collaborate with Cuban artists in the creation of alternative clothes that question the so-called ready-to-wear line that has invaded the world. The initiative is being boosted by three New York [&hellip;]","og_url":"https:\/\/oncubanews.com\/en\/culture\/vestiphobia-cuba-fashion-extravaganza\/","og_site_name":"OnCubaNews English","article_author":"https:\/\/www.facebook.com\/yelanysh","article_published_time":"2017-02-18T11:00:18+00:00","article_modified_time":"2018-10-03T02:17:02+00:00","og_image":[{"width":960,"height":673,"url":"https:\/\/oncubanews.com\/en\/wp-content\/uploads\/2017\/02\/12803051_10153891392243911_386247168926005262_n.jpg","type":"image\/jpeg"}],"author":"Yelanys Hern\u00e1ndez Fust\u00e9, synaley","twitter_card":"summary_large_image","twitter_creator":"@yelanys","twitter_misc":{"Written by":"Yelanys Hern\u00e1ndez Fust\u00e9","Est. reading time":"2 minutes"},"schema":{"@context":"https:\/\/schema.org","@graph":[{"@type":"Article","@id":"https:\/\/oncubanews.com\/en\/culture\/vestiphobia-cuba-fashion-extravaganza\/#article","isPartOf":{"@id":"https:\/\/oncubanews.com\/en\/culture\/vestiphobia-cuba-fashion-extravaganza\/"},"author":{"name":"Yelanys Hern\u00e1ndez Fust\u00e9","@id":"https:\/\/oncubanews.com\/en\/#\/schema\/person\/b3fcaebe740e30272b7e3b06a51a2561"},"headline":"Vestiphobia Cuba, a fashion extravaganza","datePublished":"2017-02-18T11:00:18+00:00","dateModified":"2018-10-03T02:17:02+00:00","mainEntityOfPage":{"@id":"https:\/\/oncubanews.com\/en\/culture\/vestiphobia-cuba-fashion-extravaganza\/"},"wordCount":435,"commentCount":0,"image":{"@id":"https:\/\/oncubanews.com\/en\/culture\/vestiphobia-cuba-fashion-extravaganza\/#primaryimage"},"thumbnailUrl":"https:\/\/oncubanews.com\/en\/wp-content\/uploads\/2017\/02\/12803051_10153891392243911_386247168926005262_n.jpg","articleSection":["Culture"],"inLanguage":"en-US","potentialAction":[{"@type":"CommentAction","name":"Comment","target":["https:\/\/oncubanews.com\/en\/culture\/vestiphobia-cuba-fashion-extravaganza\/#respond"]}],"copyrightYear":"2017","copyrightHolder":{"@id":"https:\/\/oncubanews.com\/en\/#organization"}},{"@type":"WebPage","@id":"https:\/\/oncubanews.com\/en\/culture\/vestiphobia-cuba-fashion-extravaganza\/","url":"https:\/\/oncubanews.com\/en\/culture\/vestiphobia-cuba-fashion-extravaganza\/","name":"Vestiphobia Cuba, a fashion extravaganza | OnCubaNews English","isPartOf":{"@id":"https:\/\/oncubanews.com\/en\/#website"},"primaryImageOfPage":{"@id":"https:\/\/oncubanews.com\/en\/culture\/vestiphobia-cuba-fashion-extravaganza\/#primaryimage"},"image":{"@id":"https:\/\/oncubanews.com\/en\/culture\/vestiphobia-cuba-fashion-extravaganza\/#primaryimage"},"thumbnailUrl":"https:\/\/oncubanews.com\/en\/wp-content\/uploads\/2017\/02\/12803051_10153891392243911_386247168926005262_n.jpg","datePublished":"2017-02-18T11:00:18+00:00","dateModified":"2018-10-03T02:17:02+00:00","author":{"@id":"https:\/\/oncubanews.com\/en\/#\/schema\/person\/b3fcaebe740e30272b7e3b06a51a2561"},"breadcrumb":{"@id":"https:\/\/oncubanews.com\/en\/culture\/vestiphobia-cuba-fashion-extravaganza\/#breadcrumb"},"inLanguage":"en-US","potentialAction":[{"@type":"ReadAction","target":["https:\/\/oncubanews.com\/en\/culture\/vestiphobia-cuba-fashion-extravaganza\/"]}]},{"@type":"ImageObject","inLanguage":"en-US","@id":"https:\/\/oncubanews.com\/en\/culture\/vestiphobia-cuba-fashion-extravaganza\/#primaryimage","url":"https:\/\/oncubanews.com\/en\/wp-content\/uploads\/2017\/02\/12803051_10153891392243911_386247168926005262_n.jpg","contentUrl":"https:\/\/oncubanews.com\/en\/wp-content\/uploads\/2017\/02\/12803051_10153891392243911_386247168926005262_n.jpg","width":960,"height":673,"caption":"Photo: Vestiphobia.org"},{"@type":"BreadcrumbList","@id":"https:\/\/oncubanews.com\/en\/culture\/vestiphobia-cuba-fashion-extravaganza\/#breadcrumb","itemListElement":[{"@type":"ListItem","position":1,"name":"Portada","item":"https:\/\/oncubanews.com\/en\/"},{"@type":"ListItem","position":2,"name":"Vestiphobia Cuba, a fashion extravaganza"}]},{"@type":"WebSite","@id":"https:\/\/oncubanews.com\/en\/#website","url":"https:\/\/oncubanews.com\/en\/","name":"OnCubaNews English","description":"Revista sobre Cuba","potentialAction":[{"@type":"SearchAction","target":{"@type":"EntryPoint","urlTemplate":"https:\/\/oncubanews.com\/en\/?s={search_term_string}"},"query-input":{"@type":"PropertyValueSpecification","valueRequired":true,"valueName":"search_term_string"}}],"inLanguage":"en-US"},{"@type":"Person","@id":"https:\/\/oncubanews.com\/en\/#\/schema\/person\/b3fcaebe740e30272b7e3b06a51a2561","name":"Yelanys Hern\u00e1ndez Fust\u00e9","image":{"@type":"ImageObject","inLanguage":"en-US","@id":"https:\/\/oncubanews.com\/wp-content\/uploads\/2016\/09\/Yelanys-Hern\u00e1ndez-Fust\u00e9_avatar_1475109559-96x96.jpgde2c2e44ab9425e4019a34c65771d2e7","url":"https:\/\/oncubanews.com\/wp-content\/uploads\/2016\/09\/Yelanys-Hern\u00e1ndez-Fust\u00e9_avatar_1475109559-96x96.jpg","contentUrl":"https:\/\/oncubanews.com\/wp-content\/uploads\/2016\/09\/Yelanys-Hern\u00e1ndez-Fust\u00e9_avatar_1475109559-96x96.jpg","caption":"Yelanys Hern\u00e1ndez Fust\u00e9"},"sameAs":["https:\/\/www.facebook.com\/yelanysh","https:\/\/x.com\/@yelanys"],"url":"https:\/\/oncubanews.com\/en\/author\/synaley\/"}]}},"authors":[{"term_id":33656,"user_id":2280,"is_guest":0,"slug":"synaley","display_name":"Yelanys Hern\u00e1ndez Fust\u00e9","avatar_url":"https:\/\/oncubanews.com\/wp-content\/uploads\/2016\/09\/Yelanys-Hern\u00e1ndez-Fust\u00e9_avatar_1475109559-96x96.jpg","0":null,"1":"","2":"","3":"","4":"","5":"","6":"","7":"","8":""},{"term_id":7357,"user_id":0,"is_guest":1,"slug":"cap-synaley","display_name":"synaley","avatar_url":"https:\/\/secure.gravatar.com\/avatar\/?s=96&r=g","0":null,"1":"","2":"","3":"","4":"","5":"","6":"","7":"","8":""}],"_links":{"self":[{"href":"https:\/\/oncubanews.com\/en\/wp-json\/wp\/v2\/posts\/87146","targetHints":{"allow":["GET"]}}],"collection":[{"href":"https:\/\/oncubanews.com\/en\/wp-json\/wp\/v2\/posts"}],"about":[{"href":"https:\/\/oncubanews.com\/en\/wp-json\/wp\/v2\/types\/post"}],"author":[{"embeddable":true,"href":"https:\/\/oncubanews.com\/en\/wp-json\/wp\/v2\/users\/2280"}],"replies":[{"embeddable":true,"href":"https:\/\/oncubanews.com\/en\/wp-json\/wp\/v2\/comments?post=87146"}],"version-history":[{"count":0,"href":"https:\/\/oncubanews.com\/en\/wp-json\/wp\/v2\/posts\/87146\/revisions"}],"wp:featuredmedia":[{"embeddable":true,"href":"https:\/\/oncubanews.com\/en\/wp-json\/wp\/v2\/media\/87210"}],"wp:attachment":[{"href":"https:\/\/oncubanews.com\/en\/wp-json\/wp\/v2\/media?parent=87146"}],"wp:term":[{"taxonomy":"category","embeddable":true,"href":"https:\/\/oncubanews.com\/en\/wp-json\/wp\/v2\/categories?post=87146"},{"taxonomy":"post_tag","embeddable":true,"href":"https:\/\/oncubanews.com\/en\/wp-json\/wp\/v2\/tags?post=87146"},{"taxonomy":"author","embeddable":true,"href":"https:\/\/oncubanews.com\/en\/wp-json\/wp\/v2\/ppma_author?post=87146"}],"curies":[{"name":"wp","href":"https:\/\/api.w.org\/{rel}","templated":true}]}}