
{"id":93284,"date":"2017-05-12T18:43:56","date_gmt":"2017-05-12T22:43:56","guid":{"rendered":"http:\/\/oncubamagazine.com\/?p=93284"},"modified":"2018-03-02T13:42:01","modified_gmt":"2018-03-02T18:42:01","slug":"billboard-cats-in-the-cuban-way","status":"publish","type":"post","link":"https:\/\/oncubanews.com\/en\/styles-trends\/technologies-of-communication-and-media\/billboard-cats-in-the-cuban-way\/","title":{"rendered":"Billboard: Cats in the Cuban way"},"content":{"rendered":"<p><a href=\"https:\/\/oncubanews.com\/wp-content\/uploads\/2017\/01\/Banners_755-x-145_cubanteather.jpg\"><img loading=\"lazy\" decoding=\"async\" class=\"size-full wp-image-85598 aligncenter\" src=\"https:\/\/oncubanews.com\/wp-content\/uploads\/2017\/01\/Banners_755-x-145_cubanteather.jpg\" alt=\"\" width=\"755\" height=\"145\" \/><\/a><\/p>\n<h3>Cats in the Cuban way<\/h3>\n<p>An adaptation of <em>Cats<\/em>, the musical, will be on the stages of Havana Amphitheater every Saturday and Sunday from this year. Since its inauguration last April 29, this cats\u2019 party takes place every weekend at 9 o&#8217;clock in Old Havana (Port Avenue between Cuba St. and Pe\u00f1a Pobre St.).<\/p>\n<figure id=\"attachment_93297\" aria-describedby=\"caption-attachment-93297\" style=\"width: 1000px\" class=\"wp-caption aligncenter\"><a href=\"https:\/\/oncubanews.com\/wp-content\/uploads\/2017\/05\/Cats_alexis-rodriguez-5-1.jpg\"><img loading=\"lazy\" decoding=\"async\" class=\"size-full wp-image-93297\" src=\"https:\/\/oncubanews.com\/wp-content\/uploads\/2017\/05\/Cats_alexis-rodriguez-5-1.jpg\" alt=\"&quot;Cats&quot; in the Havana Amphitheaterevery. Photo: Alexis Rodr\u00edguez.\" width=\"1000\" height=\"649\" \/><\/a><figcaption id=\"caption-attachment-93297\" class=\"wp-caption-text\">&#8220;Cats&#8221; in the Havana Amphitheaterevery. Photo: Alexis Rodr\u00edguez.<\/figcaption><\/figure>\n<p>As in the original piece by Andrew Lloyd Webber, there are also the Caribbean representation of the old and wise Deuteronomy, received with reverence for being the one who has lived more lives, who must announce the chosen one to be reborn; the old Grizabella, despised by her community for her attitude of leaving it in a quest for an easy life; and Rumpleteaser, a playful and wrecker kitty, \u00a0among other members from that feline community, whose history has become one of the most represented musical of history.<\/p>\n<div id='gallery-1' class='gallery galleryid-93284 gallery-columns-3 gallery-size-large'><figure class='gallery-item'>\n\t\t\t<div class='gallery-icon portrait'>\n\t\t\t\t<a href='https:\/\/oncubanews.com\/en\/wp-content\/uploads\/2017\/05\/Cats_alexis-rodriguez-9.jpg'><img loading=\"lazy\" decoding=\"async\" width=\"662\" height=\"1000\" src=\"https:\/\/oncubanews.com\/en\/wp-content\/uploads\/2017\/05\/Cats_alexis-rodriguez-9.jpg\" class=\"attachment-large size-large\" alt=\"&quot;Cats&quot; in the Havana Amphitheaterevery. Photo: Alexis Rodr\u00edguez.\" aria-describedby=\"gallery-1-93300\" \/><\/a>\n\t\t\t<\/div>\n\t\t\t\t<figcaption class='wp-caption-text gallery-caption' id='gallery-1-93300'>\n\t\t\t\t&#8220;Cats&#8221; in the Havana Amphitheaterevery. Photo: Alexis Rodr\u00edguez.\n\t\t\t\t<\/figcaption><\/figure><figure class='gallery-item'>\n\t\t\t<div class='gallery-icon portrait'>\n\t\t\t\t<a href='https:\/\/oncubanews.com\/en\/wp-content\/uploads\/2017\/05\/Cats_alexis-rodriguez-2-1.jpg'><img loading=\"lazy\" decoding=\"async\" width=\"662\" height=\"1000\" src=\"https:\/\/oncubanews.com\/en\/wp-content\/uploads\/2017\/05\/Cats_alexis-rodriguez-2-1.jpg\" class=\"attachment-large size-large\" alt=\"&quot;Cats&quot; in the Havana Amphitheaterevery. Photo: Alexis Rodr\u00edguez.\" aria-describedby=\"gallery-1-93295\" \/><\/a>\n\t\t\t<\/div>\n\t\t\t\t<figcaption class='wp-caption-text gallery-caption' id='gallery-1-93295'>\n\t\t\t\t&#8220;Cats&#8221; in the Havana Amphitheaterevery. Photo: Alexis Rodr\u00edguez.\n\t\t\t\t<\/figcaption><\/figure><figure class='gallery-item'>\n\t\t\t<div class='gallery-icon portrait'>\n\t\t\t\t<a href='https:\/\/oncubanews.com\/en\/wp-content\/uploads\/2017\/05\/Cats_alexis-rodriguez-7-1.jpg'><img loading=\"lazy\" decoding=\"async\" width=\"662\" height=\"1000\" src=\"https:\/\/oncubanews.com\/en\/wp-content\/uploads\/2017\/05\/Cats_alexis-rodriguez-7-1.jpg\" class=\"attachment-large size-large\" alt=\"&quot;Cats&quot; in the Havana Amphitheaterevery. Photo: Alexis Rodr\u00edguez.\" aria-describedby=\"gallery-1-93299\" \/><\/a>\n\t\t\t<\/div>\n\t\t\t\t<figcaption class='wp-caption-text gallery-caption' id='gallery-1-93299'>\n\t\t\t\t&#8220;Cats&#8221; in the Havana Amphitheaterevery. Photo: Alexis Rodr\u00edguez.\n\t\t\t\t<\/figcaption><\/figure>\n\t\t<\/div>\n\n<div id='gallery-2' class='gallery galleryid-93284 gallery-columns-3 gallery-size-large'><figure class='gallery-item'>\n\t\t\t<div class='gallery-icon portrait'>\n\t\t\t\t<a href='https:\/\/oncubanews.com\/en\/wp-content\/uploads\/2017\/05\/Cats_alexis-rodriguez-1-1.jpg'><img loading=\"lazy\" decoding=\"async\" width=\"662\" height=\"1000\" src=\"https:\/\/oncubanews.com\/en\/wp-content\/uploads\/2017\/05\/Cats_alexis-rodriguez-1-1.jpg\" class=\"attachment-large size-large\" alt=\"&quot;Cats&quot; in the Havana Amphitheaterevery. Photo: Alexis Rodr\u00edguez.\" aria-describedby=\"gallery-2-93294\" \/><\/a>\n\t\t\t<\/div>\n\t\t\t\t<figcaption class='wp-caption-text gallery-caption' id='gallery-2-93294'>\n\t\t\t\t&#8220;Cats&#8221; in the Havana Amphitheaterevery. Photo: Alexis Rodr\u00edguez.\n\t\t\t\t<\/figcaption><\/figure><figure class='gallery-item'>\n\t\t\t<div class='gallery-icon portrait'>\n\t\t\t\t<a href='https:\/\/oncubanews.com\/en\/wp-content\/uploads\/2017\/05\/Cats_alexis-rodriguez-3-1.jpg'><img loading=\"lazy\" decoding=\"async\" width=\"662\" height=\"1000\" src=\"https:\/\/oncubanews.com\/en\/wp-content\/uploads\/2017\/05\/Cats_alexis-rodriguez-3-1.jpg\" class=\"attachment-large size-large\" alt=\"&quot;Cats&quot; in the Havana Amphitheaterevery. Photo: Alexis Rodr\u00edguez.\" aria-describedby=\"gallery-2-93296\" \/><\/a>\n\t\t\t<\/div>\n\t\t\t\t<figcaption class='wp-caption-text gallery-caption' id='gallery-2-93296'>\n\t\t\t\t&#8220;Cats&#8221; in the Havana Amphitheaterevery. Photo: Alexis Rodr\u00edguez.\n\t\t\t\t<\/figcaption><\/figure><figure class='gallery-item'>\n\t\t\t<div class='gallery-icon portrait'>\n\t\t\t\t<a href='https:\/\/oncubanews.com\/en\/wp-content\/uploads\/2017\/05\/Cats_alexis-rodriguez-6-1.jpg'><img loading=\"lazy\" decoding=\"async\" width=\"662\" height=\"1000\" src=\"https:\/\/oncubanews.com\/en\/wp-content\/uploads\/2017\/05\/Cats_alexis-rodriguez-6-1.jpg\" class=\"attachment-large size-large\" alt=\"&quot;Cats&quot; in the Havana Amphitheaterevery. Photo: Alexis Rodr\u00edguez.\" aria-describedby=\"gallery-2-93298\" \/><\/a>\n\t\t\t<\/div>\n\t\t\t\t<figcaption class='wp-caption-text gallery-caption' id='gallery-2-93298'>\n\t\t\t\t&#8220;Cats&#8221; in the Havana Amphitheaterevery. Photo: Alexis Rodr\u00edguez.\n\t\t\t\t<\/figcaption><\/figure>\n\t\t<\/div>\n\n<p><em>Cats<\/em> in the Cuban way? &#8220;No, simply <em>Cats<\/em> in Cuba,&#8221; says Alfonso Men\u00e9ndez, director of the staging in the Amphitheater, performed for the first time in 2011, who explains the intentions of this adaptation in the Island in the brochure:<\/p>\n<blockquote><p><em>It is a play performed almost all over the world that we also deserve, and that, so admirably conceived, written and musicalized, there is no need for refinements or reinterpretations, but a coherent adaptation to our stage and our possibilities.<\/em><\/p>\n<p><em>In the theater we work in an open plane, the spectator&#8217;s visualization covers every space, and that is the real challenge of adapting to a space like the Amphitheater, in which actors will have to substitute the special effects with their performance, we will not be able to &#8220;cut&#8221; for a make-up retouch, or isolate ourselves from the rest of this great stage with a close up. That is our play, with the fourteen musical numbers from the original, with our resources and with a mostly amateur cast. Is it difficult? There lays, once again, the seductive of the endeavor.<\/em><\/p><\/blockquote>\n<figure id=\"attachment_93301\" aria-describedby=\"caption-attachment-93301\" style=\"width: 1000px\" class=\"wp-caption aligncenter\"><a href=\"https:\/\/oncubanews.com\/wp-content\/uploads\/2017\/05\/Cats_alexis-rodriguez-10-1.jpg\"><img loading=\"lazy\" decoding=\"async\" class=\"size-full wp-image-93301\" src=\"https:\/\/oncubanews.com\/wp-content\/uploads\/2017\/05\/Cats_alexis-rodriguez-10-1.jpg\" alt=\"&quot;Cats&quot; in the Havana Amphitheaterevery. Photo: Alexis Rodr\u00edguez.\" width=\"1000\" height=\"649\" \/><\/a><figcaption id=\"caption-attachment-93301\" class=\"wp-caption-text\">&#8220;Cats&#8221; in the Havana Amphitheaterevery. Photo: Alexis Rodr\u00edguez.<\/figcaption><\/figure>\n<p><a href=\"https:\/\/oncubanews.com\/wp-content\/uploads\/2016\/10\/Separador-022.png\"><img loading=\"lazy\" decoding=\"async\" class=\"size-full wp-image-76383 aligncenter\" src=\"https:\/\/oncubanews.com\/wp-content\/uploads\/2016\/10\/Separador-022.png\" alt=\"\" width=\"758\" height=\"28\" \/><\/a><\/p>\n<h3><em>Blood<\/em> by Berenjena Theater<\/h3>\n<p>In the Bertolt Brecht Caf\u00e9 Center, the Berenjena Theater Group &#8211;directed by Anaysy Gregory Gil&#8211; premieres <em>Sangre<\/em> (<em>Blood<\/em>), based on a work by the Holguin-born Yunior Garc\u00eda, which addresses various issues of Cuban society such as motherhood, sexual responsibility, religion, adolescence and ideologies.The piece, which takes part of a larger concept defined by the director as <em>Trilogy of Identity<\/em>, is presented from the last May 5 throughout the whole month, on Fridays and Saturdays at 8:30 p.m. and Sundays at 5 p.m.<\/p>\n<p><iframe loading=\"lazy\" style=\"border: none; overflow: hidden;\" src=\"https:\/\/www.facebook.com\/plugins\/post.php?href=https{bb302c39ef77509544c7d3ea992cb94710211e0fa5985a4a3940706d9b0380de}3A{bb302c39ef77509544c7d3ea992cb94710211e0fa5985a4a3940706d9b0380de}2F{bb302c39ef77509544c7d3ea992cb94710211e0fa5985a4a3940706d9b0380de}2Fwww.facebook.com{bb302c39ef77509544c7d3ea992cb94710211e0fa5985a4a3940706d9b0380de}2Fberenjenateatrotablas{bb302c39ef77509544c7d3ea992cb94710211e0fa5985a4a3940706d9b0380de}2Fposts{bb302c39ef77509544c7d3ea992cb94710211e0fa5985a4a3940706d9b0380de}2F1299514013419914&amp;width=500\" width=\"500\" height=\"646\" frameborder=\"0\" scrolling=\"no\"><\/iframe><\/p>\n<p><a href=\"https:\/\/oncubanews.com\/wp-content\/uploads\/2016\/10\/Separador-022.png\"><img loading=\"lazy\" decoding=\"async\" class=\"size-full wp-image-76383 aligncenter\" src=\"https:\/\/oncubanews.com\/wp-content\/uploads\/2016\/10\/Separador-022.png\" alt=\"\" width=\"758\" height=\"28\" \/><\/a><\/p>\n<h3>Rita Montaner with <em>Bad omens<\/em><\/h3>\n<p>A comedy especially conceived for the young public is the proposal of the company Rita Montaner for this May and June. <em>Bad omens<\/em>, by Yunior Garc\u00eda, with the staging by C\u00e9sar Cut\u00e9n D\u00edaz, brings us a couple of young people about to get married, who feels a bad omen about marriage after a nightmare.<\/p>\n<p><a href=\"https:\/\/oncubanews.com\/wp-content\/uploads\/2017\/05\/teatro-rita-montaner-1.jpg\"><img loading=\"lazy\" decoding=\"async\" class=\"size-full wp-image-93310 aligncenter\" src=\"https:\/\/oncubanews.com\/wp-content\/uploads\/2017\/05\/teatro-rita-montaner-1.jpg\" alt=\"\" width=\"644\" height=\"858\" \/><\/a><\/p>\n<p><a href=\"https:\/\/oncubanews.com\/wp-content\/uploads\/2016\/10\/Separador-022.png\"><img loading=\"lazy\" decoding=\"async\" class=\"size-full wp-image-76383 aligncenter\" src=\"https:\/\/oncubanews.com\/wp-content\/uploads\/2016\/10\/Separador-022.png\" alt=\"\" width=\"758\" height=\"28\" \/><\/a><\/p>\n<p><img loading=\"lazy\" decoding=\"async\" class=\"size-full wp-image-85597 aligncenter\" src=\"https:\/\/oncubanews.com\/wp-content\/uploads\/2017\/01\/Banners_755-x-145_adentro.jpg\" alt=\"\" width=\"755\" height=\"145\" \/><\/p>\n<h3>New lives of Liuba in Casa<\/h3>\n<p>The most recent album by the singer-songwriter Liuba Mar\u00eda Hevia, entitled <em>Parallel lives<\/em>, is presented today at 7 pm in the Che Guevara Hall of Casa de las Am\u00e9ricas.<\/p>\n<p><a href=\"https:\/\/oncubanews.com\/wp-content\/uploads\/2017\/05\/liuba-maria-hevia_-vidas-pararlelas-3-1.jpg\"><img loading=\"lazy\" decoding=\"async\" class=\"size-large wp-image-93307 aligncenter\" src=\"https:\/\/oncubanews.com\/wp-content\/uploads\/2017\/05\/liuba-maria-hevia_-vidas-pararlelas-3-1-1024x651.jpg\" alt=\"\" width=\"1024\" height=\"651\" \/><\/a>The material is composed by 68 songs distributed in two double volumes in which Liuba shares songs of his own and other artists that accompany him in the phonogram, such as Cubans Silvio Rodr\u00edguez, Pablo Milan\u00e9s, Carlos Varela, Amaury P\u00e9rez, Ra\u00fal Torres, Kelvis Ochoa, Frank Delgado, Israel Rojas, Isaac Delgado, Gema Corredera, Beatriz M\u00e1rquez, Ivette Cepeda and Omara Portuondo, who shares the song &#8220;Twenty Years&#8221;, by Mar\u00eda Teresa Vera.<\/p>\n<p>In <em>Parallel lives<\/em> you can also feel the voices of the Spanish Ana Bel\u00e9n, Luis Pastor and Javier Ruibal, the Dominicans Pavel N\u00fa\u00f1ez, Victor Victor, Maridalia Hern\u00e1ndez and Jos\u00e9 Antonio Rodr\u00edguez, the Puerto Rican Danny Rivera, Argentine Georgina Hassan and the Ecuadorian Maria Tejada, among other artists.<\/p>\n<p><em>Parallel Lives<\/em>, Liuba said to the website La Ventana from Casa de las Am\u00e9ricas, is a tribute to the song of author, a reverence to the trova as part of the homage for the 50 years of the birth of the New Trova in Casa de Las Americas and the best pretext to work with a large group of Cuban and foreign artists admired by it. Only five of these musicians will accompany her in the concert in the Che Guevara Hall: Cubans Ra\u00fal Torres, Polito Iba\u00f1ez and Ireno Garc\u00eda; along with the Brazilian Maria Marta and the Venezuelan Amaranta.<\/p>\n<div id='gallery-3' class='gallery galleryid-93284 gallery-columns-2 gallery-size-large'><figure class='gallery-item'>\n\t\t\t<div class='gallery-icon landscape'>\n\t\t\t\t<a href='https:\/\/oncubanews.com\/en\/wp-content\/uploads\/2017\/05\/liuba-maria-hevia_vidas-paralelas-1-1.jpg'><img loading=\"lazy\" decoding=\"async\" width=\"960\" height=\"953\" src=\"https:\/\/oncubanews.com\/en\/wp-content\/uploads\/2017\/05\/liuba-maria-hevia_vidas-paralelas-1-1.jpg\" class=\"attachment-large size-large\" alt=\"\" \/><\/a>\n\t\t\t<\/div><\/figure><figure class='gallery-item'>\n\t\t\t<div class='gallery-icon landscape'>\n\t\t\t\t<a href='https:\/\/oncubanews.com\/en\/wp-content\/uploads\/2017\/05\/liuba-maria-hevia_vidas-paralelas-2-1.jpg'><img loading=\"lazy\" decoding=\"async\" width=\"960\" height=\"953\" src=\"https:\/\/oncubanews.com\/en\/wp-content\/uploads\/2017\/05\/liuba-maria-hevia_vidas-paralelas-2-1.jpg\" class=\"attachment-large size-large\" alt=\"\" \/><\/a>\n\t\t\t<\/div><\/figure>\n\t\t<\/div>\n\n<blockquote><p><em>Parallel lives is a record created by Life itself. I never convinced myself to do only duets, although I had already done so in other times during my career and I was proposed for this material by many specialists. I came up with a better idea: sharing in the album not only a song of mine, but also to sing with the colleagues that I admire the most, a song of his own. Hence the reference to the title, because in parallel we were all creating, coinciding in time and space, we listened to, we felt. Almost unintentionally I saw myself doing an anthology, and this is a rarity of the album, because many colleagues have made anthologies, but only with their songs and in this case I had the pleasure of singing their songs and choosing the ones that have inspired myself the most, <\/em>Liuba told the Casa de las Am\u00e9ricas website.<\/p>\n<p><a href=\"https:\/\/oncubanews.com\/wp-content\/uploads\/2016\/10\/Separador-022.png\"><img loading=\"lazy\" decoding=\"async\" class=\"size-full wp-image-76383 aligncenter\" src=\"https:\/\/oncubanews.com\/wp-content\/uploads\/2016\/10\/Separador-022.png\" alt=\"\" width=\"758\" height=\"28\" \/><\/a><\/p><\/blockquote>\n<h3>The Christian disc by Danay Suarez<\/h3>\n<p>The Spring Festival 2017, which takes place from May 11 to next 14 in Black Mountain, North Carolina, will have the Cuban Danay Suarez among its guests.<\/p>\n<p><a href=\"https:\/\/oncubanews.com\/wp-content\/uploads\/2017\/05\/danay-suarez-1.png\"><img loading=\"lazy\" decoding=\"async\" class=\"size-full wp-image-93312 aligncenter\" src=\"https:\/\/oncubanews.com\/wp-content\/uploads\/2017\/05\/danay-suarez-1.png\" alt=\"\" width=\"900\" height=\"900\" \/><\/a><\/p>\n<p>The rapper will present her new album <em>Palabras manuales<\/em> in this space, recorded under the Universal Music Group label and composed with 13 songs, including &#8220;D\u00edas&#8221;, &#8220;Himno&#8221; and &#8220;Interlude&#8221;. The album summarizes up Danay&#8217;s new line of Christian creation expressed in the past Vi\u00f1a del Mar Festival, a space in which she generated a <a href=\"https:\/\/oncubanews.com\/cultura\/danay-suarez-y-su-mensaje-en-vina-del-mar\/\"><strong>controversy<\/strong> <\/a>because she was presented with the song &#8220;Yo aprend\u00ed&#8221; given as a favorite, but then she presented with the interpretation of &#8220;Dejando al mundo&#8221;, filled with marked Christian content.<\/p>\n<p><a href=\"https:\/\/oncubanews.com\/wp-content\/uploads\/2017\/05\/danay-suarez-2-1.jpg\"><img loading=\"lazy\" decoding=\"async\" class=\"size-full wp-image-93311 aligncenter\" src=\"https:\/\/oncubanews.com\/wp-content\/uploads\/2017\/05\/danay-suarez-2-1.jpg\" alt=\"\" width=\"900\" height=\"900\" \/><\/a><\/p>\n<p><a href=\"https:\/\/oncubanews.com\/wp-content\/uploads\/2016\/10\/Separador-022.png\"><img loading=\"lazy\" decoding=\"async\" class=\"size-full wp-image-76383 aligncenter\" src=\"https:\/\/oncubanews.com\/wp-content\/uploads\/2016\/10\/Separador-022.png\" alt=\"\" width=\"758\" height=\"28\" \/><\/a><\/p>\n<h3>Concerts on Mother&#8217;s Day<\/h3>\n<p>This Sunday at 8:30 p.m., the flamenco singer Reynier Mari\u00f1o will offer a concert with invited artists in the Casa Rosada in 10 de Octubre (Santa Catalina St. corner to May\u00eda Rodr\u00edguez St.).<\/p>\n<p><a href=\"https:\/\/oncubanews.com\/wp-content\/uploads\/2017\/05\/reinier-marinno-op-755x490-1.jpg\"><img loading=\"lazy\" decoding=\"async\" class=\"size-full wp-image-93318 aligncenter\" src=\"https:\/\/oncubanews.com\/wp-content\/uploads\/2017\/05\/reinier-marinno-op-755x490-1.jpg\" alt=\"\" width=\"755\" height=\"490\" \/><\/a><\/p>\n<p><a href=\"https:\/\/oncubanews.com\/wp-content\/uploads\/2016\/10\/Separador-022.png\"><img loading=\"lazy\" decoding=\"async\" class=\"size-full wp-image-76383 aligncenter\" src=\"https:\/\/oncubanews.com\/wp-content\/uploads\/2016\/10\/Separador-022.png\" alt=\"\" width=\"758\" height=\"28\" \/><\/a>The guitarist Emilio Martini and Natural Trio will present his new album <em>Notas al viento<\/em> (<em>Notes to the Wind<\/em>), nominated for the Contest Cubadisco 2017, on May 14 at 5 p.m. in La Casa del Alba Cultural.<\/p>\n<p><a href=\"https:\/\/oncubanews.com\/wp-content\/uploads\/2017\/05\/emilio-martini-1.jpg\"><img loading=\"lazy\" decoding=\"async\" class=\"size-large wp-image-93319 aligncenter\" src=\"https:\/\/oncubanews.com\/wp-content\/uploads\/2017\/05\/emilio-martini-1-1024x620.jpg\" alt=\"\" width=\"1024\" height=\"620\" \/><\/a><\/p>\n<p><a href=\"https:\/\/oncubanews.com\/wp-content\/uploads\/2016\/10\/Separador-022.png\"><img loading=\"lazy\" decoding=\"async\" class=\"size-full wp-image-76383 aligncenter\" src=\"https:\/\/oncubanews.com\/wp-content\/uploads\/2016\/10\/Separador-022.png\" alt=\"\" width=\"758\" height=\"28\" \/><\/a>The pianist Alexis Bosch will be in concert at Pepito&#8217;s Bar Barbaram, at 9 p.m.<\/p>\n<p><a href=\"https:\/\/oncubanews.com\/wp-content\/uploads\/2017\/05\/Alexis_Bosch_JazzskoolHeader-1.png\"><img loading=\"lazy\" decoding=\"async\" class=\"size-large wp-image-93322 aligncenter\" src=\"https:\/\/oncubanews.com\/wp-content\/uploads\/2017\/05\/Alexis_Bosch_JazzskoolHeader-1-1024x477.png\" alt=\"\" width=\"1024\" height=\"477\" \/><\/a><\/p>\n<p><a href=\"https:\/\/oncubanews.com\/wp-content\/uploads\/2016\/10\/Separador-022.png\"><img loading=\"lazy\" decoding=\"async\" class=\"size-full wp-image-76383 aligncenter\" src=\"https:\/\/oncubanews.com\/wp-content\/uploads\/2016\/10\/Separador-022.png\" alt=\"\" width=\"758\" height=\"28\" \/><\/a>The troubadour Frank Delgado and actor Luis Alberto Garc\u00eda will be in his usual space &#8220;The Machine of Melancholia&#8221; in El Sauce, on Sunday May 14, at 5 p.m.<\/p>\n<div id='gallery-4' class='gallery galleryid-93284 gallery-columns-2 gallery-size-large'><figure class='gallery-item'>\n\t\t\t<div class='gallery-icon landscape'>\n\t\t\t\t<a href='https:\/\/oncubanews.com\/en\/wp-content\/uploads\/2017\/05\/luis-alberto-garcia-y-amaury-perez-con-2-que-se-quieran_1-1.jpg'><img loading=\"lazy\" decoding=\"async\" width=\"500\" height=\"332\" src=\"https:\/\/oncubanews.com\/en\/wp-content\/uploads\/2017\/05\/luis-alberto-garcia-y-amaury-perez-con-2-que-se-quieran_1-1.jpg\" class=\"attachment-large size-large\" alt=\"\" \/><\/a>\n\t\t\t<\/div><\/figure><figure class='gallery-item'>\n\t\t\t<div class='gallery-icon landscape'>\n\t\t\t\t<a href='https:\/\/oncubanews.com\/en\/wp-content\/uploads\/2017\/05\/frank-delgado-1-1.jpg'><img loading=\"lazy\" decoding=\"async\" width=\"500\" height=\"332\" src=\"https:\/\/oncubanews.com\/en\/wp-content\/uploads\/2017\/05\/frank-delgado-1-1.jpg\" class=\"attachment-large size-large\" alt=\"\" \/><\/a>\n\t\t\t<\/div><\/figure>\n\t\t<\/div>\n\n<p><a href=\"https:\/\/oncubanews.com\/wp-content\/uploads\/2016\/10\/Separador-022.png\"><img loading=\"lazy\" decoding=\"async\" class=\"size-full wp-image-76383 aligncenter\" src=\"https:\/\/oncubanews.com\/wp-content\/uploads\/2016\/10\/Separador-022.png\" alt=\"\" width=\"758\" height=\"28\" \/><\/a>Zule Guerra will finish Mother&#8217;s Day with a concert at La Zorra y el Cuervo at 11 p.m.<\/p>\n<p><iframe loading=\"lazy\" src=\"https:\/\/www.youtube.com\/embed\/UiO4ewTTaD0\" width=\"560\" height=\"315\" frameborder=\"0\" allowfullscreen=\"allowfullscreen\"><\/iframe><\/p>\n<h3><strong><em><a href=\"https:\/\/oncubanews.com\/wp-content\/uploads\/2016\/10\/Separador-022.png\"><img loading=\"lazy\" decoding=\"async\" class=\"size-full wp-image-76383 aligncenter\" src=\"https:\/\/oncubanews.com\/wp-content\/uploads\/2016\/10\/Separador-022.png\" alt=\"\" width=\"758\" height=\"28\" \/><\/a><\/em><\/strong><em>ADN<\/em> of Alain Perez in the Mella Theater<\/h3>\n<p>Cuban musician Alain P\u00e9rez will present his latest album entitled <em>ADN<\/em>, the artist&#8217;s fifth solo album, in two concerts scheduled for May 18 and May 25 at 8:30 p.m. at the Mella Theater and the Sal\u00f3n Rosado de La Tropical, respectively.<\/p>\n<p><a href=\"https:\/\/oncubanews.com\/wp-content\/uploads\/2017\/05\/alainperez-1.jpg\"><img loading=\"lazy\" decoding=\"async\" class=\"size-full wp-image-93317 aligncenter\" src=\"https:\/\/oncubanews.com\/wp-content\/uploads\/2017\/05\/alainperez-1.jpg\" alt=\"\" width=\"800\" height=\"450\" \/><\/a><\/p>\n<h3><strong><em><a href=\"https:\/\/oncubanews.com\/wp-content\/uploads\/2016\/10\/Separador-022.png\"><img loading=\"lazy\" decoding=\"async\" class=\"size-full wp-image-76383 aligncenter\" src=\"https:\/\/oncubanews.com\/wp-content\/uploads\/2016\/10\/Separador-022.png\" alt=\"\" width=\"758\" height=\"28\" \/><\/a><\/em><\/strong><\/h3>\n<p><a href=\"https:\/\/oncubanews.com\/wp-content\/uploads\/2017\/01\/Banners_755-x-145_danza.jpg\"><img loading=\"lazy\" decoding=\"async\" class=\"size-full wp-image-85601 aligncenter\" src=\"https:\/\/oncubanews.com\/wp-content\/uploads\/2017\/01\/Banners_755-x-145_danza.jpg\" alt=\"\" width=\"755\" height=\"145\" \/><\/a><\/p>\n<h3>Heartbeats in the world<\/h3>\n<p>After eleven years without presenting a new show, the Lizt Alfonso Dance Cuba Company will perform next May 13 at the Great Theater of Havana Alicia Alonso the world premiere of <em>Latido<\/em> (<em>Heartbeat<\/em>).<\/p>\n<p><a href=\"https:\/\/oncubanews.com\/wp-content\/uploads\/2017\/05\/latidos-1.png\"><img loading=\"lazy\" decoding=\"async\" class=\"size-full wp-image-93306 aligncenter\" src=\"https:\/\/oncubanews.com\/wp-content\/uploads\/2017\/05\/latidos-1.png\" alt=\"\" width=\"1000\" height=\"300\" \/><\/a><\/p>\n<p>The show, with nine scenes and just over an hour long, will feature on stage the compositions of C\u00e9sar Lopez and live music.<\/p>\n<p>&#8220;Once again we have chosen a path of much experimentation. We have left behind a lot of things and we have collected others that we needed to continue the heartbeat&#8221;, choreographer Lizt Alfonso told a news conference.<\/p>\n<div id='gallery-5' class='gallery galleryid-93284 gallery-columns-3 gallery-size-large'><figure class='gallery-item'>\n\t\t\t<div class='gallery-icon landscape'>\n\t\t\t\t<a href='https:\/\/oncubanews.com\/en\/wp-content\/uploads\/2017\/05\/latidos_lizt-alfonso_foto-enrique-smith-2-1.jpg'><img loading=\"lazy\" decoding=\"async\" width=\"800\" height=\"519\" src=\"https:\/\/oncubanews.com\/en\/wp-content\/uploads\/2017\/05\/latidos_lizt-alfonso_foto-enrique-smith-2-1.jpg\" class=\"attachment-large size-large\" alt=\"Special presentation of &quot;Latido&quot;, by Lizt Alfonso before the press on April 27, 2017. Photo: Enrique Smith.\" aria-describedby=\"gallery-5-93324\" \/><\/a>\n\t\t\t<\/div>\n\t\t\t\t<figcaption class='wp-caption-text gallery-caption' id='gallery-5-93324'>\n\t\t\t\tSpecial presentation of &#8220;Latido&#8221;, by Lizt Alfonso before the press on April 27, 2017.  Photo: Enrique Smith.\n\t\t\t\t<\/figcaption><\/figure><figure class='gallery-item'>\n\t\t\t<div class='gallery-icon landscape'>\n\t\t\t\t<a href='https:\/\/oncubanews.com\/en\/wp-content\/uploads\/2017\/05\/latidos_lizt-alfonso_foto-enrique-smith-3-1.jpg'><img loading=\"lazy\" decoding=\"async\" width=\"800\" height=\"520\" src=\"https:\/\/oncubanews.com\/en\/wp-content\/uploads\/2017\/05\/latidos_lizt-alfonso_foto-enrique-smith-3-1.jpg\" class=\"attachment-large size-large\" alt=\"Special presentation of &quot;Latido&quot;, by Lizt Alfonso before the press on April 27, 2017. Photo: Enrique Smith.\" aria-describedby=\"gallery-5-93323\" \/><\/a>\n\t\t\t<\/div>\n\t\t\t\t<figcaption class='wp-caption-text gallery-caption' id='gallery-5-93323'>\n\t\t\t\tSpecial presentation of &#8220;Latido&#8221;, by Lizt Alfonso before the press on April 27, 2017.  Photo: Enrique Smith.\n\t\t\t\t<\/figcaption><\/figure><figure class='gallery-item'>\n\t\t\t<div class='gallery-icon landscape'>\n\t\t\t\t<a href='https:\/\/oncubanews.com\/en\/wp-content\/uploads\/2017\/05\/latidos_lizt-alfonso_foto-enrique-smith-1-1.jpg'><img loading=\"lazy\" decoding=\"async\" width=\"800\" height=\"519\" src=\"https:\/\/oncubanews.com\/en\/wp-content\/uploads\/2017\/05\/latidos_lizt-alfonso_foto-enrique-smith-1-1.jpg\" class=\"attachment-large size-large\" alt=\"Special presentation of &quot;Latido&quot;, by Lizt Alfonso before the press on April 27, 2017. Photo: Enrique Smith.\" aria-describedby=\"gallery-5-93325\" \/><\/a>\n\t\t\t<\/div>\n\t\t\t\t<figcaption class='wp-caption-text gallery-caption' id='gallery-5-93325'>\n\t\t\t\tSpecial presentation of &#8220;Latido&#8221;, by Lizt Alfonso before the press on April 27, 2017.  Photo: Enrique Smith.\n\t\t\t\t<\/figcaption><\/figure>\n\t\t<\/div>\n\n<p><em>Latido<\/em> will be presented during three consecutive weekends, from May 13 to 28: first only on Saturday and Sunday (May 13 and 14) and then from Thursday to Sunday (May 18 to 21 and May 25 to 28), with functions at 8:30 p.m. on every Thursday, Friday and Saturday; and on Sundays at 5 p.m.Eberto Garcia, dramatic advisor to <em>Latido<\/em>, details some of the pulsations of the piece in the brochure about the play:<\/p>\n<blockquote><p><em>Enduring departures and arrivals of bodies that cross their own limits, customs and urgencies. Each one in her own way, at her own pace and at her whim. Each one in the same courses that cross the steps and stories, crossed by the steps and the stories that we live and share. <\/em><\/p>\n<p><em>Among these crosses, the life and drama that records it emerge with their heartbeat. The urgent tensions to go ahead and feed feelings lived intensely or accommodated in the most jealous of our memories beat. This is how conflicts and births also emerge to cover our experiences with light and opacity. <\/em><\/p>\n<p><em>That is why the last can also be the first beat. Life and death as variations, fragments and recurrences. Nothing definitely ends. Everything returns, stays, resists, changes, is born again.<\/em><\/p><\/blockquote>\n<p><iframe loading=\"lazy\" src=\"https:\/\/www.youtube.com\/embed\/fKty1KDl37Y\" width=\"560\" height=\"315\" frameborder=\"0\" allowfullscreen=\"allowfullscreen\"><\/iframe><\/p>\n<p><strong><a href=\"https:\/\/oncubanews.com\/wp-content\/uploads\/2016\/10\/Separador-022.png\"><img loading=\"lazy\" decoding=\"async\" class=\"size-full wp-image-76383 aligncenter\" src=\"https:\/\/oncubanews.com\/wp-content\/uploads\/2016\/10\/Separador-022.png\" alt=\"\" width=\"758\" height=\"28\" \/><\/a><\/strong><\/p>\n<p><a href=\"https:\/\/oncubanews.com\/wp-content\/uploads\/2017\/01\/Banner-Artes-visuales_ingl\u00e9s.jpg\"><img loading=\"lazy\" decoding=\"async\" class=\"size-full wp-image-85600 aligncenter\" src=\"https:\/\/oncubanews.com\/wp-content\/uploads\/2017\/01\/Banner-Artes-visuales_ingl\u00e9s.jpg\" alt=\"\" width=\"755\" height=\"145\" \/><\/a><\/p>\n<h3>The weight of the female body<\/h3>\n<p><a href=\"https:\/\/oncubanews.com\/wp-content\/uploads\/2017\/05\/18359249_1551757454835082_6871449829470319224_o-1.jpg\"><img loading=\"lazy\" decoding=\"async\" class=\"size-large wp-image-93326 aligncenter\" src=\"https:\/\/oncubanews.com\/wp-content\/uploads\/2017\/05\/18359249_1551757454835082_6871449829470319224_o-1-1024x357.jpg\" alt=\"\" width=\"1024\" height=\"357\" \/><\/a><\/p>\n<p>In a review of the theme about the female body, one of the recurring topics of artist Mois\u00e9s Final\u00e9, an exhibition of his authorship entitled <em>The weight of her body<\/em> will be inaugurated on May 19 at 5 p.m. at the Hispano-American Center for Culture.<\/p>\n<h3><strong><em><a href=\"https:\/\/oncubanews.com\/wp-content\/uploads\/2016\/10\/Separador-022.png\"><img loading=\"lazy\" decoding=\"async\" class=\"size-full wp-image-76383 aligncenter\" src=\"https:\/\/oncubanews.com\/wp-content\/uploads\/2016\/10\/Separador-022.png\" alt=\"\" width=\"758\" height=\"28\" \/><\/a><\/em><\/strong><\/h3>\n<p><strong>Galiano Gallery on a human scale <\/strong><\/p>\n<p>Today at 6 p.m. Galiano Gallery will inaugurate a new exhibition: <em>A escala humana<\/em> (<em>On a human scale<\/em>), with works by artists Niels Reyes and Alejandro G\u00f3mez Cangas, from Santa Clara.<\/p>\n<p><a href=\"https:\/\/oncubanews.com\/wp-content\/uploads\/2017\/05\/expo-a-esacl-humana-1.jpg\"><img loading=\"lazy\" decoding=\"async\" class=\"size-large wp-image-93305 aligncenter\" src=\"https:\/\/oncubanews.com\/wp-content\/uploads\/2017\/05\/expo-a-esacl-humana-1-1024x768.jpg\" alt=\"\" width=\"1024\" height=\"768\" \/><\/a><\/p>\n<blockquote><p><em>Related lines are recognized in these young artists\u2019 compositions. Inertia and movement oppose or converge in a similar sense of uncertainty. The same figure can look at us inquisitively in a work by Niels and also turn our backs on one of Alexander&#8217;s canvases; the possible narratives remain in what we can imagine through those faces, expressions and attitudes<\/em>, said Sandra Garc\u00eda Herrera and Elisa L\u00f3pez Rodr\u00edguez, curators of the exhibition.<\/p><\/blockquote>\n<p><strong><em><a href=\"https:\/\/oncubanews.com\/wp-content\/uploads\/2016\/10\/Separador-022.png\"><img loading=\"lazy\" decoding=\"async\" class=\"size-full wp-image-76383 aligncenter\" src=\"https:\/\/oncubanews.com\/wp-content\/uploads\/2016\/10\/Separador-022.png\" alt=\"\" width=\"758\" height=\"28\" \/><\/a><\/em><\/strong><\/p>\n<p><a href=\"https:\/\/oncubanews.com\/wp-content\/uploads\/2017\/01\/Banner-Cine_ingl\u00e9s.jpg\"><img loading=\"lazy\" decoding=\"async\" class=\"size-full wp-image-85602 aligncenter\" src=\"https:\/\/oncubanews.com\/wp-content\/uploads\/2017\/01\/Banner-Cine_ingl\u00e9s.jpg\" alt=\"\" width=\"755\" height=\"145\" \/><\/a><\/p>\n<h3>7 days + of French films<\/h3>\n<p>The 20th edition of the French Film Festival, started in Cuba on April 27, continues in its third week of premieres in Havana. Here the billboard for the next seven days in the cinemas of Havana:<\/p>\n<p><strong>CHARLES CHAPLIN CINEMA:<\/strong><\/p>\n<p>FRIDAY 12, 6:00 p.m.: My love.<br \/>\nSATURDAY 13, 5:00 and 8:00 p.m: The case SK1.<br \/>\nSUNDAY 14, 5:00 p.m.: The little prince (animated).<br \/>\nWEDNESDAY 17, 6:00 p.m.: The cow.<br \/>\nTHURSDAY 18, 6:00 p.m.: Tomorrow.<\/p>\n<p><a href=\"https:\/\/oncubanews.com\/wp-content\/uploads\/2017\/05\/l_affaire_sk1-207195355-large-1.jpg\"><img loading=\"lazy\" decoding=\"async\" class=\"size-full wp-image-93313 aligncenter\" src=\"https:\/\/oncubanews.com\/wp-content\/uploads\/2017\/05\/l_affaire_sk1-207195355-large-1.jpg\" alt=\"\" width=\"532\" height=\"723\" \/><\/a><\/p>\n<p><strong>YARA CINEMA:<\/strong><\/p>\n<p>FRIDAY 12, 5:00 p.m. and 8:00 p.m: 21 Nights with Pattie.<br \/>\nSATURDAY 13, 2:00 p.m.: The ghost boy (animated).<br \/>\n5:00 and 8:00 p.m: Our futures.<br \/>\nSUNDAY 14, 2:00 p.m.: Tomorrow.<br \/>\n5:00 and 8:00 p.m: OSS 117: Lost in Rio.<br \/>\nWEDNESDAY 17, 5:00 and 8:00 p.m.: My love.<br \/>\nTHURSDAY 18, 5:00 and 8:00 p.m.: Fatima.<\/p>\n<div id='gallery-6' class='gallery galleryid-93284 gallery-columns-2 gallery-size-large'><figure class='gallery-item'>\n\t\t\t<div class='gallery-icon portrait'>\n\t\t\t\t<a href='https:\/\/oncubanews.com\/en\/wp-content\/uploads\/2017\/05\/2e28712dd53485cee578dd2145fb9aed-2.jpg'><img loading=\"lazy\" decoding=\"async\" width=\"442\" height=\"600\" src=\"https:\/\/oncubanews.com\/en\/wp-content\/uploads\/2017\/05\/2e28712dd53485cee578dd2145fb9aed-2.jpg\" class=\"attachment-large size-large\" alt=\"\" \/><\/a>\n\t\t\t<\/div><\/figure><figure class='gallery-item'>\n\t\t\t<div class='gallery-icon portrait'>\n\t\t\t\t<a href='https:\/\/oncubanews.com\/en\/wp-content\/uploads\/2017\/05\/21_noches_con_Pattie-226051203-large-2.jpg'><img loading=\"lazy\" decoding=\"async\" width=\"658\" height=\"893\" src=\"https:\/\/oncubanews.com\/en\/wp-content\/uploads\/2017\/05\/21_noches_con_Pattie-226051203-large-2.jpg\" class=\"attachment-large size-large\" alt=\"\" \/><\/a>\n\t\t\t<\/div><\/figure>\n\t\t<\/div>\n\n<p><strong>MULTICINE INFANTA:<\/strong><\/p>\n<p>FRIDAY 12, Hall 1 at 5:00 and Hall 3 at 7:00 p.m: The future.<br \/>\nSATURDAY 13, Hall 1 at 5:00 and Hall 3 at 7:00 p.m: The rookie.<br \/>\nSUNDAY 14, Hall 1, 5:00 p.m.: Adama (animated).<br \/>\nHall 3, 7:00 p.m.: Fatima.<br \/>\nWEDNESDAY 17, Hall 1 at 5:00 and Hall 3 at 7:00 p.m: The high head.<br \/>\nTHURSDAY 18, Hall 1 at 5:00 and Hall 3 at 7:00 p.m: The son of my girlfriend \/ Lolo.<\/p>\n<p><a href=\"https:\/\/oncubanews.com\/wp-content\/uploads\/2017\/05\/lolo-178023705-large-2.jpg\"><img loading=\"lazy\" decoding=\"async\" class=\"size-full wp-image-93328 aligncenter\" src=\"https:\/\/oncubanews.com\/wp-content\/uploads\/2017\/05\/lolo-178023705-large-2.jpg\" alt=\"\" width=\"658\" height=\"896\" \/><\/a><\/p>\n<p><strong>RIVIERA CINEMA:<\/strong><\/p>\n<p>FRIDAY 12, 6:00 p.m.: The savage.<br \/>\nSATURDAY 13, 6:00 p.m.: Tour de France.<br \/>\nSUNDAY 14, 6:00 p.m.: Crazier than a goat.<br \/>\nWEDNESDAY 17, 6:00 p.m.: The outsider.<br \/>\nTHURSDAY 18, 6:00 p.m.: The rookie.<\/p>\n<div id='gallery-7' class='gallery galleryid-93284 gallery-columns-2 gallery-size-large'><figure class='gallery-item'>\n\t\t\t<div class='gallery-icon portrait'>\n\t\t\t\t<a href='https:\/\/oncubanews.com\/en\/wp-content\/uploads\/2017\/05\/le_nouveau_the_new_kid-601636480-large-1.jpg'><img loading=\"lazy\" decoding=\"async\" width=\"753\" height=\"1024\" src=\"https:\/\/oncubanews.com\/en\/wp-content\/uploads\/2017\/05\/le_nouveau_the_new_kid-601636480-large-1.jpg\" class=\"attachment-large size-large\" alt=\"\" \/><\/a>\n\t\t\t<\/div><\/figure><figure class='gallery-item'>\n\t\t\t<div class='gallery-icon portrait'>\n\t\t\t\t<a href='https:\/\/oncubanews.com\/en\/wp-content\/uploads\/2017\/05\/Outsider-Cartel-1.jpg'><img loading=\"lazy\" decoding=\"async\" width=\"725\" height=\"1024\" src=\"https:\/\/oncubanews.com\/en\/wp-content\/uploads\/2017\/05\/Outsider-Cartel-1.jpg\" class=\"attachment-large size-large\" alt=\"\" \/><\/a>\n\t\t\t<\/div><\/figure>\n\t\t<\/div>\n\n<p><strong>GLAUBER ROCHA HALL\/ FOUNDATION OF THE NEW LATIN AMERICAN CINEMA:<\/strong><\/p>\n<p>FRIDAY 12, 4:30 p.m.: Rosalie Blum.<br \/>\nSATURDAY 13, 12:15 p.m.: The little prince (animated).<br \/>\n2:00 p.m: Crazier than a goat.<\/p>\n<p><a href=\"https:\/\/oncubanews.com\/wp-content\/uploads\/2017\/05\/dYerIHTYvb1ZFfqcK8oHoH1Xl0m-1.jpg\"><img loading=\"lazy\" decoding=\"async\" class=\"size-large wp-image-93330 aligncenter\" src=\"https:\/\/oncubanews.com\/wp-content\/uploads\/2017\/05\/dYerIHTYvb1ZFfqcK8oHoH1Xl0m-1-712x1024.jpg\" alt=\"\" width=\"712\" height=\"1024\" \/><\/a><\/p>\n","protected":false},"excerpt":{"rendered":"<p>Cats in the Cuban way An adaptation of Cats, the musical, will be on the stages of Havana Amphitheater every Saturday and Sunday from this year. Since its inauguration last April 29, this cats\u2019 party takes place every weekend at 9 o&#8217;clock in Old Havana (Port Avenue between Cuba St. and Pe\u00f1a Pobre St.). As [&hellip;]<\/p>\n","protected":false},"author":3134,"featured_media":93335,"comment_status":"open","ping_status":"closed","sticky":false,"template":"","format":"standard","meta":{"_acf_changed":false,"footnotes":""},"categories":[13930],"tags":[],"ppma_author":[33546,8689],"class_list":["post-93284","post","type-post","status-publish","format-standard","has-post-thumbnail","hentry","category-technologies-of-communication-and-media"],"acf":[],"yoast_head":"<!-- This site is optimized with the Yoast SEO plugin v27.3 - https:\/\/yoast.com\/product\/yoast-seo-wordpress\/ -->\n<title>Billboard: Cats in the Cuban way | OnCubaNews English<\/title>\n<meta name=\"robots\" content=\"index, follow, max-snippet:-1, max-image-preview:large, max-video-preview:-1\" \/>\n<link rel=\"canonical\" href=\"https:\/\/oncubanews.com\/en\/styles-trends\/technologies-of-communication-and-media\/billboard-cats-in-the-cuban-way\/\" \/>\n<meta property=\"og:locale\" content=\"en_US\" \/>\n<meta property=\"og:type\" content=\"article\" \/>\n<meta property=\"og:title\" content=\"Billboard: Cats in the Cuban way | OnCubaNews English\" \/>\n<meta property=\"og:description\" content=\"Cats in the Cuban way An adaptation of Cats, the musical, will be on the stages of Havana Amphitheater every Saturday and Sunday from this year. Since its inauguration last April 29, this cats\u2019 party takes place every weekend at 9 o&#8217;clock in Old Havana (Port Avenue between Cuba St. and Pe\u00f1a Pobre St.). As [&hellip;]\" \/>\n<meta property=\"og:url\" content=\"https:\/\/oncubanews.com\/en\/styles-trends\/technologies-of-communication-and-media\/billboard-cats-in-the-cuban-way\/\" \/>\n<meta property=\"og:site_name\" content=\"OnCubaNews English\" \/>\n<meta property=\"article:published_time\" content=\"2017-05-12T22:43:56+00:00\" \/>\n<meta property=\"article:modified_time\" content=\"2018-03-02T18:42:01+00:00\" \/>\n<meta property=\"og:image\" content=\"https:\/\/oncubanews.com\/en\/wp-content\/uploads\/2017\/05\/Portada_02_ingl\u00e9s.jpg\" \/>\n\t<meta property=\"og:image:width\" content=\"1958\" \/>\n\t<meta property=\"og:image:height\" content=\"1271\" \/>\n\t<meta property=\"og:image:type\" content=\"image\/jpeg\" \/>\n<meta name=\"author\" content=\"OnCuba Staff, OnCuba editorial staff\" \/>\n<meta name=\"twitter:card\" content=\"summary_large_image\" \/>\n<meta name=\"twitter:label1\" content=\"Written by\" \/>\n\t<meta name=\"twitter:data1\" content=\"OnCuba Staff\" \/>\n\t<meta name=\"twitter:label2\" content=\"Est. reading time\" \/>\n\t<meta name=\"twitter:data2\" content=\"10 minutes\" \/>\n<script type=\"application\/ld+json\" class=\"yoast-schema-graph\">{\"@context\":\"https:\\\/\\\/schema.org\",\"@graph\":[{\"@type\":\"Article\",\"@id\":\"https:\\\/\\\/oncubanews.com\\\/en\\\/styles-trends\\\/technologies-of-communication-and-media\\\/billboard-cats-in-the-cuban-way\\\/#article\",\"isPartOf\":{\"@id\":\"https:\\\/\\\/oncubanews.com\\\/en\\\/styles-trends\\\/technologies-of-communication-and-media\\\/billboard-cats-in-the-cuban-way\\\/\"},\"author\":{\"name\":\"OnCuba Staff\",\"@id\":\"https:\\\/\\\/oncubanews.com\\\/en\\\/#\\\/schema\\\/person\\\/d7171bf311032ab1f557dd8332e714af\"},\"headline\":\"Billboard: Cats in the Cuban way\",\"datePublished\":\"2017-05-12T22:43:56+00:00\",\"dateModified\":\"2018-03-02T18:42:01+00:00\",\"mainEntityOfPage\":{\"@id\":\"https:\\\/\\\/oncubanews.com\\\/en\\\/styles-trends\\\/technologies-of-communication-and-media\\\/billboard-cats-in-the-cuban-way\\\/\"},\"wordCount\":1963,\"commentCount\":0,\"image\":{\"@id\":\"https:\\\/\\\/oncubanews.com\\\/en\\\/styles-trends\\\/technologies-of-communication-and-media\\\/billboard-cats-in-the-cuban-way\\\/#primaryimage\"},\"thumbnailUrl\":\"https:\\\/\\\/oncubanews.com\\\/en\\\/wp-content\\\/uploads\\\/2017\\\/05\\\/Portada_02_ingl\u00e9s.jpg\",\"articleSection\":[\"Technologies of Communication and Media\"],\"inLanguage\":\"en-US\",\"potentialAction\":[{\"@type\":\"CommentAction\",\"name\":\"Comment\",\"target\":[\"https:\\\/\\\/oncubanews.com\\\/en\\\/styles-trends\\\/technologies-of-communication-and-media\\\/billboard-cats-in-the-cuban-way\\\/#respond\"]}],\"copyrightYear\":\"2017\",\"copyrightHolder\":{\"@id\":\"https:\\\/\\\/oncubanews.com\\\/en\\\/#organization\"}},{\"@type\":\"WebPage\",\"@id\":\"https:\\\/\\\/oncubanews.com\\\/en\\\/styles-trends\\\/technologies-of-communication-and-media\\\/billboard-cats-in-the-cuban-way\\\/\",\"url\":\"https:\\\/\\\/oncubanews.com\\\/en\\\/styles-trends\\\/technologies-of-communication-and-media\\\/billboard-cats-in-the-cuban-way\\\/\",\"name\":\"Billboard: Cats in the Cuban way | OnCubaNews English\",\"isPartOf\":{\"@id\":\"https:\\\/\\\/oncubanews.com\\\/en\\\/#website\"},\"primaryImageOfPage\":{\"@id\":\"https:\\\/\\\/oncubanews.com\\\/en\\\/styles-trends\\\/technologies-of-communication-and-media\\\/billboard-cats-in-the-cuban-way\\\/#primaryimage\"},\"image\":{\"@id\":\"https:\\\/\\\/oncubanews.com\\\/en\\\/styles-trends\\\/technologies-of-communication-and-media\\\/billboard-cats-in-the-cuban-way\\\/#primaryimage\"},\"thumbnailUrl\":\"https:\\\/\\\/oncubanews.com\\\/en\\\/wp-content\\\/uploads\\\/2017\\\/05\\\/Portada_02_ingl\u00e9s.jpg\",\"datePublished\":\"2017-05-12T22:43:56+00:00\",\"dateModified\":\"2018-03-02T18:42:01+00:00\",\"author\":{\"@id\":\"https:\\\/\\\/oncubanews.com\\\/en\\\/#\\\/schema\\\/person\\\/d7171bf311032ab1f557dd8332e714af\"},\"breadcrumb\":{\"@id\":\"https:\\\/\\\/oncubanews.com\\\/en\\\/styles-trends\\\/technologies-of-communication-and-media\\\/billboard-cats-in-the-cuban-way\\\/#breadcrumb\"},\"inLanguage\":\"en-US\",\"potentialAction\":[{\"@type\":\"ReadAction\",\"target\":[\"https:\\\/\\\/oncubanews.com\\\/en\\\/styles-trends\\\/technologies-of-communication-and-media\\\/billboard-cats-in-the-cuban-way\\\/\"]}]},{\"@type\":\"ImageObject\",\"inLanguage\":\"en-US\",\"@id\":\"https:\\\/\\\/oncubanews.com\\\/en\\\/styles-trends\\\/technologies-of-communication-and-media\\\/billboard-cats-in-the-cuban-way\\\/#primaryimage\",\"url\":\"https:\\\/\\\/oncubanews.com\\\/en\\\/wp-content\\\/uploads\\\/2017\\\/05\\\/Portada_02_ingl\u00e9s.jpg\",\"contentUrl\":\"https:\\\/\\\/oncubanews.com\\\/en\\\/wp-content\\\/uploads\\\/2017\\\/05\\\/Portada_02_ingl\u00e9s.jpg\",\"width\":1958,\"height\":1271},{\"@type\":\"BreadcrumbList\",\"@id\":\"https:\\\/\\\/oncubanews.com\\\/en\\\/styles-trends\\\/technologies-of-communication-and-media\\\/billboard-cats-in-the-cuban-way\\\/#breadcrumb\",\"itemListElement\":[{\"@type\":\"ListItem\",\"position\":1,\"name\":\"Portada\",\"item\":\"https:\\\/\\\/oncubanews.com\\\/en\\\/\"},{\"@type\":\"ListItem\",\"position\":2,\"name\":\"Billboard: Cats in the Cuban way\"}]},{\"@type\":\"WebSite\",\"@id\":\"https:\\\/\\\/oncubanews.com\\\/en\\\/#website\",\"url\":\"https:\\\/\\\/oncubanews.com\\\/en\\\/\",\"name\":\"OnCubaNews English\",\"description\":\"Revista sobre Cuba\",\"potentialAction\":[{\"@type\":\"SearchAction\",\"target\":{\"@type\":\"EntryPoint\",\"urlTemplate\":\"https:\\\/\\\/oncubanews.com\\\/en\\\/?s={search_term_string}\"},\"query-input\":{\"@type\":\"PropertyValueSpecification\",\"valueRequired\":true,\"valueName\":\"search_term_string\"}}],\"inLanguage\":\"en-US\"},{\"@type\":\"Person\",\"@id\":\"https:\\\/\\\/oncubanews.com\\\/en\\\/#\\\/schema\\\/person\\\/d7171bf311032ab1f557dd8332e714af\",\"name\":\"OnCuba Staff\",\"image\":{\"@type\":\"ImageObject\",\"inLanguage\":\"en-US\",\"@id\":\"https:\\\/\\\/secure.gravatar.com\\\/avatar\\\/4b4c4d6109baadde898bb1af22ea4a4af5f4417b86a5d1800bf17531bfb128fc?s=96&r=g17310096d4dde63ebae0e54fbb19218a\",\"url\":\"https:\\\/\\\/secure.gravatar.com\\\/avatar\\\/4b4c4d6109baadde898bb1af22ea4a4af5f4417b86a5d1800bf17531bfb128fc?s=96&r=g\",\"contentUrl\":\"https:\\\/\\\/secure.gravatar.com\\\/avatar\\\/4b4c4d6109baadde898bb1af22ea4a4af5f4417b86a5d1800bf17531bfb128fc?s=96&r=g\",\"caption\":\"OnCuba Staff\"},\"url\":\"https:\\\/\\\/oncubanews.com\\\/en\\\/author\\\/oncuba-editorial-staff\\\/\"}]}<\/script>\n<!-- \/ Yoast SEO plugin. -->","yoast_head_json":{"title":"Billboard: Cats in the Cuban way | OnCubaNews English","robots":{"index":"index","follow":"follow","max-snippet":"max-snippet:-1","max-image-preview":"max-image-preview:large","max-video-preview":"max-video-preview:-1"},"canonical":"https:\/\/oncubanews.com\/en\/styles-trends\/technologies-of-communication-and-media\/billboard-cats-in-the-cuban-way\/","og_locale":"en_US","og_type":"article","og_title":"Billboard: Cats in the Cuban way | OnCubaNews English","og_description":"Cats in the Cuban way An adaptation of Cats, the musical, will be on the stages of Havana Amphitheater every Saturday and Sunday from this year. Since its inauguration last April 29, this cats\u2019 party takes place every weekend at 9 o&#8217;clock in Old Havana (Port Avenue between Cuba St. and Pe\u00f1a Pobre St.). As [&hellip;]","og_url":"https:\/\/oncubanews.com\/en\/styles-trends\/technologies-of-communication-and-media\/billboard-cats-in-the-cuban-way\/","og_site_name":"OnCubaNews English","article_published_time":"2017-05-12T22:43:56+00:00","article_modified_time":"2018-03-02T18:42:01+00:00","og_image":[{"width":1958,"height":1271,"url":"https:\/\/oncubanews.com\/en\/wp-content\/uploads\/2017\/05\/Portada_02_ingl\u00e9s.jpg","type":"image\/jpeg"}],"author":"OnCuba Staff, OnCuba editorial staff","twitter_card":"summary_large_image","twitter_misc":{"Written by":"OnCuba Staff","Est. reading time":"10 minutes"},"schema":{"@context":"https:\/\/schema.org","@graph":[{"@type":"Article","@id":"https:\/\/oncubanews.com\/en\/styles-trends\/technologies-of-communication-and-media\/billboard-cats-in-the-cuban-way\/#article","isPartOf":{"@id":"https:\/\/oncubanews.com\/en\/styles-trends\/technologies-of-communication-and-media\/billboard-cats-in-the-cuban-way\/"},"author":{"name":"OnCuba Staff","@id":"https:\/\/oncubanews.com\/en\/#\/schema\/person\/d7171bf311032ab1f557dd8332e714af"},"headline":"Billboard: Cats in the Cuban way","datePublished":"2017-05-12T22:43:56+00:00","dateModified":"2018-03-02T18:42:01+00:00","mainEntityOfPage":{"@id":"https:\/\/oncubanews.com\/en\/styles-trends\/technologies-of-communication-and-media\/billboard-cats-in-the-cuban-way\/"},"wordCount":1963,"commentCount":0,"image":{"@id":"https:\/\/oncubanews.com\/en\/styles-trends\/technologies-of-communication-and-media\/billboard-cats-in-the-cuban-way\/#primaryimage"},"thumbnailUrl":"https:\/\/oncubanews.com\/en\/wp-content\/uploads\/2017\/05\/Portada_02_ingl\u00e9s.jpg","articleSection":["Technologies of Communication and Media"],"inLanguage":"en-US","potentialAction":[{"@type":"CommentAction","name":"Comment","target":["https:\/\/oncubanews.com\/en\/styles-trends\/technologies-of-communication-and-media\/billboard-cats-in-the-cuban-way\/#respond"]}],"copyrightYear":"2017","copyrightHolder":{"@id":"https:\/\/oncubanews.com\/en\/#organization"}},{"@type":"WebPage","@id":"https:\/\/oncubanews.com\/en\/styles-trends\/technologies-of-communication-and-media\/billboard-cats-in-the-cuban-way\/","url":"https:\/\/oncubanews.com\/en\/styles-trends\/technologies-of-communication-and-media\/billboard-cats-in-the-cuban-way\/","name":"Billboard: Cats in the Cuban way | OnCubaNews English","isPartOf":{"@id":"https:\/\/oncubanews.com\/en\/#website"},"primaryImageOfPage":{"@id":"https:\/\/oncubanews.com\/en\/styles-trends\/technologies-of-communication-and-media\/billboard-cats-in-the-cuban-way\/#primaryimage"},"image":{"@id":"https:\/\/oncubanews.com\/en\/styles-trends\/technologies-of-communication-and-media\/billboard-cats-in-the-cuban-way\/#primaryimage"},"thumbnailUrl":"https:\/\/oncubanews.com\/en\/wp-content\/uploads\/2017\/05\/Portada_02_ingl\u00e9s.jpg","datePublished":"2017-05-12T22:43:56+00:00","dateModified":"2018-03-02T18:42:01+00:00","author":{"@id":"https:\/\/oncubanews.com\/en\/#\/schema\/person\/d7171bf311032ab1f557dd8332e714af"},"breadcrumb":{"@id":"https:\/\/oncubanews.com\/en\/styles-trends\/technologies-of-communication-and-media\/billboard-cats-in-the-cuban-way\/#breadcrumb"},"inLanguage":"en-US","potentialAction":[{"@type":"ReadAction","target":["https:\/\/oncubanews.com\/en\/styles-trends\/technologies-of-communication-and-media\/billboard-cats-in-the-cuban-way\/"]}]},{"@type":"ImageObject","inLanguage":"en-US","@id":"https:\/\/oncubanews.com\/en\/styles-trends\/technologies-of-communication-and-media\/billboard-cats-in-the-cuban-way\/#primaryimage","url":"https:\/\/oncubanews.com\/en\/wp-content\/uploads\/2017\/05\/Portada_02_ingl\u00e9s.jpg","contentUrl":"https:\/\/oncubanews.com\/en\/wp-content\/uploads\/2017\/05\/Portada_02_ingl\u00e9s.jpg","width":1958,"height":1271},{"@type":"BreadcrumbList","@id":"https:\/\/oncubanews.com\/en\/styles-trends\/technologies-of-communication-and-media\/billboard-cats-in-the-cuban-way\/#breadcrumb","itemListElement":[{"@type":"ListItem","position":1,"name":"Portada","item":"https:\/\/oncubanews.com\/en\/"},{"@type":"ListItem","position":2,"name":"Billboard: Cats in the Cuban way"}]},{"@type":"WebSite","@id":"https:\/\/oncubanews.com\/en\/#website","url":"https:\/\/oncubanews.com\/en\/","name":"OnCubaNews English","description":"Revista sobre Cuba","potentialAction":[{"@type":"SearchAction","target":{"@type":"EntryPoint","urlTemplate":"https:\/\/oncubanews.com\/en\/?s={search_term_string}"},"query-input":{"@type":"PropertyValueSpecification","valueRequired":true,"valueName":"search_term_string"}}],"inLanguage":"en-US"},{"@type":"Person","@id":"https:\/\/oncubanews.com\/en\/#\/schema\/person\/d7171bf311032ab1f557dd8332e714af","name":"OnCuba Staff","image":{"@type":"ImageObject","inLanguage":"en-US","@id":"https:\/\/secure.gravatar.com\/avatar\/4b4c4d6109baadde898bb1af22ea4a4af5f4417b86a5d1800bf17531bfb128fc?s=96&r=g17310096d4dde63ebae0e54fbb19218a","url":"https:\/\/secure.gravatar.com\/avatar\/4b4c4d6109baadde898bb1af22ea4a4af5f4417b86a5d1800bf17531bfb128fc?s=96&r=g","contentUrl":"https:\/\/secure.gravatar.com\/avatar\/4b4c4d6109baadde898bb1af22ea4a4af5f4417b86a5d1800bf17531bfb128fc?s=96&r=g","caption":"OnCuba Staff"},"url":"https:\/\/oncubanews.com\/en\/author\/oncuba-editorial-staff\/"}]}},"authors":[{"term_id":33546,"user_id":3134,"is_guest":0,"slug":"oncuba-editorial-staff","display_name":"OnCuba Staff","avatar_url":"https:\/\/secure.gravatar.com\/avatar\/4b4c4d6109baadde898bb1af22ea4a4af5f4417b86a5d1800bf17531bfb128fc?s=96&r=g","0":null,"1":"","2":"","3":"","4":"","5":"","6":"","7":"","8":""},{"term_id":8689,"user_id":3134,"is_guest":0,"slug":"oncuba-editorial-staff","display_name":"OnCuba editorial staff","avatar_url":{"url":"https:\/\/oncubanews.com\/en\/wp-content\/uploads\/2018\/10\/avatar-ocnews-1.png","url2x":"https:\/\/oncubanews.com\/en\/wp-content\/uploads\/2018\/10\/avatar-ocnews-1.png"},"0":null,"1":"","2":"","3":"","4":"","5":"","6":"","7":"","8":""}],"_links":{"self":[{"href":"https:\/\/oncubanews.com\/en\/wp-json\/wp\/v2\/posts\/93284","targetHints":{"allow":["GET"]}}],"collection":[{"href":"https:\/\/oncubanews.com\/en\/wp-json\/wp\/v2\/posts"}],"about":[{"href":"https:\/\/oncubanews.com\/en\/wp-json\/wp\/v2\/types\/post"}],"author":[{"embeddable":true,"href":"https:\/\/oncubanews.com\/en\/wp-json\/wp\/v2\/users\/3134"}],"replies":[{"embeddable":true,"href":"https:\/\/oncubanews.com\/en\/wp-json\/wp\/v2\/comments?post=93284"}],"version-history":[{"count":0,"href":"https:\/\/oncubanews.com\/en\/wp-json\/wp\/v2\/posts\/93284\/revisions"}],"wp:featuredmedia":[{"embeddable":true,"href":"https:\/\/oncubanews.com\/en\/wp-json\/wp\/v2\/media\/93335"}],"wp:attachment":[{"href":"https:\/\/oncubanews.com\/en\/wp-json\/wp\/v2\/media?parent=93284"}],"wp:term":[{"taxonomy":"category","embeddable":true,"href":"https:\/\/oncubanews.com\/en\/wp-json\/wp\/v2\/categories?post=93284"},{"taxonomy":"post_tag","embeddable":true,"href":"https:\/\/oncubanews.com\/en\/wp-json\/wp\/v2\/tags?post=93284"},{"taxonomy":"author","embeddable":true,"href":"https:\/\/oncubanews.com\/en\/wp-json\/wp\/v2\/ppma_author?post=93284"}],"curies":[{"name":"wp","href":"https:\/\/api.w.org\/{rel}","templated":true}]}}