
{"id":3766,"name":"Carlos Garc\u00eda Pley\u00e1n","url":"","description":"Barcelona, 1946. Soci\u00f3logo cubano. Doctor en ciencias t\u00e9cnicas, profesor e investigador titular. Trabaj\u00f3 durante treinta a\u00f1os en el campo del urbanismo y el ordenamiento territorial en el Instituto de Planificaci\u00f3n F\u00edsica y diez en la Agencia Suiza para el Desarrollo y la Cooperaci\u00f3n, COSUDE. Fue profesor en la Universidad Tecnol\u00f3gica de la Habana y la Universidad Polit\u00e9cnica de Catalu\u00f1a en Barcelona.","link":"https:\/\/oncubanews.com\/en\/author\/cgpleyan1\/","slug":"cgpleyan1","avatar_urls":{"24":"https:\/\/oncubanews.com\/wp-content\/uploads\/2019\/07\/pley\u00e1n1-24x24.jpg","48":"https:\/\/oncubanews.com\/wp-content\/uploads\/2019\/07\/pley\u00e1n1-48x48.jpg","96":"https:\/\/oncubanews.com\/en\/wp-content\/uploads\/2019\/07\/pley\u00e1n1-96x96.jpg"},"meta":[],"acf":[],"simple_local_avatar":{"media_id":238028,"full":"https:\/\/oncubanews.com\/en\/wp-content\/uploads\/2021\/04\/WhatsApp-Image-2021-04-25-at-9.57.48-PM.jpeg","96":"https:\/\/oncubanews.com\/en\/wp-content\/uploads\/2019\/07\/pley\u00e1n1-96x96.jpg","25":"https:\/\/oncubanews.com\/wp-content\/uploads\/2019\/07\/pley\u00e1n1-25x25.jpg","80":"https:\/\/oncubanews.com\/en\/wp-content\/uploads\/2019\/07\/pley\u00e1n1-80x80.jpg","110":"https:\/\/oncubanews.com\/en\/wp-content\/uploads\/2019\/07\/pley\u00e1n1-110x110.jpg","32":"https:\/\/oncubanews.com\/wp-content\/uploads\/2019\/07\/pley\u00e1n1-32x32.jpg","100":"https:\/\/oncubanews.com\/wp-content\/uploads\/2019\/07\/pley\u00e1n1-100x100.jpg","150":"https:\/\/oncubanews.com\/wp-content\/uploads\/2019\/07\/pley\u00e1n1-150x150.jpg","160":"https:\/\/oncubanews.com\/en\/wp-content\/uploads\/2019\/07\/pley\u00e1n1-160x160.jpg","220":"https:\/\/oncubanews.com\/en\/wp-content\/uploads\/2019\/07\/pley\u00e1n1-220x220.jpg","192":"https:\/\/oncubanews.com\/wp-content\/uploads\/2019\/07\/pley\u00e1n1-192x192.jpg","70":"https:\/\/oncubanews.com\/wp-content\/uploads\/2019\/07\/pley\u00e1n1-70x70.jpg","35":"https:\/\/oncubanews.com\/wp-content\/uploads\/2019\/07\/pley\u00e1n1-35x35.jpg","50":"https:\/\/oncubanews.com\/wp-content\/uploads\/2019\/07\/pley\u00e1n1-50x50.jpg","60":"https:\/\/oncubanews.com\/en\/wp-content\/uploads\/2019\/07\/pley\u00e1n1-60x60.jpg","30":"https:\/\/oncubanews.com\/en\/wp-content\/uploads\/2019\/07\/pley\u00e1n1-30x30.jpg","64":"https:\/\/oncubanews.com\/wp-content\/uploads\/2019\/07\/pley\u00e1n1-64x64.jpg","200":"https:\/\/oncubanews.com\/wp-content\/uploads\/2019\/07\/pley\u00e1n1-200x200.jpg","500":"https:\/\/oncubanews.com\/en\/wp-content\/uploads\/2021\/04\/WhatsApp-Image-2021-04-25-at-9.57.48-PM-500x500.jpeg","24":"https:\/\/oncubanews.com\/wp-content\/uploads\/2019\/07\/pley\u00e1n1-24x24.jpg","48":"https:\/\/oncubanews.com\/wp-content\/uploads\/2019\/07\/pley\u00e1n1-48x48.jpg","128":"https:\/\/oncubanews.com\/wp-content\/uploads\/2019\/07\/pley\u00e1n1-128x128.jpg","72":"https:\/\/oncubanews.com\/wp-content\/uploads\/2019\/07\/pley\u00e1n1-72x72.jpg"},"yoast_head":"<!-- This site is optimized with the Yoast SEO plugin v27.3 - https:\/\/yoast.com\/product\/yoast-seo-wordpress\/ -->\n<title>Carlos Garc\u00eda Pley\u00e1n, autor en OnCubaNews English<\/title>\n<meta name=\"description\" content=\"Barcelona, 1946. Soci\u00f3logo cubano. Doctor en ciencias t\u00e9cnicas, profesor e investigador titular. Trabaj\u00f3 durante treinta a\u00f1os en el campo del urbanismo y el ordenamiento territorial en el Instituto de Planificaci\u00f3n F\u00edsica y diez en la Agencia Suiza para el Desarrollo y la Cooperaci\u00f3n, COSUDE. Fue profesor en la Universidad Tecnol\u00f3gica de la Habana y la Universidad Polit\u00e9cnica de Catalu\u00f1a en Barcelona.\" \/>\n<meta name=\"robots\" content=\"index, follow, max-snippet:-1, max-image-preview:large, max-video-preview:-1\" \/>\n<link rel=\"canonical\" href=\"https:\/\/oncubanews.com\/en\/author\/cgpleyan1\/\" \/>\n<meta property=\"og:locale\" content=\"en_US\" \/>\n<meta property=\"og:type\" content=\"profile\" \/>\n<meta property=\"og:title\" content=\"Carlos Garc\u00eda Pley\u00e1n, autor en OnCubaNews English\" \/>\n<meta property=\"og:description\" content=\"Barcelona, 1946. Soci\u00f3logo cubano. Doctor en ciencias t\u00e9cnicas, profesor e investigador titular. Trabaj\u00f3 durante treinta a\u00f1os en el campo del urbanismo y el ordenamiento territorial en el Instituto de Planificaci\u00f3n F\u00edsica y diez en la Agencia Suiza para el Desarrollo y la Cooperaci\u00f3n, COSUDE. Fue profesor en la Universidad Tecnol\u00f3gica de la Habana y la Universidad Polit\u00e9cnica de Catalu\u00f1a en Barcelona.\" \/>\n<meta property=\"og:url\" content=\"https:\/\/oncubanews.com\/en\/author\/cgpleyan1\/\" \/>\n<meta property=\"og:site_name\" content=\"OnCubaNews English\" \/>\n<meta property=\"og:image\" content=\"https:\/\/oncubanews.com\/en\/wp-content\/uploads\/2021\/04\/WhatsApp-Image-2021-04-25-at-9.57.48-PM-500x500.jpeg\" \/>\n<meta name=\"twitter:card\" content=\"summary_large_image\" \/>\n<script type=\"application\/ld+json\" class=\"yoast-schema-graph\">{\"@context\":\"https:\\\/\\\/schema.org\",\"@graph\":[{\"@type\":\"ProfilePage\",\"@id\":\"https:\\\/\\\/oncubanews.com\\\/en\\\/author\\\/cgpleyan1\\\/\",\"url\":\"https:\\\/\\\/oncubanews.com\\\/en\\\/author\\\/cgpleyan1\\\/\",\"name\":\"Carlos Garc\u00eda Pley\u00e1n, autor en OnCubaNews English\",\"isPartOf\":{\"@id\":\"https:\\\/\\\/oncubanews.com\\\/en\\\/#website\"},\"description\":\"Barcelona, 1946. Soci\u00f3logo cubano. Doctor en ciencias t\u00e9cnicas, profesor e investigador titular. Trabaj\u00f3 durante treinta a\u00f1os en el campo del urbanismo y el ordenamiento territorial en el Instituto de Planificaci\u00f3n F\u00edsica y diez en la Agencia Suiza para el Desarrollo y la Cooperaci\u00f3n, COSUDE. Fue profesor en la Universidad Tecnol\u00f3gica de la Habana y la Universidad Polit\u00e9cnica de Catalu\u00f1a en Barcelona.\",\"breadcrumb\":{\"@id\":\"https:\\\/\\\/oncubanews.com\\\/en\\\/author\\\/cgpleyan1\\\/#breadcrumb\"},\"inLanguage\":\"en-US\",\"potentialAction\":[{\"@type\":\"ReadAction\",\"target\":[\"https:\\\/\\\/oncubanews.com\\\/en\\\/author\\\/cgpleyan1\\\/\"]}]},{\"@type\":\"BreadcrumbList\",\"@id\":\"https:\\\/\\\/oncubanews.com\\\/en\\\/author\\\/cgpleyan1\\\/#breadcrumb\",\"itemListElement\":[{\"@type\":\"ListItem\",\"position\":1,\"name\":\"Portada\",\"item\":\"https:\\\/\\\/oncubanews.com\\\/en\\\/\"},{\"@type\":\"ListItem\",\"position\":2,\"name\":\"Archivo de Carlos Garc\u00eda Pley\u00e1n\"}]},{\"@type\":\"WebSite\",\"@id\":\"https:\\\/\\\/oncubanews.com\\\/en\\\/#website\",\"url\":\"https:\\\/\\\/oncubanews.com\\\/en\\\/\",\"name\":\"OnCubaNews English\",\"description\":\"Revista sobre Cuba\",\"potentialAction\":[{\"@type\":\"SearchAction\",\"target\":{\"@type\":\"EntryPoint\",\"urlTemplate\":\"https:\\\/\\\/oncubanews.com\\\/en\\\/?s={search_term_string}\"},\"query-input\":{\"@type\":\"PropertyValueSpecification\",\"valueRequired\":true,\"valueName\":\"search_term_string\"}}],\"inLanguage\":\"en-US\"},{\"@type\":\"Person\",\"@id\":\"https:\\\/\\\/oncubanews.com\\\/en\\\/#\\\/schema\\\/person\\\/f634edcf6cff63166a7173abd57b819c\",\"name\":\"Carlos Garc\u00eda Pley\u00e1n\",\"image\":{\"@type\":\"ImageObject\",\"inLanguage\":\"en-US\",\"@id\":\"https:\\\/\\\/oncubanews.com\\\/en\\\/wp-content\\\/uploads\\\/2019\\\/07\\\/pley\u00e1n1-96x96.jpg352848c760f99c101af73ce511be4b01\",\"url\":\"https:\\\/\\\/oncubanews.com\\\/en\\\/wp-content\\\/uploads\\\/2019\\\/07\\\/pley\u00e1n1-96x96.jpg\",\"contentUrl\":\"https:\\\/\\\/oncubanews.com\\\/en\\\/wp-content\\\/uploads\\\/2019\\\/07\\\/pley\u00e1n1-96x96.jpg\",\"caption\":\"Carlos Garc\u00eda Pley\u00e1n\"},\"description\":\"Barcelona, 1946. Soci\u00f3logo cubano. Doctor en ciencias t\u00e9cnicas, profesor e investigador titular. Trabaj\u00f3 durante treinta a\u00f1os en el campo del urbanismo y el ordenamiento territorial en el Instituto de Planificaci\u00f3n F\u00edsica y diez en la Agencia Suiza para el Desarrollo y la Cooperaci\u00f3n, COSUDE. Fue profesor en la Universidad Tecnol\u00f3gica de la Habana y la Universidad Polit\u00e9cnica de Catalu\u00f1a en Barcelona.\",\"mainEntityOfPage\":{\"@id\":\"https:\\\/\\\/oncubanews.com\\\/en\\\/author\\\/cgpleyan1\\\/\"}}]}<\/script>\n<!-- \/ Yoast SEO plugin. -->","yoast_head_json":{"title":"Carlos Garc\u00eda Pley\u00e1n, autor en OnCubaNews English","description":"Barcelona, 1946. Soci\u00f3logo cubano. Doctor en ciencias t\u00e9cnicas, profesor e investigador titular. Trabaj\u00f3 durante treinta a\u00f1os en el campo del urbanismo y el ordenamiento territorial en el Instituto de Planificaci\u00f3n F\u00edsica y diez en la Agencia Suiza para el Desarrollo y la Cooperaci\u00f3n, COSUDE. Fue profesor en la Universidad Tecnol\u00f3gica de la Habana y la Universidad Polit\u00e9cnica de Catalu\u00f1a en Barcelona.","robots":{"index":"index","follow":"follow","max-snippet":"max-snippet:-1","max-image-preview":"max-image-preview:large","max-video-preview":"max-video-preview:-1"},"canonical":"https:\/\/oncubanews.com\/en\/author\/cgpleyan1\/","og_locale":"en_US","og_type":"profile","og_title":"Carlos Garc\u00eda Pley\u00e1n, autor en OnCubaNews English","og_description":"Barcelona, 1946. Soci\u00f3logo cubano. Doctor en ciencias t\u00e9cnicas, profesor e investigador titular. Trabaj\u00f3 durante treinta a\u00f1os en el campo del urbanismo y el ordenamiento territorial en el Instituto de Planificaci\u00f3n F\u00edsica y diez en la Agencia Suiza para el Desarrollo y la Cooperaci\u00f3n, COSUDE. Fue profesor en la Universidad Tecnol\u00f3gica de la Habana y la Universidad Polit\u00e9cnica de Catalu\u00f1a en Barcelona.","og_url":"https:\/\/oncubanews.com\/en\/author\/cgpleyan1\/","og_site_name":"OnCubaNews English","og_image":[{"url":"https:\/\/oncubanews.com\/en\/wp-content\/uploads\/2021\/04\/WhatsApp-Image-2021-04-25-at-9.57.48-PM-500x500.jpeg","type":"","width":"","height":""}],"twitter_card":"summary_large_image","schema":{"@context":"https:\/\/schema.org","@graph":[{"@type":"ProfilePage","@id":"https:\/\/oncubanews.com\/en\/author\/cgpleyan1\/","url":"https:\/\/oncubanews.com\/en\/author\/cgpleyan1\/","name":"Carlos Garc\u00eda Pley\u00e1n, autor en OnCubaNews English","isPartOf":{"@id":"https:\/\/oncubanews.com\/en\/#website"},"description":"Barcelona, 1946. Soci\u00f3logo cubano. Doctor en ciencias t\u00e9cnicas, profesor e investigador titular. Trabaj\u00f3 durante treinta a\u00f1os en el campo del urbanismo y el ordenamiento territorial en el Instituto de Planificaci\u00f3n F\u00edsica y diez en la Agencia Suiza para el Desarrollo y la Cooperaci\u00f3n, COSUDE. Fue profesor en la Universidad Tecnol\u00f3gica de la Habana y la Universidad Polit\u00e9cnica de Catalu\u00f1a en Barcelona.","breadcrumb":{"@id":"https:\/\/oncubanews.com\/en\/author\/cgpleyan1\/#breadcrumb"},"inLanguage":"en-US","potentialAction":[{"@type":"ReadAction","target":["https:\/\/oncubanews.com\/en\/author\/cgpleyan1\/"]}]},{"@type":"BreadcrumbList","@id":"https:\/\/oncubanews.com\/en\/author\/cgpleyan1\/#breadcrumb","itemListElement":[{"@type":"ListItem","position":1,"name":"Portada","item":"https:\/\/oncubanews.com\/en\/"},{"@type":"ListItem","position":2,"name":"Archivo de Carlos Garc\u00eda Pley\u00e1n"}]},{"@type":"WebSite","@id":"https:\/\/oncubanews.com\/en\/#website","url":"https:\/\/oncubanews.com\/en\/","name":"OnCubaNews English","description":"Revista sobre Cuba","potentialAction":[{"@type":"SearchAction","target":{"@type":"EntryPoint","urlTemplate":"https:\/\/oncubanews.com\/en\/?s={search_term_string}"},"query-input":{"@type":"PropertyValueSpecification","valueRequired":true,"valueName":"search_term_string"}}],"inLanguage":"en-US"},{"@type":"Person","@id":"https:\/\/oncubanews.com\/en\/#\/schema\/person\/f634edcf6cff63166a7173abd57b819c","name":"Carlos Garc\u00eda Pley\u00e1n","image":{"@type":"ImageObject","inLanguage":"en-US","@id":"https:\/\/oncubanews.com\/en\/wp-content\/uploads\/2019\/07\/pley\u00e1n1-96x96.jpg352848c760f99c101af73ce511be4b01","url":"https:\/\/oncubanews.com\/en\/wp-content\/uploads\/2019\/07\/pley\u00e1n1-96x96.jpg","contentUrl":"https:\/\/oncubanews.com\/en\/wp-content\/uploads\/2019\/07\/pley\u00e1n1-96x96.jpg","caption":"Carlos Garc\u00eda Pley\u00e1n"},"description":"Barcelona, 1946. Soci\u00f3logo cubano. Doctor en ciencias t\u00e9cnicas, profesor e investigador titular. Trabaj\u00f3 durante treinta a\u00f1os en el campo del urbanismo y el ordenamiento territorial en el Instituto de Planificaci\u00f3n F\u00edsica y diez en la Agencia Suiza para el Desarrollo y la Cooperaci\u00f3n, COSUDE. Fue profesor en la Universidad Tecnol\u00f3gica de la Habana y la Universidad Polit\u00e9cnica de Catalu\u00f1a en Barcelona.","mainEntityOfPage":{"@id":"https:\/\/oncubanews.com\/en\/author\/cgpleyan1\/"}}]}},"_links":{"self":[{"href":"https:\/\/oncubanews.com\/en\/wp-json\/wp\/v2\/users\/3766","targetHints":{"allow":["GET"]}}],"collection":[{"href":"https:\/\/oncubanews.com\/en\/wp-json\/wp\/v2\/users"}]}}