
{"id":3876,"name":"Jorge D\u00e1vila Miguel","url":"","description":"Columnista de El Nuevo Herald y CNN en Espa\u00f1ol, donde tambi\u00e9n es comentarista pol\u00edtico.","link":"https:\/\/oncubanews.com\/en\/author\/jorgedavila\/","slug":"jorgedavila","avatar_urls":{"24":"https:\/\/oncubanews.com\/wp-content\/uploads\/2020\/10\/jorge-davila-24x24.jpg","48":"https:\/\/oncubanews.com\/wp-content\/uploads\/2020\/10\/jorge-davila-48x48.jpg","96":"https:\/\/oncubanews.com\/wp-content\/uploads\/2020\/10\/jorge-davila-96x96.jpg"},"meta":[],"acf":[],"simple_local_avatar":{"media_id":308478,"full":"https:\/\/oncubanews.com\/wp-content\/uploads\/2020\/10\/jorge-davila.jpg","96":"https:\/\/oncubanews.com\/wp-content\/uploads\/2020\/10\/jorge-davila-96x96.jpg","25":"https:\/\/oncubanews.com\/wp-content\/uploads\/2020\/10\/jorge-davila-25x25.jpg","80":"https:\/\/oncubanews.com\/en\/wp-content\/uploads\/2020\/10\/jorge-davila-80x80.jpg","110":"https:\/\/oncubanews.com\/wp-content\/uploads\/2020\/10\/jorge-davila-110x110.jpg","160":"https:\/\/oncubanews.com\/en\/wp-content\/uploads\/2020\/10\/jorge-davila-160x160.jpg","220":"https:\/\/oncubanews.com\/wp-content\/uploads\/2020\/10\/jorge-davila-220x220.jpg","60":"https:\/\/oncubanews.com\/en\/wp-content\/uploads\/2020\/10\/jorge-davila-60x60.jpg","30":"https:\/\/oncubanews.com\/en\/wp-content\/uploads\/2020\/10\/jorge-davila-30x30.jpg","192":"https:\/\/oncubanews.com\/wp-content\/uploads\/2020\/10\/jorge-davila-192x192.jpg","64":"https:\/\/oncubanews.com\/wp-content\/uploads\/2020\/10\/jorge-davila-64x64.jpg","32":"https:\/\/oncubanews.com\/wp-content\/uploads\/2020\/10\/jorge-davila-32x32.jpg","500":"https:\/\/oncubanews.com\/wp-content\/uploads\/2020\/10\/jorge-davila-500x500.jpg","24":"https:\/\/oncubanews.com\/wp-content\/uploads\/2020\/10\/jorge-davila-24x24.jpg","48":"https:\/\/oncubanews.com\/wp-content\/uploads\/2020\/10\/jorge-davila-48x48.jpg","128":"https:\/\/oncubanews.com\/wp-content\/uploads\/2020\/10\/jorge-davila-128x128.jpg","72":"https:\/\/oncubanews.com\/wp-content\/uploads\/2020\/10\/jorge-davila-72x72.jpg"},"yoast_head":"<!-- This site is optimized with the Yoast SEO plugin v27.3 - https:\/\/yoast.com\/product\/yoast-seo-wordpress\/ -->\n<title>Jorge D\u00e1vila Miguel, autor en OnCubaNews English<\/title>\n<meta name=\"robots\" content=\"index, follow, max-snippet:-1, max-image-preview:large, max-video-preview:-1\" \/>\n<link rel=\"canonical\" href=\"https:\/\/oncubanews.com\/en\/author\/jorgedavila\/\" \/>\n<meta property=\"og:locale\" content=\"en_US\" \/>\n<meta property=\"og:type\" content=\"profile\" \/>\n<meta property=\"og:title\" content=\"Jorge D\u00e1vila Miguel, autor en OnCubaNews English\" \/>\n<meta property=\"og:url\" content=\"https:\/\/oncubanews.com\/en\/author\/jorgedavila\/\" \/>\n<meta property=\"og:site_name\" content=\"OnCubaNews English\" \/>\n<meta property=\"og:image\" content=\"https:\/\/oncubanews.com\/wp-content\/uploads\/2020\/10\/jorge-davila-500x500.jpg\" \/>\n<meta name=\"twitter:card\" content=\"summary_large_image\" \/>\n<script type=\"application\/ld+json\" class=\"yoast-schema-graph\">{\"@context\":\"https:\\\/\\\/schema.org\",\"@graph\":[{\"@type\":\"ProfilePage\",\"@id\":\"https:\\\/\\\/oncubanews.com\\\/en\\\/author\\\/jorgedavila\\\/\",\"url\":\"https:\\\/\\\/oncubanews.com\\\/en\\\/author\\\/jorgedavila\\\/\",\"name\":\"Jorge D\u00e1vila Miguel, autor en OnCubaNews English\",\"isPartOf\":{\"@id\":\"https:\\\/\\\/oncubanews.com\\\/en\\\/#website\"},\"breadcrumb\":{\"@id\":\"https:\\\/\\\/oncubanews.com\\\/en\\\/author\\\/jorgedavila\\\/#breadcrumb\"},\"inLanguage\":\"en-US\",\"potentialAction\":[{\"@type\":\"ReadAction\",\"target\":[\"https:\\\/\\\/oncubanews.com\\\/en\\\/author\\\/jorgedavila\\\/\"]}]},{\"@type\":\"BreadcrumbList\",\"@id\":\"https:\\\/\\\/oncubanews.com\\\/en\\\/author\\\/jorgedavila\\\/#breadcrumb\",\"itemListElement\":[{\"@type\":\"ListItem\",\"position\":1,\"name\":\"Portada\",\"item\":\"https:\\\/\\\/oncubanews.com\\\/en\\\/\"},{\"@type\":\"ListItem\",\"position\":2,\"name\":\"Archivo de Jorge D\u00e1vila Miguel\"}]},{\"@type\":\"WebSite\",\"@id\":\"https:\\\/\\\/oncubanews.com\\\/en\\\/#website\",\"url\":\"https:\\\/\\\/oncubanews.com\\\/en\\\/\",\"name\":\"OnCubaNews English\",\"description\":\"Revista sobre Cuba\",\"potentialAction\":[{\"@type\":\"SearchAction\",\"target\":{\"@type\":\"EntryPoint\",\"urlTemplate\":\"https:\\\/\\\/oncubanews.com\\\/en\\\/?s={search_term_string}\"},\"query-input\":{\"@type\":\"PropertyValueSpecification\",\"valueRequired\":true,\"valueName\":\"search_term_string\"}}],\"inLanguage\":\"en-US\"},{\"@type\":\"Person\",\"@id\":\"https:\\\/\\\/oncubanews.com\\\/en\\\/#\\\/schema\\\/person\\\/b6257457de0fab77813c3696514d436d\",\"name\":\"Jorge D\u00e1vila Miguel\",\"image\":{\"@type\":\"ImageObject\",\"inLanguage\":\"en-US\",\"@id\":\"https:\\\/\\\/oncubanews.com\\\/wp-content\\\/uploads\\\/2020\\\/10\\\/jorge-davila-96x96.jpg136a5aba81837acdea24f5c8d3b43c5b\",\"url\":\"https:\\\/\\\/oncubanews.com\\\/wp-content\\\/uploads\\\/2020\\\/10\\\/jorge-davila-96x96.jpg\",\"contentUrl\":\"https:\\\/\\\/oncubanews.com\\\/wp-content\\\/uploads\\\/2020\\\/10\\\/jorge-davila-96x96.jpg\",\"caption\":\"Jorge D\u00e1vila Miguel\"},\"description\":\"Columnista de El Nuevo Herald y CNN en Espa\u00f1ol, donde tambi\u00e9n es comentarista pol\u00edtico.\",\"mainEntityOfPage\":{\"@id\":\"https:\\\/\\\/oncubanews.com\\\/en\\\/author\\\/jorgedavila\\\/\"}}]}<\/script>\n<!-- \/ Yoast SEO plugin. -->","yoast_head_json":{"title":"Jorge D\u00e1vila Miguel, autor en OnCubaNews English","robots":{"index":"index","follow":"follow","max-snippet":"max-snippet:-1","max-image-preview":"max-image-preview:large","max-video-preview":"max-video-preview:-1"},"canonical":"https:\/\/oncubanews.com\/en\/author\/jorgedavila\/","og_locale":"en_US","og_type":"profile","og_title":"Jorge D\u00e1vila Miguel, autor en OnCubaNews English","og_url":"https:\/\/oncubanews.com\/en\/author\/jorgedavila\/","og_site_name":"OnCubaNews English","og_image":[{"url":"https:\/\/oncubanews.com\/wp-content\/uploads\/2020\/10\/jorge-davila-500x500.jpg","type":"","width":"","height":""}],"twitter_card":"summary_large_image","schema":{"@context":"https:\/\/schema.org","@graph":[{"@type":"ProfilePage","@id":"https:\/\/oncubanews.com\/en\/author\/jorgedavila\/","url":"https:\/\/oncubanews.com\/en\/author\/jorgedavila\/","name":"Jorge D\u00e1vila Miguel, autor en OnCubaNews English","isPartOf":{"@id":"https:\/\/oncubanews.com\/en\/#website"},"breadcrumb":{"@id":"https:\/\/oncubanews.com\/en\/author\/jorgedavila\/#breadcrumb"},"inLanguage":"en-US","potentialAction":[{"@type":"ReadAction","target":["https:\/\/oncubanews.com\/en\/author\/jorgedavila\/"]}]},{"@type":"BreadcrumbList","@id":"https:\/\/oncubanews.com\/en\/author\/jorgedavila\/#breadcrumb","itemListElement":[{"@type":"ListItem","position":1,"name":"Portada","item":"https:\/\/oncubanews.com\/en\/"},{"@type":"ListItem","position":2,"name":"Archivo de Jorge D\u00e1vila Miguel"}]},{"@type":"WebSite","@id":"https:\/\/oncubanews.com\/en\/#website","url":"https:\/\/oncubanews.com\/en\/","name":"OnCubaNews English","description":"Revista sobre Cuba","potentialAction":[{"@type":"SearchAction","target":{"@type":"EntryPoint","urlTemplate":"https:\/\/oncubanews.com\/en\/?s={search_term_string}"},"query-input":{"@type":"PropertyValueSpecification","valueRequired":true,"valueName":"search_term_string"}}],"inLanguage":"en-US"},{"@type":"Person","@id":"https:\/\/oncubanews.com\/en\/#\/schema\/person\/b6257457de0fab77813c3696514d436d","name":"Jorge D\u00e1vila Miguel","image":{"@type":"ImageObject","inLanguage":"en-US","@id":"https:\/\/oncubanews.com\/wp-content\/uploads\/2020\/10\/jorge-davila-96x96.jpg136a5aba81837acdea24f5c8d3b43c5b","url":"https:\/\/oncubanews.com\/wp-content\/uploads\/2020\/10\/jorge-davila-96x96.jpg","contentUrl":"https:\/\/oncubanews.com\/wp-content\/uploads\/2020\/10\/jorge-davila-96x96.jpg","caption":"Jorge D\u00e1vila Miguel"},"description":"Columnista de El Nuevo Herald y CNN en Espa\u00f1ol, donde tambi\u00e9n es comentarista pol\u00edtico.","mainEntityOfPage":{"@id":"https:\/\/oncubanews.com\/en\/author\/jorgedavila\/"}}]}},"_links":{"self":[{"href":"https:\/\/oncubanews.com\/en\/wp-json\/wp\/v2\/users\/3876","targetHints":{"allow":["GET"]}}],"collection":[{"href":"https:\/\/oncubanews.com\/en\/wp-json\/wp\/v2\/users"}]}}